{"id":10584,"date":"2023-02-10T18:13:36","date_gmt":"2023-02-10T16:13:36","guid":{"rendered":"https:\/\/grifk-handball.com\/naiset\/?p=10584"},"modified":"2023-02-10T18:19:15","modified_gmt":"2023-02-10T16:19:15","slug":"nsm-grifk-kyif-11-2-13-30","status":"publish","type":"post","link":"https:\/\/grifk-handball.com\/naiset\/kausi-2022-23\/ennakot-2022-23\/nsm-grifk-kyif-11-2-13-30\/","title":{"rendered":"NSM 11.2 GrIFK-KyIF * 13.30"},"content":{"rendered":"<p style=\"font-weight: 400\"><strong>Grundseriens sista omg\u00e5ng drar ig\u00e5ng!<\/strong><\/p>\n<p style=\"font-weight: 400\">Seriejumbon KyIF g\u00e4star GrIFK i Grottan p\u00e5 l\u00f6rdag, lagen m\u00f6ts f\u00f6r sista g\u00e5ngen i grundserien. De tidigare matcherna har slutat i klara vinster f\u00f6r GrIFK (29-23 och 29-38). Efter de tv\u00e5 f\u00f6rsta omg\u00e5ngarna har GrIFK 14 po\u00e4ng i serietabellen, medan KyIF har 1 po\u00e4ng.<\/p>\n<p style=\"font-weight: 400\">\u00c4ven om GrIFK g\u00e5r in i matchen som klar f\u00f6rhandsfavorit, kommer KyIF alltid hungriga och taggade p\u00e5 plats, s\u00e5 n\u00e5gon enkel match kommer det inte att bli. F\u00f6r GrIFK handlar det om v\u00e4ldigt viktiga po\u00e4ng, eftersom grundserievinsten st\u00e5r och v\u00e4ger. F\u00f6r KyIF \u00e4r det h\u00f6gst osannolikt att ta sig vidare till slutspel, men en liten teknisk m\u00f6jlighet finns fortfarande.<\/p>\n<p><span style=\"color: #000000\"><b><strong>En tyst stund f\u00f6re matchen<\/strong><\/b><\/span><\/p>\n<p>P\u00e5 m\u00e5ndag skedde en f\u00f6r\u00f6dande jordb\u00e4vning i \u00f6stra Turkiet och i Syrien. Tusentals m\u00e4nniskor dog och otaliga hem f\u00f6rst\u00f6rdes. Hela Finlands handbollsfolk vill med en tyst stund hedra katastrofens offer och andra som lider av den. L\u00f6rdagens match inleds med en tyst stund.<\/p>\n<p><strong>Grankulla IFK Handboll fyller 50 \u00e5r<\/strong><\/p>\n<p style=\"font-weight: 400\">P\u00e5 l\u00f6rdag firar Grankulla IFK Handboll 50 \u00e5r, vilket firas i Grottan under damernas match och p\u00e5 kv\u00e4llen med festlig middag i Nya Paviljongen.<\/p>\n<p style=\"font-weight: 400\">Under l\u00f6rdagens match kommer bland annat en spelskjorta att lottas ut i pausen.<\/p>\n<p style=\"font-weight: 400\">Vi hoppass och \u00f6nskar att s\u00e5 m\u00e5nga som m\u00f6jligt tar sig till Grottan f\u00f6r att fira 50 handbolls\u00e5r tillsammans med oss.<\/p>\n<div><strong>Kom till Grottan och st\u00f6d laget i en viktig kamp!<\/strong><\/div>\n<div><\/div>\n<div>Vi hoppas att s\u00e5 m\u00e5nga som m\u00f6jligt hittar till Grottan f\u00f6r att st\u00f6dja GrIFK Damer!<\/div>\n<div><\/div>\n<div>Annars s\u00e4nds matchen som vanligt p\u00e5 <a href=\"https:\/\/handis.tv\/grifknaiset\">Solidsport, som har blivit Handis-TV<\/a>. <a href=\"https:\/\/handis.tv\/grifknaiset\/games\/g\/39ktlpom\">H\u00e4r direktl\u00e4nk till matchen<\/a>! Det kostar\u00a05,90\u20ac\/match eller 9,90\u20ac\/m\u00e5nad. En del av summan g\u00e5r till GrIFK Damer.<\/div>\n<div>\n<div>\n<p><strong>F\u00f6lj oss g\u00e4rna!<\/strong><br \/>\nFacebook: Grankulla IFK Damhandboll<br \/>\nInstagram: @grifkdamer<\/p>\n<\/div>\n<\/div>\n","protected":false},"excerpt":{"rendered":"<p>Grundseriens sista omg\u00e5ng drar ig\u00e5ng! Seriejumbon KyIF g\u00e4star GrIFK i Grottan p\u00e5 l\u00f6rdag, lagen m\u00f6ts f\u00f6r sista g\u00e5ngen i grundserien. De tidigare matcherna har slutat i klara vinster f\u00f6r GrIFK (29-23 och 29-38). Efter de tv\u00e5 f\u00f6rsta omg\u00e5ngarna har GrIFK 14 po\u00e4ng i serietabellen, medan KyIF har 1 po\u00e4ng. \u00c4ven om GrIFK g\u00e5r in i [&hellip;]<\/p>\n","protected":false},"author":6,"featured_media":10585,"comment_status":"closed","ping_status":"closed","sticky":false,"template":"","format":"standard","meta":{"_acf_changed":false,"jetpack_post_was_ever_published":false,"footnotes":""},"categories":[267],"tags":[231,181,26,218,185,222,138],"class_list":["post-10584","post","type-post","status-publish","format-standard","has-post-thumbnail","hentry","category-ennakot-2022-23","tag-coachpava","tag-grifkdamer","tag-grifkhandball","tag-otteluennakko","tag-sm-runkosarja","tag-vispelarforgrankulla","tag-kyif"],"acf":[],"yoast_head":"<!-- This site is optimized with the Yoast SEO plugin v27.5 - https:\/\/yoast.com\/product\/yoast-seo-wordpress\/ -->\n<title>NSM 11.2 GrIFK-KyIF * 13.30 &#187; GrIFK K\u00e4sipallo Naiset<\/title>\n<meta name=\"robots\" content=\"index, follow, max-snippet:-1, max-image-preview:large, max-video-preview:-1\" \/>\n<link rel=\"canonical\" href=\"https:\/\/grifk-handball.com\/naiset\/kausi-2022-23\/ennakot-2022-23\/nsm-grifk-kyif-11-2-13-30\/\" \/>\n<meta property=\"og:locale\" content=\"fi_FI\" \/>\n<meta property=\"og:type\" content=\"article\" \/>\n<meta property=\"og:title\" content=\"NSM 11.2 GrIFK-KyIF * 13.30 &#187; GrIFK K\u00e4sipallo Naiset\" \/>\n<meta property=\"og:description\" content=\"Grundseriens sista omg\u00e5ng drar ig\u00e5ng! Seriejumbon KyIF g\u00e4star GrIFK i Grottan p\u00e5 l\u00f6rdag, lagen m\u00f6ts f\u00f6r sista g\u00e5ngen i grundserien. De tidigare matcherna har slutat i klara vinster f\u00f6r GrIFK (29-23 och 29-38). Efter de tv\u00e5 f\u00f6rsta omg\u00e5ngarna har GrIFK 14 po\u00e4ng i serietabellen, medan KyIF har 1 po\u00e4ng. \u00c4ven om GrIFK g\u00e5r in i [&hellip;]\" \/>\n<meta property=\"og:url\" content=\"https:\/\/grifk-handball.com\/naiset\/kausi-2022-23\/ennakot-2022-23\/nsm-grifk-kyif-11-2-13-30\/\" \/>\n<meta property=\"og:site_name\" content=\"GrIFK K\u00e4sipallo Naiset\" \/>\n<meta property=\"article:publisher\" content=\"https:\/\/www.facebook.com\/532444520237680\" \/>\n<meta property=\"article:published_time\" content=\"2023-02-10T16:13:36+00:00\" \/>\n<meta property=\"article:modified_time\" content=\"2023-02-10T16:19:15+00:00\" \/>\n<meta property=\"og:image\" content=\"https:\/\/grifk-handball.com\/naiset\/wp-content\/uploads\/sites\/3\/2023\/02\/DSC05961-scaled-e1676045593785-1030x670.jpg\" \/>\n\t<meta property=\"og:image:width\" content=\"1030\" \/>\n\t<meta property=\"og:image:height\" content=\"670\" \/>\n\t<meta property=\"og:image:type\" content=\"image\/jpeg\" \/>\n<meta name=\"author\" content=\"irajessica\" \/>\n<meta name=\"twitter:card\" content=\"summary_large_image\" \/>\n<meta name=\"twitter:label1\" content=\"Kirjoittanut\" \/>\n\t<meta name=\"twitter:data1\" content=\"irajessica\" \/>\n\t<meta name=\"twitter:label2\" content=\"Arvioitu lukuaika\" \/>\n\t<meta name=\"twitter:data2\" content=\"2 minuuttia\" \/>\n<script type=\"application\/ld+json\" class=\"yoast-schema-graph\">{\"@context\":\"https:\\\/\\\/schema.org\",\"@graph\":[{\"@type\":\"Article\",\"@id\":\"https:\\\/\\\/grifk-handball.com\\\/naiset\\\/kausi-2022-23\\\/ennakot-2022-23\\\/nsm-grifk-kyif-11-2-13-30\\\/#article\",\"isPartOf\":{\"@id\":\"https:\\\/\\\/grifk-handball.com\\\/naiset\\\/kausi-2022-23\\\/ennakot-2022-23\\\/nsm-grifk-kyif-11-2-13-30\\\/\"},\"author\":{\"name\":\"irajessica\",\"@id\":\"https:\\\/\\\/grifk-handball.com\\\/naiset\\\/#\\\/schema\\\/person\\\/833a8047457c3e753cf474b171cc90f9\"},\"headline\":\"NSM 11.2 GrIFK-KyIF * 13.30\",\"datePublished\":\"2023-02-10T16:13:36+00:00\",\"dateModified\":\"2023-02-10T16:19:15+00:00\",\"mainEntityOfPage\":{\"@id\":\"https:\\\/\\\/grifk-handball.com\\\/naiset\\\/kausi-2022-23\\\/ennakot-2022-23\\\/nsm-grifk-kyif-11-2-13-30\\\/\"},\"wordCount\":330,\"image\":{\"@id\":\"https:\\\/\\\/grifk-handball.com\\\/naiset\\\/kausi-2022-23\\\/ennakot-2022-23\\\/nsm-grifk-kyif-11-2-13-30\\\/#primaryimage\"},\"thumbnailUrl\":\"https:\\\/\\\/grifk-handball.com\\\/naiset\\\/wp-content\\\/uploads\\\/sites\\\/3\\\/2023\\\/02\\\/DSC05961-scaled-e1676045593785.jpg\",\"keywords\":[\"#CoachPava\",\"#GrIFKDamer\",\"#GrIFKHandball\",\"#otteluennakko\",\"#SM-runkosarja\",\"#vispelarforgrankulla\",\"KyIF\"],\"articleSection\":[\"Ennakot\"],\"inLanguage\":\"fi\"},{\"@type\":\"WebPage\",\"@id\":\"https:\\\/\\\/grifk-handball.com\\\/naiset\\\/kausi-2022-23\\\/ennakot-2022-23\\\/nsm-grifk-kyif-11-2-13-30\\\/\",\"url\":\"https:\\\/\\\/grifk-handball.com\\\/naiset\\\/kausi-2022-23\\\/ennakot-2022-23\\\/nsm-grifk-kyif-11-2-13-30\\\/\",\"name\":\"NSM 11.2 GrIFK-KyIF * 13.30 &#187; GrIFK K\u00e4sipallo Naiset\",\"isPartOf\":{\"@id\":\"https:\\\/\\\/grifk-handball.com\\\/naiset\\\/#website\"},\"primaryImageOfPage\":{\"@id\":\"https:\\\/\\\/grifk-handball.com\\\/naiset\\\/kausi-2022-23\\\/ennakot-2022-23\\\/nsm-grifk-kyif-11-2-13-30\\\/#primaryimage\"},\"image\":{\"@id\":\"https:\\\/\\\/grifk-handball.com\\\/naiset\\\/kausi-2022-23\\\/ennakot-2022-23\\\/nsm-grifk-kyif-11-2-13-30\\\/#primaryimage\"},\"thumbnailUrl\":\"https:\\\/\\\/grifk-handball.com\\\/naiset\\\/wp-content\\\/uploads\\\/sites\\\/3\\\/2023\\\/02\\\/DSC05961-scaled-e1676045593785.jpg\",\"datePublished\":\"2023-02-10T16:13:36+00:00\",\"dateModified\":\"2023-02-10T16:19:15+00:00\",\"author\":{\"@id\":\"https:\\\/\\\/grifk-handball.com\\\/naiset\\\/#\\\/schema\\\/person\\\/833a8047457c3e753cf474b171cc90f9\"},\"breadcrumb\":{\"@id\":\"https:\\\/\\\/grifk-handball.com\\\/naiset\\\/kausi-2022-23\\\/ennakot-2022-23\\\/nsm-grifk-kyif-11-2-13-30\\\/#breadcrumb\"},\"inLanguage\":\"fi\",\"potentialAction\":[{\"@type\":\"ReadAction\",\"target\":[\"https:\\\/\\\/grifk-handball.com\\\/naiset\\\/kausi-2022-23\\\/ennakot-2022-23\\\/nsm-grifk-kyif-11-2-13-30\\\/\"]}]},{\"@type\":\"ImageObject\",\"inLanguage\":\"fi\",\"@id\":\"https:\\\/\\\/grifk-handball.com\\\/naiset\\\/kausi-2022-23\\\/ennakot-2022-23\\\/nsm-grifk-kyif-11-2-13-30\\\/#primaryimage\",\"url\":\"https:\\\/\\\/grifk-handball.com\\\/naiset\\\/wp-content\\\/uploads\\\/sites\\\/3\\\/2023\\\/02\\\/DSC05961-scaled-e1676045593785.jpg\",\"contentUrl\":\"https:\\\/\\\/grifk-handball.com\\\/naiset\\\/wp-content\\\/uploads\\\/sites\\\/3\\\/2023\\\/02\\\/DSC05961-scaled-e1676045593785.jpg\",\"width\":2195,\"height\":1427},{\"@type\":\"BreadcrumbList\",\"@id\":\"https:\\\/\\\/grifk-handball.com\\\/naiset\\\/kausi-2022-23\\\/ennakot-2022-23\\\/nsm-grifk-kyif-11-2-13-30\\\/#breadcrumb\",\"itemListElement\":[{\"@type\":\"ListItem\",\"position\":1,\"name\":\"Home\",\"item\":\"https:\\\/\\\/grifk-handball.com\\\/naiset\\\/etusivu-2\\\/\"},{\"@type\":\"ListItem\",\"position\":2,\"name\":\"NSM 11.2 GrIFK-KyIF * 13.30\"}]},{\"@type\":\"WebSite\",\"@id\":\"https:\\\/\\\/grifk-handball.com\\\/naiset\\\/#website\",\"url\":\"https:\\\/\\\/grifk-handball.com\\\/naiset\\\/\",\"name\":\"GrIFK K\u00e4sipallo Naiset\",\"description\":\"GrIFK K\u00e4sipallo Naiset\",\"potentialAction\":[{\"@type\":\"SearchAction\",\"target\":{\"@type\":\"EntryPoint\",\"urlTemplate\":\"https:\\\/\\\/grifk-handball.com\\\/naiset\\\/?s={search_term_string}\"},\"query-input\":{\"@type\":\"PropertyValueSpecification\",\"valueRequired\":true,\"valueName\":\"search_term_string\"}}],\"inLanguage\":\"fi\"},{\"@type\":\"Person\",\"@id\":\"https:\\\/\\\/grifk-handball.com\\\/naiset\\\/#\\\/schema\\\/person\\\/833a8047457c3e753cf474b171cc90f9\",\"name\":\"irajessica\",\"image\":{\"@type\":\"ImageObject\",\"inLanguage\":\"fi\",\"@id\":\"https:\\\/\\\/secure.gravatar.com\\\/avatar\\\/a5f2f279937493405b86bf6f3fc4a412ab182fdfc4897be279322d112f394088?s=96&d=mm&r=g\",\"url\":\"https:\\\/\\\/secure.gravatar.com\\\/avatar\\\/a5f2f279937493405b86bf6f3fc4a412ab182fdfc4897be279322d112f394088?s=96&d=mm&r=g\",\"contentUrl\":\"https:\\\/\\\/secure.gravatar.com\\\/avatar\\\/a5f2f279937493405b86bf6f3fc4a412ab182fdfc4897be279322d112f394088?s=96&d=mm&r=g\",\"caption\":\"irajessica\"},\"url\":\"https:\\\/\\\/grifk-handball.com\\\/naiset\\\/author\\\/irajessica\\\/\"}]}<\/script>\n<!-- \/ Yoast SEO plugin. -->","yoast_head_json":{"title":"NSM 11.2 GrIFK-KyIF * 13.30 &#187; GrIFK K\u00e4sipallo Naiset","robots":{"index":"index","follow":"follow","max-snippet":"max-snippet:-1","max-image-preview":"max-image-preview:large","max-video-preview":"max-video-preview:-1"},"canonical":"https:\/\/grifk-handball.com\/naiset\/kausi-2022-23\/ennakot-2022-23\/nsm-grifk-kyif-11-2-13-30\/","og_locale":"fi_FI","og_type":"article","og_title":"NSM 11.2 GrIFK-KyIF * 13.30 &#187; GrIFK K\u00e4sipallo Naiset","og_description":"Grundseriens sista omg\u00e5ng drar ig\u00e5ng! Seriejumbon KyIF g\u00e4star GrIFK i Grottan p\u00e5 l\u00f6rdag, lagen m\u00f6ts f\u00f6r sista g\u00e5ngen i grundserien. De tidigare matcherna har slutat i klara vinster f\u00f6r GrIFK (29-23 och 29-38). Efter de tv\u00e5 f\u00f6rsta omg\u00e5ngarna har GrIFK 14 po\u00e4ng i serietabellen, medan KyIF har 1 po\u00e4ng. \u00c4ven om GrIFK g\u00e5r in i [&hellip;]","og_url":"https:\/\/grifk-handball.com\/naiset\/kausi-2022-23\/ennakot-2022-23\/nsm-grifk-kyif-11-2-13-30\/","og_site_name":"GrIFK K\u00e4sipallo Naiset","article_publisher":"https:\/\/www.facebook.com\/532444520237680","article_published_time":"2023-02-10T16:13:36+00:00","article_modified_time":"2023-02-10T16:19:15+00:00","og_image":[{"width":1030,"height":670,"url":"https:\/\/grifk-handball.com\/naiset\/wp-content\/uploads\/sites\/3\/2023\/02\/DSC05961-scaled-e1676045593785-1030x670.jpg","type":"image\/jpeg"}],"author":"irajessica","twitter_card":"summary_large_image","twitter_misc":{"Kirjoittanut":"irajessica","Arvioitu lukuaika":"2 minuuttia"},"schema":{"@context":"https:\/\/schema.org","@graph":[{"@type":"Article","@id":"https:\/\/grifk-handball.com\/naiset\/kausi-2022-23\/ennakot-2022-23\/nsm-grifk-kyif-11-2-13-30\/#article","isPartOf":{"@id":"https:\/\/grifk-handball.com\/naiset\/kausi-2022-23\/ennakot-2022-23\/nsm-grifk-kyif-11-2-13-30\/"},"author":{"name":"irajessica","@id":"https:\/\/grifk-handball.com\/naiset\/#\/schema\/person\/833a8047457c3e753cf474b171cc90f9"},"headline":"NSM 11.2 GrIFK-KyIF * 13.30","datePublished":"2023-02-10T16:13:36+00:00","dateModified":"2023-02-10T16:19:15+00:00","mainEntityOfPage":{"@id":"https:\/\/grifk-handball.com\/naiset\/kausi-2022-23\/ennakot-2022-23\/nsm-grifk-kyif-11-2-13-30\/"},"wordCount":330,"image":{"@id":"https:\/\/grifk-handball.com\/naiset\/kausi-2022-23\/ennakot-2022-23\/nsm-grifk-kyif-11-2-13-30\/#primaryimage"},"thumbnailUrl":"https:\/\/grifk-handball.com\/naiset\/wp-content\/uploads\/sites\/3\/2023\/02\/DSC05961-scaled-e1676045593785.jpg","keywords":["#CoachPava","#GrIFKDamer","#GrIFKHandball","#otteluennakko","#SM-runkosarja","#vispelarforgrankulla","KyIF"],"articleSection":["Ennakot"],"inLanguage":"fi"},{"@type":"WebPage","@id":"https:\/\/grifk-handball.com\/naiset\/kausi-2022-23\/ennakot-2022-23\/nsm-grifk-kyif-11-2-13-30\/","url":"https:\/\/grifk-handball.com\/naiset\/kausi-2022-23\/ennakot-2022-23\/nsm-grifk-kyif-11-2-13-30\/","name":"NSM 11.2 GrIFK-KyIF * 13.30 &#187; GrIFK K\u00e4sipallo Naiset","isPartOf":{"@id":"https:\/\/grifk-handball.com\/naiset\/#website"},"primaryImageOfPage":{"@id":"https:\/\/grifk-handball.com\/naiset\/kausi-2022-23\/ennakot-2022-23\/nsm-grifk-kyif-11-2-13-30\/#primaryimage"},"image":{"@id":"https:\/\/grifk-handball.com\/naiset\/kausi-2022-23\/ennakot-2022-23\/nsm-grifk-kyif-11-2-13-30\/#primaryimage"},"thumbnailUrl":"https:\/\/grifk-handball.com\/naiset\/wp-content\/uploads\/sites\/3\/2023\/02\/DSC05961-scaled-e1676045593785.jpg","datePublished":"2023-02-10T16:13:36+00:00","dateModified":"2023-02-10T16:19:15+00:00","author":{"@id":"https:\/\/grifk-handball.com\/naiset\/#\/schema\/person\/833a8047457c3e753cf474b171cc90f9"},"breadcrumb":{"@id":"https:\/\/grifk-handball.com\/naiset\/kausi-2022-23\/ennakot-2022-23\/nsm-grifk-kyif-11-2-13-30\/#breadcrumb"},"inLanguage":"fi","potentialAction":[{"@type":"ReadAction","target":["https:\/\/grifk-handball.com\/naiset\/kausi-2022-23\/ennakot-2022-23\/nsm-grifk-kyif-11-2-13-30\/"]}]},{"@type":"ImageObject","inLanguage":"fi","@id":"https:\/\/grifk-handball.com\/naiset\/kausi-2022-23\/ennakot-2022-23\/nsm-grifk-kyif-11-2-13-30\/#primaryimage","url":"https:\/\/grifk-handball.com\/naiset\/wp-content\/uploads\/sites\/3\/2023\/02\/DSC05961-scaled-e1676045593785.jpg","contentUrl":"https:\/\/grifk-handball.com\/naiset\/wp-content\/uploads\/sites\/3\/2023\/02\/DSC05961-scaled-e1676045593785.jpg","width":2195,"height":1427},{"@type":"BreadcrumbList","@id":"https:\/\/grifk-handball.com\/naiset\/kausi-2022-23\/ennakot-2022-23\/nsm-grifk-kyif-11-2-13-30\/#breadcrumb","itemListElement":[{"@type":"ListItem","position":1,"name":"Home","item":"https:\/\/grifk-handball.com\/naiset\/etusivu-2\/"},{"@type":"ListItem","position":2,"name":"NSM 11.2 GrIFK-KyIF * 13.30"}]},{"@type":"WebSite","@id":"https:\/\/grifk-handball.com\/naiset\/#website","url":"https:\/\/grifk-handball.com\/naiset\/","name":"GrIFK K\u00e4sipallo Naiset","description":"GrIFK K\u00e4sipallo Naiset","potentialAction":[{"@type":"SearchAction","target":{"@type":"EntryPoint","urlTemplate":"https:\/\/grifk-handball.com\/naiset\/?s={search_term_string}"},"query-input":{"@type":"PropertyValueSpecification","valueRequired":true,"valueName":"search_term_string"}}],"inLanguage":"fi"},{"@type":"Person","@id":"https:\/\/grifk-handball.com\/naiset\/#\/schema\/person\/833a8047457c3e753cf474b171cc90f9","name":"irajessica","image":{"@type":"ImageObject","inLanguage":"fi","@id":"https:\/\/secure.gravatar.com\/avatar\/a5f2f279937493405b86bf6f3fc4a412ab182fdfc4897be279322d112f394088?s=96&d=mm&r=g","url":"https:\/\/secure.gravatar.com\/avatar\/a5f2f279937493405b86bf6f3fc4a412ab182fdfc4897be279322d112f394088?s=96&d=mm&r=g","contentUrl":"https:\/\/secure.gravatar.com\/avatar\/a5f2f279937493405b86bf6f3fc4a412ab182fdfc4897be279322d112f394088?s=96&d=mm&r=g","caption":"irajessica"},"url":"https:\/\/grifk-handball.com\/naiset\/author\/irajessica\/"}]}},"jetpack_featured_media_url":"https:\/\/grifk-handball.com\/naiset\/wp-content\/uploads\/sites\/3\/2023\/02\/DSC05961-scaled-e1676045593785.jpg","jetpack_sharing_enabled":true,"_links":{"self":[{"href":"https:\/\/grifk-handball.com\/naiset\/wp-json\/wp\/v2\/posts\/10584","targetHints":{"allow":["GET"]}}],"collection":[{"href":"https:\/\/grifk-handball.com\/naiset\/wp-json\/wp\/v2\/posts"}],"about":[{"href":"https:\/\/grifk-handball.com\/naiset\/wp-json\/wp\/v2\/types\/post"}],"author":[{"embeddable":true,"href":"https:\/\/grifk-handball.com\/naiset\/wp-json\/wp\/v2\/users\/6"}],"replies":[{"embeddable":true,"href":"https:\/\/grifk-handball.com\/naiset\/wp-json\/wp\/v2\/comments?post=10584"}],"version-history":[{"count":5,"href":"https:\/\/grifk-handball.com\/naiset\/wp-json\/wp\/v2\/posts\/10584\/revisions"}],"predecessor-version":[{"id":10587,"href":"https:\/\/grifk-handball.com\/naiset\/wp-json\/wp\/v2\/posts\/10584\/revisions\/10587"}],"wp:featuredmedia":[{"embeddable":true,"href":"https:\/\/grifk-handball.com\/naiset\/wp-json\/wp\/v2\/media\/10585"}],"wp:attachment":[{"href":"https:\/\/grifk-handball.com\/naiset\/wp-json\/wp\/v2\/media?parent=10584"}],"wp:term":[{"taxonomy":"category","embeddable":true,"href":"https:\/\/grifk-handball.com\/naiset\/wp-json\/wp\/v2\/categories?post=10584"},{"taxonomy":"post_tag","embeddable":true,"href":"https:\/\/grifk-handball.com\/naiset\/wp-json\/wp\/v2\/tags?post=10584"}],"curies":[{"name":"wp","href":"https:\/\/api.w.org\/{rel}","templated":true}]}}