{"id":10798,"date":"2023-08-16T12:28:50","date_gmt":"2023-08-16T09:28:50","guid":{"rendered":"https:\/\/grifk-handball.com\/naiset\/?p=10798"},"modified":"2023-09-16T14:19:28","modified_gmt":"2023-09-16T11:19:28","slug":"ny-sasong-med-ny-serie","status":"publish","type":"post","link":"https:\/\/grifk-handball.com\/naiset\/uutiset\/ny-sasong-med-ny-serie\/","title":{"rendered":"Ny s\u00e4song med ny serie"},"content":{"rendered":"<p><em>Det b\u00f6rjar vara dags att dra ig\u00e5ng s\u00e4songen 2023-2024. Vi fick ett fint slut p\u00e5 f\u00f6rra s\u00e4songen med en guldmedalj runt halsen. Damerna har under m\u00e5nga \u00e5r gjort stora framsteg b\u00e5de individuellt och kollektivt. <\/em><\/p>\n<p>Bel\u00f6ningen f\u00f6r det h\u00e5rda arbetet bar frukt d\u00e5 vi slog Dicken i finalerna. St\u00f6det vi fick fr\u00e5n l\u00e4ktarna k\u00e4ndes som en extra spelare p\u00e5 planen och vi hoppas publiken hittar tillbaka till hallen d\u00e5 s\u00e4songen k\u00f6r ig\u00e5ng.<\/p>\n<p><strong>F\u00f6r\u00e4ndringar i spelartruppen och bakgrundskrafterna<\/strong><\/p>\n<p>Under sommaren har det skett en del f\u00f6r\u00e4ndringar i spelartruppen. Stella Bruncrona tar paus fr\u00e5n handbollen och satsar p\u00e5 sina studier. Emma Wickstr\u00f6m har haft n\u00e5gra skadeben\u00e4gna s\u00e4songer och v\u00e4ljer att s\u00e4tta skorna p\u00e5 hyllan, samma g\u00e4ller Antonia Strang. Vi vill tacka dessa spelare f\u00f6r stora insatser under \u00e5ren.<\/p>\n<p>Laget f\u00f6rst\u00e4rks med KyIF-fostrade v\u00e4nsteryttern och spjutkastaren Emilia Karell, 20 \u00e5r. Emilia h\u00e4mtar \u00e4nnu mera bredd till v\u00e5r V6 position d\u00e4r kampen om speltiden kommer att vara stenh\u00e5rd. Hon ger oss \u00e4ven fler alternativ i f\u00f6rsvaret d\u00e4r vi kan utnyttja henne p\u00e5 flera positioner. D\u00e4rtill kommer n\u00e5gra A-juniorer att lyftas upp i tr\u00e4ningsringen.<\/p>\n<p>Ocks\u00e5 i lagledningen har det skett en del f\u00f6r\u00e4ndringar. Marcus Wickstr\u00f6m slutar som lagledare och Janne Sandelin tar hans plats och bildar ett nygammalt radarpar tillsammans med Raija Rehnberg. Vi tackar Marcus f\u00f6r de g\u00e5ngna \u00e5ren och v\u00e4lkomnar Janne tillbaka till laget.<\/p>\n<p>P\u00e5 tr\u00e4narfronten f\u00e5r vi ett st\u00f6rre team runt huvudtr\u00e4nare Pava Johanson, som f\u00f6rra s\u00e4songen drog lasset s\u00e5 gott som ensam. Carolina Rehnberg forts\u00e4tter med laget, nu som assisterande tr\u00e4nare tillsammans med Anders Genberg som ocks\u00e5 \u00e4r tillbaka. Den nya trion k\u00e4nner varandra v\u00e4l och har likasinnade tankar och ambitioner f\u00f6r laget.<\/p>\n<p>Bianca Eklundh, som i fjol hj\u00e4lpte v\u00e5ra m\u00e5lvakter n\u00e5 nya niv\u00e5er, kommer att forts\u00e4tta som m\u00e5lvaktstr\u00e4nare \u00e4ven denna s\u00e4song. Spelarnas fysiska tr\u00e4ning kommer ocks\u00e5 i forts\u00e4ttningen att sk\u00f6tas av Fredrik Ahtola. Tr\u00e4narteamet best\u00e5r allts\u00e5 totalt av fem personer.<\/p>\n<p><strong>&#8221;S\u00e4songen k\u00f6r ig\u00e5ng 16 september, hoppas du \u00e4r med&#8221;<\/strong><\/p>\n<p>Damerna inledde den gemensamma tr\u00e4ningen efter sommarpausen f\u00f6r ett par veckor sedan. Under f\u00f6rsta veckan gjordes olika tester f\u00f6r att se hur de utvecklats under sommaren.<\/p>\n<p>Under f\u00f6rs\u00e4songen kommer tr\u00e4ningarna att ha fokus p\u00e5 den fysiska konditionen f\u00f6r att se till att alla \u00e4r i gott skick d\u00e5 s\u00e4songen b\u00f6rjar. Handbollsm\u00e4ssigt forts\u00e4tter vi bygga vidare p\u00e5 v\u00e5rt eget spel som utvecklats fint under de senaste s\u00e4songerna.<\/p>\n<p>Under f\u00f6rs\u00e4songen i augusti kommer vi m\u00f6ta Cocks i Grankulla och BK-46 i Karis. I b\u00f6rjan av september \u00e4r vi p\u00e5 tr\u00e4ningsl\u00e4ger, d\u00e4r m\u00e5let \u00e4r att tr\u00e4na och spendera tid ihop f\u00f6r att bli ett sammansvetsat lag.<\/p>\n<p>Nytt f\u00f6r i \u00e5r \u00e4r att vi kommer att delta i den nya serien Baltic Sea Handball League, d\u00e4r \u00e4ven Dicken deltar fr\u00e5n Finland. Serien spelas i tv\u00e5 omg\u00e5ngar, ett veckoslut i december och ett veckoslut i mars i Lettland och Litauen. Vi hoppas p\u00e5 att den nya serien kommer att ge ett extra lyft f\u00f6r laget d\u00e5 vi f\u00e5r m\u00f6ta starka lag fr\u00e5n de baltiska l\u00e4nderna.<\/p>\n<p>S\u00e4songen k\u00f6r i g\u00e5ng i Karis mot BK-46 den 16.9.2023 kl. 18.15. Vi hoppas p\u00e5 att se er alla i publiken d\u00e5. Vi k\u00e4nner oss f\u00e4rdiga f\u00f6r den kommande s\u00e4songen och hoppas att du \u00e4r det med!<\/p>\n<p>&#8211; Coach Anka, Carre och Pava &#8211;<\/p>\n","protected":false},"excerpt":{"rendered":"<p>Det b\u00f6rjar vara dags att dra ig\u00e5ng s\u00e4songen 2023-2024. Vi fick ett fint slut p\u00e5 f\u00f6rra s\u00e4songen med en guldmedalj runt halsen. Damerna har under m\u00e5nga \u00e5r gjort stora framsteg b\u00e5de individuellt och kollektivt. Bel\u00f6ningen f\u00f6r det h\u00e5rda arbetet bar frukt d\u00e5 vi slog Dicken i finalerna. St\u00f6det vi fick fr\u00e5n l\u00e4ktarna k\u00e4ndes som en [&hellip;]<\/p>\n","protected":false},"author":6,"featured_media":10718,"comment_status":"closed","ping_status":"closed","sticky":false,"template":"","format":"standard","meta":{"_acf_changed":false,"jetpack_post_was_ever_published":false,"footnotes":""},"categories":[337,1],"tags":[196,319,231,181,321],"class_list":["post-10798","post","type-post","status-publish","format-standard","has-post-thumbnail","hentry","category-ennakot-2023-24","category-uutiset","tag-coachanka","tag-coachcarre","tag-coachpava","tag-grifkdamer","tag-baltic-sea-handball-league"],"acf":[],"yoast_head":"<!-- This site is optimized with the Yoast SEO plugin v27.5 - https:\/\/yoast.com\/product\/yoast-seo-wordpress\/ -->\n<title>Ny s\u00e4song med ny serie &#187; GrIFK K\u00e4sipallo Naiset<\/title>\n<meta name=\"robots\" content=\"index, follow, max-snippet:-1, max-image-preview:large, max-video-preview:-1\" \/>\n<link rel=\"canonical\" href=\"https:\/\/grifk-handball.com\/naiset\/uutiset\/ny-sasong-med-ny-serie\/\" \/>\n<meta property=\"og:locale\" content=\"fi_FI\" \/>\n<meta property=\"og:type\" content=\"article\" \/>\n<meta property=\"og:title\" content=\"Ny s\u00e4song med ny serie &#187; GrIFK K\u00e4sipallo Naiset\" \/>\n<meta property=\"og:description\" content=\"Det b\u00f6rjar vara dags att dra ig\u00e5ng s\u00e4songen 2023-2024. Vi fick ett fint slut p\u00e5 f\u00f6rra s\u00e4songen med en guldmedalj runt halsen. Damerna har under m\u00e5nga \u00e5r gjort stora framsteg b\u00e5de individuellt och kollektivt. Bel\u00f6ningen f\u00f6r det h\u00e5rda arbetet bar frukt d\u00e5 vi slog Dicken i finalerna. St\u00f6det vi fick fr\u00e5n l\u00e4ktarna k\u00e4ndes som en [&hellip;]\" \/>\n<meta property=\"og:url\" content=\"https:\/\/grifk-handball.com\/naiset\/uutiset\/ny-sasong-med-ny-serie\/\" \/>\n<meta property=\"og:site_name\" content=\"GrIFK K\u00e4sipallo Naiset\" \/>\n<meta property=\"article:publisher\" content=\"https:\/\/www.facebook.com\/532444520237680\" \/>\n<meta property=\"article:published_time\" content=\"2023-08-16T09:28:50+00:00\" \/>\n<meta property=\"article:modified_time\" content=\"2023-09-16T11:19:28+00:00\" \/>\n<meta property=\"og:image\" content=\"https:\/\/grifk-handball.com\/naiset\/wp-content\/uploads\/sites\/3\/2023\/05\/Vinnarlaget-\u00a9Handbollforbundet_Newspix-e1723722821893.jpg\" \/>\n\t<meta property=\"og:image:width\" content=\"1200\" \/>\n\t<meta property=\"og:image:height\" content=\"546\" \/>\n\t<meta property=\"og:image:type\" content=\"image\/jpeg\" \/>\n<meta name=\"author\" content=\"irajessica\" \/>\n<meta name=\"twitter:card\" content=\"summary_large_image\" \/>\n<meta name=\"twitter:label1\" content=\"Kirjoittanut\" \/>\n\t<meta name=\"twitter:data1\" content=\"irajessica\" \/>\n\t<meta name=\"twitter:label2\" content=\"Arvioitu lukuaika\" \/>\n\t<meta name=\"twitter:data2\" content=\"4 minuuttia\" \/>\n<script type=\"application\/ld+json\" class=\"yoast-schema-graph\">{\"@context\":\"https:\\\/\\\/schema.org\",\"@graph\":[{\"@type\":\"Article\",\"@id\":\"https:\\\/\\\/grifk-handball.com\\\/naiset\\\/uutiset\\\/ny-sasong-med-ny-serie\\\/#article\",\"isPartOf\":{\"@id\":\"https:\\\/\\\/grifk-handball.com\\\/naiset\\\/uutiset\\\/ny-sasong-med-ny-serie\\\/\"},\"author\":{\"name\":\"irajessica\",\"@id\":\"https:\\\/\\\/grifk-handball.com\\\/naiset\\\/#\\\/schema\\\/person\\\/833a8047457c3e753cf474b171cc90f9\"},\"headline\":\"Ny s\u00e4song med ny serie\",\"datePublished\":\"2023-08-16T09:28:50+00:00\",\"dateModified\":\"2023-09-16T11:19:28+00:00\",\"mainEntityOfPage\":{\"@id\":\"https:\\\/\\\/grifk-handball.com\\\/naiset\\\/uutiset\\\/ny-sasong-med-ny-serie\\\/\"},\"wordCount\":648,\"image\":{\"@id\":\"https:\\\/\\\/grifk-handball.com\\\/naiset\\\/uutiset\\\/ny-sasong-med-ny-serie\\\/#primaryimage\"},\"thumbnailUrl\":\"https:\\\/\\\/grifk-handball.com\\\/naiset\\\/wp-content\\\/uploads\\\/sites\\\/3\\\/2023\\\/05\\\/Vinnarlaget-\u00a9Handbollforbundet_Newspix-e1723722821893.jpg\",\"keywords\":[\"#CoachAnka\",\"#CoachCarre\",\"#CoachPava\",\"#GrIFKDamer\",\"Baltic Sea Handball League\"],\"articleSection\":[\"Ennakot\",\"Uutiset\"],\"inLanguage\":\"fi\"},{\"@type\":\"WebPage\",\"@id\":\"https:\\\/\\\/grifk-handball.com\\\/naiset\\\/uutiset\\\/ny-sasong-med-ny-serie\\\/\",\"url\":\"https:\\\/\\\/grifk-handball.com\\\/naiset\\\/uutiset\\\/ny-sasong-med-ny-serie\\\/\",\"name\":\"Ny s\u00e4song med ny serie &#187; GrIFK K\u00e4sipallo Naiset\",\"isPartOf\":{\"@id\":\"https:\\\/\\\/grifk-handball.com\\\/naiset\\\/#website\"},\"primaryImageOfPage\":{\"@id\":\"https:\\\/\\\/grifk-handball.com\\\/naiset\\\/uutiset\\\/ny-sasong-med-ny-serie\\\/#primaryimage\"},\"image\":{\"@id\":\"https:\\\/\\\/grifk-handball.com\\\/naiset\\\/uutiset\\\/ny-sasong-med-ny-serie\\\/#primaryimage\"},\"thumbnailUrl\":\"https:\\\/\\\/grifk-handball.com\\\/naiset\\\/wp-content\\\/uploads\\\/sites\\\/3\\\/2023\\\/05\\\/Vinnarlaget-\u00a9Handbollforbundet_Newspix-e1723722821893.jpg\",\"datePublished\":\"2023-08-16T09:28:50+00:00\",\"dateModified\":\"2023-09-16T11:19:28+00:00\",\"author\":{\"@id\":\"https:\\\/\\\/grifk-handball.com\\\/naiset\\\/#\\\/schema\\\/person\\\/833a8047457c3e753cf474b171cc90f9\"},\"breadcrumb\":{\"@id\":\"https:\\\/\\\/grifk-handball.com\\\/naiset\\\/uutiset\\\/ny-sasong-med-ny-serie\\\/#breadcrumb\"},\"inLanguage\":\"fi\",\"potentialAction\":[{\"@type\":\"ReadAction\",\"target\":[\"https:\\\/\\\/grifk-handball.com\\\/naiset\\\/uutiset\\\/ny-sasong-med-ny-serie\\\/\"]}]},{\"@type\":\"ImageObject\",\"inLanguage\":\"fi\",\"@id\":\"https:\\\/\\\/grifk-handball.com\\\/naiset\\\/uutiset\\\/ny-sasong-med-ny-serie\\\/#primaryimage\",\"url\":\"https:\\\/\\\/grifk-handball.com\\\/naiset\\\/wp-content\\\/uploads\\\/sites\\\/3\\\/2023\\\/05\\\/Vinnarlaget-\u00a9Handbollforbundet_Newspix-e1723722821893.jpg\",\"contentUrl\":\"https:\\\/\\\/grifk-handball.com\\\/naiset\\\/wp-content\\\/uploads\\\/sites\\\/3\\\/2023\\\/05\\\/Vinnarlaget-\u00a9Handbollforbundet_Newspix-e1723722821893.jpg\",\"width\":1200,\"height\":546,\"caption\":\"Naisten k\u00e4sipalloa 4. finaali GrIFK-Dicken\"},{\"@type\":\"BreadcrumbList\",\"@id\":\"https:\\\/\\\/grifk-handball.com\\\/naiset\\\/uutiset\\\/ny-sasong-med-ny-serie\\\/#breadcrumb\",\"itemListElement\":[{\"@type\":\"ListItem\",\"position\":1,\"name\":\"Home\",\"item\":\"https:\\\/\\\/grifk-handball.com\\\/naiset\\\/etusivu-2\\\/\"},{\"@type\":\"ListItem\",\"position\":2,\"name\":\"Ny s\u00e4song med ny serie\"}]},{\"@type\":\"WebSite\",\"@id\":\"https:\\\/\\\/grifk-handball.com\\\/naiset\\\/#website\",\"url\":\"https:\\\/\\\/grifk-handball.com\\\/naiset\\\/\",\"name\":\"GrIFK K\u00e4sipallo Naiset\",\"description\":\"GrIFK K\u00e4sipallo Naiset\",\"potentialAction\":[{\"@type\":\"SearchAction\",\"target\":{\"@type\":\"EntryPoint\",\"urlTemplate\":\"https:\\\/\\\/grifk-handball.com\\\/naiset\\\/?s={search_term_string}\"},\"query-input\":{\"@type\":\"PropertyValueSpecification\",\"valueRequired\":true,\"valueName\":\"search_term_string\"}}],\"inLanguage\":\"fi\"},{\"@type\":\"Person\",\"@id\":\"https:\\\/\\\/grifk-handball.com\\\/naiset\\\/#\\\/schema\\\/person\\\/833a8047457c3e753cf474b171cc90f9\",\"name\":\"irajessica\",\"image\":{\"@type\":\"ImageObject\",\"inLanguage\":\"fi\",\"@id\":\"https:\\\/\\\/secure.gravatar.com\\\/avatar\\\/a5f2f279937493405b86bf6f3fc4a412ab182fdfc4897be279322d112f394088?s=96&d=mm&r=g\",\"url\":\"https:\\\/\\\/secure.gravatar.com\\\/avatar\\\/a5f2f279937493405b86bf6f3fc4a412ab182fdfc4897be279322d112f394088?s=96&d=mm&r=g\",\"contentUrl\":\"https:\\\/\\\/secure.gravatar.com\\\/avatar\\\/a5f2f279937493405b86bf6f3fc4a412ab182fdfc4897be279322d112f394088?s=96&d=mm&r=g\",\"caption\":\"irajessica\"},\"url\":\"https:\\\/\\\/grifk-handball.com\\\/naiset\\\/author\\\/irajessica\\\/\"}]}<\/script>\n<!-- \/ Yoast SEO plugin. -->","yoast_head_json":{"title":"Ny s\u00e4song med ny serie &#187; GrIFK K\u00e4sipallo Naiset","robots":{"index":"index","follow":"follow","max-snippet":"max-snippet:-1","max-image-preview":"max-image-preview:large","max-video-preview":"max-video-preview:-1"},"canonical":"https:\/\/grifk-handball.com\/naiset\/uutiset\/ny-sasong-med-ny-serie\/","og_locale":"fi_FI","og_type":"article","og_title":"Ny s\u00e4song med ny serie &#187; GrIFK K\u00e4sipallo Naiset","og_description":"Det b\u00f6rjar vara dags att dra ig\u00e5ng s\u00e4songen 2023-2024. Vi fick ett fint slut p\u00e5 f\u00f6rra s\u00e4songen med en guldmedalj runt halsen. Damerna har under m\u00e5nga \u00e5r gjort stora framsteg b\u00e5de individuellt och kollektivt. Bel\u00f6ningen f\u00f6r det h\u00e5rda arbetet bar frukt d\u00e5 vi slog Dicken i finalerna. St\u00f6det vi fick fr\u00e5n l\u00e4ktarna k\u00e4ndes som en [&hellip;]","og_url":"https:\/\/grifk-handball.com\/naiset\/uutiset\/ny-sasong-med-ny-serie\/","og_site_name":"GrIFK K\u00e4sipallo Naiset","article_publisher":"https:\/\/www.facebook.com\/532444520237680","article_published_time":"2023-08-16T09:28:50+00:00","article_modified_time":"2023-09-16T11:19:28+00:00","og_image":[{"width":1200,"height":546,"url":"https:\/\/grifk-handball.com\/naiset\/wp-content\/uploads\/sites\/3\/2023\/05\/Vinnarlaget-\u00a9Handbollforbundet_Newspix-e1723722821893.jpg","type":"image\/jpeg"}],"author":"irajessica","twitter_card":"summary_large_image","twitter_misc":{"Kirjoittanut":"irajessica","Arvioitu lukuaika":"4 minuuttia"},"schema":{"@context":"https:\/\/schema.org","@graph":[{"@type":"Article","@id":"https:\/\/grifk-handball.com\/naiset\/uutiset\/ny-sasong-med-ny-serie\/#article","isPartOf":{"@id":"https:\/\/grifk-handball.com\/naiset\/uutiset\/ny-sasong-med-ny-serie\/"},"author":{"name":"irajessica","@id":"https:\/\/grifk-handball.com\/naiset\/#\/schema\/person\/833a8047457c3e753cf474b171cc90f9"},"headline":"Ny s\u00e4song med ny serie","datePublished":"2023-08-16T09:28:50+00:00","dateModified":"2023-09-16T11:19:28+00:00","mainEntityOfPage":{"@id":"https:\/\/grifk-handball.com\/naiset\/uutiset\/ny-sasong-med-ny-serie\/"},"wordCount":648,"image":{"@id":"https:\/\/grifk-handball.com\/naiset\/uutiset\/ny-sasong-med-ny-serie\/#primaryimage"},"thumbnailUrl":"https:\/\/grifk-handball.com\/naiset\/wp-content\/uploads\/sites\/3\/2023\/05\/Vinnarlaget-\u00a9Handbollforbundet_Newspix-e1723722821893.jpg","keywords":["#CoachAnka","#CoachCarre","#CoachPava","#GrIFKDamer","Baltic Sea Handball League"],"articleSection":["Ennakot","Uutiset"],"inLanguage":"fi"},{"@type":"WebPage","@id":"https:\/\/grifk-handball.com\/naiset\/uutiset\/ny-sasong-med-ny-serie\/","url":"https:\/\/grifk-handball.com\/naiset\/uutiset\/ny-sasong-med-ny-serie\/","name":"Ny s\u00e4song med ny serie &#187; GrIFK K\u00e4sipallo Naiset","isPartOf":{"@id":"https:\/\/grifk-handball.com\/naiset\/#website"},"primaryImageOfPage":{"@id":"https:\/\/grifk-handball.com\/naiset\/uutiset\/ny-sasong-med-ny-serie\/#primaryimage"},"image":{"@id":"https:\/\/grifk-handball.com\/naiset\/uutiset\/ny-sasong-med-ny-serie\/#primaryimage"},"thumbnailUrl":"https:\/\/grifk-handball.com\/naiset\/wp-content\/uploads\/sites\/3\/2023\/05\/Vinnarlaget-\u00a9Handbollforbundet_Newspix-e1723722821893.jpg","datePublished":"2023-08-16T09:28:50+00:00","dateModified":"2023-09-16T11:19:28+00:00","author":{"@id":"https:\/\/grifk-handball.com\/naiset\/#\/schema\/person\/833a8047457c3e753cf474b171cc90f9"},"breadcrumb":{"@id":"https:\/\/grifk-handball.com\/naiset\/uutiset\/ny-sasong-med-ny-serie\/#breadcrumb"},"inLanguage":"fi","potentialAction":[{"@type":"ReadAction","target":["https:\/\/grifk-handball.com\/naiset\/uutiset\/ny-sasong-med-ny-serie\/"]}]},{"@type":"ImageObject","inLanguage":"fi","@id":"https:\/\/grifk-handball.com\/naiset\/uutiset\/ny-sasong-med-ny-serie\/#primaryimage","url":"https:\/\/grifk-handball.com\/naiset\/wp-content\/uploads\/sites\/3\/2023\/05\/Vinnarlaget-\u00a9Handbollforbundet_Newspix-e1723722821893.jpg","contentUrl":"https:\/\/grifk-handball.com\/naiset\/wp-content\/uploads\/sites\/3\/2023\/05\/Vinnarlaget-\u00a9Handbollforbundet_Newspix-e1723722821893.jpg","width":1200,"height":546,"caption":"Naisten k\u00e4sipalloa 4. finaali GrIFK-Dicken"},{"@type":"BreadcrumbList","@id":"https:\/\/grifk-handball.com\/naiset\/uutiset\/ny-sasong-med-ny-serie\/#breadcrumb","itemListElement":[{"@type":"ListItem","position":1,"name":"Home","item":"https:\/\/grifk-handball.com\/naiset\/etusivu-2\/"},{"@type":"ListItem","position":2,"name":"Ny s\u00e4song med ny serie"}]},{"@type":"WebSite","@id":"https:\/\/grifk-handball.com\/naiset\/#website","url":"https:\/\/grifk-handball.com\/naiset\/","name":"GrIFK K\u00e4sipallo Naiset","description":"GrIFK K\u00e4sipallo Naiset","potentialAction":[{"@type":"SearchAction","target":{"@type":"EntryPoint","urlTemplate":"https:\/\/grifk-handball.com\/naiset\/?s={search_term_string}"},"query-input":{"@type":"PropertyValueSpecification","valueRequired":true,"valueName":"search_term_string"}}],"inLanguage":"fi"},{"@type":"Person","@id":"https:\/\/grifk-handball.com\/naiset\/#\/schema\/person\/833a8047457c3e753cf474b171cc90f9","name":"irajessica","image":{"@type":"ImageObject","inLanguage":"fi","@id":"https:\/\/secure.gravatar.com\/avatar\/a5f2f279937493405b86bf6f3fc4a412ab182fdfc4897be279322d112f394088?s=96&d=mm&r=g","url":"https:\/\/secure.gravatar.com\/avatar\/a5f2f279937493405b86bf6f3fc4a412ab182fdfc4897be279322d112f394088?s=96&d=mm&r=g","contentUrl":"https:\/\/secure.gravatar.com\/avatar\/a5f2f279937493405b86bf6f3fc4a412ab182fdfc4897be279322d112f394088?s=96&d=mm&r=g","caption":"irajessica"},"url":"https:\/\/grifk-handball.com\/naiset\/author\/irajessica\/"}]}},"jetpack_featured_media_url":"https:\/\/grifk-handball.com\/naiset\/wp-content\/uploads\/sites\/3\/2023\/05\/Vinnarlaget-\u00a9Handbollforbundet_Newspix-e1723722821893.jpg","jetpack_sharing_enabled":true,"_links":{"self":[{"href":"https:\/\/grifk-handball.com\/naiset\/wp-json\/wp\/v2\/posts\/10798","targetHints":{"allow":["GET"]}}],"collection":[{"href":"https:\/\/grifk-handball.com\/naiset\/wp-json\/wp\/v2\/posts"}],"about":[{"href":"https:\/\/grifk-handball.com\/naiset\/wp-json\/wp\/v2\/types\/post"}],"author":[{"embeddable":true,"href":"https:\/\/grifk-handball.com\/naiset\/wp-json\/wp\/v2\/users\/6"}],"replies":[{"embeddable":true,"href":"https:\/\/grifk-handball.com\/naiset\/wp-json\/wp\/v2\/comments?post=10798"}],"version-history":[{"count":4,"href":"https:\/\/grifk-handball.com\/naiset\/wp-json\/wp\/v2\/posts\/10798\/revisions"}],"predecessor-version":[{"id":11047,"href":"https:\/\/grifk-handball.com\/naiset\/wp-json\/wp\/v2\/posts\/10798\/revisions\/11047"}],"wp:featuredmedia":[{"embeddable":true,"href":"https:\/\/grifk-handball.com\/naiset\/wp-json\/wp\/v2\/media\/10718"}],"wp:attachment":[{"href":"https:\/\/grifk-handball.com\/naiset\/wp-json\/wp\/v2\/media?parent=10798"}],"wp:term":[{"taxonomy":"category","embeddable":true,"href":"https:\/\/grifk-handball.com\/naiset\/wp-json\/wp\/v2\/categories?post=10798"},{"taxonomy":"post_tag","embeddable":true,"href":"https:\/\/grifk-handball.com\/naiset\/wp-json\/wp\/v2\/tags?post=10798"}],"curies":[{"name":"wp","href":"https:\/\/api.w.org\/{rel}","templated":true}]}}