{"id":11189,"date":"2023-10-05T18:30:43","date_gmt":"2023-10-05T15:30:43","guid":{"rendered":"https:\/\/grifk-handball.com\/naiset\/?p=11189"},"modified":"2023-10-05T18:54:30","modified_gmt":"2023-10-05T15:54:30","slug":"nsm-6-10-grifk-dicken-19-00","status":"publish","type":"post","link":"https:\/\/grifk-handball.com\/naiset\/kausi-2023-2024\/ennakot-2023-24\/nsm-6-10-grifk-dicken-19-00\/","title":{"rendered":"NSM 6.10.: GrIFK &#8211; Dicken * 19.00"},"content":{"rendered":"<p><strong>Hemmamatch mot Dicken!<\/strong><\/p>\n<p>Matchen b\u00f6rjar kl. 19.00, men det l\u00f6nar sig att vara p\u00e5 plats redan kl. 18.45 n\u00e4r guldflaggan f\u00f6r s\u00e4songen 2022-23 hissas.<\/p>\n<p><strong>Vad har laget tr\u00e4nat p\u00e5 i veckan?<br \/>\n<\/strong>Vi har jobbat med olika f\u00f6rsvarsspel, individuella skott och samarbetet mellan olika positioner. Dessutom har vi g\u00e5tt igenom f\u00f6rsvaret och gjort de \u00e4ndringar vi beh\u00f6ver.<\/p>\n<p><strong>Vad har jag l\u00e4rt mig\/jobbat med under veckan?<\/strong><br \/>\nJag har jobbat med f\u00f6rsvaret denna vecka. Dessutom har jag jobbat med att v\u00e4rdera r\u00e4tt b\u00e5de i anfallet och f\u00f6rsvaret och att komma in i alla l\u00e4gen med b\u00e4ttre fart.<\/p>\n<p><strong>Vem m\u00f6ter vi?<br \/>\n<\/strong>Vi m\u00f6ter ett Dicken som har tappat en del spelare, men lyft upp m\u00e5nga juniorer. Dicken kontrar bra och straffar dumma misstag i anfallet. Dessutom har laget lyckas f\u00e5 mycket m\u00e5l fr\u00e5n linjen och en del 9m m\u00e5l. Dicken har i tidigare matcher f\u00f6rsvarat en aggressiv h\u00f6g 5-1.<\/p>\n<p><strong>Spelare att f\u00f6lja med i motst\u00e5ndarlaget?<\/strong><br \/>\nDet \u00e4r sv\u00e5rt att endast lyfta fram en spelare, men en som jag upplever \u00e4r sv\u00e5rstoppad och det st\u00f6rsta hotet i anfallet \u00e4r Malena Heikkinen. Hon kommer med bra fart och har ett riktigt bra skott. Som f\u00f6rsvarare m\u00e5ste man vara med 100% hela tiden f\u00f6r att kunna ha m\u00f6jlighet att stoppa henne.<\/p>\n<p><strong>Spelare att f\u00f6lja med fr\u00e5n v\u00e5rt eget lag?<\/strong><br \/>\nH\u00e4r vill jag lyfta fram tv\u00e5 spelare. F\u00f6r att kunna stoppa Dicken beh\u00f6ver vi ett bra f\u00f6rsvarsspel, men vi m\u00e5ste ocks\u00e5 g\u00f6ra m\u00e5l. Eftersom f\u00f6rsvaret \u00e4r det vi k\u00e4nner oss s\u00e4kra i s\u00e5 m\u00e5ste jag lyfta fram Ninni Jensen. Hon styr upp oss andra och det k\u00e4nns tryggt n\u00e4r man vet att hon st\u00e5r bredvid eller under en i f\u00f6rsvaret. Hon \u00e4r tuff och bra p\u00e5 att reparera och lappa igen luckor som uppst\u00e5r ifall n\u00e5gon f\u00f6rlorar sin kamp. Den andra spelaren jag vill lyfta fram \u00e4r Ella Paukku. Hon \u00e4r j\u00e4tteduktig, b\u00e5de f\u00f6rsvarsv\u00e4g och anfallsv\u00e4g och har i de f\u00f6rsta matcherna att hon vinner f\u00f6rsvarskamperna och springer f\u00f6rbi motst\u00e5ndarna!<\/p>\n<p><strong>Rutin innan matchen?<br \/>\n<\/strong>Att vara i tid \u00e4r alltid ett m\u00e5ste f\u00f6r mig. I laget har vi m\u00e5nga tidsoptimister, men jag \u00e4r definitivt en tidspessimist som t\u00e4nker att de ska ta \u00f6ver en timme att k\u00f6ra till Sjunde\u00e5 fr\u00e5n Drums\u00f6. \u00c5tminstone beh\u00f6ver de som \u00e5ker i min skjuts inte betala f\u00f6r f\u00f6rsening \ud83d\ude09. Att \u201dgl\u00f6mma\u201d k\u00f6pa en powerade och be pappa h\u00e4mta en \u00e4r en viktig tradition! Det \u00e4r f\u00f6rst\u00e5s ocks\u00e5 viktigt att sova mycket och \u00e4ta bra!<\/p>\n<p><strong>M\u00e4sterskapsflaggan avt\u00e4cks p\u00e5 fredag<br \/>\n<\/strong>Kom p\u00e5 plats redan kl. 18.45 f\u00f6r att se n\u00e4r m\u00e4sterskapsflaggan hissas upp i taket! Det blir ocks\u00e5 lite annat program f\u00f6re FM-matchen. Var som jag och var en tidspessimist &#8211; kom i riktigt god tid s\u00e5 att du inte missar programmet!<\/p>\n<p>Obs! Om du inte kan ta dig till Grottan kan du se matchen p\u00e5 <a href=\"https:\/\/handis.tv\/grifknaiset\">Handis-tv\u00a0<\/a>\u00a0f\u00f6r 5,90\u20ac\/match eller 9,90\u20ac\/m\u00e5nad. En del av summan g\u00e5r till GrIFK Damer.<\/p>\n<p><strong>F\u00f6lj oss g\u00e4rna!<\/strong><br \/>\nFacebook:\u00a0<a href=\"https:\/\/www.facebook.com\/grifkdamer\">Grankulla IFK Damhandboll<\/a><br \/>\nInstagram:\u00a0<a href=\"https:\/\/www.instagram.com\/grifkdamer\/\">@grifkdamer<\/a><\/p>\n<p><em>Greta Wir\u00e9n<\/em><\/p>\n","protected":false},"excerpt":{"rendered":"<p>Hemmamatch mot Dicken! Matchen b\u00f6rjar kl. 19.00, men det l\u00f6nar sig att vara p\u00e5 plats redan kl. 18.45 n\u00e4r guldflaggan f\u00f6r s\u00e4songen 2022-23 hissas. Vad har laget tr\u00e4nat p\u00e5 i veckan? Vi har jobbat med olika f\u00f6rsvarsspel, individuella skott och samarbetet mellan olika positioner. Dessutom har vi g\u00e5tt igenom f\u00f6rsvaret och gjort de \u00e4ndringar vi [&hellip;]<\/p>\n","protected":false},"author":6,"featured_media":11190,"comment_status":"closed","ping_status":"closed","sticky":false,"template":"","format":"standard","meta":{"_acf_changed":false,"jetpack_post_was_ever_published":false,"footnotes":""},"categories":[337],"tags":[196,319,231,353,181,218,185,222,20,323],"class_list":["post-11189","post","type-post","status-publish","format-standard","has-post-thumbnail","hentry","category-ennakot-2023-24","tag-coachanka","tag-coachcarre","tag-coachpava","tag-greta-wiren","tag-grifkdamer","tag-otteluennakko","tag-sm-runkosarja","tag-vispelarforgrankulla","tag-dicken","tag-nsm"],"acf":[],"yoast_head":"<!-- This site is optimized with the Yoast SEO plugin v27.5 - https:\/\/yoast.com\/product\/yoast-seo-wordpress\/ -->\n<title>NSM 6.10.: GrIFK - Dicken * 19.00 &#187; GrIFK K\u00e4sipallo Naiset<\/title>\n<meta name=\"robots\" content=\"index, follow, max-snippet:-1, max-image-preview:large, max-video-preview:-1\" \/>\n<link rel=\"canonical\" href=\"https:\/\/grifk-handball.com\/naiset\/kausi-2023-2024\/ennakot-2023-24\/nsm-6-10-grifk-dicken-19-00\/\" \/>\n<meta property=\"og:locale\" content=\"fi_FI\" \/>\n<meta property=\"og:type\" content=\"article\" \/>\n<meta property=\"og:title\" content=\"NSM 6.10.: GrIFK - Dicken * 19.00 &#187; GrIFK K\u00e4sipallo Naiset\" \/>\n<meta property=\"og:description\" content=\"Hemmamatch mot Dicken! Matchen b\u00f6rjar kl. 19.00, men det l\u00f6nar sig att vara p\u00e5 plats redan kl. 18.45 n\u00e4r guldflaggan f\u00f6r s\u00e4songen 2022-23 hissas. Vad har laget tr\u00e4nat p\u00e5 i veckan? Vi har jobbat med olika f\u00f6rsvarsspel, individuella skott och samarbetet mellan olika positioner. Dessutom har vi g\u00e5tt igenom f\u00f6rsvaret och gjort de \u00e4ndringar vi [&hellip;]\" \/>\n<meta property=\"og:url\" content=\"https:\/\/grifk-handball.com\/naiset\/kausi-2023-2024\/ennakot-2023-24\/nsm-6-10-grifk-dicken-19-00\/\" \/>\n<meta property=\"og:site_name\" content=\"GrIFK K\u00e4sipallo Naiset\" \/>\n<meta property=\"article:publisher\" content=\"https:\/\/www.facebook.com\/532444520237680\" \/>\n<meta property=\"article:published_time\" content=\"2023-10-05T15:30:43+00:00\" \/>\n<meta property=\"article:modified_time\" content=\"2023-10-05T15:54:30+00:00\" \/>\n<meta property=\"og:image\" content=\"https:\/\/grifk-handball.com\/naiset\/wp-content\/uploads\/sites\/3\/2023\/10\/Skarmavbild-2023-10-05-kl.-18.26.32-e1696519682849-1030x910.png\" \/>\n\t<meta property=\"og:image:width\" content=\"1030\" \/>\n\t<meta property=\"og:image:height\" content=\"910\" \/>\n\t<meta property=\"og:image:type\" content=\"image\/png\" \/>\n<meta name=\"author\" content=\"irajessica\" \/>\n<meta name=\"twitter:card\" content=\"summary_large_image\" \/>\n<meta name=\"twitter:label1\" content=\"Kirjoittanut\" \/>\n\t<meta name=\"twitter:data1\" content=\"irajessica\" \/>\n\t<meta name=\"twitter:label2\" content=\"Arvioitu lukuaika\" \/>\n\t<meta name=\"twitter:data2\" content=\"3 minuuttia\" \/>\n<script type=\"application\/ld+json\" class=\"yoast-schema-graph\">{\"@context\":\"https:\\\/\\\/schema.org\",\"@graph\":[{\"@type\":\"Article\",\"@id\":\"https:\\\/\\\/grifk-handball.com\\\/naiset\\\/kausi-2023-2024\\\/ennakot-2023-24\\\/nsm-6-10-grifk-dicken-19-00\\\/#article\",\"isPartOf\":{\"@id\":\"https:\\\/\\\/grifk-handball.com\\\/naiset\\\/kausi-2023-2024\\\/ennakot-2023-24\\\/nsm-6-10-grifk-dicken-19-00\\\/\"},\"author\":{\"name\":\"irajessica\",\"@id\":\"https:\\\/\\\/grifk-handball.com\\\/naiset\\\/#\\\/schema\\\/person\\\/833a8047457c3e753cf474b171cc90f9\"},\"headline\":\"NSM 6.10.: GrIFK &#8211; Dicken * 19.00\",\"datePublished\":\"2023-10-05T15:30:43+00:00\",\"dateModified\":\"2023-10-05T15:54:30+00:00\",\"mainEntityOfPage\":{\"@id\":\"https:\\\/\\\/grifk-handball.com\\\/naiset\\\/kausi-2023-2024\\\/ennakot-2023-24\\\/nsm-6-10-grifk-dicken-19-00\\\/\"},\"wordCount\":575,\"image\":{\"@id\":\"https:\\\/\\\/grifk-handball.com\\\/naiset\\\/kausi-2023-2024\\\/ennakot-2023-24\\\/nsm-6-10-grifk-dicken-19-00\\\/#primaryimage\"},\"thumbnailUrl\":\"https:\\\/\\\/grifk-handball.com\\\/naiset\\\/wp-content\\\/uploads\\\/sites\\\/3\\\/2023\\\/10\\\/Skarmavbild-2023-10-05-kl.-18.26.32-e1696519682849.png\",\"keywords\":[\"#CoachAnka\",\"#CoachCarre\",\"#CoachPava\",\"#Greta Wir\u00e9n\",\"#GrIFKDamer\",\"#otteluennakko\",\"#SM-runkosarja\",\"#vispelarforgrankulla\",\"Dicken\",\"NSM\"],\"articleSection\":[\"Ennakot\"],\"inLanguage\":\"fi\"},{\"@type\":\"WebPage\",\"@id\":\"https:\\\/\\\/grifk-handball.com\\\/naiset\\\/kausi-2023-2024\\\/ennakot-2023-24\\\/nsm-6-10-grifk-dicken-19-00\\\/\",\"url\":\"https:\\\/\\\/grifk-handball.com\\\/naiset\\\/kausi-2023-2024\\\/ennakot-2023-24\\\/nsm-6-10-grifk-dicken-19-00\\\/\",\"name\":\"NSM 6.10.: GrIFK - Dicken * 19.00 &#187; GrIFK K\u00e4sipallo Naiset\",\"isPartOf\":{\"@id\":\"https:\\\/\\\/grifk-handball.com\\\/naiset\\\/#website\"},\"primaryImageOfPage\":{\"@id\":\"https:\\\/\\\/grifk-handball.com\\\/naiset\\\/kausi-2023-2024\\\/ennakot-2023-24\\\/nsm-6-10-grifk-dicken-19-00\\\/#primaryimage\"},\"image\":{\"@id\":\"https:\\\/\\\/grifk-handball.com\\\/naiset\\\/kausi-2023-2024\\\/ennakot-2023-24\\\/nsm-6-10-grifk-dicken-19-00\\\/#primaryimage\"},\"thumbnailUrl\":\"https:\\\/\\\/grifk-handball.com\\\/naiset\\\/wp-content\\\/uploads\\\/sites\\\/3\\\/2023\\\/10\\\/Skarmavbild-2023-10-05-kl.-18.26.32-e1696519682849.png\",\"datePublished\":\"2023-10-05T15:30:43+00:00\",\"dateModified\":\"2023-10-05T15:54:30+00:00\",\"author\":{\"@id\":\"https:\\\/\\\/grifk-handball.com\\\/naiset\\\/#\\\/schema\\\/person\\\/833a8047457c3e753cf474b171cc90f9\"},\"breadcrumb\":{\"@id\":\"https:\\\/\\\/grifk-handball.com\\\/naiset\\\/kausi-2023-2024\\\/ennakot-2023-24\\\/nsm-6-10-grifk-dicken-19-00\\\/#breadcrumb\"},\"inLanguage\":\"fi\",\"potentialAction\":[{\"@type\":\"ReadAction\",\"target\":[\"https:\\\/\\\/grifk-handball.com\\\/naiset\\\/kausi-2023-2024\\\/ennakot-2023-24\\\/nsm-6-10-grifk-dicken-19-00\\\/\"]}]},{\"@type\":\"ImageObject\",\"inLanguage\":\"fi\",\"@id\":\"https:\\\/\\\/grifk-handball.com\\\/naiset\\\/kausi-2023-2024\\\/ennakot-2023-24\\\/nsm-6-10-grifk-dicken-19-00\\\/#primaryimage\",\"url\":\"https:\\\/\\\/grifk-handball.com\\\/naiset\\\/wp-content\\\/uploads\\\/sites\\\/3\\\/2023\\\/10\\\/Skarmavbild-2023-10-05-kl.-18.26.32-e1696519682849.png\",\"contentUrl\":\"https:\\\/\\\/grifk-handball.com\\\/naiset\\\/wp-content\\\/uploads\\\/sites\\\/3\\\/2023\\\/10\\\/Skarmavbild-2023-10-05-kl.-18.26.32-e1696519682849.png\",\"width\":1362,\"height\":1203},{\"@type\":\"BreadcrumbList\",\"@id\":\"https:\\\/\\\/grifk-handball.com\\\/naiset\\\/kausi-2023-2024\\\/ennakot-2023-24\\\/nsm-6-10-grifk-dicken-19-00\\\/#breadcrumb\",\"itemListElement\":[{\"@type\":\"ListItem\",\"position\":1,\"name\":\"Home\",\"item\":\"https:\\\/\\\/grifk-handball.com\\\/naiset\\\/etusivu-2\\\/\"},{\"@type\":\"ListItem\",\"position\":2,\"name\":\"NSM 6.10.: GrIFK &#8211; Dicken * 19.00\"}]},{\"@type\":\"WebSite\",\"@id\":\"https:\\\/\\\/grifk-handball.com\\\/naiset\\\/#website\",\"url\":\"https:\\\/\\\/grifk-handball.com\\\/naiset\\\/\",\"name\":\"GrIFK K\u00e4sipallo Naiset\",\"description\":\"GrIFK K\u00e4sipallo Naiset\",\"potentialAction\":[{\"@type\":\"SearchAction\",\"target\":{\"@type\":\"EntryPoint\",\"urlTemplate\":\"https:\\\/\\\/grifk-handball.com\\\/naiset\\\/?s={search_term_string}\"},\"query-input\":{\"@type\":\"PropertyValueSpecification\",\"valueRequired\":true,\"valueName\":\"search_term_string\"}}],\"inLanguage\":\"fi\"},{\"@type\":\"Person\",\"@id\":\"https:\\\/\\\/grifk-handball.com\\\/naiset\\\/#\\\/schema\\\/person\\\/833a8047457c3e753cf474b171cc90f9\",\"name\":\"irajessica\",\"image\":{\"@type\":\"ImageObject\",\"inLanguage\":\"fi\",\"@id\":\"https:\\\/\\\/secure.gravatar.com\\\/avatar\\\/a5f2f279937493405b86bf6f3fc4a412ab182fdfc4897be279322d112f394088?s=96&d=mm&r=g\",\"url\":\"https:\\\/\\\/secure.gravatar.com\\\/avatar\\\/a5f2f279937493405b86bf6f3fc4a412ab182fdfc4897be279322d112f394088?s=96&d=mm&r=g\",\"contentUrl\":\"https:\\\/\\\/secure.gravatar.com\\\/avatar\\\/a5f2f279937493405b86bf6f3fc4a412ab182fdfc4897be279322d112f394088?s=96&d=mm&r=g\",\"caption\":\"irajessica\"},\"url\":\"https:\\\/\\\/grifk-handball.com\\\/naiset\\\/author\\\/irajessica\\\/\"}]}<\/script>\n<!-- \/ Yoast SEO plugin. -->","yoast_head_json":{"title":"NSM 6.10.: GrIFK - Dicken * 19.00 &#187; GrIFK K\u00e4sipallo Naiset","robots":{"index":"index","follow":"follow","max-snippet":"max-snippet:-1","max-image-preview":"max-image-preview:large","max-video-preview":"max-video-preview:-1"},"canonical":"https:\/\/grifk-handball.com\/naiset\/kausi-2023-2024\/ennakot-2023-24\/nsm-6-10-grifk-dicken-19-00\/","og_locale":"fi_FI","og_type":"article","og_title":"NSM 6.10.: GrIFK - Dicken * 19.00 &#187; GrIFK K\u00e4sipallo Naiset","og_description":"Hemmamatch mot Dicken! Matchen b\u00f6rjar kl. 19.00, men det l\u00f6nar sig att vara p\u00e5 plats redan kl. 18.45 n\u00e4r guldflaggan f\u00f6r s\u00e4songen 2022-23 hissas. Vad har laget tr\u00e4nat p\u00e5 i veckan? Vi har jobbat med olika f\u00f6rsvarsspel, individuella skott och samarbetet mellan olika positioner. Dessutom har vi g\u00e5tt igenom f\u00f6rsvaret och gjort de \u00e4ndringar vi [&hellip;]","og_url":"https:\/\/grifk-handball.com\/naiset\/kausi-2023-2024\/ennakot-2023-24\/nsm-6-10-grifk-dicken-19-00\/","og_site_name":"GrIFK K\u00e4sipallo Naiset","article_publisher":"https:\/\/www.facebook.com\/532444520237680","article_published_time":"2023-10-05T15:30:43+00:00","article_modified_time":"2023-10-05T15:54:30+00:00","og_image":[{"width":1030,"height":910,"url":"https:\/\/grifk-handball.com\/naiset\/wp-content\/uploads\/sites\/3\/2023\/10\/Skarmavbild-2023-10-05-kl.-18.26.32-e1696519682849-1030x910.png","type":"image\/png"}],"author":"irajessica","twitter_card":"summary_large_image","twitter_misc":{"Kirjoittanut":"irajessica","Arvioitu lukuaika":"3 minuuttia"},"schema":{"@context":"https:\/\/schema.org","@graph":[{"@type":"Article","@id":"https:\/\/grifk-handball.com\/naiset\/kausi-2023-2024\/ennakot-2023-24\/nsm-6-10-grifk-dicken-19-00\/#article","isPartOf":{"@id":"https:\/\/grifk-handball.com\/naiset\/kausi-2023-2024\/ennakot-2023-24\/nsm-6-10-grifk-dicken-19-00\/"},"author":{"name":"irajessica","@id":"https:\/\/grifk-handball.com\/naiset\/#\/schema\/person\/833a8047457c3e753cf474b171cc90f9"},"headline":"NSM 6.10.: GrIFK &#8211; Dicken * 19.00","datePublished":"2023-10-05T15:30:43+00:00","dateModified":"2023-10-05T15:54:30+00:00","mainEntityOfPage":{"@id":"https:\/\/grifk-handball.com\/naiset\/kausi-2023-2024\/ennakot-2023-24\/nsm-6-10-grifk-dicken-19-00\/"},"wordCount":575,"image":{"@id":"https:\/\/grifk-handball.com\/naiset\/kausi-2023-2024\/ennakot-2023-24\/nsm-6-10-grifk-dicken-19-00\/#primaryimage"},"thumbnailUrl":"https:\/\/grifk-handball.com\/naiset\/wp-content\/uploads\/sites\/3\/2023\/10\/Skarmavbild-2023-10-05-kl.-18.26.32-e1696519682849.png","keywords":["#CoachAnka","#CoachCarre","#CoachPava","#Greta Wir\u00e9n","#GrIFKDamer","#otteluennakko","#SM-runkosarja","#vispelarforgrankulla","Dicken","NSM"],"articleSection":["Ennakot"],"inLanguage":"fi"},{"@type":"WebPage","@id":"https:\/\/grifk-handball.com\/naiset\/kausi-2023-2024\/ennakot-2023-24\/nsm-6-10-grifk-dicken-19-00\/","url":"https:\/\/grifk-handball.com\/naiset\/kausi-2023-2024\/ennakot-2023-24\/nsm-6-10-grifk-dicken-19-00\/","name":"NSM 6.10.: GrIFK - Dicken * 19.00 &#187; GrIFK K\u00e4sipallo Naiset","isPartOf":{"@id":"https:\/\/grifk-handball.com\/naiset\/#website"},"primaryImageOfPage":{"@id":"https:\/\/grifk-handball.com\/naiset\/kausi-2023-2024\/ennakot-2023-24\/nsm-6-10-grifk-dicken-19-00\/#primaryimage"},"image":{"@id":"https:\/\/grifk-handball.com\/naiset\/kausi-2023-2024\/ennakot-2023-24\/nsm-6-10-grifk-dicken-19-00\/#primaryimage"},"thumbnailUrl":"https:\/\/grifk-handball.com\/naiset\/wp-content\/uploads\/sites\/3\/2023\/10\/Skarmavbild-2023-10-05-kl.-18.26.32-e1696519682849.png","datePublished":"2023-10-05T15:30:43+00:00","dateModified":"2023-10-05T15:54:30+00:00","author":{"@id":"https:\/\/grifk-handball.com\/naiset\/#\/schema\/person\/833a8047457c3e753cf474b171cc90f9"},"breadcrumb":{"@id":"https:\/\/grifk-handball.com\/naiset\/kausi-2023-2024\/ennakot-2023-24\/nsm-6-10-grifk-dicken-19-00\/#breadcrumb"},"inLanguage":"fi","potentialAction":[{"@type":"ReadAction","target":["https:\/\/grifk-handball.com\/naiset\/kausi-2023-2024\/ennakot-2023-24\/nsm-6-10-grifk-dicken-19-00\/"]}]},{"@type":"ImageObject","inLanguage":"fi","@id":"https:\/\/grifk-handball.com\/naiset\/kausi-2023-2024\/ennakot-2023-24\/nsm-6-10-grifk-dicken-19-00\/#primaryimage","url":"https:\/\/grifk-handball.com\/naiset\/wp-content\/uploads\/sites\/3\/2023\/10\/Skarmavbild-2023-10-05-kl.-18.26.32-e1696519682849.png","contentUrl":"https:\/\/grifk-handball.com\/naiset\/wp-content\/uploads\/sites\/3\/2023\/10\/Skarmavbild-2023-10-05-kl.-18.26.32-e1696519682849.png","width":1362,"height":1203},{"@type":"BreadcrumbList","@id":"https:\/\/grifk-handball.com\/naiset\/kausi-2023-2024\/ennakot-2023-24\/nsm-6-10-grifk-dicken-19-00\/#breadcrumb","itemListElement":[{"@type":"ListItem","position":1,"name":"Home","item":"https:\/\/grifk-handball.com\/naiset\/etusivu-2\/"},{"@type":"ListItem","position":2,"name":"NSM 6.10.: GrIFK &#8211; Dicken * 19.00"}]},{"@type":"WebSite","@id":"https:\/\/grifk-handball.com\/naiset\/#website","url":"https:\/\/grifk-handball.com\/naiset\/","name":"GrIFK K\u00e4sipallo Naiset","description":"GrIFK K\u00e4sipallo Naiset","potentialAction":[{"@type":"SearchAction","target":{"@type":"EntryPoint","urlTemplate":"https:\/\/grifk-handball.com\/naiset\/?s={search_term_string}"},"query-input":{"@type":"PropertyValueSpecification","valueRequired":true,"valueName":"search_term_string"}}],"inLanguage":"fi"},{"@type":"Person","@id":"https:\/\/grifk-handball.com\/naiset\/#\/schema\/person\/833a8047457c3e753cf474b171cc90f9","name":"irajessica","image":{"@type":"ImageObject","inLanguage":"fi","@id":"https:\/\/secure.gravatar.com\/avatar\/a5f2f279937493405b86bf6f3fc4a412ab182fdfc4897be279322d112f394088?s=96&d=mm&r=g","url":"https:\/\/secure.gravatar.com\/avatar\/a5f2f279937493405b86bf6f3fc4a412ab182fdfc4897be279322d112f394088?s=96&d=mm&r=g","contentUrl":"https:\/\/secure.gravatar.com\/avatar\/a5f2f279937493405b86bf6f3fc4a412ab182fdfc4897be279322d112f394088?s=96&d=mm&r=g","caption":"irajessica"},"url":"https:\/\/grifk-handball.com\/naiset\/author\/irajessica\/"}]}},"jetpack_featured_media_url":"https:\/\/grifk-handball.com\/naiset\/wp-content\/uploads\/sites\/3\/2023\/10\/Skarmavbild-2023-10-05-kl.-18.26.32-e1696519682849.png","jetpack_sharing_enabled":true,"_links":{"self":[{"href":"https:\/\/grifk-handball.com\/naiset\/wp-json\/wp\/v2\/posts\/11189","targetHints":{"allow":["GET"]}}],"collection":[{"href":"https:\/\/grifk-handball.com\/naiset\/wp-json\/wp\/v2\/posts"}],"about":[{"href":"https:\/\/grifk-handball.com\/naiset\/wp-json\/wp\/v2\/types\/post"}],"author":[{"embeddable":true,"href":"https:\/\/grifk-handball.com\/naiset\/wp-json\/wp\/v2\/users\/6"}],"replies":[{"embeddable":true,"href":"https:\/\/grifk-handball.com\/naiset\/wp-json\/wp\/v2\/comments?post=11189"}],"version-history":[{"count":2,"href":"https:\/\/grifk-handball.com\/naiset\/wp-json\/wp\/v2\/posts\/11189\/revisions"}],"predecessor-version":[{"id":11201,"href":"https:\/\/grifk-handball.com\/naiset\/wp-json\/wp\/v2\/posts\/11189\/revisions\/11201"}],"wp:featuredmedia":[{"embeddable":true,"href":"https:\/\/grifk-handball.com\/naiset\/wp-json\/wp\/v2\/media\/11190"}],"wp:attachment":[{"href":"https:\/\/grifk-handball.com\/naiset\/wp-json\/wp\/v2\/media?parent=11189"}],"wp:term":[{"taxonomy":"category","embeddable":true,"href":"https:\/\/grifk-handball.com\/naiset\/wp-json\/wp\/v2\/categories?post=11189"},{"taxonomy":"post_tag","embeddable":true,"href":"https:\/\/grifk-handball.com\/naiset\/wp-json\/wp\/v2\/tags?post=11189"}],"curies":[{"name":"wp","href":"https:\/\/api.w.org\/{rel}","templated":true}]}}