{"id":11472,"date":"2023-12-09T14:36:57","date_gmt":"2023-12-09T12:36:57","guid":{"rendered":"https:\/\/grifk-handball.com\/naiset\/?p=11472"},"modified":"2023-12-09T14:36:57","modified_gmt":"2023-12-09T12:36:57","slug":"nsm-10-12-dicken-grifk-13-00","status":"publish","type":"post","link":"https:\/\/grifk-handball.com\/naiset\/kausi-2023-2024\/ennakot-2023-24\/nsm-10-12-dicken-grifk-13-00\/","title":{"rendered":"NSM 10.12.: Dicken &#8211; GrIFK * 13.00"},"content":{"rendered":"<p><strong>Bortamatch mot Dicken p\u00e5 s\u00f6ndag!<\/strong><\/p>\n<p><strong>Vad har laget tr\u00e4nat p\u00e5 den g\u00e5ngna veckan?<\/strong><br \/>\nEfter Tallinnresan har tyv\u00e4rr en del av spelarna blivit sjuka, vilket har medf\u00f6rt att vi endast haft tv\u00e5 gemensamma tr\u00e4ningar innan match.<\/p>\n<p>Vi har tr\u00e4nat p\u00e5 att hitta tillbaka till v\u00e5rt aktiva f\u00f6rsvar och att inte chansa f\u00f6r mycket. Vi har tr\u00e4nat p\u00e5 att vara aggressiva och i r\u00f6relse hela tiden.<\/p>\n<p><strong>Vad har jag fokuserat p\u00e5 under den g\u00e5ngna veckan?\u2028<\/strong><br \/>\nJag har jobbat p\u00e5 att vara aktiv i f\u00f6rsvaret och att ha r\u00e4tt position beroende p\u00e5 var bollen \u00e4r. Dessutom har jag jobbat med att h\u00e5lla farten och kraften i en man-man situation och att placera skotten r\u00e4tt.<\/p>\n<p><strong>Vem m\u00f6ter vi?<\/strong><br \/>\nVi m\u00f6ter ett Dicken som har lovande unga spelare. De har visat vad de g\u00e5r f\u00f6r under s\u00e4songen. Dicken har ett brett spel och de \u00e4r m\u00e5lfarliga fr\u00e5n flera positioner. Dessutom har Dicken ocks\u00e5 ett bra m\u00e5lvaktsspel.<\/p>\n<p><strong>En motst\u00e5ndare att h\u00e5lla \u00f6gonen p\u00e5<\/strong><br \/>\nMatilda Peitsaro \u00e4r en duktig spelare b\u00e5de fram\u00e5t och bak\u00e5t. Hon kan kasta bakifr\u00e5n, och g\u00e5r ocks\u00e5 f\u00f6r genombrott. Peitsaro har dessutom ett bra kast med b\u00e5de h\u00f6ger och v\u00e4nster, s\u00e5 det g\u00e4ller att l\u00e5sa b\u00e5da armarna. Dessutom \u00e4r Peitsaro en spelare som spelar fram sina lagkamrater, vilket medf\u00f6r att man m\u00e5ste vara vaken hela tiden.<\/p>\n<p><strong>En egen spelare att h\u00e5lla \u00f6gonen p\u00e5<\/strong><br \/>\nH\u00e4r vill jag lyfta fram Annika Mustonen som har en fin utveckling p\u00e5 g\u00e5ng. Annika \u00e4r en tuff spelare som inte ger upp och hon \u00e4r v\u00e4ldigt kvick i sina finter.<\/p>\n<p><strong>Matchrutin<\/strong><br \/>\nJag brukar oftast g\u00e5 p\u00e5 en l\u00e5ng promenad och \u00e4ta bra innan tr\u00e4ffen med laget. Imorgon blir det ett st\u00f6rre morgonm\u00e5l d\u00e5 matchen \u00e4r relativt tidigt och s\u00e5klart en Nocco och powerade med till hallen!<\/p>\n<p><strong>Missa inte matchen!<\/strong><br \/>\nOm du inte kan ta dig till Britas kan du se matchen p\u00e5 <a href=\"https:\/\/handis.tv\/grifknaiset\">Handis-tv\u00a0<\/a>\u00a0f\u00f6r 5,90\u20ac\/match eller 9,90\u20ac\/m\u00e5nad. En del av summan g\u00e5r till GrIFK Damer.<\/p>\n<p><strong>F\u00f6lj oss g\u00e4rna!<\/strong><br \/>\nFacebook:\u00a0<a href=\"https:\/\/www.facebook.com\/grifkdamer\">Grankulla IFK Handboll Damer<\/a><br \/>\nInstagram:\u00a0<a href=\"https:\/\/www.instagram.com\/grifkdamer\/\">@grifkdamer<\/a><\/p>\n<p>Text: Mathilda Sandblom<i><br \/>\n<\/i>Foto: aki_kuvaus<\/p>\n","protected":false},"excerpt":{"rendered":"<p>Bortamatch mot Dicken p\u00e5 s\u00f6ndag! Vad har laget tr\u00e4nat p\u00e5 den g\u00e5ngna veckan? Efter Tallinnresan har tyv\u00e4rr en del av spelarna blivit sjuka, vilket har medf\u00f6rt att vi endast haft tv\u00e5 gemensamma tr\u00e4ningar innan match. Vi har tr\u00e4nat p\u00e5 att hitta tillbaka till v\u00e5rt aktiva f\u00f6rsvar och att inte chansa f\u00f6r mycket. Vi har tr\u00e4nat [&hellip;]<\/p>\n","protected":false},"author":6,"featured_media":11473,"comment_status":"closed","ping_status":"closed","sticky":false,"template":"","format":"standard","meta":{"_acf_changed":false,"jetpack_post_was_ever_published":false,"footnotes":""},"categories":[337],"tags":[196,319,231,181,285,218,185,222,20,323],"class_list":["post-11472","post","type-post","status-publish","format-standard","has-post-thumbnail","hentry","category-ennakot-2023-24","tag-coachanka","tag-coachcarre","tag-coachpava","tag-grifkdamer","tag-mathilda-sandblom","tag-otteluennakko","tag-sm-runkosarja","tag-vispelarforgrankulla","tag-dicken","tag-nsm"],"acf":[],"yoast_head":"<!-- This site is optimized with the Yoast SEO plugin v27.5 - https:\/\/yoast.com\/product\/yoast-seo-wordpress\/ -->\n<title>NSM 10.12.: Dicken - GrIFK * 13.00 &#187; GrIFK K\u00e4sipallo Naiset<\/title>\n<meta name=\"robots\" content=\"index, follow, max-snippet:-1, max-image-preview:large, max-video-preview:-1\" \/>\n<link rel=\"canonical\" href=\"https:\/\/grifk-handball.com\/naiset\/kausi-2023-2024\/ennakot-2023-24\/nsm-10-12-dicken-grifk-13-00\/\" \/>\n<meta property=\"og:locale\" content=\"fi_FI\" \/>\n<meta property=\"og:type\" content=\"article\" \/>\n<meta property=\"og:title\" content=\"NSM 10.12.: Dicken - GrIFK * 13.00 &#187; GrIFK K\u00e4sipallo Naiset\" \/>\n<meta property=\"og:description\" content=\"Bortamatch mot Dicken p\u00e5 s\u00f6ndag! Vad har laget tr\u00e4nat p\u00e5 den g\u00e5ngna veckan? Efter Tallinnresan har tyv\u00e4rr en del av spelarna blivit sjuka, vilket har medf\u00f6rt att vi endast haft tv\u00e5 gemensamma tr\u00e4ningar innan match. Vi har tr\u00e4nat p\u00e5 att hitta tillbaka till v\u00e5rt aktiva f\u00f6rsvar och att inte chansa f\u00f6r mycket. Vi har tr\u00e4nat [&hellip;]\" \/>\n<meta property=\"og:url\" content=\"https:\/\/grifk-handball.com\/naiset\/kausi-2023-2024\/ennakot-2023-24\/nsm-10-12-dicken-grifk-13-00\/\" \/>\n<meta property=\"og:site_name\" content=\"GrIFK K\u00e4sipallo Naiset\" \/>\n<meta property=\"article:publisher\" content=\"https:\/\/www.facebook.com\/532444520237680\" \/>\n<meta property=\"article:published_time\" content=\"2023-12-09T12:36:57+00:00\" \/>\n<meta property=\"og:image\" content=\"https:\/\/grifk-handball.com\/naiset\/wp-content\/uploads\/sites\/3\/2023\/12\/Skarmavbild-2023-12-09-kl.-14.33.28-1030x780.png\" \/>\n\t<meta property=\"og:image:width\" content=\"1030\" \/>\n\t<meta property=\"og:image:height\" content=\"780\" \/>\n\t<meta property=\"og:image:type\" content=\"image\/png\" \/>\n<meta name=\"author\" content=\"irajessica\" \/>\n<meta name=\"twitter:card\" content=\"summary_large_image\" \/>\n<meta name=\"twitter:label1\" content=\"Kirjoittanut\" \/>\n\t<meta name=\"twitter:data1\" content=\"irajessica\" \/>\n\t<meta name=\"twitter:label2\" content=\"Arvioitu lukuaika\" \/>\n\t<meta name=\"twitter:data2\" content=\"3 minuuttia\" \/>\n<script type=\"application\/ld+json\" class=\"yoast-schema-graph\">{\"@context\":\"https:\\\/\\\/schema.org\",\"@graph\":[{\"@type\":\"Article\",\"@id\":\"https:\\\/\\\/grifk-handball.com\\\/naiset\\\/kausi-2023-2024\\\/ennakot-2023-24\\\/nsm-10-12-dicken-grifk-13-00\\\/#article\",\"isPartOf\":{\"@id\":\"https:\\\/\\\/grifk-handball.com\\\/naiset\\\/kausi-2023-2024\\\/ennakot-2023-24\\\/nsm-10-12-dicken-grifk-13-00\\\/\"},\"author\":{\"name\":\"irajessica\",\"@id\":\"https:\\\/\\\/grifk-handball.com\\\/naiset\\\/#\\\/schema\\\/person\\\/833a8047457c3e753cf474b171cc90f9\"},\"headline\":\"NSM 10.12.: Dicken &#8211; GrIFK * 13.00\",\"datePublished\":\"2023-12-09T12:36:57+00:00\",\"mainEntityOfPage\":{\"@id\":\"https:\\\/\\\/grifk-handball.com\\\/naiset\\\/kausi-2023-2024\\\/ennakot-2023-24\\\/nsm-10-12-dicken-grifk-13-00\\\/\"},\"wordCount\":391,\"image\":{\"@id\":\"https:\\\/\\\/grifk-handball.com\\\/naiset\\\/kausi-2023-2024\\\/ennakot-2023-24\\\/nsm-10-12-dicken-grifk-13-00\\\/#primaryimage\"},\"thumbnailUrl\":\"https:\\\/\\\/grifk-handball.com\\\/naiset\\\/wp-content\\\/uploads\\\/sites\\\/3\\\/2023\\\/12\\\/Skarmavbild-2023-12-09-kl.-14.33.28-e1702125353373.png\",\"keywords\":[\"#CoachAnka\",\"#CoachCarre\",\"#CoachPava\",\"#GrIFKDamer\",\"#Mathilda Sandblom\",\"#otteluennakko\",\"#SM-runkosarja\",\"#vispelarforgrankulla\",\"Dicken\",\"NSM\"],\"articleSection\":[\"Ennakot\"],\"inLanguage\":\"fi\"},{\"@type\":\"WebPage\",\"@id\":\"https:\\\/\\\/grifk-handball.com\\\/naiset\\\/kausi-2023-2024\\\/ennakot-2023-24\\\/nsm-10-12-dicken-grifk-13-00\\\/\",\"url\":\"https:\\\/\\\/grifk-handball.com\\\/naiset\\\/kausi-2023-2024\\\/ennakot-2023-24\\\/nsm-10-12-dicken-grifk-13-00\\\/\",\"name\":\"NSM 10.12.: Dicken - GrIFK * 13.00 &#187; GrIFK K\u00e4sipallo Naiset\",\"isPartOf\":{\"@id\":\"https:\\\/\\\/grifk-handball.com\\\/naiset\\\/#website\"},\"primaryImageOfPage\":{\"@id\":\"https:\\\/\\\/grifk-handball.com\\\/naiset\\\/kausi-2023-2024\\\/ennakot-2023-24\\\/nsm-10-12-dicken-grifk-13-00\\\/#primaryimage\"},\"image\":{\"@id\":\"https:\\\/\\\/grifk-handball.com\\\/naiset\\\/kausi-2023-2024\\\/ennakot-2023-24\\\/nsm-10-12-dicken-grifk-13-00\\\/#primaryimage\"},\"thumbnailUrl\":\"https:\\\/\\\/grifk-handball.com\\\/naiset\\\/wp-content\\\/uploads\\\/sites\\\/3\\\/2023\\\/12\\\/Skarmavbild-2023-12-09-kl.-14.33.28-e1702125353373.png\",\"datePublished\":\"2023-12-09T12:36:57+00:00\",\"author\":{\"@id\":\"https:\\\/\\\/grifk-handball.com\\\/naiset\\\/#\\\/schema\\\/person\\\/833a8047457c3e753cf474b171cc90f9\"},\"breadcrumb\":{\"@id\":\"https:\\\/\\\/grifk-handball.com\\\/naiset\\\/kausi-2023-2024\\\/ennakot-2023-24\\\/nsm-10-12-dicken-grifk-13-00\\\/#breadcrumb\"},\"inLanguage\":\"fi\",\"potentialAction\":[{\"@type\":\"ReadAction\",\"target\":[\"https:\\\/\\\/grifk-handball.com\\\/naiset\\\/kausi-2023-2024\\\/ennakot-2023-24\\\/nsm-10-12-dicken-grifk-13-00\\\/\"]}]},{\"@type\":\"ImageObject\",\"inLanguage\":\"fi\",\"@id\":\"https:\\\/\\\/grifk-handball.com\\\/naiset\\\/kausi-2023-2024\\\/ennakot-2023-24\\\/nsm-10-12-dicken-grifk-13-00\\\/#primaryimage\",\"url\":\"https:\\\/\\\/grifk-handball.com\\\/naiset\\\/wp-content\\\/uploads\\\/sites\\\/3\\\/2023\\\/12\\\/Skarmavbild-2023-12-09-kl.-14.33.28-e1702125353373.png\",\"contentUrl\":\"https:\\\/\\\/grifk-handball.com\\\/naiset\\\/wp-content\\\/uploads\\\/sites\\\/3\\\/2023\\\/12\\\/Skarmavbild-2023-12-09-kl.-14.33.28-e1702125353373.png\",\"width\":1672,\"height\":1266},{\"@type\":\"BreadcrumbList\",\"@id\":\"https:\\\/\\\/grifk-handball.com\\\/naiset\\\/kausi-2023-2024\\\/ennakot-2023-24\\\/nsm-10-12-dicken-grifk-13-00\\\/#breadcrumb\",\"itemListElement\":[{\"@type\":\"ListItem\",\"position\":1,\"name\":\"Home\",\"item\":\"https:\\\/\\\/grifk-handball.com\\\/naiset\\\/etusivu-2\\\/\"},{\"@type\":\"ListItem\",\"position\":2,\"name\":\"NSM 10.12.: Dicken &#8211; GrIFK * 13.00\"}]},{\"@type\":\"WebSite\",\"@id\":\"https:\\\/\\\/grifk-handball.com\\\/naiset\\\/#website\",\"url\":\"https:\\\/\\\/grifk-handball.com\\\/naiset\\\/\",\"name\":\"GrIFK K\u00e4sipallo Naiset\",\"description\":\"GrIFK K\u00e4sipallo Naiset\",\"potentialAction\":[{\"@type\":\"SearchAction\",\"target\":{\"@type\":\"EntryPoint\",\"urlTemplate\":\"https:\\\/\\\/grifk-handball.com\\\/naiset\\\/?s={search_term_string}\"},\"query-input\":{\"@type\":\"PropertyValueSpecification\",\"valueRequired\":true,\"valueName\":\"search_term_string\"}}],\"inLanguage\":\"fi\"},{\"@type\":\"Person\",\"@id\":\"https:\\\/\\\/grifk-handball.com\\\/naiset\\\/#\\\/schema\\\/person\\\/833a8047457c3e753cf474b171cc90f9\",\"name\":\"irajessica\",\"image\":{\"@type\":\"ImageObject\",\"inLanguage\":\"fi\",\"@id\":\"https:\\\/\\\/secure.gravatar.com\\\/avatar\\\/a5f2f279937493405b86bf6f3fc4a412ab182fdfc4897be279322d112f394088?s=96&d=mm&r=g\",\"url\":\"https:\\\/\\\/secure.gravatar.com\\\/avatar\\\/a5f2f279937493405b86bf6f3fc4a412ab182fdfc4897be279322d112f394088?s=96&d=mm&r=g\",\"contentUrl\":\"https:\\\/\\\/secure.gravatar.com\\\/avatar\\\/a5f2f279937493405b86bf6f3fc4a412ab182fdfc4897be279322d112f394088?s=96&d=mm&r=g\",\"caption\":\"irajessica\"},\"url\":\"https:\\\/\\\/grifk-handball.com\\\/naiset\\\/author\\\/irajessica\\\/\"}]}<\/script>\n<!-- \/ Yoast SEO plugin. -->","yoast_head_json":{"title":"NSM 10.12.: Dicken - GrIFK * 13.00 &#187; GrIFK K\u00e4sipallo Naiset","robots":{"index":"index","follow":"follow","max-snippet":"max-snippet:-1","max-image-preview":"max-image-preview:large","max-video-preview":"max-video-preview:-1"},"canonical":"https:\/\/grifk-handball.com\/naiset\/kausi-2023-2024\/ennakot-2023-24\/nsm-10-12-dicken-grifk-13-00\/","og_locale":"fi_FI","og_type":"article","og_title":"NSM 10.12.: Dicken - GrIFK * 13.00 &#187; GrIFK K\u00e4sipallo Naiset","og_description":"Bortamatch mot Dicken p\u00e5 s\u00f6ndag! Vad har laget tr\u00e4nat p\u00e5 den g\u00e5ngna veckan? Efter Tallinnresan har tyv\u00e4rr en del av spelarna blivit sjuka, vilket har medf\u00f6rt att vi endast haft tv\u00e5 gemensamma tr\u00e4ningar innan match. Vi har tr\u00e4nat p\u00e5 att hitta tillbaka till v\u00e5rt aktiva f\u00f6rsvar och att inte chansa f\u00f6r mycket. Vi har tr\u00e4nat [&hellip;]","og_url":"https:\/\/grifk-handball.com\/naiset\/kausi-2023-2024\/ennakot-2023-24\/nsm-10-12-dicken-grifk-13-00\/","og_site_name":"GrIFK K\u00e4sipallo Naiset","article_publisher":"https:\/\/www.facebook.com\/532444520237680","article_published_time":"2023-12-09T12:36:57+00:00","og_image":[{"width":1030,"height":780,"url":"https:\/\/grifk-handball.com\/naiset\/wp-content\/uploads\/sites\/3\/2023\/12\/Skarmavbild-2023-12-09-kl.-14.33.28-1030x780.png","type":"image\/png"}],"author":"irajessica","twitter_card":"summary_large_image","twitter_misc":{"Kirjoittanut":"irajessica","Arvioitu lukuaika":"3 minuuttia"},"schema":{"@context":"https:\/\/schema.org","@graph":[{"@type":"Article","@id":"https:\/\/grifk-handball.com\/naiset\/kausi-2023-2024\/ennakot-2023-24\/nsm-10-12-dicken-grifk-13-00\/#article","isPartOf":{"@id":"https:\/\/grifk-handball.com\/naiset\/kausi-2023-2024\/ennakot-2023-24\/nsm-10-12-dicken-grifk-13-00\/"},"author":{"name":"irajessica","@id":"https:\/\/grifk-handball.com\/naiset\/#\/schema\/person\/833a8047457c3e753cf474b171cc90f9"},"headline":"NSM 10.12.: Dicken &#8211; GrIFK * 13.00","datePublished":"2023-12-09T12:36:57+00:00","mainEntityOfPage":{"@id":"https:\/\/grifk-handball.com\/naiset\/kausi-2023-2024\/ennakot-2023-24\/nsm-10-12-dicken-grifk-13-00\/"},"wordCount":391,"image":{"@id":"https:\/\/grifk-handball.com\/naiset\/kausi-2023-2024\/ennakot-2023-24\/nsm-10-12-dicken-grifk-13-00\/#primaryimage"},"thumbnailUrl":"https:\/\/grifk-handball.com\/naiset\/wp-content\/uploads\/sites\/3\/2023\/12\/Skarmavbild-2023-12-09-kl.-14.33.28-e1702125353373.png","keywords":["#CoachAnka","#CoachCarre","#CoachPava","#GrIFKDamer","#Mathilda Sandblom","#otteluennakko","#SM-runkosarja","#vispelarforgrankulla","Dicken","NSM"],"articleSection":["Ennakot"],"inLanguage":"fi"},{"@type":"WebPage","@id":"https:\/\/grifk-handball.com\/naiset\/kausi-2023-2024\/ennakot-2023-24\/nsm-10-12-dicken-grifk-13-00\/","url":"https:\/\/grifk-handball.com\/naiset\/kausi-2023-2024\/ennakot-2023-24\/nsm-10-12-dicken-grifk-13-00\/","name":"NSM 10.12.: Dicken - GrIFK * 13.00 &#187; GrIFK K\u00e4sipallo Naiset","isPartOf":{"@id":"https:\/\/grifk-handball.com\/naiset\/#website"},"primaryImageOfPage":{"@id":"https:\/\/grifk-handball.com\/naiset\/kausi-2023-2024\/ennakot-2023-24\/nsm-10-12-dicken-grifk-13-00\/#primaryimage"},"image":{"@id":"https:\/\/grifk-handball.com\/naiset\/kausi-2023-2024\/ennakot-2023-24\/nsm-10-12-dicken-grifk-13-00\/#primaryimage"},"thumbnailUrl":"https:\/\/grifk-handball.com\/naiset\/wp-content\/uploads\/sites\/3\/2023\/12\/Skarmavbild-2023-12-09-kl.-14.33.28-e1702125353373.png","datePublished":"2023-12-09T12:36:57+00:00","author":{"@id":"https:\/\/grifk-handball.com\/naiset\/#\/schema\/person\/833a8047457c3e753cf474b171cc90f9"},"breadcrumb":{"@id":"https:\/\/grifk-handball.com\/naiset\/kausi-2023-2024\/ennakot-2023-24\/nsm-10-12-dicken-grifk-13-00\/#breadcrumb"},"inLanguage":"fi","potentialAction":[{"@type":"ReadAction","target":["https:\/\/grifk-handball.com\/naiset\/kausi-2023-2024\/ennakot-2023-24\/nsm-10-12-dicken-grifk-13-00\/"]}]},{"@type":"ImageObject","inLanguage":"fi","@id":"https:\/\/grifk-handball.com\/naiset\/kausi-2023-2024\/ennakot-2023-24\/nsm-10-12-dicken-grifk-13-00\/#primaryimage","url":"https:\/\/grifk-handball.com\/naiset\/wp-content\/uploads\/sites\/3\/2023\/12\/Skarmavbild-2023-12-09-kl.-14.33.28-e1702125353373.png","contentUrl":"https:\/\/grifk-handball.com\/naiset\/wp-content\/uploads\/sites\/3\/2023\/12\/Skarmavbild-2023-12-09-kl.-14.33.28-e1702125353373.png","width":1672,"height":1266},{"@type":"BreadcrumbList","@id":"https:\/\/grifk-handball.com\/naiset\/kausi-2023-2024\/ennakot-2023-24\/nsm-10-12-dicken-grifk-13-00\/#breadcrumb","itemListElement":[{"@type":"ListItem","position":1,"name":"Home","item":"https:\/\/grifk-handball.com\/naiset\/etusivu-2\/"},{"@type":"ListItem","position":2,"name":"NSM 10.12.: Dicken &#8211; GrIFK * 13.00"}]},{"@type":"WebSite","@id":"https:\/\/grifk-handball.com\/naiset\/#website","url":"https:\/\/grifk-handball.com\/naiset\/","name":"GrIFK K\u00e4sipallo Naiset","description":"GrIFK K\u00e4sipallo Naiset","potentialAction":[{"@type":"SearchAction","target":{"@type":"EntryPoint","urlTemplate":"https:\/\/grifk-handball.com\/naiset\/?s={search_term_string}"},"query-input":{"@type":"PropertyValueSpecification","valueRequired":true,"valueName":"search_term_string"}}],"inLanguage":"fi"},{"@type":"Person","@id":"https:\/\/grifk-handball.com\/naiset\/#\/schema\/person\/833a8047457c3e753cf474b171cc90f9","name":"irajessica","image":{"@type":"ImageObject","inLanguage":"fi","@id":"https:\/\/secure.gravatar.com\/avatar\/a5f2f279937493405b86bf6f3fc4a412ab182fdfc4897be279322d112f394088?s=96&d=mm&r=g","url":"https:\/\/secure.gravatar.com\/avatar\/a5f2f279937493405b86bf6f3fc4a412ab182fdfc4897be279322d112f394088?s=96&d=mm&r=g","contentUrl":"https:\/\/secure.gravatar.com\/avatar\/a5f2f279937493405b86bf6f3fc4a412ab182fdfc4897be279322d112f394088?s=96&d=mm&r=g","caption":"irajessica"},"url":"https:\/\/grifk-handball.com\/naiset\/author\/irajessica\/"}]}},"jetpack_featured_media_url":"https:\/\/grifk-handball.com\/naiset\/wp-content\/uploads\/sites\/3\/2023\/12\/Skarmavbild-2023-12-09-kl.-14.33.28-e1702125353373.png","jetpack_sharing_enabled":true,"_links":{"self":[{"href":"https:\/\/grifk-handball.com\/naiset\/wp-json\/wp\/v2\/posts\/11472","targetHints":{"allow":["GET"]}}],"collection":[{"href":"https:\/\/grifk-handball.com\/naiset\/wp-json\/wp\/v2\/posts"}],"about":[{"href":"https:\/\/grifk-handball.com\/naiset\/wp-json\/wp\/v2\/types\/post"}],"author":[{"embeddable":true,"href":"https:\/\/grifk-handball.com\/naiset\/wp-json\/wp\/v2\/users\/6"}],"replies":[{"embeddable":true,"href":"https:\/\/grifk-handball.com\/naiset\/wp-json\/wp\/v2\/comments?post=11472"}],"version-history":[{"count":2,"href":"https:\/\/grifk-handball.com\/naiset\/wp-json\/wp\/v2\/posts\/11472\/revisions"}],"predecessor-version":[{"id":11476,"href":"https:\/\/grifk-handball.com\/naiset\/wp-json\/wp\/v2\/posts\/11472\/revisions\/11476"}],"wp:featuredmedia":[{"embeddable":true,"href":"https:\/\/grifk-handball.com\/naiset\/wp-json\/wp\/v2\/media\/11473"}],"wp:attachment":[{"href":"https:\/\/grifk-handball.com\/naiset\/wp-json\/wp\/v2\/media?parent=11472"}],"wp:term":[{"taxonomy":"category","embeddable":true,"href":"https:\/\/grifk-handball.com\/naiset\/wp-json\/wp\/v2\/categories?post=11472"},{"taxonomy":"post_tag","embeddable":true,"href":"https:\/\/grifk-handball.com\/naiset\/wp-json\/wp\/v2\/tags?post=11472"}],"curies":[{"name":"wp","href":"https:\/\/api.w.org\/{rel}","templated":true}]}}