{"id":11554,"date":"2024-01-23T09:50:03","date_gmt":"2024-01-23T07:50:03","guid":{"rendered":"https:\/\/grifk-handball.com\/naiset\/?p=11554"},"modified":"2024-01-23T10:14:28","modified_gmt":"2024-01-23T08:14:28","slug":"nsm-24-1-sif-grifk-19-30","status":"publish","type":"post","link":"https:\/\/grifk-handball.com\/naiset\/kausi-2023-2024\/ennakot-2023-24\/nsm-24-1-sif-grifk-19-30\/","title":{"rendered":"NSM 24.1  SIF &#8211; GrIFK * 19.30"},"content":{"rendered":"<p><strong>Vad har laget tr\u00e4nat p\u00e5 den g\u00e5ngna veckan?<\/strong><br \/>\nVi har fokuserat mycket p\u00e5 att g\u00f6ra r\u00e4tt beslut i anfalls\u00e4ndan och p\u00e5 att f\u00e5 med farten i spelet.<\/p>\n<p><strong>Vad har jag fokuserat p\u00e5 under den g\u00e5ngna veckan?<\/strong><br \/>\nJag har fokuserat p\u00e5 att g\u00f6ra r\u00e4tt val i b\u00e5de anfalls- och f\u00f6rsvars\u00e4ndan. Jag har ocks\u00e5 jobbat p\u00e5 att l\u00e4sa spelet i f\u00f6rsvars\u00e4ndan mera.<\/p>\n<p><strong>Vem m\u00f6ter vi?<\/strong><br \/>\nVi m\u00f6ter Sjunde\u00e5 IF som har spelat bra denna s\u00e4song. Laget brukar k\u00e4mpa h\u00e5rt igenom hela matchen och inget kommer gratis f\u00f6r oss.<\/p>\n<p><strong>En motst\u00e5ndare att h\u00e5lla \u00f6gonen p\u00e5?<\/strong><br \/>\nJag vill lyfta fram Saga Narkiniemi. Hon \u00e4r en v\u00e4ldigt duktig m\u00e5lvakt som g\u00f6r bra val mellan stolparna f\u00f6r att h\u00e5lla bollen ute ur m\u00e5let.<\/p>\n<p><strong>En egen spelare att h\u00e5lla \u00f6gonen p\u00e5?<\/strong><br \/>\nMathilda Sandblom \u00e4r en stark spelare b\u00e5de i anfall och f\u00f6rsvar. Hon har ett bra skott och spel\u00f6ga.<\/p>\n<p><strong>Matchrutin?<\/strong><br \/>\nJag brukar lyssna p\u00e5 musik f\u00f6re matcher och dricka en Celsius i hallen!<\/p>\n<p><strong>Kolla matchen p\u00e5 Handis-tv\u00a0<\/strong><br \/>\nOm du inte kan ta dig till Sjunde\u00e5 kan du se matchen p\u00e5 <a href=\"https:\/\/handis.tv\/grifknaiset\">Handis-tv\u00a0<\/a>\u00a0f\u00f6r 5,90\u20ac\/match eller 9,90\u20ac\/m\u00e5nad. En del av summan g\u00e5r till GrIFK Damer.<\/p>\n<p><strong>F\u00f6lj oss g\u00e4rna!<\/strong><br \/>\nFacebook:\u00a0<a href=\"https:\/\/www.facebook.com\/grifkdamer\">Grankulla IFK Handboll Damer<\/a><br \/>\nInstagram:\u00a0<a href=\"https:\/\/www.instagram.com\/grifkdamer\/\">@grifkdamer<\/a><\/p>\n<p>Text: Annika Mustonen<br \/>\nFoto: Joonas Kuuskla\/Eesti K\u00e4sipalliliit<\/p>\n","protected":false},"excerpt":{"rendered":"<p>Vad har laget tr\u00e4nat p\u00e5 den g\u00e5ngna veckan? Vi har fokuserat mycket p\u00e5 att g\u00f6ra r\u00e4tt beslut i anfalls\u00e4ndan och p\u00e5 att f\u00e5 med farten i spelet. Vad har jag fokuserat p\u00e5 under den g\u00e5ngna veckan? Jag har fokuserat p\u00e5 att g\u00f6ra r\u00e4tt val i b\u00e5de anfalls- och f\u00f6rsvars\u00e4ndan. Jag har ocks\u00e5 jobbat p\u00e5 att [&hellip;]<\/p>\n","protected":false},"author":6,"featured_media":11560,"comment_status":"closed","ping_status":"closed","sticky":false,"template":"","format":"standard","meta":{"_acf_changed":false,"jetpack_post_was_ever_published":false,"footnotes":""},"categories":[337],"tags":[377,196,319,231,181,218,185,222,323,38],"class_list":["post-11554","post","type-post","status-publish","format-standard","has-post-thumbnail","hentry","category-ennakot-2023-24","tag-annika-mustonen","tag-coachanka","tag-coachcarre","tag-coachpava","tag-grifkdamer","tag-otteluennakko","tag-sm-runkosarja","tag-vispelarforgrankulla","tag-nsm","tag-sif"],"acf":[],"yoast_head":"<!-- This site is optimized with the Yoast SEO plugin v27.5 - https:\/\/yoast.com\/product\/yoast-seo-wordpress\/ -->\n<title>NSM 24.1 SIF - GrIFK * 19.30 &#187; GrIFK K\u00e4sipallo Naiset<\/title>\n<meta name=\"robots\" content=\"index, follow, max-snippet:-1, max-image-preview:large, max-video-preview:-1\" \/>\n<link rel=\"canonical\" href=\"https:\/\/grifk-handball.com\/naiset\/kausi-2023-2024\/ennakot-2023-24\/nsm-24-1-sif-grifk-19-30\/\" \/>\n<meta property=\"og:locale\" content=\"fi_FI\" \/>\n<meta property=\"og:type\" content=\"article\" \/>\n<meta property=\"og:title\" content=\"NSM 24.1 SIF - GrIFK * 19.30 &#187; GrIFK K\u00e4sipallo Naiset\" \/>\n<meta property=\"og:description\" content=\"Vad har laget tr\u00e4nat p\u00e5 den g\u00e5ngna veckan? Vi har fokuserat mycket p\u00e5 att g\u00f6ra r\u00e4tt beslut i anfalls\u00e4ndan och p\u00e5 att f\u00e5 med farten i spelet. Vad har jag fokuserat p\u00e5 under den g\u00e5ngna veckan? Jag har fokuserat p\u00e5 att g\u00f6ra r\u00e4tt val i b\u00e5de anfalls- och f\u00f6rsvars\u00e4ndan. Jag har ocks\u00e5 jobbat p\u00e5 att [&hellip;]\" \/>\n<meta property=\"og:url\" content=\"https:\/\/grifk-handball.com\/naiset\/kausi-2023-2024\/ennakot-2023-24\/nsm-24-1-sif-grifk-19-30\/\" \/>\n<meta property=\"og:site_name\" content=\"GrIFK K\u00e4sipallo Naiset\" \/>\n<meta property=\"article:publisher\" content=\"https:\/\/www.facebook.com\/532444520237680\" \/>\n<meta property=\"article:published_time\" content=\"2024-01-23T07:50:03+00:00\" \/>\n<meta property=\"article:modified_time\" content=\"2024-01-23T08:14:28+00:00\" \/>\n<meta property=\"og:image\" content=\"https:\/\/grifk-handball.com\/naiset\/wp-content\/uploads\/sites\/3\/2024\/01\/Skarmavbild-2024-01-23-kl.-10.11.58-1030x833.png\" \/>\n\t<meta property=\"og:image:width\" content=\"1030\" \/>\n\t<meta property=\"og:image:height\" content=\"833\" \/>\n\t<meta property=\"og:image:type\" content=\"image\/png\" \/>\n<meta name=\"author\" content=\"irajessica\" \/>\n<meta name=\"twitter:card\" content=\"summary_large_image\" \/>\n<meta name=\"twitter:label1\" content=\"Kirjoittanut\" \/>\n\t<meta name=\"twitter:data1\" content=\"irajessica\" \/>\n\t<meta name=\"twitter:label2\" content=\"Arvioitu lukuaika\" \/>\n\t<meta name=\"twitter:data2\" content=\"2 minuuttia\" \/>\n<script type=\"application\/ld+json\" class=\"yoast-schema-graph\">{\"@context\":\"https:\\\/\\\/schema.org\",\"@graph\":[{\"@type\":\"Article\",\"@id\":\"https:\\\/\\\/grifk-handball.com\\\/naiset\\\/kausi-2023-2024\\\/ennakot-2023-24\\\/nsm-24-1-sif-grifk-19-30\\\/#article\",\"isPartOf\":{\"@id\":\"https:\\\/\\\/grifk-handball.com\\\/naiset\\\/kausi-2023-2024\\\/ennakot-2023-24\\\/nsm-24-1-sif-grifk-19-30\\\/\"},\"author\":{\"name\":\"irajessica\",\"@id\":\"https:\\\/\\\/grifk-handball.com\\\/naiset\\\/#\\\/schema\\\/person\\\/833a8047457c3e753cf474b171cc90f9\"},\"headline\":\"NSM 24.1 SIF &#8211; GrIFK * 19.30\",\"datePublished\":\"2024-01-23T07:50:03+00:00\",\"dateModified\":\"2024-01-23T08:14:28+00:00\",\"mainEntityOfPage\":{\"@id\":\"https:\\\/\\\/grifk-handball.com\\\/naiset\\\/kausi-2023-2024\\\/ennakot-2023-24\\\/nsm-24-1-sif-grifk-19-30\\\/\"},\"wordCount\":247,\"image\":{\"@id\":\"https:\\\/\\\/grifk-handball.com\\\/naiset\\\/kausi-2023-2024\\\/ennakot-2023-24\\\/nsm-24-1-sif-grifk-19-30\\\/#primaryimage\"},\"thumbnailUrl\":\"https:\\\/\\\/grifk-handball.com\\\/naiset\\\/wp-content\\\/uploads\\\/sites\\\/3\\\/2024\\\/01\\\/Skarmavbild-2024-01-23-kl.-10.11.58.png\",\"keywords\":[\"#Annika Mustonen\",\"#CoachAnka\",\"#CoachCarre\",\"#CoachPava\",\"#GrIFKDamer\",\"#otteluennakko\",\"#SM-runkosarja\",\"#vispelarforgrankulla\",\"NSM\",\"SIF\"],\"articleSection\":[\"Ennakot\"],\"inLanguage\":\"fi\"},{\"@type\":\"WebPage\",\"@id\":\"https:\\\/\\\/grifk-handball.com\\\/naiset\\\/kausi-2023-2024\\\/ennakot-2023-24\\\/nsm-24-1-sif-grifk-19-30\\\/\",\"url\":\"https:\\\/\\\/grifk-handball.com\\\/naiset\\\/kausi-2023-2024\\\/ennakot-2023-24\\\/nsm-24-1-sif-grifk-19-30\\\/\",\"name\":\"NSM 24.1 SIF - GrIFK * 19.30 &#187; GrIFK K\u00e4sipallo Naiset\",\"isPartOf\":{\"@id\":\"https:\\\/\\\/grifk-handball.com\\\/naiset\\\/#website\"},\"primaryImageOfPage\":{\"@id\":\"https:\\\/\\\/grifk-handball.com\\\/naiset\\\/kausi-2023-2024\\\/ennakot-2023-24\\\/nsm-24-1-sif-grifk-19-30\\\/#primaryimage\"},\"image\":{\"@id\":\"https:\\\/\\\/grifk-handball.com\\\/naiset\\\/kausi-2023-2024\\\/ennakot-2023-24\\\/nsm-24-1-sif-grifk-19-30\\\/#primaryimage\"},\"thumbnailUrl\":\"https:\\\/\\\/grifk-handball.com\\\/naiset\\\/wp-content\\\/uploads\\\/sites\\\/3\\\/2024\\\/01\\\/Skarmavbild-2024-01-23-kl.-10.11.58.png\",\"datePublished\":\"2024-01-23T07:50:03+00:00\",\"dateModified\":\"2024-01-23T08:14:28+00:00\",\"author\":{\"@id\":\"https:\\\/\\\/grifk-handball.com\\\/naiset\\\/#\\\/schema\\\/person\\\/833a8047457c3e753cf474b171cc90f9\"},\"breadcrumb\":{\"@id\":\"https:\\\/\\\/grifk-handball.com\\\/naiset\\\/kausi-2023-2024\\\/ennakot-2023-24\\\/nsm-24-1-sif-grifk-19-30\\\/#breadcrumb\"},\"inLanguage\":\"fi\",\"potentialAction\":[{\"@type\":\"ReadAction\",\"target\":[\"https:\\\/\\\/grifk-handball.com\\\/naiset\\\/kausi-2023-2024\\\/ennakot-2023-24\\\/nsm-24-1-sif-grifk-19-30\\\/\"]}]},{\"@type\":\"ImageObject\",\"inLanguage\":\"fi\",\"@id\":\"https:\\\/\\\/grifk-handball.com\\\/naiset\\\/kausi-2023-2024\\\/ennakot-2023-24\\\/nsm-24-1-sif-grifk-19-30\\\/#primaryimage\",\"url\":\"https:\\\/\\\/grifk-handball.com\\\/naiset\\\/wp-content\\\/uploads\\\/sites\\\/3\\\/2024\\\/01\\\/Skarmavbild-2024-01-23-kl.-10.11.58.png\",\"contentUrl\":\"https:\\\/\\\/grifk-handball.com\\\/naiset\\\/wp-content\\\/uploads\\\/sites\\\/3\\\/2024\\\/01\\\/Skarmavbild-2024-01-23-kl.-10.11.58.png\",\"width\":1708,\"height\":1382},{\"@type\":\"BreadcrumbList\",\"@id\":\"https:\\\/\\\/grifk-handball.com\\\/naiset\\\/kausi-2023-2024\\\/ennakot-2023-24\\\/nsm-24-1-sif-grifk-19-30\\\/#breadcrumb\",\"itemListElement\":[{\"@type\":\"ListItem\",\"position\":1,\"name\":\"Home\",\"item\":\"https:\\\/\\\/grifk-handball.com\\\/naiset\\\/etusivu-2\\\/\"},{\"@type\":\"ListItem\",\"position\":2,\"name\":\"NSM 24.1 SIF &#8211; GrIFK * 19.30\"}]},{\"@type\":\"WebSite\",\"@id\":\"https:\\\/\\\/grifk-handball.com\\\/naiset\\\/#website\",\"url\":\"https:\\\/\\\/grifk-handball.com\\\/naiset\\\/\",\"name\":\"GrIFK K\u00e4sipallo Naiset\",\"description\":\"GrIFK K\u00e4sipallo Naiset\",\"potentialAction\":[{\"@type\":\"SearchAction\",\"target\":{\"@type\":\"EntryPoint\",\"urlTemplate\":\"https:\\\/\\\/grifk-handball.com\\\/naiset\\\/?s={search_term_string}\"},\"query-input\":{\"@type\":\"PropertyValueSpecification\",\"valueRequired\":true,\"valueName\":\"search_term_string\"}}],\"inLanguage\":\"fi\"},{\"@type\":\"Person\",\"@id\":\"https:\\\/\\\/grifk-handball.com\\\/naiset\\\/#\\\/schema\\\/person\\\/833a8047457c3e753cf474b171cc90f9\",\"name\":\"irajessica\",\"image\":{\"@type\":\"ImageObject\",\"inLanguage\":\"fi\",\"@id\":\"https:\\\/\\\/secure.gravatar.com\\\/avatar\\\/a5f2f279937493405b86bf6f3fc4a412ab182fdfc4897be279322d112f394088?s=96&d=mm&r=g\",\"url\":\"https:\\\/\\\/secure.gravatar.com\\\/avatar\\\/a5f2f279937493405b86bf6f3fc4a412ab182fdfc4897be279322d112f394088?s=96&d=mm&r=g\",\"contentUrl\":\"https:\\\/\\\/secure.gravatar.com\\\/avatar\\\/a5f2f279937493405b86bf6f3fc4a412ab182fdfc4897be279322d112f394088?s=96&d=mm&r=g\",\"caption\":\"irajessica\"},\"url\":\"https:\\\/\\\/grifk-handball.com\\\/naiset\\\/author\\\/irajessica\\\/\"}]}<\/script>\n<!-- \/ Yoast SEO plugin. -->","yoast_head_json":{"title":"NSM 24.1 SIF - GrIFK * 19.30 &#187; GrIFK K\u00e4sipallo Naiset","robots":{"index":"index","follow":"follow","max-snippet":"max-snippet:-1","max-image-preview":"max-image-preview:large","max-video-preview":"max-video-preview:-1"},"canonical":"https:\/\/grifk-handball.com\/naiset\/kausi-2023-2024\/ennakot-2023-24\/nsm-24-1-sif-grifk-19-30\/","og_locale":"fi_FI","og_type":"article","og_title":"NSM 24.1 SIF - GrIFK * 19.30 &#187; GrIFK K\u00e4sipallo Naiset","og_description":"Vad har laget tr\u00e4nat p\u00e5 den g\u00e5ngna veckan? Vi har fokuserat mycket p\u00e5 att g\u00f6ra r\u00e4tt beslut i anfalls\u00e4ndan och p\u00e5 att f\u00e5 med farten i spelet. Vad har jag fokuserat p\u00e5 under den g\u00e5ngna veckan? Jag har fokuserat p\u00e5 att g\u00f6ra r\u00e4tt val i b\u00e5de anfalls- och f\u00f6rsvars\u00e4ndan. Jag har ocks\u00e5 jobbat p\u00e5 att [&hellip;]","og_url":"https:\/\/grifk-handball.com\/naiset\/kausi-2023-2024\/ennakot-2023-24\/nsm-24-1-sif-grifk-19-30\/","og_site_name":"GrIFK K\u00e4sipallo Naiset","article_publisher":"https:\/\/www.facebook.com\/532444520237680","article_published_time":"2024-01-23T07:50:03+00:00","article_modified_time":"2024-01-23T08:14:28+00:00","og_image":[{"width":1030,"height":833,"url":"https:\/\/grifk-handball.com\/naiset\/wp-content\/uploads\/sites\/3\/2024\/01\/Skarmavbild-2024-01-23-kl.-10.11.58-1030x833.png","type":"image\/png"}],"author":"irajessica","twitter_card":"summary_large_image","twitter_misc":{"Kirjoittanut":"irajessica","Arvioitu lukuaika":"2 minuuttia"},"schema":{"@context":"https:\/\/schema.org","@graph":[{"@type":"Article","@id":"https:\/\/grifk-handball.com\/naiset\/kausi-2023-2024\/ennakot-2023-24\/nsm-24-1-sif-grifk-19-30\/#article","isPartOf":{"@id":"https:\/\/grifk-handball.com\/naiset\/kausi-2023-2024\/ennakot-2023-24\/nsm-24-1-sif-grifk-19-30\/"},"author":{"name":"irajessica","@id":"https:\/\/grifk-handball.com\/naiset\/#\/schema\/person\/833a8047457c3e753cf474b171cc90f9"},"headline":"NSM 24.1 SIF &#8211; GrIFK * 19.30","datePublished":"2024-01-23T07:50:03+00:00","dateModified":"2024-01-23T08:14:28+00:00","mainEntityOfPage":{"@id":"https:\/\/grifk-handball.com\/naiset\/kausi-2023-2024\/ennakot-2023-24\/nsm-24-1-sif-grifk-19-30\/"},"wordCount":247,"image":{"@id":"https:\/\/grifk-handball.com\/naiset\/kausi-2023-2024\/ennakot-2023-24\/nsm-24-1-sif-grifk-19-30\/#primaryimage"},"thumbnailUrl":"https:\/\/grifk-handball.com\/naiset\/wp-content\/uploads\/sites\/3\/2024\/01\/Skarmavbild-2024-01-23-kl.-10.11.58.png","keywords":["#Annika Mustonen","#CoachAnka","#CoachCarre","#CoachPava","#GrIFKDamer","#otteluennakko","#SM-runkosarja","#vispelarforgrankulla","NSM","SIF"],"articleSection":["Ennakot"],"inLanguage":"fi"},{"@type":"WebPage","@id":"https:\/\/grifk-handball.com\/naiset\/kausi-2023-2024\/ennakot-2023-24\/nsm-24-1-sif-grifk-19-30\/","url":"https:\/\/grifk-handball.com\/naiset\/kausi-2023-2024\/ennakot-2023-24\/nsm-24-1-sif-grifk-19-30\/","name":"NSM 24.1 SIF - GrIFK * 19.30 &#187; GrIFK K\u00e4sipallo Naiset","isPartOf":{"@id":"https:\/\/grifk-handball.com\/naiset\/#website"},"primaryImageOfPage":{"@id":"https:\/\/grifk-handball.com\/naiset\/kausi-2023-2024\/ennakot-2023-24\/nsm-24-1-sif-grifk-19-30\/#primaryimage"},"image":{"@id":"https:\/\/grifk-handball.com\/naiset\/kausi-2023-2024\/ennakot-2023-24\/nsm-24-1-sif-grifk-19-30\/#primaryimage"},"thumbnailUrl":"https:\/\/grifk-handball.com\/naiset\/wp-content\/uploads\/sites\/3\/2024\/01\/Skarmavbild-2024-01-23-kl.-10.11.58.png","datePublished":"2024-01-23T07:50:03+00:00","dateModified":"2024-01-23T08:14:28+00:00","author":{"@id":"https:\/\/grifk-handball.com\/naiset\/#\/schema\/person\/833a8047457c3e753cf474b171cc90f9"},"breadcrumb":{"@id":"https:\/\/grifk-handball.com\/naiset\/kausi-2023-2024\/ennakot-2023-24\/nsm-24-1-sif-grifk-19-30\/#breadcrumb"},"inLanguage":"fi","potentialAction":[{"@type":"ReadAction","target":["https:\/\/grifk-handball.com\/naiset\/kausi-2023-2024\/ennakot-2023-24\/nsm-24-1-sif-grifk-19-30\/"]}]},{"@type":"ImageObject","inLanguage":"fi","@id":"https:\/\/grifk-handball.com\/naiset\/kausi-2023-2024\/ennakot-2023-24\/nsm-24-1-sif-grifk-19-30\/#primaryimage","url":"https:\/\/grifk-handball.com\/naiset\/wp-content\/uploads\/sites\/3\/2024\/01\/Skarmavbild-2024-01-23-kl.-10.11.58.png","contentUrl":"https:\/\/grifk-handball.com\/naiset\/wp-content\/uploads\/sites\/3\/2024\/01\/Skarmavbild-2024-01-23-kl.-10.11.58.png","width":1708,"height":1382},{"@type":"BreadcrumbList","@id":"https:\/\/grifk-handball.com\/naiset\/kausi-2023-2024\/ennakot-2023-24\/nsm-24-1-sif-grifk-19-30\/#breadcrumb","itemListElement":[{"@type":"ListItem","position":1,"name":"Home","item":"https:\/\/grifk-handball.com\/naiset\/etusivu-2\/"},{"@type":"ListItem","position":2,"name":"NSM 24.1 SIF &#8211; GrIFK * 19.30"}]},{"@type":"WebSite","@id":"https:\/\/grifk-handball.com\/naiset\/#website","url":"https:\/\/grifk-handball.com\/naiset\/","name":"GrIFK K\u00e4sipallo Naiset","description":"GrIFK K\u00e4sipallo Naiset","potentialAction":[{"@type":"SearchAction","target":{"@type":"EntryPoint","urlTemplate":"https:\/\/grifk-handball.com\/naiset\/?s={search_term_string}"},"query-input":{"@type":"PropertyValueSpecification","valueRequired":true,"valueName":"search_term_string"}}],"inLanguage":"fi"},{"@type":"Person","@id":"https:\/\/grifk-handball.com\/naiset\/#\/schema\/person\/833a8047457c3e753cf474b171cc90f9","name":"irajessica","image":{"@type":"ImageObject","inLanguage":"fi","@id":"https:\/\/secure.gravatar.com\/avatar\/a5f2f279937493405b86bf6f3fc4a412ab182fdfc4897be279322d112f394088?s=96&d=mm&r=g","url":"https:\/\/secure.gravatar.com\/avatar\/a5f2f279937493405b86bf6f3fc4a412ab182fdfc4897be279322d112f394088?s=96&d=mm&r=g","contentUrl":"https:\/\/secure.gravatar.com\/avatar\/a5f2f279937493405b86bf6f3fc4a412ab182fdfc4897be279322d112f394088?s=96&d=mm&r=g","caption":"irajessica"},"url":"https:\/\/grifk-handball.com\/naiset\/author\/irajessica\/"}]}},"jetpack_featured_media_url":"https:\/\/grifk-handball.com\/naiset\/wp-content\/uploads\/sites\/3\/2024\/01\/Skarmavbild-2024-01-23-kl.-10.11.58.png","jetpack_sharing_enabled":true,"_links":{"self":[{"href":"https:\/\/grifk-handball.com\/naiset\/wp-json\/wp\/v2\/posts\/11554","targetHints":{"allow":["GET"]}}],"collection":[{"href":"https:\/\/grifk-handball.com\/naiset\/wp-json\/wp\/v2\/posts"}],"about":[{"href":"https:\/\/grifk-handball.com\/naiset\/wp-json\/wp\/v2\/types\/post"}],"author":[{"embeddable":true,"href":"https:\/\/grifk-handball.com\/naiset\/wp-json\/wp\/v2\/users\/6"}],"replies":[{"embeddable":true,"href":"https:\/\/grifk-handball.com\/naiset\/wp-json\/wp\/v2\/comments?post=11554"}],"version-history":[{"count":4,"href":"https:\/\/grifk-handball.com\/naiset\/wp-json\/wp\/v2\/posts\/11554\/revisions"}],"predecessor-version":[{"id":11568,"href":"https:\/\/grifk-handball.com\/naiset\/wp-json\/wp\/v2\/posts\/11554\/revisions\/11568"}],"wp:featuredmedia":[{"embeddable":true,"href":"https:\/\/grifk-handball.com\/naiset\/wp-json\/wp\/v2\/media\/11560"}],"wp:attachment":[{"href":"https:\/\/grifk-handball.com\/naiset\/wp-json\/wp\/v2\/media?parent=11554"}],"wp:term":[{"taxonomy":"category","embeddable":true,"href":"https:\/\/grifk-handball.com\/naiset\/wp-json\/wp\/v2\/categories?post=11554"},{"taxonomy":"post_tag","embeddable":true,"href":"https:\/\/grifk-handball.com\/naiset\/wp-json\/wp\/v2\/tags?post=11554"}],"curies":[{"name":"wp","href":"https:\/\/api.w.org\/{rel}","templated":true}]}}