{"id":11587,"date":"2024-01-30T08:34:18","date_gmt":"2024-01-30T06:34:18","guid":{"rendered":"https:\/\/grifk-handball.com\/naiset\/?p=11587"},"modified":"2024-01-30T08:34:18","modified_gmt":"2024-01-30T06:34:18","slug":"nsm-31-1-grifk-dicken-19-00","status":"publish","type":"post","link":"https:\/\/grifk-handball.com\/naiset\/kausi-2023-2024\/ennakot-2023-24\/nsm-31-1-grifk-dicken-19-00\/","title":{"rendered":"NSM 31.1 GrIFK &#8211; Dicken * 19.00"},"content":{"rendered":"<p>Missa inte grundseriens sista hemmamatch!<\/p>\n<p><strong>Vad har laget tr\u00e4nat p\u00e5 i veckan?<br \/>\n<\/strong>Utespelarna har tr\u00e4nat mycket p\u00e5 att ge varandra bra passningar s\u00e5 vi f\u00e5r bort tekniska fel och p\u00e5 att hitta tryggheten i v\u00e5rt aktiva f\u00f6rsvar.<\/p>\n<p>Vi m\u00e5lvakter har tr\u00e4nat p\u00e5 att positionera oss r\u00e4tt i m\u00e5let och inte gissa vart skotten kommer.<\/p>\n<p><strong>Vad har jag l\u00e4rt mig\/jobbat med under veckan?<br \/>\n<\/strong>F\u00f6rutom att positionera mig r\u00e4tt i m\u00e5let s\u00e5 har jag fokuserat p\u00e5 att f\u00e5 bollen ut fr\u00e5n m\u00e5let s\u00e5 snabbt och bra som m\u00f6jligt.<\/p>\n<p><strong>Vem m\u00f6ter vi?<br \/>\n<\/strong>Vi m\u00f6ter ett ungt Dicken som har m\u00e5nga bra skyttar. De vill ocks\u00e5 kontra, s\u00e5 f\u00f6r oss g\u00e4ller det att fokusera p\u00e5 att passa bollen till varandras h\u00e4nder och inte till motst\u00e5ndarens. Och att springa snabbt ner till f\u00f6rsvaret vare sig det blivit m\u00e5l eller ej.<\/p>\n<p><strong>Spelare att f\u00f6lja med i motst\u00e5ndarlaget?<br \/>\n<\/strong>M\u00e5lvakten Ilona Kosonen h\u00f6r till Finlands duktigaste p\u00e5 v\u00e5r position. Hon \u00e4r bra p\u00e5 att r\u00e4dda skott fr\u00e5n 6-meter s\u00e5 vi m\u00e5ste ha t\u00e5lamod och v\u00e4nta f\u00f6re vi kastar.<\/p>\n<p><strong>Spelare att f\u00f6lja med fr\u00e5n v\u00e5rt eget lag?<br \/>\n<\/strong>Jag vill lyfta fram Johanna Hilli som \u00e4r v\u00e5r mest erfarna spelare. Hon \u00e4r v\u00e4ldigt m\u00e5ngsidig, hon inte bara pangar in m\u00e5l efter m\u00e5l utan har \u00e4ven ett utm\u00e4rkt spel\u00f6ga och spelar bra l\u00e4gen till andra. N\u00e4r man spelar mot henne p\u00e5 tr\u00e4ningarna vet man aldrig riktigt vad hon ska g\u00f6ra, s\u00e5 om motst\u00e5ndaren vill ha stopp p\u00e5 henne s\u00e5 l\u00f6nar det sig f\u00f6r dem att hela tiden vara vakna i f\u00f6rsvaret.<\/p>\n<p><strong>Rutin innan matchen?<br \/>\n<\/strong>Jag har ganska m\u00e5nga rutiner f\u00f6re match. F\u00f6rst och fr\u00e4mst \u00e4r det viktigt att jag har sovit bra p\u00e5 natten (eller tagit en tupplur) och \u00e4tit ordentligt morgonm\u00e5l eller middag. I omkl\u00e4dningsrummet f\u00f6re vi g\u00e5r till planen m\u00e5ste jag tugga tuggummi, vet inte varf\u00f6r men det har bara blivit s\u00e5. Dessutom har jag och Moa v\u00e5r egen rutin som vi g\u00f6r f\u00f6re matchstart &#8211; s\u00e5 om du vill se den s\u00e5 kom till Grottan! \ud83d\ude0a<\/p>\n<p><strong>Kolla matchen p\u00e5 Handis-tv\u00a0<\/strong><br \/>\nOm du inte kan ta dig till Grottan kan du se matchen p\u00e5 <a href=\"https:\/\/handis.tv\/grifknaiset\">Handis-tv\u00a0<\/a>\u00a0f\u00f6r 5,90\u20ac\/match eller 9,90\u20ac\/m\u00e5nad. En del av summan g\u00e5r till GrIFK Damer.<\/p>\n<p><strong>F\u00f6lj oss g\u00e4rna!<\/strong><br \/>\nFacebook:\u00a0<a href=\"https:\/\/www.facebook.com\/grifkdamer\">Grankulla IFK Handboll Damer<\/a><br \/>\nInstagram:\u00a0<a href=\"https:\/\/www.instagram.com\/grifkdamer\/\">@grifkdamer<\/a><\/p>\n<p>Text: Alexandra Olsson<br \/>\nFoto: aki_kuvaus<\/p>\n","protected":false},"excerpt":{"rendered":"<p>Missa inte grundseriens sista hemmamatch! Vad har laget tr\u00e4nat p\u00e5 i veckan? Utespelarna har tr\u00e4nat mycket p\u00e5 att ge varandra bra passningar s\u00e5 vi f\u00e5r bort tekniska fel och p\u00e5 att hitta tryggheten i v\u00e5rt aktiva f\u00f6rsvar. Vi m\u00e5lvakter har tr\u00e4nat p\u00e5 att positionera oss r\u00e4tt i m\u00e5let och inte gissa vart skotten kommer. Vad [&hellip;]<\/p>\n","protected":false},"author":6,"featured_media":11588,"comment_status":"closed","ping_status":"closed","sticky":false,"template":"","format":"standard","meta":{"_acf_changed":false,"jetpack_post_was_ever_published":false,"footnotes":""},"categories":[337],"tags":[279,196,319,231,181,218,185,222,20,323],"class_list":["post-11587","post","type-post","status-publish","format-standard","has-post-thumbnail","hentry","category-ennakot-2023-24","tag-alexandra-olsson","tag-coachanka","tag-coachcarre","tag-coachpava","tag-grifkdamer","tag-otteluennakko","tag-sm-runkosarja","tag-vispelarforgrankulla","tag-dicken","tag-nsm"],"acf":[],"yoast_head":"<!-- This site is optimized with the Yoast SEO plugin v27.5 - https:\/\/yoast.com\/product\/yoast-seo-wordpress\/ -->\n<title>NSM 31.1 GrIFK - Dicken * 19.00 &#187; GrIFK K\u00e4sipallo Naiset<\/title>\n<meta name=\"robots\" content=\"index, follow, max-snippet:-1, max-image-preview:large, max-video-preview:-1\" \/>\n<link rel=\"canonical\" href=\"https:\/\/grifk-handball.com\/naiset\/kausi-2023-2024\/ennakot-2023-24\/nsm-31-1-grifk-dicken-19-00\/\" \/>\n<meta property=\"og:locale\" content=\"fi_FI\" \/>\n<meta property=\"og:type\" content=\"article\" \/>\n<meta property=\"og:title\" content=\"NSM 31.1 GrIFK - Dicken * 19.00 &#187; GrIFK K\u00e4sipallo Naiset\" \/>\n<meta property=\"og:description\" content=\"Missa inte grundseriens sista hemmamatch! Vad har laget tr\u00e4nat p\u00e5 i veckan? Utespelarna har tr\u00e4nat mycket p\u00e5 att ge varandra bra passningar s\u00e5 vi f\u00e5r bort tekniska fel och p\u00e5 att hitta tryggheten i v\u00e5rt aktiva f\u00f6rsvar. Vi m\u00e5lvakter har tr\u00e4nat p\u00e5 att positionera oss r\u00e4tt i m\u00e5let och inte gissa vart skotten kommer. Vad [&hellip;]\" \/>\n<meta property=\"og:url\" content=\"https:\/\/grifk-handball.com\/naiset\/kausi-2023-2024\/ennakot-2023-24\/nsm-31-1-grifk-dicken-19-00\/\" \/>\n<meta property=\"og:site_name\" content=\"GrIFK K\u00e4sipallo Naiset\" \/>\n<meta property=\"article:publisher\" content=\"https:\/\/www.facebook.com\/532444520237680\" \/>\n<meta property=\"article:published_time\" content=\"2024-01-30T06:34:18+00:00\" \/>\n<meta property=\"og:image\" content=\"https:\/\/grifk-handball.com\/naiset\/wp-content\/uploads\/sites\/3\/2024\/01\/Skarmavbild-2024-01-30-kl.-08.26.15-1030x704.png\" \/>\n\t<meta property=\"og:image:width\" content=\"1030\" \/>\n\t<meta property=\"og:image:height\" content=\"704\" \/>\n\t<meta property=\"og:image:type\" content=\"image\/png\" \/>\n<meta name=\"author\" content=\"irajessica\" \/>\n<meta name=\"twitter:card\" content=\"summary_large_image\" \/>\n<meta name=\"twitter:label1\" content=\"Kirjoittanut\" \/>\n\t<meta name=\"twitter:data1\" content=\"irajessica\" \/>\n\t<meta name=\"twitter:label2\" content=\"Arvioitu lukuaika\" \/>\n\t<meta name=\"twitter:data2\" content=\"3 minuuttia\" \/>\n<script type=\"application\/ld+json\" class=\"yoast-schema-graph\">{\"@context\":\"https:\\\/\\\/schema.org\",\"@graph\":[{\"@type\":\"Article\",\"@id\":\"https:\\\/\\\/grifk-handball.com\\\/naiset\\\/kausi-2023-2024\\\/ennakot-2023-24\\\/nsm-31-1-grifk-dicken-19-00\\\/#article\",\"isPartOf\":{\"@id\":\"https:\\\/\\\/grifk-handball.com\\\/naiset\\\/kausi-2023-2024\\\/ennakot-2023-24\\\/nsm-31-1-grifk-dicken-19-00\\\/\"},\"author\":{\"name\":\"irajessica\",\"@id\":\"https:\\\/\\\/grifk-handball.com\\\/naiset\\\/#\\\/schema\\\/person\\\/833a8047457c3e753cf474b171cc90f9\"},\"headline\":\"NSM 31.1 GrIFK &#8211; Dicken * 19.00\",\"datePublished\":\"2024-01-30T06:34:18+00:00\",\"mainEntityOfPage\":{\"@id\":\"https:\\\/\\\/grifk-handball.com\\\/naiset\\\/kausi-2023-2024\\\/ennakot-2023-24\\\/nsm-31-1-grifk-dicken-19-00\\\/\"},\"wordCount\":450,\"image\":{\"@id\":\"https:\\\/\\\/grifk-handball.com\\\/naiset\\\/kausi-2023-2024\\\/ennakot-2023-24\\\/nsm-31-1-grifk-dicken-19-00\\\/#primaryimage\"},\"thumbnailUrl\":\"https:\\\/\\\/grifk-handball.com\\\/naiset\\\/wp-content\\\/uploads\\\/sites\\\/3\\\/2024\\\/01\\\/Skarmavbild-2024-01-30-kl.-08.26.15.png\",\"keywords\":[\"#Alexandra Olsson\",\"#CoachAnka\",\"#CoachCarre\",\"#CoachPava\",\"#GrIFKDamer\",\"#otteluennakko\",\"#SM-runkosarja\",\"#vispelarforgrankulla\",\"Dicken\",\"NSM\"],\"articleSection\":[\"Ennakot\"],\"inLanguage\":\"fi\"},{\"@type\":\"WebPage\",\"@id\":\"https:\\\/\\\/grifk-handball.com\\\/naiset\\\/kausi-2023-2024\\\/ennakot-2023-24\\\/nsm-31-1-grifk-dicken-19-00\\\/\",\"url\":\"https:\\\/\\\/grifk-handball.com\\\/naiset\\\/kausi-2023-2024\\\/ennakot-2023-24\\\/nsm-31-1-grifk-dicken-19-00\\\/\",\"name\":\"NSM 31.1 GrIFK - Dicken * 19.00 &#187; GrIFK K\u00e4sipallo Naiset\",\"isPartOf\":{\"@id\":\"https:\\\/\\\/grifk-handball.com\\\/naiset\\\/#website\"},\"primaryImageOfPage\":{\"@id\":\"https:\\\/\\\/grifk-handball.com\\\/naiset\\\/kausi-2023-2024\\\/ennakot-2023-24\\\/nsm-31-1-grifk-dicken-19-00\\\/#primaryimage\"},\"image\":{\"@id\":\"https:\\\/\\\/grifk-handball.com\\\/naiset\\\/kausi-2023-2024\\\/ennakot-2023-24\\\/nsm-31-1-grifk-dicken-19-00\\\/#primaryimage\"},\"thumbnailUrl\":\"https:\\\/\\\/grifk-handball.com\\\/naiset\\\/wp-content\\\/uploads\\\/sites\\\/3\\\/2024\\\/01\\\/Skarmavbild-2024-01-30-kl.-08.26.15.png\",\"datePublished\":\"2024-01-30T06:34:18+00:00\",\"author\":{\"@id\":\"https:\\\/\\\/grifk-handball.com\\\/naiset\\\/#\\\/schema\\\/person\\\/833a8047457c3e753cf474b171cc90f9\"},\"breadcrumb\":{\"@id\":\"https:\\\/\\\/grifk-handball.com\\\/naiset\\\/kausi-2023-2024\\\/ennakot-2023-24\\\/nsm-31-1-grifk-dicken-19-00\\\/#breadcrumb\"},\"inLanguage\":\"fi\",\"potentialAction\":[{\"@type\":\"ReadAction\",\"target\":[\"https:\\\/\\\/grifk-handball.com\\\/naiset\\\/kausi-2023-2024\\\/ennakot-2023-24\\\/nsm-31-1-grifk-dicken-19-00\\\/\"]}]},{\"@type\":\"ImageObject\",\"inLanguage\":\"fi\",\"@id\":\"https:\\\/\\\/grifk-handball.com\\\/naiset\\\/kausi-2023-2024\\\/ennakot-2023-24\\\/nsm-31-1-grifk-dicken-19-00\\\/#primaryimage\",\"url\":\"https:\\\/\\\/grifk-handball.com\\\/naiset\\\/wp-content\\\/uploads\\\/sites\\\/3\\\/2024\\\/01\\\/Skarmavbild-2024-01-30-kl.-08.26.15.png\",\"contentUrl\":\"https:\\\/\\\/grifk-handball.com\\\/naiset\\\/wp-content\\\/uploads\\\/sites\\\/3\\\/2024\\\/01\\\/Skarmavbild-2024-01-30-kl.-08.26.15.png\",\"width\":1622,\"height\":1108},{\"@type\":\"BreadcrumbList\",\"@id\":\"https:\\\/\\\/grifk-handball.com\\\/naiset\\\/kausi-2023-2024\\\/ennakot-2023-24\\\/nsm-31-1-grifk-dicken-19-00\\\/#breadcrumb\",\"itemListElement\":[{\"@type\":\"ListItem\",\"position\":1,\"name\":\"Home\",\"item\":\"https:\\\/\\\/grifk-handball.com\\\/naiset\\\/etusivu-2\\\/\"},{\"@type\":\"ListItem\",\"position\":2,\"name\":\"NSM 31.1 GrIFK &#8211; Dicken * 19.00\"}]},{\"@type\":\"WebSite\",\"@id\":\"https:\\\/\\\/grifk-handball.com\\\/naiset\\\/#website\",\"url\":\"https:\\\/\\\/grifk-handball.com\\\/naiset\\\/\",\"name\":\"GrIFK K\u00e4sipallo Naiset\",\"description\":\"GrIFK K\u00e4sipallo Naiset\",\"potentialAction\":[{\"@type\":\"SearchAction\",\"target\":{\"@type\":\"EntryPoint\",\"urlTemplate\":\"https:\\\/\\\/grifk-handball.com\\\/naiset\\\/?s={search_term_string}\"},\"query-input\":{\"@type\":\"PropertyValueSpecification\",\"valueRequired\":true,\"valueName\":\"search_term_string\"}}],\"inLanguage\":\"fi\"},{\"@type\":\"Person\",\"@id\":\"https:\\\/\\\/grifk-handball.com\\\/naiset\\\/#\\\/schema\\\/person\\\/833a8047457c3e753cf474b171cc90f9\",\"name\":\"irajessica\",\"image\":{\"@type\":\"ImageObject\",\"inLanguage\":\"fi\",\"@id\":\"https:\\\/\\\/secure.gravatar.com\\\/avatar\\\/a5f2f279937493405b86bf6f3fc4a412ab182fdfc4897be279322d112f394088?s=96&d=mm&r=g\",\"url\":\"https:\\\/\\\/secure.gravatar.com\\\/avatar\\\/a5f2f279937493405b86bf6f3fc4a412ab182fdfc4897be279322d112f394088?s=96&d=mm&r=g\",\"contentUrl\":\"https:\\\/\\\/secure.gravatar.com\\\/avatar\\\/a5f2f279937493405b86bf6f3fc4a412ab182fdfc4897be279322d112f394088?s=96&d=mm&r=g\",\"caption\":\"irajessica\"},\"url\":\"https:\\\/\\\/grifk-handball.com\\\/naiset\\\/author\\\/irajessica\\\/\"}]}<\/script>\n<!-- \/ Yoast SEO plugin. -->","yoast_head_json":{"title":"NSM 31.1 GrIFK - Dicken * 19.00 &#187; GrIFK K\u00e4sipallo Naiset","robots":{"index":"index","follow":"follow","max-snippet":"max-snippet:-1","max-image-preview":"max-image-preview:large","max-video-preview":"max-video-preview:-1"},"canonical":"https:\/\/grifk-handball.com\/naiset\/kausi-2023-2024\/ennakot-2023-24\/nsm-31-1-grifk-dicken-19-00\/","og_locale":"fi_FI","og_type":"article","og_title":"NSM 31.1 GrIFK - Dicken * 19.00 &#187; GrIFK K\u00e4sipallo Naiset","og_description":"Missa inte grundseriens sista hemmamatch! Vad har laget tr\u00e4nat p\u00e5 i veckan? Utespelarna har tr\u00e4nat mycket p\u00e5 att ge varandra bra passningar s\u00e5 vi f\u00e5r bort tekniska fel och p\u00e5 att hitta tryggheten i v\u00e5rt aktiva f\u00f6rsvar. Vi m\u00e5lvakter har tr\u00e4nat p\u00e5 att positionera oss r\u00e4tt i m\u00e5let och inte gissa vart skotten kommer. Vad [&hellip;]","og_url":"https:\/\/grifk-handball.com\/naiset\/kausi-2023-2024\/ennakot-2023-24\/nsm-31-1-grifk-dicken-19-00\/","og_site_name":"GrIFK K\u00e4sipallo Naiset","article_publisher":"https:\/\/www.facebook.com\/532444520237680","article_published_time":"2024-01-30T06:34:18+00:00","og_image":[{"width":1030,"height":704,"url":"https:\/\/grifk-handball.com\/naiset\/wp-content\/uploads\/sites\/3\/2024\/01\/Skarmavbild-2024-01-30-kl.-08.26.15-1030x704.png","type":"image\/png"}],"author":"irajessica","twitter_card":"summary_large_image","twitter_misc":{"Kirjoittanut":"irajessica","Arvioitu lukuaika":"3 minuuttia"},"schema":{"@context":"https:\/\/schema.org","@graph":[{"@type":"Article","@id":"https:\/\/grifk-handball.com\/naiset\/kausi-2023-2024\/ennakot-2023-24\/nsm-31-1-grifk-dicken-19-00\/#article","isPartOf":{"@id":"https:\/\/grifk-handball.com\/naiset\/kausi-2023-2024\/ennakot-2023-24\/nsm-31-1-grifk-dicken-19-00\/"},"author":{"name":"irajessica","@id":"https:\/\/grifk-handball.com\/naiset\/#\/schema\/person\/833a8047457c3e753cf474b171cc90f9"},"headline":"NSM 31.1 GrIFK &#8211; Dicken * 19.00","datePublished":"2024-01-30T06:34:18+00:00","mainEntityOfPage":{"@id":"https:\/\/grifk-handball.com\/naiset\/kausi-2023-2024\/ennakot-2023-24\/nsm-31-1-grifk-dicken-19-00\/"},"wordCount":450,"image":{"@id":"https:\/\/grifk-handball.com\/naiset\/kausi-2023-2024\/ennakot-2023-24\/nsm-31-1-grifk-dicken-19-00\/#primaryimage"},"thumbnailUrl":"https:\/\/grifk-handball.com\/naiset\/wp-content\/uploads\/sites\/3\/2024\/01\/Skarmavbild-2024-01-30-kl.-08.26.15.png","keywords":["#Alexandra Olsson","#CoachAnka","#CoachCarre","#CoachPava","#GrIFKDamer","#otteluennakko","#SM-runkosarja","#vispelarforgrankulla","Dicken","NSM"],"articleSection":["Ennakot"],"inLanguage":"fi"},{"@type":"WebPage","@id":"https:\/\/grifk-handball.com\/naiset\/kausi-2023-2024\/ennakot-2023-24\/nsm-31-1-grifk-dicken-19-00\/","url":"https:\/\/grifk-handball.com\/naiset\/kausi-2023-2024\/ennakot-2023-24\/nsm-31-1-grifk-dicken-19-00\/","name":"NSM 31.1 GrIFK - Dicken * 19.00 &#187; GrIFK K\u00e4sipallo Naiset","isPartOf":{"@id":"https:\/\/grifk-handball.com\/naiset\/#website"},"primaryImageOfPage":{"@id":"https:\/\/grifk-handball.com\/naiset\/kausi-2023-2024\/ennakot-2023-24\/nsm-31-1-grifk-dicken-19-00\/#primaryimage"},"image":{"@id":"https:\/\/grifk-handball.com\/naiset\/kausi-2023-2024\/ennakot-2023-24\/nsm-31-1-grifk-dicken-19-00\/#primaryimage"},"thumbnailUrl":"https:\/\/grifk-handball.com\/naiset\/wp-content\/uploads\/sites\/3\/2024\/01\/Skarmavbild-2024-01-30-kl.-08.26.15.png","datePublished":"2024-01-30T06:34:18+00:00","author":{"@id":"https:\/\/grifk-handball.com\/naiset\/#\/schema\/person\/833a8047457c3e753cf474b171cc90f9"},"breadcrumb":{"@id":"https:\/\/grifk-handball.com\/naiset\/kausi-2023-2024\/ennakot-2023-24\/nsm-31-1-grifk-dicken-19-00\/#breadcrumb"},"inLanguage":"fi","potentialAction":[{"@type":"ReadAction","target":["https:\/\/grifk-handball.com\/naiset\/kausi-2023-2024\/ennakot-2023-24\/nsm-31-1-grifk-dicken-19-00\/"]}]},{"@type":"ImageObject","inLanguage":"fi","@id":"https:\/\/grifk-handball.com\/naiset\/kausi-2023-2024\/ennakot-2023-24\/nsm-31-1-grifk-dicken-19-00\/#primaryimage","url":"https:\/\/grifk-handball.com\/naiset\/wp-content\/uploads\/sites\/3\/2024\/01\/Skarmavbild-2024-01-30-kl.-08.26.15.png","contentUrl":"https:\/\/grifk-handball.com\/naiset\/wp-content\/uploads\/sites\/3\/2024\/01\/Skarmavbild-2024-01-30-kl.-08.26.15.png","width":1622,"height":1108},{"@type":"BreadcrumbList","@id":"https:\/\/grifk-handball.com\/naiset\/kausi-2023-2024\/ennakot-2023-24\/nsm-31-1-grifk-dicken-19-00\/#breadcrumb","itemListElement":[{"@type":"ListItem","position":1,"name":"Home","item":"https:\/\/grifk-handball.com\/naiset\/etusivu-2\/"},{"@type":"ListItem","position":2,"name":"NSM 31.1 GrIFK &#8211; Dicken * 19.00"}]},{"@type":"WebSite","@id":"https:\/\/grifk-handball.com\/naiset\/#website","url":"https:\/\/grifk-handball.com\/naiset\/","name":"GrIFK K\u00e4sipallo Naiset","description":"GrIFK K\u00e4sipallo Naiset","potentialAction":[{"@type":"SearchAction","target":{"@type":"EntryPoint","urlTemplate":"https:\/\/grifk-handball.com\/naiset\/?s={search_term_string}"},"query-input":{"@type":"PropertyValueSpecification","valueRequired":true,"valueName":"search_term_string"}}],"inLanguage":"fi"},{"@type":"Person","@id":"https:\/\/grifk-handball.com\/naiset\/#\/schema\/person\/833a8047457c3e753cf474b171cc90f9","name":"irajessica","image":{"@type":"ImageObject","inLanguage":"fi","@id":"https:\/\/secure.gravatar.com\/avatar\/a5f2f279937493405b86bf6f3fc4a412ab182fdfc4897be279322d112f394088?s=96&d=mm&r=g","url":"https:\/\/secure.gravatar.com\/avatar\/a5f2f279937493405b86bf6f3fc4a412ab182fdfc4897be279322d112f394088?s=96&d=mm&r=g","contentUrl":"https:\/\/secure.gravatar.com\/avatar\/a5f2f279937493405b86bf6f3fc4a412ab182fdfc4897be279322d112f394088?s=96&d=mm&r=g","caption":"irajessica"},"url":"https:\/\/grifk-handball.com\/naiset\/author\/irajessica\/"}]}},"jetpack_featured_media_url":"https:\/\/grifk-handball.com\/naiset\/wp-content\/uploads\/sites\/3\/2024\/01\/Skarmavbild-2024-01-30-kl.-08.26.15.png","jetpack_sharing_enabled":true,"_links":{"self":[{"href":"https:\/\/grifk-handball.com\/naiset\/wp-json\/wp\/v2\/posts\/11587","targetHints":{"allow":["GET"]}}],"collection":[{"href":"https:\/\/grifk-handball.com\/naiset\/wp-json\/wp\/v2\/posts"}],"about":[{"href":"https:\/\/grifk-handball.com\/naiset\/wp-json\/wp\/v2\/types\/post"}],"author":[{"embeddable":true,"href":"https:\/\/grifk-handball.com\/naiset\/wp-json\/wp\/v2\/users\/6"}],"replies":[{"embeddable":true,"href":"https:\/\/grifk-handball.com\/naiset\/wp-json\/wp\/v2\/comments?post=11587"}],"version-history":[{"count":2,"href":"https:\/\/grifk-handball.com\/naiset\/wp-json\/wp\/v2\/posts\/11587\/revisions"}],"predecessor-version":[{"id":11590,"href":"https:\/\/grifk-handball.com\/naiset\/wp-json\/wp\/v2\/posts\/11587\/revisions\/11590"}],"wp:featuredmedia":[{"embeddable":true,"href":"https:\/\/grifk-handball.com\/naiset\/wp-json\/wp\/v2\/media\/11588"}],"wp:attachment":[{"href":"https:\/\/grifk-handball.com\/naiset\/wp-json\/wp\/v2\/media?parent=11587"}],"wp:term":[{"taxonomy":"category","embeddable":true,"href":"https:\/\/grifk-handball.com\/naiset\/wp-json\/wp\/v2\/categories?post=11587"},{"taxonomy":"post_tag","embeddable":true,"href":"https:\/\/grifk-handball.com\/naiset\/wp-json\/wp\/v2\/tags?post=11587"}],"curies":[{"name":"wp","href":"https:\/\/api.w.org\/{rel}","templated":true}]}}