{"id":11591,"date":"2024-01-28T08:48:19","date_gmt":"2024-01-28T06:48:19","guid":{"rendered":"https:\/\/grifk-handball.com\/naiset\/?p=11591"},"modified":"2024-01-30T08:54:55","modified_gmt":"2024-01-30T06:54:55","slug":"wbshl-27-1-grifk-mistra-est-38-21","status":"publish","type":"post","link":"https:\/\/grifk-handball.com\/naiset\/kausi-2023-2024\/ottelut-2023-24\/wbshl-27-1-grifk-mistra-est-38-21\/","title":{"rendered":"WBSHL 27.1.: GrIFK \u2013 Mistra, EST 38-21"},"content":{"rendered":"<p>Fj\u00e4rde vinsten i Baltiska ligan!<\/p>\n<p>Vi spelade hela f\u00f6rsta halvleken bra som ett lag. F\u00f6rsvaret fungerade bra, vilket ledde till att Mistra gjorde en del tekniska fel. Det gav oss m\u00f6jligheten att kontra och g\u00f6ra snabba m\u00e5l. Efter f\u00f6rsta halvleken var st\u00e4llningen 22-8 till oss.<\/p>\n<p>I halvtid diskuterade vi om att f\u00f6rb\u00e4ttra sm\u00e5 fel b\u00e5de i anfallet och f\u00f6rsvaret. Vi pratade \u00e4ven om att forts\u00e4tta springa och spela snabbt spel trots att vi ledde.<\/p>\n<p>I andra halvleken lyckades vi \u00e4nd\u00e5 inte h\u00e5lla helt samma niv\u00e5 som i f\u00f6rsta. Vi fortsatte spela snabbt, men gjorde flera tekniska fel och kastade bort bollar. \u00c4nd\u00e5 tappade vi aldrig ledningen vi hade efter f\u00f6rsta halvleken och matchen slutade i en sk\u00f6n, 38-21, vinst f\u00f6r oss!<\/p>\n<p>Vi lyckades bra i anfallet, b\u00e5de i v\u00e5ra kontringar och uppst\u00e4llda spelet. Vi hade m\u00e5nga olika m\u00e5lg\u00f6rare p\u00e5 alla spelpositioner och speciellt v\u00e5ra yttrar spelade en bra match med m\u00e5nga kontringsm\u00e5l.<\/p>\n<p>Efter l\u00f6rdagens vinst ligger vi nu p\u00e5 tredje platsen i Baltiska ligan. Ingenting \u00e4r avgjort \u00e4nnu, utan Baltiska ligan forts\u00e4tter i mars, d\u00e5 vi spelar v\u00e5ra tre sista matcher i Litauen!<\/p>\n<p><strong>Baltiska ligan forts\u00e4tter i mars<br \/>\n<\/strong>22.3: Sostines Tauras-VHC Vilnius, LTU \u2013\u00a0GrIFK<br \/>\n23.3: GrIFK \u2013\u00a0Vilnius Egle, LTU<br \/>\n24.3: Cascada HC Garliava SM, LTU \u2013\u00a0GrIFK<\/p>\n<p><strong>F\u00f6lj oss g\u00e4rna!<\/strong><br \/>\nFacebook:\u00a0<a href=\"https:\/\/www.facebook.com\/grifkdamer\">Grankulla IFK Handboll Damer<\/a><br \/>\nInstagram:\u00a0<a href=\"https:\/\/www.instagram.com\/grifkdamer\/\">@grifkdamer<\/a><\/p>\n<p>Text: Unni Laaksonen<br \/>\nFoto: Joonas Kuuskla\/Baltic Sea Handball League<\/p>\n","protected":false},"excerpt":{"rendered":"<p>Fj\u00e4rde vinsten i Baltiska ligan! Vi spelade hela f\u00f6rsta halvleken bra som ett lag. F\u00f6rsvaret fungerade bra, vilket ledde till att Mistra gjorde en del tekniska fel. Det gav oss m\u00f6jligheten att kontra och g\u00f6ra snabba m\u00e5l. Efter f\u00f6rsta halvleken var st\u00e4llningen 22-8 till oss. I halvtid diskuterade vi om att f\u00f6rb\u00e4ttra sm\u00e5 fel b\u00e5de [&hellip;]<\/p>\n","protected":false},"author":6,"featured_media":11592,"comment_status":"closed","ping_status":"closed","sticky":false,"template":"","format":"standard","meta":{"_acf_changed":false,"footnotes":"","jetpack_post_was_ever_published":false,"_members_access_role":[],"_members_access_error":""},"categories":[339],"tags":[181,241,379,381,367,363],"class_list":["post-11591","post","type-post","status-publish","format-standard","has-post-thumbnail","hentry","category-ottelut-2023-24","tag-grifkdamer","tag-otteluraportti","tag-unni-laaksonen","tag-mistra","tag-wbshl","tag-womens-baltic-sea-handball-league"],"acf":[],"yoast_head":"<!-- This site is optimized with the Yoast SEO plugin v28.4 - https:\/\/yoast.com\/product\/yoast-seo-wordpress\/ -->\n<title>WBSHL 27.1.: GrIFK \u2013 Mistra, EST 38-21 &#187; GrIFK K\u00e4sipallo Naiset<\/title>\n<meta name=\"robots\" content=\"index, follow, max-snippet:-1, max-image-preview:large, max-video-preview:-1\" \/>\n<link rel=\"canonical\" href=\"https:\/\/grifk-handball.com\/naiset\/kausi-2023-2024\/ottelut-2023-24\/wbshl-27-1-grifk-mistra-est-38-21\/\" \/>\n<meta property=\"og:locale\" content=\"fi_FI\" \/>\n<meta property=\"og:type\" content=\"article\" \/>\n<meta property=\"og:title\" content=\"WBSHL 27.1.: GrIFK \u2013 Mistra, EST 38-21 &#187; GrIFK K\u00e4sipallo Naiset\" \/>\n<meta property=\"og:description\" content=\"Fj\u00e4rde vinsten i Baltiska ligan! Vi spelade hela f\u00f6rsta halvleken bra som ett lag. F\u00f6rsvaret fungerade bra, vilket ledde till att Mistra gjorde en del tekniska fel. Det gav oss m\u00f6jligheten att kontra och g\u00f6ra snabba m\u00e5l. Efter f\u00f6rsta halvleken var st\u00e4llningen 22-8 till oss. I halvtid diskuterade vi om att f\u00f6rb\u00e4ttra sm\u00e5 fel b\u00e5de [&hellip;]\" \/>\n<meta property=\"og:url\" content=\"https:\/\/grifk-handball.com\/naiset\/kausi-2023-2024\/ottelut-2023-24\/wbshl-27-1-grifk-mistra-est-38-21\/\" \/>\n<meta property=\"og:site_name\" content=\"GrIFK K\u00e4sipallo Naiset\" \/>\n<meta property=\"article:publisher\" content=\"https:\/\/www.facebook.com\/532444520237680\" \/>\n<meta property=\"article:published_time\" content=\"2024-01-28T06:48:19+00:00\" \/>\n<meta property=\"article:modified_time\" content=\"2024-01-30T06:54:55+00:00\" \/>\n<meta property=\"og:image\" content=\"https:\/\/grifk-handball.com\/naiset\/wp-content\/uploads\/sites\/3\/2024\/01\/Skarmavbild-2024-01-30-kl.-08.51.16-1030x882.png\" \/>\n\t<meta property=\"og:image:width\" content=\"1030\" \/>\n\t<meta property=\"og:image:height\" content=\"882\" \/>\n\t<meta property=\"og:image:type\" content=\"image\/png\" \/>\n<meta name=\"author\" content=\"irajessica\" \/>\n<meta name=\"twitter:card\" content=\"summary_large_image\" \/>\n<meta name=\"twitter:label1\" content=\"Kirjoittanut\" \/>\n\t<meta name=\"twitter:data1\" content=\"irajessica\" \/>\n\t<meta name=\"twitter:label2\" content=\"Arvioitu lukuaika\" \/>\n\t<meta name=\"twitter:data2\" content=\"2 minuuttia\" \/>\n<script type=\"application\/ld+json\" class=\"yoast-schema-graph\">{\"@context\":\"https:\\\/\\\/schema.org\",\"@graph\":[{\"@type\":\"Article\",\"@id\":\"https:\\\/\\\/grifk-handball.com\\\/naiset\\\/kausi-2023-2024\\\/ottelut-2023-24\\\/wbshl-27-1-grifk-mistra-est-38-21\\\/#article\",\"isPartOf\":{\"@id\":\"https:\\\/\\\/grifk-handball.com\\\/naiset\\\/kausi-2023-2024\\\/ottelut-2023-24\\\/wbshl-27-1-grifk-mistra-est-38-21\\\/\"},\"author\":{\"name\":\"irajessica\",\"@id\":\"https:\\\/\\\/grifk-handball.com\\\/naiset\\\/#\\\/schema\\\/person\\\/833a8047457c3e753cf474b171cc90f9\"},\"headline\":\"WBSHL 27.1.: GrIFK \u2013 Mistra, EST 38-21\",\"datePublished\":\"2024-01-28T06:48:19+00:00\",\"dateModified\":\"2024-01-30T06:54:55+00:00\",\"mainEntityOfPage\":{\"@id\":\"https:\\\/\\\/grifk-handball.com\\\/naiset\\\/kausi-2023-2024\\\/ottelut-2023-24\\\/wbshl-27-1-grifk-mistra-est-38-21\\\/\"},\"wordCount\":261,\"image\":{\"@id\":\"https:\\\/\\\/grifk-handball.com\\\/naiset\\\/kausi-2023-2024\\\/ottelut-2023-24\\\/wbshl-27-1-grifk-mistra-est-38-21\\\/#primaryimage\"},\"thumbnailUrl\":\"https:\\\/\\\/grifk-handball.com\\\/naiset\\\/wp-content\\\/uploads\\\/sites\\\/3\\\/2024\\\/01\\\/Skarmavbild-2024-01-30-kl.-08.51.16.png\",\"keywords\":[\"#GrIFKDamer\",\"#otteluraportti\",\"#Unni Laaksonen\",\"Mistra\",\"WBSHL\",\"Women's Baltic Sea Handball League\"],\"articleSection\":[\"Ottelut\"],\"inLanguage\":\"fi\"},{\"@type\":\"WebPage\",\"@id\":\"https:\\\/\\\/grifk-handball.com\\\/naiset\\\/kausi-2023-2024\\\/ottelut-2023-24\\\/wbshl-27-1-grifk-mistra-est-38-21\\\/\",\"url\":\"https:\\\/\\\/grifk-handball.com\\\/naiset\\\/kausi-2023-2024\\\/ottelut-2023-24\\\/wbshl-27-1-grifk-mistra-est-38-21\\\/\",\"name\":\"WBSHL 27.1.: GrIFK \u2013 Mistra, EST 38-21 &#187; GrIFK K\u00e4sipallo Naiset\",\"isPartOf\":{\"@id\":\"https:\\\/\\\/grifk-handball.com\\\/naiset\\\/#website\"},\"primaryImageOfPage\":{\"@id\":\"https:\\\/\\\/grifk-handball.com\\\/naiset\\\/kausi-2023-2024\\\/ottelut-2023-24\\\/wbshl-27-1-grifk-mistra-est-38-21\\\/#primaryimage\"},\"image\":{\"@id\":\"https:\\\/\\\/grifk-handball.com\\\/naiset\\\/kausi-2023-2024\\\/ottelut-2023-24\\\/wbshl-27-1-grifk-mistra-est-38-21\\\/#primaryimage\"},\"thumbnailUrl\":\"https:\\\/\\\/grifk-handball.com\\\/naiset\\\/wp-content\\\/uploads\\\/sites\\\/3\\\/2024\\\/01\\\/Skarmavbild-2024-01-30-kl.-08.51.16.png\",\"datePublished\":\"2024-01-28T06:48:19+00:00\",\"dateModified\":\"2024-01-30T06:54:55+00:00\",\"author\":{\"@id\":\"https:\\\/\\\/grifk-handball.com\\\/naiset\\\/#\\\/schema\\\/person\\\/833a8047457c3e753cf474b171cc90f9\"},\"breadcrumb\":{\"@id\":\"https:\\\/\\\/grifk-handball.com\\\/naiset\\\/kausi-2023-2024\\\/ottelut-2023-24\\\/wbshl-27-1-grifk-mistra-est-38-21\\\/#breadcrumb\"},\"inLanguage\":\"fi\",\"potentialAction\":[{\"@type\":\"ReadAction\",\"target\":[\"https:\\\/\\\/grifk-handball.com\\\/naiset\\\/kausi-2023-2024\\\/ottelut-2023-24\\\/wbshl-27-1-grifk-mistra-est-38-21\\\/\"]}]},{\"@type\":\"ImageObject\",\"inLanguage\":\"fi\",\"@id\":\"https:\\\/\\\/grifk-handball.com\\\/naiset\\\/kausi-2023-2024\\\/ottelut-2023-24\\\/wbshl-27-1-grifk-mistra-est-38-21\\\/#primaryimage\",\"url\":\"https:\\\/\\\/grifk-handball.com\\\/naiset\\\/wp-content\\\/uploads\\\/sites\\\/3\\\/2024\\\/01\\\/Skarmavbild-2024-01-30-kl.-08.51.16.png\",\"contentUrl\":\"https:\\\/\\\/grifk-handball.com\\\/naiset\\\/wp-content\\\/uploads\\\/sites\\\/3\\\/2024\\\/01\\\/Skarmavbild-2024-01-30-kl.-08.51.16.png\",\"width\":1238,\"height\":1060},{\"@type\":\"BreadcrumbList\",\"@id\":\"https:\\\/\\\/grifk-handball.com\\\/naiset\\\/kausi-2023-2024\\\/ottelut-2023-24\\\/wbshl-27-1-grifk-mistra-est-38-21\\\/#breadcrumb\",\"itemListElement\":[{\"@type\":\"ListItem\",\"position\":1,\"name\":\"Home\",\"item\":\"https:\\\/\\\/grifk-handball.com\\\/naiset\\\/etusivu-2\\\/\"},{\"@type\":\"ListItem\",\"position\":2,\"name\":\"WBSHL 27.1.: GrIFK \u2013 Mistra, EST 38-21\"}]},{\"@type\":\"WebSite\",\"@id\":\"https:\\\/\\\/grifk-handball.com\\\/naiset\\\/#website\",\"url\":\"https:\\\/\\\/grifk-handball.com\\\/naiset\\\/\",\"name\":\"GrIFK K\u00e4sipallo Naiset\",\"description\":\"GrIFK K\u00e4sipallo Naiset\",\"potentialAction\":[{\"@type\":\"SearchAction\",\"target\":{\"@type\":\"EntryPoint\",\"urlTemplate\":\"https:\\\/\\\/grifk-handball.com\\\/naiset\\\/?s={search_term_string}\"},\"query-input\":{\"@type\":\"PropertyValueSpecification\",\"valueRequired\":true,\"valueName\":\"search_term_string\"}}],\"inLanguage\":\"fi\"},{\"@type\":\"Person\",\"@id\":\"https:\\\/\\\/grifk-handball.com\\\/naiset\\\/#\\\/schema\\\/person\\\/833a8047457c3e753cf474b171cc90f9\",\"name\":\"irajessica\",\"image\":{\"@type\":\"ImageObject\",\"inLanguage\":\"fi\",\"@id\":\"https:\\\/\\\/secure.gravatar.com\\\/avatar\\\/a5f2f279937493405b86bf6f3fc4a412ab182fdfc4897be279322d112f394088?s=96&d=mm&r=g\",\"url\":\"https:\\\/\\\/secure.gravatar.com\\\/avatar\\\/a5f2f279937493405b86bf6f3fc4a412ab182fdfc4897be279322d112f394088?s=96&d=mm&r=g\",\"contentUrl\":\"https:\\\/\\\/secure.gravatar.com\\\/avatar\\\/a5f2f279937493405b86bf6f3fc4a412ab182fdfc4897be279322d112f394088?s=96&d=mm&r=g\",\"caption\":\"irajessica\"},\"url\":\"https:\\\/\\\/grifk-handball.com\\\/naiset\\\/author\\\/irajessica\\\/\"}]}<\/script>\n<!-- \/ Yoast SEO plugin. -->","yoast_head_json":{"title":"WBSHL 27.1.: GrIFK \u2013 Mistra, EST 38-21 &#187; GrIFK K\u00e4sipallo Naiset","robots":{"index":"index","follow":"follow","max-snippet":"max-snippet:-1","max-image-preview":"max-image-preview:large","max-video-preview":"max-video-preview:-1"},"canonical":"https:\/\/grifk-handball.com\/naiset\/kausi-2023-2024\/ottelut-2023-24\/wbshl-27-1-grifk-mistra-est-38-21\/","og_locale":"fi_FI","og_type":"article","og_title":"WBSHL 27.1.: GrIFK \u2013 Mistra, EST 38-21 &#187; GrIFK K\u00e4sipallo Naiset","og_description":"Fj\u00e4rde vinsten i Baltiska ligan! Vi spelade hela f\u00f6rsta halvleken bra som ett lag. F\u00f6rsvaret fungerade bra, vilket ledde till att Mistra gjorde en del tekniska fel. Det gav oss m\u00f6jligheten att kontra och g\u00f6ra snabba m\u00e5l. Efter f\u00f6rsta halvleken var st\u00e4llningen 22-8 till oss. I halvtid diskuterade vi om att f\u00f6rb\u00e4ttra sm\u00e5 fel b\u00e5de [&hellip;]","og_url":"https:\/\/grifk-handball.com\/naiset\/kausi-2023-2024\/ottelut-2023-24\/wbshl-27-1-grifk-mistra-est-38-21\/","og_site_name":"GrIFK K\u00e4sipallo Naiset","article_publisher":"https:\/\/www.facebook.com\/532444520237680","article_published_time":"2024-01-28T06:48:19+00:00","article_modified_time":"2024-01-30T06:54:55+00:00","og_image":[{"width":1030,"height":882,"url":"https:\/\/grifk-handball.com\/naiset\/wp-content\/uploads\/sites\/3\/2024\/01\/Skarmavbild-2024-01-30-kl.-08.51.16-1030x882.png","type":"image\/png"}],"author":"irajessica","twitter_card":"summary_large_image","twitter_misc":{"Kirjoittanut":"irajessica","Arvioitu lukuaika":"2 minuuttia"},"schema":{"@context":"https:\/\/schema.org","@graph":[{"@type":"Article","@id":"https:\/\/grifk-handball.com\/naiset\/kausi-2023-2024\/ottelut-2023-24\/wbshl-27-1-grifk-mistra-est-38-21\/#article","isPartOf":{"@id":"https:\/\/grifk-handball.com\/naiset\/kausi-2023-2024\/ottelut-2023-24\/wbshl-27-1-grifk-mistra-est-38-21\/"},"author":{"name":"irajessica","@id":"https:\/\/grifk-handball.com\/naiset\/#\/schema\/person\/833a8047457c3e753cf474b171cc90f9"},"headline":"WBSHL 27.1.: GrIFK \u2013 Mistra, EST 38-21","datePublished":"2024-01-28T06:48:19+00:00","dateModified":"2024-01-30T06:54:55+00:00","mainEntityOfPage":{"@id":"https:\/\/grifk-handball.com\/naiset\/kausi-2023-2024\/ottelut-2023-24\/wbshl-27-1-grifk-mistra-est-38-21\/"},"wordCount":261,"image":{"@id":"https:\/\/grifk-handball.com\/naiset\/kausi-2023-2024\/ottelut-2023-24\/wbshl-27-1-grifk-mistra-est-38-21\/#primaryimage"},"thumbnailUrl":"https:\/\/grifk-handball.com\/naiset\/wp-content\/uploads\/sites\/3\/2024\/01\/Skarmavbild-2024-01-30-kl.-08.51.16.png","keywords":["#GrIFKDamer","#otteluraportti","#Unni Laaksonen","Mistra","WBSHL","Women's Baltic Sea Handball League"],"articleSection":["Ottelut"],"inLanguage":"fi"},{"@type":"WebPage","@id":"https:\/\/grifk-handball.com\/naiset\/kausi-2023-2024\/ottelut-2023-24\/wbshl-27-1-grifk-mistra-est-38-21\/","url":"https:\/\/grifk-handball.com\/naiset\/kausi-2023-2024\/ottelut-2023-24\/wbshl-27-1-grifk-mistra-est-38-21\/","name":"WBSHL 27.1.: GrIFK \u2013 Mistra, EST 38-21 &#187; GrIFK K\u00e4sipallo Naiset","isPartOf":{"@id":"https:\/\/grifk-handball.com\/naiset\/#website"},"primaryImageOfPage":{"@id":"https:\/\/grifk-handball.com\/naiset\/kausi-2023-2024\/ottelut-2023-24\/wbshl-27-1-grifk-mistra-est-38-21\/#primaryimage"},"image":{"@id":"https:\/\/grifk-handball.com\/naiset\/kausi-2023-2024\/ottelut-2023-24\/wbshl-27-1-grifk-mistra-est-38-21\/#primaryimage"},"thumbnailUrl":"https:\/\/grifk-handball.com\/naiset\/wp-content\/uploads\/sites\/3\/2024\/01\/Skarmavbild-2024-01-30-kl.-08.51.16.png","datePublished":"2024-01-28T06:48:19+00:00","dateModified":"2024-01-30T06:54:55+00:00","author":{"@id":"https:\/\/grifk-handball.com\/naiset\/#\/schema\/person\/833a8047457c3e753cf474b171cc90f9"},"breadcrumb":{"@id":"https:\/\/grifk-handball.com\/naiset\/kausi-2023-2024\/ottelut-2023-24\/wbshl-27-1-grifk-mistra-est-38-21\/#breadcrumb"},"inLanguage":"fi","potentialAction":[{"@type":"ReadAction","target":["https:\/\/grifk-handball.com\/naiset\/kausi-2023-2024\/ottelut-2023-24\/wbshl-27-1-grifk-mistra-est-38-21\/"]}]},{"@type":"ImageObject","inLanguage":"fi","@id":"https:\/\/grifk-handball.com\/naiset\/kausi-2023-2024\/ottelut-2023-24\/wbshl-27-1-grifk-mistra-est-38-21\/#primaryimage","url":"https:\/\/grifk-handball.com\/naiset\/wp-content\/uploads\/sites\/3\/2024\/01\/Skarmavbild-2024-01-30-kl.-08.51.16.png","contentUrl":"https:\/\/grifk-handball.com\/naiset\/wp-content\/uploads\/sites\/3\/2024\/01\/Skarmavbild-2024-01-30-kl.-08.51.16.png","width":1238,"height":1060},{"@type":"BreadcrumbList","@id":"https:\/\/grifk-handball.com\/naiset\/kausi-2023-2024\/ottelut-2023-24\/wbshl-27-1-grifk-mistra-est-38-21\/#breadcrumb","itemListElement":[{"@type":"ListItem","position":1,"name":"Home","item":"https:\/\/grifk-handball.com\/naiset\/etusivu-2\/"},{"@type":"ListItem","position":2,"name":"WBSHL 27.1.: GrIFK \u2013 Mistra, EST 38-21"}]},{"@type":"WebSite","@id":"https:\/\/grifk-handball.com\/naiset\/#website","url":"https:\/\/grifk-handball.com\/naiset\/","name":"GrIFK K\u00e4sipallo Naiset","description":"GrIFK K\u00e4sipallo Naiset","potentialAction":[{"@type":"SearchAction","target":{"@type":"EntryPoint","urlTemplate":"https:\/\/grifk-handball.com\/naiset\/?s={search_term_string}"},"query-input":{"@type":"PropertyValueSpecification","valueRequired":true,"valueName":"search_term_string"}}],"inLanguage":"fi"},{"@type":"Person","@id":"https:\/\/grifk-handball.com\/naiset\/#\/schema\/person\/833a8047457c3e753cf474b171cc90f9","name":"irajessica","image":{"@type":"ImageObject","inLanguage":"fi","@id":"https:\/\/secure.gravatar.com\/avatar\/a5f2f279937493405b86bf6f3fc4a412ab182fdfc4897be279322d112f394088?s=96&d=mm&r=g","url":"https:\/\/secure.gravatar.com\/avatar\/a5f2f279937493405b86bf6f3fc4a412ab182fdfc4897be279322d112f394088?s=96&d=mm&r=g","contentUrl":"https:\/\/secure.gravatar.com\/avatar\/a5f2f279937493405b86bf6f3fc4a412ab182fdfc4897be279322d112f394088?s=96&d=mm&r=g","caption":"irajessica"},"url":"https:\/\/grifk-handball.com\/naiset\/author\/irajessica\/"}]}},"jetpack_sharing_enabled":true,"jetpack_featured_media_url":"https:\/\/grifk-handball.com\/naiset\/wp-content\/uploads\/sites\/3\/2024\/01\/Skarmavbild-2024-01-30-kl.-08.51.16.png","_links":{"self":[{"href":"https:\/\/grifk-handball.com\/naiset\/wp-json\/wp\/v2\/posts\/11591","targetHints":{"allow":["GET"]}}],"collection":[{"href":"https:\/\/grifk-handball.com\/naiset\/wp-json\/wp\/v2\/posts"}],"about":[{"href":"https:\/\/grifk-handball.com\/naiset\/wp-json\/wp\/v2\/types\/post"}],"author":[{"embeddable":true,"href":"https:\/\/grifk-handball.com\/naiset\/wp-json\/wp\/v2\/users\/6"}],"replies":[{"embeddable":true,"href":"https:\/\/grifk-handball.com\/naiset\/wp-json\/wp\/v2\/comments?post=11591"}],"version-history":[{"count":2,"href":"https:\/\/grifk-handball.com\/naiset\/wp-json\/wp\/v2\/posts\/11591\/revisions"}],"predecessor-version":[{"id":11613,"href":"https:\/\/grifk-handball.com\/naiset\/wp-json\/wp\/v2\/posts\/11591\/revisions\/11613"}],"wp:featuredmedia":[{"embeddable":true,"href":"https:\/\/grifk-handball.com\/naiset\/wp-json\/wp\/v2\/media\/11592"}],"wp:attachment":[{"href":"https:\/\/grifk-handball.com\/naiset\/wp-json\/wp\/v2\/media?parent=11591"}],"wp:term":[{"taxonomy":"category","embeddable":true,"href":"https:\/\/grifk-handball.com\/naiset\/wp-json\/wp\/v2\/categories?post=11591"},{"taxonomy":"post_tag","embeddable":true,"href":"https:\/\/grifk-handball.com\/naiset\/wp-json\/wp\/v2\/tags?post=11591"}],"curies":[{"name":"wp","href":"https:\/\/api.w.org\/{rel}","templated":true}]}}