{"id":11755,"date":"2024-03-10T11:27:31","date_gmt":"2024-03-10T09:27:31","guid":{"rendered":"https:\/\/grifk-handball.com\/naiset\/?p=11755"},"modified":"2024-03-11T12:26:26","modified_gmt":"2024-03-11T10:26:26","slug":"nsm-semi-2-10-3-dicken-grifk-14-30","status":"publish","type":"post","link":"https:\/\/grifk-handball.com\/naiset\/kausi-2023-2024\/ennakot-2023-24\/nsm-semi-2-10-3-dicken-grifk-14-30\/","title":{"rendered":"NSM semi 2, 10.3.: Dicken &#8211; GrIFK * 14.30"},"content":{"rendered":"<p><em>Ser framemot att vara tillbaka! \u00c4ven om jag under s\u00e4songen har kollat och f\u00f6ljt med fr\u00e5n sidan, kan det inte j\u00e4mf\u00f6ras med k\u00e4nslan av att st\u00e5 p\u00e5 planen! Verkligen kul men ocks\u00e5 lite nerv\u00f6st att vara tillbaka!<\/em><\/p>\n<p><strong>Vad har laget tr\u00e4nat p\u00e5 i veckan?<\/strong><br \/>\nUnder tr\u00e4ningarna har det varit fullt fokus. I det h\u00e4r skedet l\u00e4r vi oss inget nytt mera utan satsar p\u00e5 finslipning och sm\u00e5justeringar inf\u00f6r de sista semifinalerna.<\/p>\n<p><strong>Vem m\u00f6ter vi?<\/strong><br \/>\nVi m\u00f6ter Dicken i Britas. Efter vinsten p\u00e5 fredag har vi en bra bas att bygga p\u00e5, men inget \u00e4r avgjort \u00e4nnu. Dicken har b\u00e5de rutinerade spelare och nya, lite mer oerfarna. Det de unga kanske saknar i rutin kompenserar de med ren styrka och uth\u00e5llighet. Dicken \u00e4r verkligen inget l\u00e4tt motst\u00e5nd, men vi ska g\u00f6ra allt f\u00f6r att resultatet ska likna fredagens.<\/p>\n<p><strong>En spelare att f\u00f6lja med i motst\u00e5ndarlaget<\/strong><br \/>\nEftersom jag har varit borta en tid f\u00f6rlitar jag mig p\u00e5 den kunskap jag har i ryggm\u00e4rgen. Nya spelare som jag \u00e4nnu inte m\u00f6tt som t.ex. Emilia Siggberg kommer nog testa mina kunskaper. Hon har ett kraftigt skott och l\u00e4ngden p\u00e5 sin sida.<\/p>\n<p><strong>En spelare att f\u00f6lja med fr\u00e5n v\u00e5rt eget lag<\/strong><br \/>\nDet har varit roligt att f\u00f6lja med efter att jag kom tillbaka hur alla taggat till inf\u00f6r slutspelen. Det finns dock en del typer som jag rent ut sagt blir r\u00e4dd av d\u00e5 det st\u00e4ller sig in p\u00e5 match. Mathilda &#8221;Lillis&#8221; Sandblom \u00e4r en s\u00e5dan typ. Man kan se gl\u00f6den i hennes \u00f6gon n\u00e4r hon spelar och en s\u00e5dan typ tar verkligen laget med sig. Hon har ett starkt skott och \u00e4r snabb i f\u00f6tterna. En spelare som Lillis vill man ha framf\u00f6r sig n\u00e4r man st\u00e5r i m\u00e5let.<\/p>\n<p><strong>En rolig grej \/ rutin innan varje match<\/strong><br \/>\nHmm? Min d\u00e5liga tidsuppfattning g\u00f6r att jag alltid riskerar att vara sen. Det skulle k\u00e4nnas ovant att g\u00e5 till bilen ist\u00e4llet f\u00f6r att springa, eller att ha p\u00e5 skor och jacka n\u00e4r jag v\u00e4l \u00e4r framme. Det \u00e4r kanske inte en rutin man skulle kalla f\u00f6rplanerad men ett m\u00e5ste likv\u00e4l.<\/p>\n<p><strong>Kom och heja!<br \/>\n<\/strong>Hoppas att s\u00e5 m\u00e5nga som m\u00f6jligt kan komma till Britas och heja p\u00e5 oss. Ni i publiken \u00e4r v\u00e5r \u00e5ttonde spelare och vi beh\u00f6ver er!<\/p>\n<p>Om du inte kan ta dig till Britas kan du se matchen p\u00e5 <a href=\"https:\/\/handis.tv\/grifknaiset\">Handis-tv\u00a0<\/a> f\u00f6r 7,90\u20ac\/match eller 12,90\u20ac\/m\u00e5nad. En del av summan g\u00e5r till GrIFK Damer.<\/p>\n<p><strong>F\u00f6lj oss g\u00e4rna!<\/strong><br \/>\nFacebook:\u00a0<a href=\"https:\/\/www.facebook.com\/grifkdamer\">Grankulla IFK Handboll Damer<\/a><br \/>\nInstagram:\u00a0<a href=\"https:\/\/www.instagram.com\/grifkdamer\/\">@grifkdamer<\/a><\/p>\n<p>Text: Stella Bruncrona<br \/>\nFoto: fotojonas<\/p>\n","protected":false},"excerpt":{"rendered":"<p>Ser framemot att vara tillbaka! \u00c4ven om jag under s\u00e4songen har kollat och f\u00f6ljt med fr\u00e5n sidan, kan det inte j\u00e4mf\u00f6ras med k\u00e4nslan av att st\u00e5 p\u00e5 planen! Verkligen kul men ocks\u00e5 lite nerv\u00f6st att vara tillbaka! Vad har laget tr\u00e4nat p\u00e5 i veckan? Under tr\u00e4ningarna har det varit fullt fokus. I det h\u00e4r skedet [&hellip;]<\/p>\n","protected":false},"author":6,"featured_media":11757,"comment_status":"closed","ping_status":"closed","sticky":false,"template":"","format":"standard","meta":{"_acf_changed":false,"jetpack_post_was_ever_published":false,"footnotes":""},"categories":[337],"tags":[196,319,231,181,26,297,229,271,222,20,323],"class_list":["post-11755","post","type-post","status-publish","format-standard","has-post-thumbnail","hentry","category-ennakot-2023-24","tag-coachanka","tag-coachcarre","tag-coachpava","tag-grifkdamer","tag-grifkhandball","tag-playoff","tag-semifinal","tag-stellabruncrona","tag-vispelarforgrankulla","tag-dicken","tag-nsm"],"acf":[],"yoast_head":"<!-- This site is optimized with the Yoast SEO plugin v27.5 - https:\/\/yoast.com\/product\/yoast-seo-wordpress\/ -->\n<title>NSM semi 2, 10.3.: Dicken - GrIFK * 14.30 &#187; GrIFK K\u00e4sipallo Naiset<\/title>\n<meta name=\"robots\" content=\"index, follow, max-snippet:-1, max-image-preview:large, max-video-preview:-1\" \/>\n<link rel=\"canonical\" href=\"https:\/\/grifk-handball.com\/naiset\/kausi-2023-2024\/ennakot-2023-24\/nsm-semi-2-10-3-dicken-grifk-14-30\/\" \/>\n<meta property=\"og:locale\" content=\"fi_FI\" \/>\n<meta property=\"og:type\" content=\"article\" \/>\n<meta property=\"og:title\" content=\"NSM semi 2, 10.3.: Dicken - GrIFK * 14.30 &#187; GrIFK K\u00e4sipallo Naiset\" \/>\n<meta property=\"og:description\" content=\"Ser framemot att vara tillbaka! \u00c4ven om jag under s\u00e4songen har kollat och f\u00f6ljt med fr\u00e5n sidan, kan det inte j\u00e4mf\u00f6ras med k\u00e4nslan av att st\u00e5 p\u00e5 planen! Verkligen kul men ocks\u00e5 lite nerv\u00f6st att vara tillbaka! Vad har laget tr\u00e4nat p\u00e5 i veckan? Under tr\u00e4ningarna har det varit fullt fokus. I det h\u00e4r skedet [&hellip;]\" \/>\n<meta property=\"og:url\" content=\"https:\/\/grifk-handball.com\/naiset\/kausi-2023-2024\/ennakot-2023-24\/nsm-semi-2-10-3-dicken-grifk-14-30\/\" \/>\n<meta property=\"og:site_name\" content=\"GrIFK K\u00e4sipallo Naiset\" \/>\n<meta property=\"article:publisher\" content=\"https:\/\/www.facebook.com\/532444520237680\" \/>\n<meta property=\"article:published_time\" content=\"2024-03-10T09:27:31+00:00\" \/>\n<meta property=\"article:modified_time\" content=\"2024-03-11T10:26:26+00:00\" \/>\n<meta property=\"og:image\" content=\"https:\/\/grifk-handball.com\/naiset\/wp-content\/uploads\/sites\/3\/2024\/03\/IMG_2262-1030x687.jpg\" \/>\n\t<meta property=\"og:image:width\" content=\"1030\" \/>\n\t<meta property=\"og:image:height\" content=\"687\" \/>\n\t<meta property=\"og:image:type\" content=\"image\/jpeg\" \/>\n<meta name=\"author\" content=\"irajessica\" \/>\n<meta name=\"twitter:card\" content=\"summary_large_image\" \/>\n<meta name=\"twitter:label1\" content=\"Kirjoittanut\" \/>\n\t<meta name=\"twitter:data1\" content=\"irajessica\" \/>\n\t<meta name=\"twitter:label2\" content=\"Arvioitu lukuaika\" \/>\n\t<meta name=\"twitter:data2\" content=\"3 minuuttia\" \/>\n<script type=\"application\/ld+json\" class=\"yoast-schema-graph\">{\"@context\":\"https:\\\/\\\/schema.org\",\"@graph\":[{\"@type\":\"Article\",\"@id\":\"https:\\\/\\\/grifk-handball.com\\\/naiset\\\/kausi-2023-2024\\\/ennakot-2023-24\\\/nsm-semi-2-10-3-dicken-grifk-14-30\\\/#article\",\"isPartOf\":{\"@id\":\"https:\\\/\\\/grifk-handball.com\\\/naiset\\\/kausi-2023-2024\\\/ennakot-2023-24\\\/nsm-semi-2-10-3-dicken-grifk-14-30\\\/\"},\"author\":{\"name\":\"irajessica\",\"@id\":\"https:\\\/\\\/grifk-handball.com\\\/naiset\\\/#\\\/schema\\\/person\\\/833a8047457c3e753cf474b171cc90f9\"},\"headline\":\"NSM semi 2, 10.3.: Dicken &#8211; GrIFK * 14.30\",\"datePublished\":\"2024-03-10T09:27:31+00:00\",\"dateModified\":\"2024-03-11T10:26:26+00:00\",\"mainEntityOfPage\":{\"@id\":\"https:\\\/\\\/grifk-handball.com\\\/naiset\\\/kausi-2023-2024\\\/ennakot-2023-24\\\/nsm-semi-2-10-3-dicken-grifk-14-30\\\/\"},\"wordCount\":479,\"image\":{\"@id\":\"https:\\\/\\\/grifk-handball.com\\\/naiset\\\/kausi-2023-2024\\\/ennakot-2023-24\\\/nsm-semi-2-10-3-dicken-grifk-14-30\\\/#primaryimage\"},\"thumbnailUrl\":\"https:\\\/\\\/grifk-handball.com\\\/naiset\\\/wp-content\\\/uploads\\\/sites\\\/3\\\/2024\\\/03\\\/IMG_2262-scaled.jpg\",\"keywords\":[\"#CoachAnka\",\"#CoachCarre\",\"#CoachPava\",\"#GrIFKDamer\",\"#GrIFKHandball\",\"#playoff\",\"#semifinal\",\"#stellabruncrona\",\"#vispelarforgrankulla\",\"Dicken\",\"NSM\"],\"articleSection\":[\"Ennakot\"],\"inLanguage\":\"fi\"},{\"@type\":\"WebPage\",\"@id\":\"https:\\\/\\\/grifk-handball.com\\\/naiset\\\/kausi-2023-2024\\\/ennakot-2023-24\\\/nsm-semi-2-10-3-dicken-grifk-14-30\\\/\",\"url\":\"https:\\\/\\\/grifk-handball.com\\\/naiset\\\/kausi-2023-2024\\\/ennakot-2023-24\\\/nsm-semi-2-10-3-dicken-grifk-14-30\\\/\",\"name\":\"NSM semi 2, 10.3.: Dicken - GrIFK * 14.30 &#187; GrIFK K\u00e4sipallo Naiset\",\"isPartOf\":{\"@id\":\"https:\\\/\\\/grifk-handball.com\\\/naiset\\\/#website\"},\"primaryImageOfPage\":{\"@id\":\"https:\\\/\\\/grifk-handball.com\\\/naiset\\\/kausi-2023-2024\\\/ennakot-2023-24\\\/nsm-semi-2-10-3-dicken-grifk-14-30\\\/#primaryimage\"},\"image\":{\"@id\":\"https:\\\/\\\/grifk-handball.com\\\/naiset\\\/kausi-2023-2024\\\/ennakot-2023-24\\\/nsm-semi-2-10-3-dicken-grifk-14-30\\\/#primaryimage\"},\"thumbnailUrl\":\"https:\\\/\\\/grifk-handball.com\\\/naiset\\\/wp-content\\\/uploads\\\/sites\\\/3\\\/2024\\\/03\\\/IMG_2262-scaled.jpg\",\"datePublished\":\"2024-03-10T09:27:31+00:00\",\"dateModified\":\"2024-03-11T10:26:26+00:00\",\"author\":{\"@id\":\"https:\\\/\\\/grifk-handball.com\\\/naiset\\\/#\\\/schema\\\/person\\\/833a8047457c3e753cf474b171cc90f9\"},\"breadcrumb\":{\"@id\":\"https:\\\/\\\/grifk-handball.com\\\/naiset\\\/kausi-2023-2024\\\/ennakot-2023-24\\\/nsm-semi-2-10-3-dicken-grifk-14-30\\\/#breadcrumb\"},\"inLanguage\":\"fi\",\"potentialAction\":[{\"@type\":\"ReadAction\",\"target\":[\"https:\\\/\\\/grifk-handball.com\\\/naiset\\\/kausi-2023-2024\\\/ennakot-2023-24\\\/nsm-semi-2-10-3-dicken-grifk-14-30\\\/\"]}]},{\"@type\":\"ImageObject\",\"inLanguage\":\"fi\",\"@id\":\"https:\\\/\\\/grifk-handball.com\\\/naiset\\\/kausi-2023-2024\\\/ennakot-2023-24\\\/nsm-semi-2-10-3-dicken-grifk-14-30\\\/#primaryimage\",\"url\":\"https:\\\/\\\/grifk-handball.com\\\/naiset\\\/wp-content\\\/uploads\\\/sites\\\/3\\\/2024\\\/03\\\/IMG_2262-scaled.jpg\",\"contentUrl\":\"https:\\\/\\\/grifk-handball.com\\\/naiset\\\/wp-content\\\/uploads\\\/sites\\\/3\\\/2024\\\/03\\\/IMG_2262-scaled.jpg\",\"width\":2560,\"height\":1707},{\"@type\":\"BreadcrumbList\",\"@id\":\"https:\\\/\\\/grifk-handball.com\\\/naiset\\\/kausi-2023-2024\\\/ennakot-2023-24\\\/nsm-semi-2-10-3-dicken-grifk-14-30\\\/#breadcrumb\",\"itemListElement\":[{\"@type\":\"ListItem\",\"position\":1,\"name\":\"Home\",\"item\":\"https:\\\/\\\/grifk-handball.com\\\/naiset\\\/etusivu-2\\\/\"},{\"@type\":\"ListItem\",\"position\":2,\"name\":\"NSM semi 2, 10.3.: Dicken &#8211; GrIFK * 14.30\"}]},{\"@type\":\"WebSite\",\"@id\":\"https:\\\/\\\/grifk-handball.com\\\/naiset\\\/#website\",\"url\":\"https:\\\/\\\/grifk-handball.com\\\/naiset\\\/\",\"name\":\"GrIFK K\u00e4sipallo Naiset\",\"description\":\"GrIFK K\u00e4sipallo Naiset\",\"potentialAction\":[{\"@type\":\"SearchAction\",\"target\":{\"@type\":\"EntryPoint\",\"urlTemplate\":\"https:\\\/\\\/grifk-handball.com\\\/naiset\\\/?s={search_term_string}\"},\"query-input\":{\"@type\":\"PropertyValueSpecification\",\"valueRequired\":true,\"valueName\":\"search_term_string\"}}],\"inLanguage\":\"fi\"},{\"@type\":\"Person\",\"@id\":\"https:\\\/\\\/grifk-handball.com\\\/naiset\\\/#\\\/schema\\\/person\\\/833a8047457c3e753cf474b171cc90f9\",\"name\":\"irajessica\",\"image\":{\"@type\":\"ImageObject\",\"inLanguage\":\"fi\",\"@id\":\"https:\\\/\\\/secure.gravatar.com\\\/avatar\\\/a5f2f279937493405b86bf6f3fc4a412ab182fdfc4897be279322d112f394088?s=96&d=mm&r=g\",\"url\":\"https:\\\/\\\/secure.gravatar.com\\\/avatar\\\/a5f2f279937493405b86bf6f3fc4a412ab182fdfc4897be279322d112f394088?s=96&d=mm&r=g\",\"contentUrl\":\"https:\\\/\\\/secure.gravatar.com\\\/avatar\\\/a5f2f279937493405b86bf6f3fc4a412ab182fdfc4897be279322d112f394088?s=96&d=mm&r=g\",\"caption\":\"irajessica\"},\"url\":\"https:\\\/\\\/grifk-handball.com\\\/naiset\\\/author\\\/irajessica\\\/\"}]}<\/script>\n<!-- \/ Yoast SEO plugin. -->","yoast_head_json":{"title":"NSM semi 2, 10.3.: Dicken - GrIFK * 14.30 &#187; GrIFK K\u00e4sipallo Naiset","robots":{"index":"index","follow":"follow","max-snippet":"max-snippet:-1","max-image-preview":"max-image-preview:large","max-video-preview":"max-video-preview:-1"},"canonical":"https:\/\/grifk-handball.com\/naiset\/kausi-2023-2024\/ennakot-2023-24\/nsm-semi-2-10-3-dicken-grifk-14-30\/","og_locale":"fi_FI","og_type":"article","og_title":"NSM semi 2, 10.3.: Dicken - GrIFK * 14.30 &#187; GrIFK K\u00e4sipallo Naiset","og_description":"Ser framemot att vara tillbaka! \u00c4ven om jag under s\u00e4songen har kollat och f\u00f6ljt med fr\u00e5n sidan, kan det inte j\u00e4mf\u00f6ras med k\u00e4nslan av att st\u00e5 p\u00e5 planen! Verkligen kul men ocks\u00e5 lite nerv\u00f6st att vara tillbaka! Vad har laget tr\u00e4nat p\u00e5 i veckan? Under tr\u00e4ningarna har det varit fullt fokus. I det h\u00e4r skedet [&hellip;]","og_url":"https:\/\/grifk-handball.com\/naiset\/kausi-2023-2024\/ennakot-2023-24\/nsm-semi-2-10-3-dicken-grifk-14-30\/","og_site_name":"GrIFK K\u00e4sipallo Naiset","article_publisher":"https:\/\/www.facebook.com\/532444520237680","article_published_time":"2024-03-10T09:27:31+00:00","article_modified_time":"2024-03-11T10:26:26+00:00","og_image":[{"width":1030,"height":687,"url":"https:\/\/grifk-handball.com\/naiset\/wp-content\/uploads\/sites\/3\/2024\/03\/IMG_2262-1030x687.jpg","type":"image\/jpeg"}],"author":"irajessica","twitter_card":"summary_large_image","twitter_misc":{"Kirjoittanut":"irajessica","Arvioitu lukuaika":"3 minuuttia"},"schema":{"@context":"https:\/\/schema.org","@graph":[{"@type":"Article","@id":"https:\/\/grifk-handball.com\/naiset\/kausi-2023-2024\/ennakot-2023-24\/nsm-semi-2-10-3-dicken-grifk-14-30\/#article","isPartOf":{"@id":"https:\/\/grifk-handball.com\/naiset\/kausi-2023-2024\/ennakot-2023-24\/nsm-semi-2-10-3-dicken-grifk-14-30\/"},"author":{"name":"irajessica","@id":"https:\/\/grifk-handball.com\/naiset\/#\/schema\/person\/833a8047457c3e753cf474b171cc90f9"},"headline":"NSM semi 2, 10.3.: Dicken &#8211; GrIFK * 14.30","datePublished":"2024-03-10T09:27:31+00:00","dateModified":"2024-03-11T10:26:26+00:00","mainEntityOfPage":{"@id":"https:\/\/grifk-handball.com\/naiset\/kausi-2023-2024\/ennakot-2023-24\/nsm-semi-2-10-3-dicken-grifk-14-30\/"},"wordCount":479,"image":{"@id":"https:\/\/grifk-handball.com\/naiset\/kausi-2023-2024\/ennakot-2023-24\/nsm-semi-2-10-3-dicken-grifk-14-30\/#primaryimage"},"thumbnailUrl":"https:\/\/grifk-handball.com\/naiset\/wp-content\/uploads\/sites\/3\/2024\/03\/IMG_2262-scaled.jpg","keywords":["#CoachAnka","#CoachCarre","#CoachPava","#GrIFKDamer","#GrIFKHandball","#playoff","#semifinal","#stellabruncrona","#vispelarforgrankulla","Dicken","NSM"],"articleSection":["Ennakot"],"inLanguage":"fi"},{"@type":"WebPage","@id":"https:\/\/grifk-handball.com\/naiset\/kausi-2023-2024\/ennakot-2023-24\/nsm-semi-2-10-3-dicken-grifk-14-30\/","url":"https:\/\/grifk-handball.com\/naiset\/kausi-2023-2024\/ennakot-2023-24\/nsm-semi-2-10-3-dicken-grifk-14-30\/","name":"NSM semi 2, 10.3.: Dicken - GrIFK * 14.30 &#187; GrIFK K\u00e4sipallo Naiset","isPartOf":{"@id":"https:\/\/grifk-handball.com\/naiset\/#website"},"primaryImageOfPage":{"@id":"https:\/\/grifk-handball.com\/naiset\/kausi-2023-2024\/ennakot-2023-24\/nsm-semi-2-10-3-dicken-grifk-14-30\/#primaryimage"},"image":{"@id":"https:\/\/grifk-handball.com\/naiset\/kausi-2023-2024\/ennakot-2023-24\/nsm-semi-2-10-3-dicken-grifk-14-30\/#primaryimage"},"thumbnailUrl":"https:\/\/grifk-handball.com\/naiset\/wp-content\/uploads\/sites\/3\/2024\/03\/IMG_2262-scaled.jpg","datePublished":"2024-03-10T09:27:31+00:00","dateModified":"2024-03-11T10:26:26+00:00","author":{"@id":"https:\/\/grifk-handball.com\/naiset\/#\/schema\/person\/833a8047457c3e753cf474b171cc90f9"},"breadcrumb":{"@id":"https:\/\/grifk-handball.com\/naiset\/kausi-2023-2024\/ennakot-2023-24\/nsm-semi-2-10-3-dicken-grifk-14-30\/#breadcrumb"},"inLanguage":"fi","potentialAction":[{"@type":"ReadAction","target":["https:\/\/grifk-handball.com\/naiset\/kausi-2023-2024\/ennakot-2023-24\/nsm-semi-2-10-3-dicken-grifk-14-30\/"]}]},{"@type":"ImageObject","inLanguage":"fi","@id":"https:\/\/grifk-handball.com\/naiset\/kausi-2023-2024\/ennakot-2023-24\/nsm-semi-2-10-3-dicken-grifk-14-30\/#primaryimage","url":"https:\/\/grifk-handball.com\/naiset\/wp-content\/uploads\/sites\/3\/2024\/03\/IMG_2262-scaled.jpg","contentUrl":"https:\/\/grifk-handball.com\/naiset\/wp-content\/uploads\/sites\/3\/2024\/03\/IMG_2262-scaled.jpg","width":2560,"height":1707},{"@type":"BreadcrumbList","@id":"https:\/\/grifk-handball.com\/naiset\/kausi-2023-2024\/ennakot-2023-24\/nsm-semi-2-10-3-dicken-grifk-14-30\/#breadcrumb","itemListElement":[{"@type":"ListItem","position":1,"name":"Home","item":"https:\/\/grifk-handball.com\/naiset\/etusivu-2\/"},{"@type":"ListItem","position":2,"name":"NSM semi 2, 10.3.: Dicken &#8211; GrIFK * 14.30"}]},{"@type":"WebSite","@id":"https:\/\/grifk-handball.com\/naiset\/#website","url":"https:\/\/grifk-handball.com\/naiset\/","name":"GrIFK K\u00e4sipallo Naiset","description":"GrIFK K\u00e4sipallo Naiset","potentialAction":[{"@type":"SearchAction","target":{"@type":"EntryPoint","urlTemplate":"https:\/\/grifk-handball.com\/naiset\/?s={search_term_string}"},"query-input":{"@type":"PropertyValueSpecification","valueRequired":true,"valueName":"search_term_string"}}],"inLanguage":"fi"},{"@type":"Person","@id":"https:\/\/grifk-handball.com\/naiset\/#\/schema\/person\/833a8047457c3e753cf474b171cc90f9","name":"irajessica","image":{"@type":"ImageObject","inLanguage":"fi","@id":"https:\/\/secure.gravatar.com\/avatar\/a5f2f279937493405b86bf6f3fc4a412ab182fdfc4897be279322d112f394088?s=96&d=mm&r=g","url":"https:\/\/secure.gravatar.com\/avatar\/a5f2f279937493405b86bf6f3fc4a412ab182fdfc4897be279322d112f394088?s=96&d=mm&r=g","contentUrl":"https:\/\/secure.gravatar.com\/avatar\/a5f2f279937493405b86bf6f3fc4a412ab182fdfc4897be279322d112f394088?s=96&d=mm&r=g","caption":"irajessica"},"url":"https:\/\/grifk-handball.com\/naiset\/author\/irajessica\/"}]}},"jetpack_featured_media_url":"https:\/\/grifk-handball.com\/naiset\/wp-content\/uploads\/sites\/3\/2024\/03\/IMG_2262-scaled.jpg","jetpack_sharing_enabled":true,"_links":{"self":[{"href":"https:\/\/grifk-handball.com\/naiset\/wp-json\/wp\/v2\/posts\/11755","targetHints":{"allow":["GET"]}}],"collection":[{"href":"https:\/\/grifk-handball.com\/naiset\/wp-json\/wp\/v2\/posts"}],"about":[{"href":"https:\/\/grifk-handball.com\/naiset\/wp-json\/wp\/v2\/types\/post"}],"author":[{"embeddable":true,"href":"https:\/\/grifk-handball.com\/naiset\/wp-json\/wp\/v2\/users\/6"}],"replies":[{"embeddable":true,"href":"https:\/\/grifk-handball.com\/naiset\/wp-json\/wp\/v2\/comments?post=11755"}],"version-history":[{"count":5,"href":"https:\/\/grifk-handball.com\/naiset\/wp-json\/wp\/v2\/posts\/11755\/revisions"}],"predecessor-version":[{"id":11768,"href":"https:\/\/grifk-handball.com\/naiset\/wp-json\/wp\/v2\/posts\/11755\/revisions\/11768"}],"wp:featuredmedia":[{"embeddable":true,"href":"https:\/\/grifk-handball.com\/naiset\/wp-json\/wp\/v2\/media\/11757"}],"wp:attachment":[{"href":"https:\/\/grifk-handball.com\/naiset\/wp-json\/wp\/v2\/media?parent=11755"}],"wp:term":[{"taxonomy":"category","embeddable":true,"href":"https:\/\/grifk-handball.com\/naiset\/wp-json\/wp\/v2\/categories?post=11755"},{"taxonomy":"post_tag","embeddable":true,"href":"https:\/\/grifk-handball.com\/naiset\/wp-json\/wp\/v2\/tags?post=11755"}],"curies":[{"name":"wp","href":"https:\/\/api.w.org\/{rel}","templated":true}]}}