{"id":12752,"date":"2025-04-01T17:03:52","date_gmt":"2025-04-01T14:03:52","guid":{"rendered":"https:\/\/grifk-handball.com\/naiset\/?p=12752"},"modified":"2025-04-01T17:10:14","modified_gmt":"2025-04-01T14:10:14","slug":"semifinal-2-onsdag-2-4-18-00-bk-46-grifk","status":"publish","type":"post","link":"https:\/\/grifk-handball.com\/naiset\/kausi-2024-25\/ennakot-2024-25\/semifinal-2-onsdag-2-4-18-00-bk-46-grifk\/","title":{"rendered":"Semifinal 2 onsdag 2.4 * 18.00: BK-46 &#8211; GrIFK"},"content":{"rendered":"<p>Dags att \u00e5ka till Karis och forts\u00e4tta semifinalserien mot ett revanschsuget BK-46!<\/p>\n<p>Vi \u00e5ker till Karis med gott sj\u00e4lvf\u00f6rtroende efter den f\u00f6rsta semifinalen. Just nu har vi en v\u00e4ldigt god slutspelst\u00e4mning i laget!<\/p>\n<p>BK har en h\u00f6gljudd hemmapublik och vi v\u00e4ntar oss en \u00e5ttonde spelare i BK:s trupp imorgon, s\u00e5 det g\u00e4ller att vi kommer med r\u00e4tt inst\u00e4llning till matchen och forts\u00e4tter d\u00e4r vi blev p\u00e5 l\u00f6rdag!<\/p>\n<p><strong>Motst\u00e5ndarkollen: BK-46<\/strong><\/p>\n<p>BK-46 har verkligen h\u00f6jt sin niv\u00e5 under s\u00e4songen och blivit ett starkare lag i alla delomr\u00e5den. Tyv\u00e4rr har de f\u00f6r tillf\u00e4llet en del skador som g\u00f6r att de har en ganska tunn trupp, hoppas n\u00e5gra spelare kan g\u00f6ra comeback \u00e4nnu under slutspelen.<\/p>\n<p>BK-46 verkar ha l\u00e4st in sig p\u00e5 oss bra, och vi f\u00e5r se till att komma med \u00f6verraskande moment s\u00e5 att vi inte blir bortl\u00e4sta.<\/p>\n<p>I den f\u00f6rsta semifinalmatchen lyckades b\u00e5de Patricia Anckar och Jannica Kullberg med en hel del m\u00e5l, mycket i anfallsspelet kretsar kring dem. Vi f\u00e5r vara vakna p\u00e5 Jannica Kullbergs luriga skott och hennes aggressivitet i f\u00f6rsvaret.<\/p>\n<p><strong>V\u00e5r styrka \u00e4r v\u00e5rt breda material och samspel<\/strong><\/p>\n<p>V\u00e5r styrka \u00e4r absolut v\u00e5rt breda material och i den f\u00f6rsta semifinalen orkade vi h\u00e5lla ett h\u00f6gt tempo hela matchen igenom. Speciellt bra lyckades vi med andra fasen, d\u00e4r vi har blivit b\u00e4ttre p\u00e5 att samarbeta under s\u00e4songens lopp.<\/p>\n<p>Jag vill lyfta fram v\u00e5ra m\u00e5lvakter Moa och Alexandra som alltid verkar hitta en till v\u00e4xel i sitt spel inf\u00f6r slutspelen. Vi har en trygghet i att kunna plocka in den andra m\u00e5lvakten om den f\u00f6rsta inte har dagen, och kan lita p\u00e5 att n\u00e5gondera alltid g\u00f6r en bra match. Oftast har dom b\u00e5da en bra dag!<\/p>\n<p>Till mina matchrutiner h\u00f6r en morgonpromenad s\u00e5 som alla andra morgnar. Dessutom p\u00e5minner jag mig alltid om v\u00e5r &#8221;matchplan&#8221; och kollar lite video om det \u00e4nnu beh\u00f6vs, f\u00f6r att k\u00e4nna mig trygg inf\u00f6r matchen. Jag ser ocks\u00e5 till att fylla p\u00e5 med nyttig men god mat innan, s\u00e5 att jag kommer med bra energi till matchen. Just nu h\u00f6r ocks\u00e5 tejpning av andras fingrar och h\u00e4nder till min matchrutin :D. Och sist men inte minst, alltid v\u00e4nster sko f\u00f6re h\u00f6ger.<\/p>\n<p>Vi ses i Karis p\u00e5 onsdag kl. 18.00 eller via <a href=\"https:\/\/handis.tv\/grifknaiset\">Handis-tv<\/a>\u00a0!<\/p>\n<p><strong>F\u00f6lj oss g\u00e4rna!<\/strong><br \/>\nFacebook:\u00a0<a href=\"https:\/\/www.facebook.com\/grifkdamer\">Grankulla IFK Handboll Damer<\/a><br \/>\nInstagram:\u00a0<a href=\"https:\/\/www.instagram.com\/grifkdamer\/\">@grifkdamer<\/a><\/p>\n<p>Text: Johanna Hilli<br \/>\nFoto: aki_kuvaus<\/p>\n","protected":false},"excerpt":{"rendered":"<p>Dags att \u00e5ka till Karis och forts\u00e4tta semifinalserien mot ett revanschsuget BK-46! Vi \u00e5ker till Karis med gott sj\u00e4lvf\u00f6rtroende efter den f\u00f6rsta semifinalen. Just nu har vi en v\u00e4ldigt god slutspelst\u00e4mning i laget! BK har en h\u00f6gljudd hemmapublik och vi v\u00e4ntar oss en \u00e5ttonde spelare i BK:s trupp imorgon, s\u00e5 det g\u00e4ller att vi kommer [&hellip;]<\/p>\n","protected":false},"author":6,"featured_media":12759,"comment_status":"closed","ping_status":"closed","sticky":false,"template":"","format":"standard","meta":{"_acf_changed":false,"jetpack_post_was_ever_published":false,"footnotes":""},"categories":[399],"tags":[413,411,409,181,26,309,407,218,229],"class_list":["post-12752","post","type-post","status-publish","format-standard","has-post-thumbnail","hentry","category-ennakot-2024-25","tag-aktialiga","tag-aktialiiga","tag-damernas-aktialiga","tag-grifkdamer","tag-grifkhandball","tag-johanna-hilli","tag-naisten-aktialiiga","tag-otteluennakko","tag-semifinal"],"acf":[],"yoast_head":"<!-- This site is optimized with the Yoast SEO plugin v27.5 - https:\/\/yoast.com\/product\/yoast-seo-wordpress\/ -->\n<title>Semifinal 2 onsdag 2.4 * 18.00: BK-46 - GrIFK &#187; GrIFK K\u00e4sipallo Naiset<\/title>\n<meta name=\"robots\" content=\"index, follow, max-snippet:-1, max-image-preview:large, max-video-preview:-1\" \/>\n<link rel=\"canonical\" href=\"https:\/\/grifk-handball.com\/naiset\/kausi-2024-25\/ennakot-2024-25\/semifinal-2-onsdag-2-4-18-00-bk-46-grifk\/\" \/>\n<meta property=\"og:locale\" content=\"fi_FI\" \/>\n<meta property=\"og:type\" content=\"article\" \/>\n<meta property=\"og:title\" content=\"Semifinal 2 onsdag 2.4 * 18.00: BK-46 - GrIFK &#187; GrIFK K\u00e4sipallo Naiset\" \/>\n<meta property=\"og:description\" content=\"Dags att \u00e5ka till Karis och forts\u00e4tta semifinalserien mot ett revanschsuget BK-46! Vi \u00e5ker till Karis med gott sj\u00e4lvf\u00f6rtroende efter den f\u00f6rsta semifinalen. Just nu har vi en v\u00e4ldigt god slutspelst\u00e4mning i laget! BK har en h\u00f6gljudd hemmapublik och vi v\u00e4ntar oss en \u00e5ttonde spelare i BK:s trupp imorgon, s\u00e5 det g\u00e4ller att vi kommer [&hellip;]\" \/>\n<meta property=\"og:url\" content=\"https:\/\/grifk-handball.com\/naiset\/kausi-2024-25\/ennakot-2024-25\/semifinal-2-onsdag-2-4-18-00-bk-46-grifk\/\" \/>\n<meta property=\"og:site_name\" content=\"GrIFK K\u00e4sipallo Naiset\" \/>\n<meta property=\"article:publisher\" content=\"https:\/\/www.facebook.com\/532444520237680\" \/>\n<meta property=\"article:published_time\" content=\"2025-04-01T14:03:52+00:00\" \/>\n<meta property=\"article:modified_time\" content=\"2025-04-01T14:10:14+00:00\" \/>\n<meta property=\"og:image\" content=\"https:\/\/grifk-handball.com\/naiset\/wp-content\/uploads\/sites\/3\/2025\/04\/WhatsApp-Image-2025-04-01-at-16.54.11.jpeg\" \/>\n\t<meta property=\"og:image:width\" content=\"1600\" \/>\n\t<meta property=\"og:image:height\" content=\"1066\" \/>\n\t<meta property=\"og:image:type\" content=\"image\/jpeg\" \/>\n<meta name=\"author\" content=\"irajessica\" \/>\n<meta name=\"twitter:card\" content=\"summary_large_image\" \/>\n<meta name=\"twitter:label1\" content=\"Kirjoittanut\" \/>\n\t<meta name=\"twitter:data1\" content=\"irajessica\" \/>\n\t<meta name=\"twitter:label2\" content=\"Arvioitu lukuaika\" \/>\n\t<meta name=\"twitter:data2\" content=\"3 minuuttia\" \/>\n<script type=\"application\/ld+json\" class=\"yoast-schema-graph\">{\"@context\":\"https:\\\/\\\/schema.org\",\"@graph\":[{\"@type\":\"Article\",\"@id\":\"https:\\\/\\\/grifk-handball.com\\\/naiset\\\/kausi-2024-25\\\/ennakot-2024-25\\\/semifinal-2-onsdag-2-4-18-00-bk-46-grifk\\\/#article\",\"isPartOf\":{\"@id\":\"https:\\\/\\\/grifk-handball.com\\\/naiset\\\/kausi-2024-25\\\/ennakot-2024-25\\\/semifinal-2-onsdag-2-4-18-00-bk-46-grifk\\\/\"},\"author\":{\"name\":\"irajessica\",\"@id\":\"https:\\\/\\\/grifk-handball.com\\\/naiset\\\/#\\\/schema\\\/person\\\/833a8047457c3e753cf474b171cc90f9\"},\"headline\":\"Semifinal 2 onsdag 2.4 * 18.00: BK-46 &#8211; GrIFK\",\"datePublished\":\"2025-04-01T14:03:52+00:00\",\"dateModified\":\"2025-04-01T14:10:14+00:00\",\"mainEntityOfPage\":{\"@id\":\"https:\\\/\\\/grifk-handball.com\\\/naiset\\\/kausi-2024-25\\\/ennakot-2024-25\\\/semifinal-2-onsdag-2-4-18-00-bk-46-grifk\\\/\"},\"wordCount\":453,\"image\":{\"@id\":\"https:\\\/\\\/grifk-handball.com\\\/naiset\\\/kausi-2024-25\\\/ennakot-2024-25\\\/semifinal-2-onsdag-2-4-18-00-bk-46-grifk\\\/#primaryimage\"},\"thumbnailUrl\":\"https:\\\/\\\/grifk-handball.com\\\/naiset\\\/wp-content\\\/uploads\\\/sites\\\/3\\\/2025\\\/04\\\/WhatsApp-Image-2025-04-01-at-16.54.11.jpeg\",\"keywords\":[\"#Aktialiga\",\"#aktialiiga\",\"#Damernas Aktialiga\",\"#GrIFKDamer\",\"#GrIFKHandball\",\"#Johanna Hilli\",\"#Naisten Aktialiiga\",\"#otteluennakko\",\"#semifinal\"],\"articleSection\":[\"Ennakot\"],\"inLanguage\":\"fi\"},{\"@type\":\"WebPage\",\"@id\":\"https:\\\/\\\/grifk-handball.com\\\/naiset\\\/kausi-2024-25\\\/ennakot-2024-25\\\/semifinal-2-onsdag-2-4-18-00-bk-46-grifk\\\/\",\"url\":\"https:\\\/\\\/grifk-handball.com\\\/naiset\\\/kausi-2024-25\\\/ennakot-2024-25\\\/semifinal-2-onsdag-2-4-18-00-bk-46-grifk\\\/\",\"name\":\"Semifinal 2 onsdag 2.4 * 18.00: BK-46 - GrIFK &#187; GrIFK K\u00e4sipallo Naiset\",\"isPartOf\":{\"@id\":\"https:\\\/\\\/grifk-handball.com\\\/naiset\\\/#website\"},\"primaryImageOfPage\":{\"@id\":\"https:\\\/\\\/grifk-handball.com\\\/naiset\\\/kausi-2024-25\\\/ennakot-2024-25\\\/semifinal-2-onsdag-2-4-18-00-bk-46-grifk\\\/#primaryimage\"},\"image\":{\"@id\":\"https:\\\/\\\/grifk-handball.com\\\/naiset\\\/kausi-2024-25\\\/ennakot-2024-25\\\/semifinal-2-onsdag-2-4-18-00-bk-46-grifk\\\/#primaryimage\"},\"thumbnailUrl\":\"https:\\\/\\\/grifk-handball.com\\\/naiset\\\/wp-content\\\/uploads\\\/sites\\\/3\\\/2025\\\/04\\\/WhatsApp-Image-2025-04-01-at-16.54.11.jpeg\",\"datePublished\":\"2025-04-01T14:03:52+00:00\",\"dateModified\":\"2025-04-01T14:10:14+00:00\",\"author\":{\"@id\":\"https:\\\/\\\/grifk-handball.com\\\/naiset\\\/#\\\/schema\\\/person\\\/833a8047457c3e753cf474b171cc90f9\"},\"breadcrumb\":{\"@id\":\"https:\\\/\\\/grifk-handball.com\\\/naiset\\\/kausi-2024-25\\\/ennakot-2024-25\\\/semifinal-2-onsdag-2-4-18-00-bk-46-grifk\\\/#breadcrumb\"},\"inLanguage\":\"fi\",\"potentialAction\":[{\"@type\":\"ReadAction\",\"target\":[\"https:\\\/\\\/grifk-handball.com\\\/naiset\\\/kausi-2024-25\\\/ennakot-2024-25\\\/semifinal-2-onsdag-2-4-18-00-bk-46-grifk\\\/\"]}]},{\"@type\":\"ImageObject\",\"inLanguage\":\"fi\",\"@id\":\"https:\\\/\\\/grifk-handball.com\\\/naiset\\\/kausi-2024-25\\\/ennakot-2024-25\\\/semifinal-2-onsdag-2-4-18-00-bk-46-grifk\\\/#primaryimage\",\"url\":\"https:\\\/\\\/grifk-handball.com\\\/naiset\\\/wp-content\\\/uploads\\\/sites\\\/3\\\/2025\\\/04\\\/WhatsApp-Image-2025-04-01-at-16.54.11.jpeg\",\"contentUrl\":\"https:\\\/\\\/grifk-handball.com\\\/naiset\\\/wp-content\\\/uploads\\\/sites\\\/3\\\/2025\\\/04\\\/WhatsApp-Image-2025-04-01-at-16.54.11.jpeg\",\"width\":1600,\"height\":1066},{\"@type\":\"BreadcrumbList\",\"@id\":\"https:\\\/\\\/grifk-handball.com\\\/naiset\\\/kausi-2024-25\\\/ennakot-2024-25\\\/semifinal-2-onsdag-2-4-18-00-bk-46-grifk\\\/#breadcrumb\",\"itemListElement\":[{\"@type\":\"ListItem\",\"position\":1,\"name\":\"Home\",\"item\":\"https:\\\/\\\/grifk-handball.com\\\/naiset\\\/etusivu-2\\\/\"},{\"@type\":\"ListItem\",\"position\":2,\"name\":\"Semifinal 2 onsdag 2.4 * 18.00: BK-46 &#8211; GrIFK\"}]},{\"@type\":\"WebSite\",\"@id\":\"https:\\\/\\\/grifk-handball.com\\\/naiset\\\/#website\",\"url\":\"https:\\\/\\\/grifk-handball.com\\\/naiset\\\/\",\"name\":\"GrIFK K\u00e4sipallo Naiset\",\"description\":\"GrIFK K\u00e4sipallo Naiset\",\"potentialAction\":[{\"@type\":\"SearchAction\",\"target\":{\"@type\":\"EntryPoint\",\"urlTemplate\":\"https:\\\/\\\/grifk-handball.com\\\/naiset\\\/?s={search_term_string}\"},\"query-input\":{\"@type\":\"PropertyValueSpecification\",\"valueRequired\":true,\"valueName\":\"search_term_string\"}}],\"inLanguage\":\"fi\"},{\"@type\":\"Person\",\"@id\":\"https:\\\/\\\/grifk-handball.com\\\/naiset\\\/#\\\/schema\\\/person\\\/833a8047457c3e753cf474b171cc90f9\",\"name\":\"irajessica\",\"image\":{\"@type\":\"ImageObject\",\"inLanguage\":\"fi\",\"@id\":\"https:\\\/\\\/secure.gravatar.com\\\/avatar\\\/a5f2f279937493405b86bf6f3fc4a412ab182fdfc4897be279322d112f394088?s=96&d=mm&r=g\",\"url\":\"https:\\\/\\\/secure.gravatar.com\\\/avatar\\\/a5f2f279937493405b86bf6f3fc4a412ab182fdfc4897be279322d112f394088?s=96&d=mm&r=g\",\"contentUrl\":\"https:\\\/\\\/secure.gravatar.com\\\/avatar\\\/a5f2f279937493405b86bf6f3fc4a412ab182fdfc4897be279322d112f394088?s=96&d=mm&r=g\",\"caption\":\"irajessica\"},\"url\":\"https:\\\/\\\/grifk-handball.com\\\/naiset\\\/author\\\/irajessica\\\/\"}]}<\/script>\n<!-- \/ Yoast SEO plugin. -->","yoast_head_json":{"title":"Semifinal 2 onsdag 2.4 * 18.00: BK-46 - GrIFK &#187; GrIFK K\u00e4sipallo Naiset","robots":{"index":"index","follow":"follow","max-snippet":"max-snippet:-1","max-image-preview":"max-image-preview:large","max-video-preview":"max-video-preview:-1"},"canonical":"https:\/\/grifk-handball.com\/naiset\/kausi-2024-25\/ennakot-2024-25\/semifinal-2-onsdag-2-4-18-00-bk-46-grifk\/","og_locale":"fi_FI","og_type":"article","og_title":"Semifinal 2 onsdag 2.4 * 18.00: BK-46 - GrIFK &#187; GrIFK K\u00e4sipallo Naiset","og_description":"Dags att \u00e5ka till Karis och forts\u00e4tta semifinalserien mot ett revanschsuget BK-46! Vi \u00e5ker till Karis med gott sj\u00e4lvf\u00f6rtroende efter den f\u00f6rsta semifinalen. Just nu har vi en v\u00e4ldigt god slutspelst\u00e4mning i laget! BK har en h\u00f6gljudd hemmapublik och vi v\u00e4ntar oss en \u00e5ttonde spelare i BK:s trupp imorgon, s\u00e5 det g\u00e4ller att vi kommer [&hellip;]","og_url":"https:\/\/grifk-handball.com\/naiset\/kausi-2024-25\/ennakot-2024-25\/semifinal-2-onsdag-2-4-18-00-bk-46-grifk\/","og_site_name":"GrIFK K\u00e4sipallo Naiset","article_publisher":"https:\/\/www.facebook.com\/532444520237680","article_published_time":"2025-04-01T14:03:52+00:00","article_modified_time":"2025-04-01T14:10:14+00:00","og_image":[{"width":1600,"height":1066,"url":"https:\/\/grifk-handball.com\/naiset\/wp-content\/uploads\/sites\/3\/2025\/04\/WhatsApp-Image-2025-04-01-at-16.54.11.jpeg","type":"image\/jpeg"}],"author":"irajessica","twitter_card":"summary_large_image","twitter_misc":{"Kirjoittanut":"irajessica","Arvioitu lukuaika":"3 minuuttia"},"schema":{"@context":"https:\/\/schema.org","@graph":[{"@type":"Article","@id":"https:\/\/grifk-handball.com\/naiset\/kausi-2024-25\/ennakot-2024-25\/semifinal-2-onsdag-2-4-18-00-bk-46-grifk\/#article","isPartOf":{"@id":"https:\/\/grifk-handball.com\/naiset\/kausi-2024-25\/ennakot-2024-25\/semifinal-2-onsdag-2-4-18-00-bk-46-grifk\/"},"author":{"name":"irajessica","@id":"https:\/\/grifk-handball.com\/naiset\/#\/schema\/person\/833a8047457c3e753cf474b171cc90f9"},"headline":"Semifinal 2 onsdag 2.4 * 18.00: BK-46 &#8211; GrIFK","datePublished":"2025-04-01T14:03:52+00:00","dateModified":"2025-04-01T14:10:14+00:00","mainEntityOfPage":{"@id":"https:\/\/grifk-handball.com\/naiset\/kausi-2024-25\/ennakot-2024-25\/semifinal-2-onsdag-2-4-18-00-bk-46-grifk\/"},"wordCount":453,"image":{"@id":"https:\/\/grifk-handball.com\/naiset\/kausi-2024-25\/ennakot-2024-25\/semifinal-2-onsdag-2-4-18-00-bk-46-grifk\/#primaryimage"},"thumbnailUrl":"https:\/\/grifk-handball.com\/naiset\/wp-content\/uploads\/sites\/3\/2025\/04\/WhatsApp-Image-2025-04-01-at-16.54.11.jpeg","keywords":["#Aktialiga","#aktialiiga","#Damernas Aktialiga","#GrIFKDamer","#GrIFKHandball","#Johanna Hilli","#Naisten Aktialiiga","#otteluennakko","#semifinal"],"articleSection":["Ennakot"],"inLanguage":"fi"},{"@type":"WebPage","@id":"https:\/\/grifk-handball.com\/naiset\/kausi-2024-25\/ennakot-2024-25\/semifinal-2-onsdag-2-4-18-00-bk-46-grifk\/","url":"https:\/\/grifk-handball.com\/naiset\/kausi-2024-25\/ennakot-2024-25\/semifinal-2-onsdag-2-4-18-00-bk-46-grifk\/","name":"Semifinal 2 onsdag 2.4 * 18.00: BK-46 - GrIFK &#187; GrIFK K\u00e4sipallo Naiset","isPartOf":{"@id":"https:\/\/grifk-handball.com\/naiset\/#website"},"primaryImageOfPage":{"@id":"https:\/\/grifk-handball.com\/naiset\/kausi-2024-25\/ennakot-2024-25\/semifinal-2-onsdag-2-4-18-00-bk-46-grifk\/#primaryimage"},"image":{"@id":"https:\/\/grifk-handball.com\/naiset\/kausi-2024-25\/ennakot-2024-25\/semifinal-2-onsdag-2-4-18-00-bk-46-grifk\/#primaryimage"},"thumbnailUrl":"https:\/\/grifk-handball.com\/naiset\/wp-content\/uploads\/sites\/3\/2025\/04\/WhatsApp-Image-2025-04-01-at-16.54.11.jpeg","datePublished":"2025-04-01T14:03:52+00:00","dateModified":"2025-04-01T14:10:14+00:00","author":{"@id":"https:\/\/grifk-handball.com\/naiset\/#\/schema\/person\/833a8047457c3e753cf474b171cc90f9"},"breadcrumb":{"@id":"https:\/\/grifk-handball.com\/naiset\/kausi-2024-25\/ennakot-2024-25\/semifinal-2-onsdag-2-4-18-00-bk-46-grifk\/#breadcrumb"},"inLanguage":"fi","potentialAction":[{"@type":"ReadAction","target":["https:\/\/grifk-handball.com\/naiset\/kausi-2024-25\/ennakot-2024-25\/semifinal-2-onsdag-2-4-18-00-bk-46-grifk\/"]}]},{"@type":"ImageObject","inLanguage":"fi","@id":"https:\/\/grifk-handball.com\/naiset\/kausi-2024-25\/ennakot-2024-25\/semifinal-2-onsdag-2-4-18-00-bk-46-grifk\/#primaryimage","url":"https:\/\/grifk-handball.com\/naiset\/wp-content\/uploads\/sites\/3\/2025\/04\/WhatsApp-Image-2025-04-01-at-16.54.11.jpeg","contentUrl":"https:\/\/grifk-handball.com\/naiset\/wp-content\/uploads\/sites\/3\/2025\/04\/WhatsApp-Image-2025-04-01-at-16.54.11.jpeg","width":1600,"height":1066},{"@type":"BreadcrumbList","@id":"https:\/\/grifk-handball.com\/naiset\/kausi-2024-25\/ennakot-2024-25\/semifinal-2-onsdag-2-4-18-00-bk-46-grifk\/#breadcrumb","itemListElement":[{"@type":"ListItem","position":1,"name":"Home","item":"https:\/\/grifk-handball.com\/naiset\/etusivu-2\/"},{"@type":"ListItem","position":2,"name":"Semifinal 2 onsdag 2.4 * 18.00: BK-46 &#8211; GrIFK"}]},{"@type":"WebSite","@id":"https:\/\/grifk-handball.com\/naiset\/#website","url":"https:\/\/grifk-handball.com\/naiset\/","name":"GrIFK K\u00e4sipallo Naiset","description":"GrIFK K\u00e4sipallo Naiset","potentialAction":[{"@type":"SearchAction","target":{"@type":"EntryPoint","urlTemplate":"https:\/\/grifk-handball.com\/naiset\/?s={search_term_string}"},"query-input":{"@type":"PropertyValueSpecification","valueRequired":true,"valueName":"search_term_string"}}],"inLanguage":"fi"},{"@type":"Person","@id":"https:\/\/grifk-handball.com\/naiset\/#\/schema\/person\/833a8047457c3e753cf474b171cc90f9","name":"irajessica","image":{"@type":"ImageObject","inLanguage":"fi","@id":"https:\/\/secure.gravatar.com\/avatar\/a5f2f279937493405b86bf6f3fc4a412ab182fdfc4897be279322d112f394088?s=96&d=mm&r=g","url":"https:\/\/secure.gravatar.com\/avatar\/a5f2f279937493405b86bf6f3fc4a412ab182fdfc4897be279322d112f394088?s=96&d=mm&r=g","contentUrl":"https:\/\/secure.gravatar.com\/avatar\/a5f2f279937493405b86bf6f3fc4a412ab182fdfc4897be279322d112f394088?s=96&d=mm&r=g","caption":"irajessica"},"url":"https:\/\/grifk-handball.com\/naiset\/author\/irajessica\/"}]}},"jetpack_featured_media_url":"https:\/\/grifk-handball.com\/naiset\/wp-content\/uploads\/sites\/3\/2025\/04\/WhatsApp-Image-2025-04-01-at-16.54.11.jpeg","jetpack_sharing_enabled":true,"_links":{"self":[{"href":"https:\/\/grifk-handball.com\/naiset\/wp-json\/wp\/v2\/posts\/12752","targetHints":{"allow":["GET"]}}],"collection":[{"href":"https:\/\/grifk-handball.com\/naiset\/wp-json\/wp\/v2\/posts"}],"about":[{"href":"https:\/\/grifk-handball.com\/naiset\/wp-json\/wp\/v2\/types\/post"}],"author":[{"embeddable":true,"href":"https:\/\/grifk-handball.com\/naiset\/wp-json\/wp\/v2\/users\/6"}],"replies":[{"embeddable":true,"href":"https:\/\/grifk-handball.com\/naiset\/wp-json\/wp\/v2\/comments?post=12752"}],"version-history":[{"count":3,"href":"https:\/\/grifk-handball.com\/naiset\/wp-json\/wp\/v2\/posts\/12752\/revisions"}],"predecessor-version":[{"id":12758,"href":"https:\/\/grifk-handball.com\/naiset\/wp-json\/wp\/v2\/posts\/12752\/revisions\/12758"}],"wp:featuredmedia":[{"embeddable":true,"href":"https:\/\/grifk-handball.com\/naiset\/wp-json\/wp\/v2\/media\/12759"}],"wp:attachment":[{"href":"https:\/\/grifk-handball.com\/naiset\/wp-json\/wp\/v2\/media?parent=12752"}],"wp:term":[{"taxonomy":"category","embeddable":true,"href":"https:\/\/grifk-handball.com\/naiset\/wp-json\/wp\/v2\/categories?post=12752"},{"taxonomy":"post_tag","embeddable":true,"href":"https:\/\/grifk-handball.com\/naiset\/wp-json\/wp\/v2\/tags?post=12752"}],"curies":[{"name":"wp","href":"https:\/\/api.w.org\/{rel}","templated":true}]}}