{"id":13104,"date":"2025-09-05T09:47:47","date_gmt":"2025-09-05T06:47:47","guid":{"rendered":"https:\/\/grifk-handball.com\/naiset\/?p=13104"},"modified":"2025-09-05T09:48:38","modified_gmt":"2025-09-05T06:48:38","slug":"kotiottelu-6-9-2025-13-30-grifk-vs-dicken","status":"publish","type":"post","link":"https:\/\/grifk-handball.com\/naiset\/kausi-2025-26\/ennakot-2025-26\/kotiottelu-6-9-2025-13-30-grifk-vs-dicken\/","title":{"rendered":"Kotiottelu 6.9.2025 * 13.30 GrIFK vs Dicken"},"content":{"rendered":"<p>Kaudenavaus on k\u00e4sill\u00e4! \ud83e\udd29\ud83d\ude0d Avaamme alkavan kauden 2025\u20132026 kotikent\u00e4ll\u00e4 lauantaina, kun viime vuoden pronssijoukkue Dicken saapuu vieraaksemme Luolaan. Tunnelma joukkueessmme on latautunut ja innostunut!<\/p>\n<p>Takana on pitk\u00e4 harjoituskausi, johon on sis\u00e4ltynyt pallotreenien lis\u00e4ksi paljon fysiikka- ja juoksuharjoituksia. P\u00e4\u00e4timme harjoituskauden onnistuneeseen yst\u00e4vyysturnaukseen Liettuassa. Olemme keskittyneet erityisesti erilaisten\u00a0 puolustusvaihtoehtojen omaksumiseen sek\u00e4 nopeiden vastahy\u00f6kk\u00e4yksien hiomiseen. Itse olen keskittynyt yhteispelin l\u00f6yt\u00e4miseen uusien pelaajien kanssa sek\u00e4 oman puolustuspelini vahvistamiseen.<\/p>\n<p>Granin joukkueesta haluan nostaa esiin <strong>Cecilia Heinrichsin<\/strong>. H\u00e4n p\u00e4\u00e4see aloittamaan pelit uudessa joukkueessa kohtaamalla kasvattiseuransa, mik\u00e4 ei varmasti ole helpoin tapa aloittaa kausi. Cessi tulee varmasti kuitenkin selviytym\u00e4\u00e4n siit\u00e4 hienosti, sill\u00e4 h\u00e4n on vahva vastaisku- ja puolustuspelaaja. Lis\u00e4ksi h\u00e4n levitt\u00e4\u00e4 positiivista energiaa kaikille ymp\u00e4rill\u00e4\u00e4n!<\/p>\n<p>Dickenin kokoonpanosta on l\u00e4htenyt useita kokeneita ja rutinoituneita pelaajia, joten vastaan asettuu varmasti nuori, n\u00e4lk\u00e4inen joukkue, joka ei ole meille tuttu entuudestaan. Joukkue pyrkii pelaamaan vauhdikasta k\u00e4sipalloa ja ennen kaikkea 9M-pelaajat haluavat hy\u00f6dynt\u00e4\u00e4 nopean pelin luomaa tilaa puolustuksessamme. Dickenist\u00e4 haluan nostaa esiin <strong>Malena Heikkisen<\/strong>. H\u00e4n on todella vaarallinen heitt\u00e4j\u00e4 ja vahva 1 vs 1 -pelaaja. Moni asia Dickenin hy\u00f6kk\u00e4yksess\u00e4 l\u00e4htee liikkeelle tai p\u00e4\u00e4ttyy Maleenaan.<\/p>\n<p>Minulla ei ole kovin monia rutiineja ennen peli\u00e4, mutta t\u00e4rkein niist\u00e4 on se, ett\u00e4 is\u00e4ni tuo minulle Poweraden ennen ottelun alkua!! Sy\u00f6n\u00a0 my\u00f6s hyv\u00e4n aamiaisen ja jotain pient\u00e4 hallilla ennen ottelun alkua, mieluiten jugurttia. P\u00e4\u00e4t\u00e4n l\u00e4mmittelyn yleens\u00e4 haastamalla Johannan juoksu- ja harhautuskisaan.<\/p>\n<p>Toivottavasti mahdollisimman moni l\u00f6yt\u00e4\u00e4 tiens\u00e4 hallille lauantaina klo 13.30 kannustamaan meid\u00e4t voittoon! \ud83d\ude4c<\/p>\n<h5>Katso ottelu HandisTV:st\u00e4<\/h5>\n<p>Mik\u00e4li et p\u00e4\u00e4se paikalle Luolaan, voit seurata ottelua <a href=\"https:\/\/handis.tv\/grifknaiset\">Handis-tv<\/a>:st\u00e4\u00a0hintaan\u00a06,90\u20ac\/ottelu tai 9,90\u20ac\/kuukausi. 76\u20ac:lla n\u00e4et kaikki Naisten Aktiassa pelattavat ottelut, hintaan sis\u00e4ltyv\u00e4t my\u00f6s finaalit.\u00a0Osa summasta ohjautuu joukkueellemme \u2013 iso kiitos tuestasi!<\/p>\n<h5><strong>Seuraa meit\u00e4!<\/strong><\/h5>\n<p class=\"\" data-start=\"1232\" data-end=\"1305\"><strong data-start=\"1232\" data-end=\"1245\">Facebook:<\/strong>\u00a0<a href=\"https:\/\/www.facebook.com\/grifkdamer\">Grankulla IFK Handboll Damer<\/a><br data-start=\"1274\" data-end=\"1277\" \/><strong data-start=\"1277\" data-end=\"1291\">Instagram:<\/strong>\u00a0<a href=\"https:\/\/www.instagram.com\/grifkdamer\/\">@grifkdamer<\/a><\/p>\n<p class=\"\" data-start=\"1307\" data-end=\"1361\"><strong data-start=\"1307\" data-end=\"1318\">Teksti:<\/strong> Greta Wir\u00e9n<br data-start=\"1336\" data-end=\"1339\" \/><strong data-start=\"1339\" data-end=\"1348\">Kuva:<\/strong>\u00a0aki_kuvaus<\/p>\n","protected":false},"excerpt":{"rendered":"<p>Kaudenavaus on k\u00e4sill\u00e4! \ud83e\udd29\ud83d\ude0d Avaamme alkavan kauden 2025\u20132026 kotikent\u00e4ll\u00e4 lauantaina, kun viime vuoden pronssijoukkue Dicken saapuu vieraaksemme Luolaan. Tunnelma joukkueessmme on latautunut ja innostunut! Takana on pitk\u00e4 harjoituskausi, johon on sis\u00e4ltynyt pallotreenien lis\u00e4ksi paljon fysiikka- ja juoksuharjoituksia. P\u00e4\u00e4timme harjoituskauden onnistuneeseen yst\u00e4vyysturnaukseen Liettuassa. Olemme keskittyneet erityisesti erilaisten\u00a0 puolustusvaihtoehtojen omaksumiseen sek\u00e4 nopeiden vastahy\u00f6kk\u00e4yksien hiomiseen. Itse olen keskittynyt [&hellip;]<\/p>\n","protected":false},"author":12,"featured_media":13105,"comment_status":"closed","ping_status":"closed","sticky":false,"template":"","format":"standard","meta":{"_acf_changed":false,"jetpack_post_was_ever_published":false,"footnotes":""},"categories":[457,1],"tags":[413,411,409,353,181,26,407,218,37],"class_list":["post-13104","post","type-post","status-publish","format-standard","has-post-thumbnail","hentry","category-ennakot-2025-26","category-uutiset","tag-aktialiga","tag-aktialiiga","tag-damernas-aktialiga","tag-greta-wiren","tag-grifkdamer","tag-grifkhandball","tag-naisten-aktialiiga","tag-otteluennakko","tag-runkosarja"],"acf":[],"yoast_head":"<!-- This site is optimized with the Yoast SEO plugin v27.5 - https:\/\/yoast.com\/product\/yoast-seo-wordpress\/ -->\n<title>Kotiottelu 6.9.2025 * 13.30 GrIFK vs Dicken &#187; GrIFK K\u00e4sipallo Naiset<\/title>\n<meta name=\"robots\" content=\"index, follow, max-snippet:-1, max-image-preview:large, max-video-preview:-1\" \/>\n<link rel=\"canonical\" href=\"https:\/\/grifk-handball.com\/naiset\/kausi-2025-26\/ennakot-2025-26\/kotiottelu-6-9-2025-13-30-grifk-vs-dicken\/\" \/>\n<meta property=\"og:locale\" content=\"fi_FI\" \/>\n<meta property=\"og:type\" content=\"article\" \/>\n<meta property=\"og:title\" content=\"Kotiottelu 6.9.2025 * 13.30 GrIFK vs Dicken &#187; GrIFK K\u00e4sipallo Naiset\" \/>\n<meta property=\"og:description\" content=\"Kaudenavaus on k\u00e4sill\u00e4! \ud83e\udd29\ud83d\ude0d Avaamme alkavan kauden 2025\u20132026 kotikent\u00e4ll\u00e4 lauantaina, kun viime vuoden pronssijoukkue Dicken saapuu vieraaksemme Luolaan. Tunnelma joukkueessmme on latautunut ja innostunut! Takana on pitk\u00e4 harjoituskausi, johon on sis\u00e4ltynyt pallotreenien lis\u00e4ksi paljon fysiikka- ja juoksuharjoituksia. P\u00e4\u00e4timme harjoituskauden onnistuneeseen yst\u00e4vyysturnaukseen Liettuassa. Olemme keskittyneet erityisesti erilaisten\u00a0 puolustusvaihtoehtojen omaksumiseen sek\u00e4 nopeiden vastahy\u00f6kk\u00e4yksien hiomiseen. Itse olen keskittynyt [&hellip;]\" \/>\n<meta property=\"og:url\" content=\"https:\/\/grifk-handball.com\/naiset\/kausi-2025-26\/ennakot-2025-26\/kotiottelu-6-9-2025-13-30-grifk-vs-dicken\/\" \/>\n<meta property=\"og:site_name\" content=\"GrIFK K\u00e4sipallo Naiset\" \/>\n<meta property=\"article:publisher\" content=\"https:\/\/www.facebook.com\/532444520237680\" \/>\n<meta property=\"article:published_time\" content=\"2025-09-05T06:47:47+00:00\" \/>\n<meta property=\"article:modified_time\" content=\"2025-09-05T06:48:38+00:00\" \/>\n<meta property=\"og:image\" content=\"https:\/\/grifk-handball.com\/naiset\/wp-content\/uploads\/sites\/3\/2025\/09\/B7A3603-1030x687.jpg\" \/>\n\t<meta property=\"og:image:width\" content=\"1030\" \/>\n\t<meta property=\"og:image:height\" content=\"687\" \/>\n\t<meta property=\"og:image:type\" content=\"image\/jpeg\" \/>\n<meta name=\"author\" content=\"Ellen\" \/>\n<meta name=\"twitter:card\" content=\"summary_large_image\" \/>\n<meta name=\"twitter:label1\" content=\"Kirjoittanut\" \/>\n\t<meta name=\"twitter:data1\" content=\"Ellen\" \/>\n<script type=\"application\/ld+json\" class=\"yoast-schema-graph\">{\"@context\":\"https:\\\/\\\/schema.org\",\"@graph\":[{\"@type\":\"Article\",\"@id\":\"https:\\\/\\\/grifk-handball.com\\\/naiset\\\/kausi-2025-26\\\/ennakot-2025-26\\\/kotiottelu-6-9-2025-13-30-grifk-vs-dicken\\\/#article\",\"isPartOf\":{\"@id\":\"https:\\\/\\\/grifk-handball.com\\\/naiset\\\/kausi-2025-26\\\/ennakot-2025-26\\\/kotiottelu-6-9-2025-13-30-grifk-vs-dicken\\\/\"},\"author\":{\"name\":\"Ellen\",\"@id\":\"https:\\\/\\\/grifk-handball.com\\\/naiset\\\/#\\\/schema\\\/person\\\/4ab70210cc3dec0bdbb99cc4d3388a15\"},\"headline\":\"Kotiottelu 6.9.2025 * 13.30 GrIFK vs Dicken\",\"datePublished\":\"2025-09-05T06:47:47+00:00\",\"dateModified\":\"2025-09-05T06:48:38+00:00\",\"mainEntityOfPage\":{\"@id\":\"https:\\\/\\\/grifk-handball.com\\\/naiset\\\/kausi-2025-26\\\/ennakot-2025-26\\\/kotiottelu-6-9-2025-13-30-grifk-vs-dicken\\\/\"},\"wordCount\":322,\"image\":{\"@id\":\"https:\\\/\\\/grifk-handball.com\\\/naiset\\\/kausi-2025-26\\\/ennakot-2025-26\\\/kotiottelu-6-9-2025-13-30-grifk-vs-dicken\\\/#primaryimage\"},\"thumbnailUrl\":\"https:\\\/\\\/grifk-handball.com\\\/naiset\\\/wp-content\\\/uploads\\\/sites\\\/3\\\/2025\\\/09\\\/B7A3603-scaled.jpg\",\"keywords\":[\"#Aktialiga\",\"#aktialiiga\",\"#Damernas Aktialiga\",\"#Greta Wir\u00e9n\",\"#GrIFKDamer\",\"#GrIFKHandball\",\"#Naisten Aktialiiga\",\"#otteluennakko\",\"Runkosarja\"],\"articleSection\":[\"Ennakot 2025-26\",\"Uutiset\"],\"inLanguage\":\"fi\"},{\"@type\":\"WebPage\",\"@id\":\"https:\\\/\\\/grifk-handball.com\\\/naiset\\\/kausi-2025-26\\\/ennakot-2025-26\\\/kotiottelu-6-9-2025-13-30-grifk-vs-dicken\\\/\",\"url\":\"https:\\\/\\\/grifk-handball.com\\\/naiset\\\/kausi-2025-26\\\/ennakot-2025-26\\\/kotiottelu-6-9-2025-13-30-grifk-vs-dicken\\\/\",\"name\":\"Kotiottelu 6.9.2025 * 13.30 GrIFK vs Dicken &#187; GrIFK K\u00e4sipallo Naiset\",\"isPartOf\":{\"@id\":\"https:\\\/\\\/grifk-handball.com\\\/naiset\\\/#website\"},\"primaryImageOfPage\":{\"@id\":\"https:\\\/\\\/grifk-handball.com\\\/naiset\\\/kausi-2025-26\\\/ennakot-2025-26\\\/kotiottelu-6-9-2025-13-30-grifk-vs-dicken\\\/#primaryimage\"},\"image\":{\"@id\":\"https:\\\/\\\/grifk-handball.com\\\/naiset\\\/kausi-2025-26\\\/ennakot-2025-26\\\/kotiottelu-6-9-2025-13-30-grifk-vs-dicken\\\/#primaryimage\"},\"thumbnailUrl\":\"https:\\\/\\\/grifk-handball.com\\\/naiset\\\/wp-content\\\/uploads\\\/sites\\\/3\\\/2025\\\/09\\\/B7A3603-scaled.jpg\",\"datePublished\":\"2025-09-05T06:47:47+00:00\",\"dateModified\":\"2025-09-05T06:48:38+00:00\",\"author\":{\"@id\":\"https:\\\/\\\/grifk-handball.com\\\/naiset\\\/#\\\/schema\\\/person\\\/4ab70210cc3dec0bdbb99cc4d3388a15\"},\"breadcrumb\":{\"@id\":\"https:\\\/\\\/grifk-handball.com\\\/naiset\\\/kausi-2025-26\\\/ennakot-2025-26\\\/kotiottelu-6-9-2025-13-30-grifk-vs-dicken\\\/#breadcrumb\"},\"inLanguage\":\"fi\",\"potentialAction\":[{\"@type\":\"ReadAction\",\"target\":[\"https:\\\/\\\/grifk-handball.com\\\/naiset\\\/kausi-2025-26\\\/ennakot-2025-26\\\/kotiottelu-6-9-2025-13-30-grifk-vs-dicken\\\/\"]}]},{\"@type\":\"ImageObject\",\"inLanguage\":\"fi\",\"@id\":\"https:\\\/\\\/grifk-handball.com\\\/naiset\\\/kausi-2025-26\\\/ennakot-2025-26\\\/kotiottelu-6-9-2025-13-30-grifk-vs-dicken\\\/#primaryimage\",\"url\":\"https:\\\/\\\/grifk-handball.com\\\/naiset\\\/wp-content\\\/uploads\\\/sites\\\/3\\\/2025\\\/09\\\/B7A3603-scaled.jpg\",\"contentUrl\":\"https:\\\/\\\/grifk-handball.com\\\/naiset\\\/wp-content\\\/uploads\\\/sites\\\/3\\\/2025\\\/09\\\/B7A3603-scaled.jpg\",\"width\":2560,\"height\":1707},{\"@type\":\"BreadcrumbList\",\"@id\":\"https:\\\/\\\/grifk-handball.com\\\/naiset\\\/kausi-2025-26\\\/ennakot-2025-26\\\/kotiottelu-6-9-2025-13-30-grifk-vs-dicken\\\/#breadcrumb\",\"itemListElement\":[{\"@type\":\"ListItem\",\"position\":1,\"name\":\"Home\",\"item\":\"https:\\\/\\\/grifk-handball.com\\\/naiset\\\/etusivu-2\\\/\"},{\"@type\":\"ListItem\",\"position\":2,\"name\":\"Kotiottelu 6.9.2025 * 13.30 GrIFK vs Dicken\"}]},{\"@type\":\"WebSite\",\"@id\":\"https:\\\/\\\/grifk-handball.com\\\/naiset\\\/#website\",\"url\":\"https:\\\/\\\/grifk-handball.com\\\/naiset\\\/\",\"name\":\"GrIFK K\u00e4sipallo Naiset\",\"description\":\"GrIFK K\u00e4sipallo Naiset\",\"potentialAction\":[{\"@type\":\"SearchAction\",\"target\":{\"@type\":\"EntryPoint\",\"urlTemplate\":\"https:\\\/\\\/grifk-handball.com\\\/naiset\\\/?s={search_term_string}\"},\"query-input\":{\"@type\":\"PropertyValueSpecification\",\"valueRequired\":true,\"valueName\":\"search_term_string\"}}],\"inLanguage\":\"fi\"},{\"@type\":\"Person\",\"@id\":\"https:\\\/\\\/grifk-handball.com\\\/naiset\\\/#\\\/schema\\\/person\\\/4ab70210cc3dec0bdbb99cc4d3388a15\",\"name\":\"Ellen\",\"image\":{\"@type\":\"ImageObject\",\"inLanguage\":\"fi\",\"@id\":\"https:\\\/\\\/secure.gravatar.com\\\/avatar\\\/396880c508552a2dd3d57b0f9a5f359464f2c496546a922dfec87788c1fa4504?s=96&d=mm&r=g\",\"url\":\"https:\\\/\\\/secure.gravatar.com\\\/avatar\\\/396880c508552a2dd3d57b0f9a5f359464f2c496546a922dfec87788c1fa4504?s=96&d=mm&r=g\",\"contentUrl\":\"https:\\\/\\\/secure.gravatar.com\\\/avatar\\\/396880c508552a2dd3d57b0f9a5f359464f2c496546a922dfec87788c1fa4504?s=96&d=mm&r=g\",\"caption\":\"Ellen\"},\"url\":\"https:\\\/\\\/grifk-handball.com\\\/naiset\\\/author\\\/elleneskelin\\\/\"}]}<\/script>\n<!-- \/ Yoast SEO plugin. -->","yoast_head_json":{"title":"Kotiottelu 6.9.2025 * 13.30 GrIFK vs Dicken &#187; GrIFK K\u00e4sipallo Naiset","robots":{"index":"index","follow":"follow","max-snippet":"max-snippet:-1","max-image-preview":"max-image-preview:large","max-video-preview":"max-video-preview:-1"},"canonical":"https:\/\/grifk-handball.com\/naiset\/kausi-2025-26\/ennakot-2025-26\/kotiottelu-6-9-2025-13-30-grifk-vs-dicken\/","og_locale":"fi_FI","og_type":"article","og_title":"Kotiottelu 6.9.2025 * 13.30 GrIFK vs Dicken &#187; GrIFK K\u00e4sipallo Naiset","og_description":"Kaudenavaus on k\u00e4sill\u00e4! \ud83e\udd29\ud83d\ude0d Avaamme alkavan kauden 2025\u20132026 kotikent\u00e4ll\u00e4 lauantaina, kun viime vuoden pronssijoukkue Dicken saapuu vieraaksemme Luolaan. Tunnelma joukkueessmme on latautunut ja innostunut! Takana on pitk\u00e4 harjoituskausi, johon on sis\u00e4ltynyt pallotreenien lis\u00e4ksi paljon fysiikka- ja juoksuharjoituksia. P\u00e4\u00e4timme harjoituskauden onnistuneeseen yst\u00e4vyysturnaukseen Liettuassa. Olemme keskittyneet erityisesti erilaisten\u00a0 puolustusvaihtoehtojen omaksumiseen sek\u00e4 nopeiden vastahy\u00f6kk\u00e4yksien hiomiseen. Itse olen keskittynyt [&hellip;]","og_url":"https:\/\/grifk-handball.com\/naiset\/kausi-2025-26\/ennakot-2025-26\/kotiottelu-6-9-2025-13-30-grifk-vs-dicken\/","og_site_name":"GrIFK K\u00e4sipallo Naiset","article_publisher":"https:\/\/www.facebook.com\/532444520237680","article_published_time":"2025-09-05T06:47:47+00:00","article_modified_time":"2025-09-05T06:48:38+00:00","og_image":[{"width":1030,"height":687,"url":"https:\/\/grifk-handball.com\/naiset\/wp-content\/uploads\/sites\/3\/2025\/09\/B7A3603-1030x687.jpg","type":"image\/jpeg"}],"author":"Ellen","twitter_card":"summary_large_image","twitter_misc":{"Kirjoittanut":"Ellen"},"schema":{"@context":"https:\/\/schema.org","@graph":[{"@type":"Article","@id":"https:\/\/grifk-handball.com\/naiset\/kausi-2025-26\/ennakot-2025-26\/kotiottelu-6-9-2025-13-30-grifk-vs-dicken\/#article","isPartOf":{"@id":"https:\/\/grifk-handball.com\/naiset\/kausi-2025-26\/ennakot-2025-26\/kotiottelu-6-9-2025-13-30-grifk-vs-dicken\/"},"author":{"name":"Ellen","@id":"https:\/\/grifk-handball.com\/naiset\/#\/schema\/person\/4ab70210cc3dec0bdbb99cc4d3388a15"},"headline":"Kotiottelu 6.9.2025 * 13.30 GrIFK vs Dicken","datePublished":"2025-09-05T06:47:47+00:00","dateModified":"2025-09-05T06:48:38+00:00","mainEntityOfPage":{"@id":"https:\/\/grifk-handball.com\/naiset\/kausi-2025-26\/ennakot-2025-26\/kotiottelu-6-9-2025-13-30-grifk-vs-dicken\/"},"wordCount":322,"image":{"@id":"https:\/\/grifk-handball.com\/naiset\/kausi-2025-26\/ennakot-2025-26\/kotiottelu-6-9-2025-13-30-grifk-vs-dicken\/#primaryimage"},"thumbnailUrl":"https:\/\/grifk-handball.com\/naiset\/wp-content\/uploads\/sites\/3\/2025\/09\/B7A3603-scaled.jpg","keywords":["#Aktialiga","#aktialiiga","#Damernas Aktialiga","#Greta Wir\u00e9n","#GrIFKDamer","#GrIFKHandball","#Naisten Aktialiiga","#otteluennakko","Runkosarja"],"articleSection":["Ennakot 2025-26","Uutiset"],"inLanguage":"fi"},{"@type":"WebPage","@id":"https:\/\/grifk-handball.com\/naiset\/kausi-2025-26\/ennakot-2025-26\/kotiottelu-6-9-2025-13-30-grifk-vs-dicken\/","url":"https:\/\/grifk-handball.com\/naiset\/kausi-2025-26\/ennakot-2025-26\/kotiottelu-6-9-2025-13-30-grifk-vs-dicken\/","name":"Kotiottelu 6.9.2025 * 13.30 GrIFK vs Dicken &#187; GrIFK K\u00e4sipallo Naiset","isPartOf":{"@id":"https:\/\/grifk-handball.com\/naiset\/#website"},"primaryImageOfPage":{"@id":"https:\/\/grifk-handball.com\/naiset\/kausi-2025-26\/ennakot-2025-26\/kotiottelu-6-9-2025-13-30-grifk-vs-dicken\/#primaryimage"},"image":{"@id":"https:\/\/grifk-handball.com\/naiset\/kausi-2025-26\/ennakot-2025-26\/kotiottelu-6-9-2025-13-30-grifk-vs-dicken\/#primaryimage"},"thumbnailUrl":"https:\/\/grifk-handball.com\/naiset\/wp-content\/uploads\/sites\/3\/2025\/09\/B7A3603-scaled.jpg","datePublished":"2025-09-05T06:47:47+00:00","dateModified":"2025-09-05T06:48:38+00:00","author":{"@id":"https:\/\/grifk-handball.com\/naiset\/#\/schema\/person\/4ab70210cc3dec0bdbb99cc4d3388a15"},"breadcrumb":{"@id":"https:\/\/grifk-handball.com\/naiset\/kausi-2025-26\/ennakot-2025-26\/kotiottelu-6-9-2025-13-30-grifk-vs-dicken\/#breadcrumb"},"inLanguage":"fi","potentialAction":[{"@type":"ReadAction","target":["https:\/\/grifk-handball.com\/naiset\/kausi-2025-26\/ennakot-2025-26\/kotiottelu-6-9-2025-13-30-grifk-vs-dicken\/"]}]},{"@type":"ImageObject","inLanguage":"fi","@id":"https:\/\/grifk-handball.com\/naiset\/kausi-2025-26\/ennakot-2025-26\/kotiottelu-6-9-2025-13-30-grifk-vs-dicken\/#primaryimage","url":"https:\/\/grifk-handball.com\/naiset\/wp-content\/uploads\/sites\/3\/2025\/09\/B7A3603-scaled.jpg","contentUrl":"https:\/\/grifk-handball.com\/naiset\/wp-content\/uploads\/sites\/3\/2025\/09\/B7A3603-scaled.jpg","width":2560,"height":1707},{"@type":"BreadcrumbList","@id":"https:\/\/grifk-handball.com\/naiset\/kausi-2025-26\/ennakot-2025-26\/kotiottelu-6-9-2025-13-30-grifk-vs-dicken\/#breadcrumb","itemListElement":[{"@type":"ListItem","position":1,"name":"Home","item":"https:\/\/grifk-handball.com\/naiset\/etusivu-2\/"},{"@type":"ListItem","position":2,"name":"Kotiottelu 6.9.2025 * 13.30 GrIFK vs Dicken"}]},{"@type":"WebSite","@id":"https:\/\/grifk-handball.com\/naiset\/#website","url":"https:\/\/grifk-handball.com\/naiset\/","name":"GrIFK K\u00e4sipallo Naiset","description":"GrIFK K\u00e4sipallo Naiset","potentialAction":[{"@type":"SearchAction","target":{"@type":"EntryPoint","urlTemplate":"https:\/\/grifk-handball.com\/naiset\/?s={search_term_string}"},"query-input":{"@type":"PropertyValueSpecification","valueRequired":true,"valueName":"search_term_string"}}],"inLanguage":"fi"},{"@type":"Person","@id":"https:\/\/grifk-handball.com\/naiset\/#\/schema\/person\/4ab70210cc3dec0bdbb99cc4d3388a15","name":"Ellen","image":{"@type":"ImageObject","inLanguage":"fi","@id":"https:\/\/secure.gravatar.com\/avatar\/396880c508552a2dd3d57b0f9a5f359464f2c496546a922dfec87788c1fa4504?s=96&d=mm&r=g","url":"https:\/\/secure.gravatar.com\/avatar\/396880c508552a2dd3d57b0f9a5f359464f2c496546a922dfec87788c1fa4504?s=96&d=mm&r=g","contentUrl":"https:\/\/secure.gravatar.com\/avatar\/396880c508552a2dd3d57b0f9a5f359464f2c496546a922dfec87788c1fa4504?s=96&d=mm&r=g","caption":"Ellen"},"url":"https:\/\/grifk-handball.com\/naiset\/author\/elleneskelin\/"}]}},"jetpack_featured_media_url":"https:\/\/grifk-handball.com\/naiset\/wp-content\/uploads\/sites\/3\/2025\/09\/B7A3603-scaled.jpg","jetpack_sharing_enabled":true,"_links":{"self":[{"href":"https:\/\/grifk-handball.com\/naiset\/wp-json\/wp\/v2\/posts\/13104","targetHints":{"allow":["GET"]}}],"collection":[{"href":"https:\/\/grifk-handball.com\/naiset\/wp-json\/wp\/v2\/posts"}],"about":[{"href":"https:\/\/grifk-handball.com\/naiset\/wp-json\/wp\/v2\/types\/post"}],"author":[{"embeddable":true,"href":"https:\/\/grifk-handball.com\/naiset\/wp-json\/wp\/v2\/users\/12"}],"replies":[{"embeddable":true,"href":"https:\/\/grifk-handball.com\/naiset\/wp-json\/wp\/v2\/comments?post=13104"}],"version-history":[{"count":9,"href":"https:\/\/grifk-handball.com\/naiset\/wp-json\/wp\/v2\/posts\/13104\/revisions"}],"predecessor-version":[{"id":13119,"href":"https:\/\/grifk-handball.com\/naiset\/wp-json\/wp\/v2\/posts\/13104\/revisions\/13119"}],"wp:featuredmedia":[{"embeddable":true,"href":"https:\/\/grifk-handball.com\/naiset\/wp-json\/wp\/v2\/media\/13105"}],"wp:attachment":[{"href":"https:\/\/grifk-handball.com\/naiset\/wp-json\/wp\/v2\/media?parent=13104"}],"wp:term":[{"taxonomy":"category","embeddable":true,"href":"https:\/\/grifk-handball.com\/naiset\/wp-json\/wp\/v2\/categories?post=13104"},{"taxonomy":"post_tag","embeddable":true,"href":"https:\/\/grifk-handball.com\/naiset\/wp-json\/wp\/v2\/tags?post=13104"}],"curies":[{"name":"wp","href":"https:\/\/api.w.org\/{rel}","templated":true}]}}