{"id":13108,"date":"2025-09-05T09:47:52","date_gmt":"2025-09-05T06:47:52","guid":{"rendered":"https:\/\/grifk-handball.com\/naiset\/?p=13108"},"modified":"2025-09-05T09:47:52","modified_gmt":"2025-09-05T06:47:52","slug":"hemmamatch-6-9-2025-13-30-grifk-vs-dicken","status":"publish","type":"post","link":"https:\/\/grifk-handball.com\/naiset\/kausi-2025-26\/ennakot-2025-26\/hemmamatch-6-9-2025-13-30-grifk-vs-dicken\/","title":{"rendered":"Hemmamatch 6.9.2025 * 13.30 GrIFK vs Dicken"},"content":{"rendered":"<p>Nu har det blivit dags f\u00f6r seriepremi\u00e4r! \ud83e\udd29\ud83d\ude0d S\u00e4songen 2025-2026 f\u00e5r sin start f\u00f6r oss p\u00e5 hemmaplan p\u00e5 l\u00f6rdagen d\u00e5 Dicken bes\u00f6ker oss i Grottan. Vi \u00e4r taggade att m\u00f6ta bronslaget fr\u00e5n ifjol.<\/p>\n<p>Vi har haft en l\u00e5ng f\u00f6rs\u00e4song som har inkluderat mycket fys, l\u00f6pning och bolltr\u00e4ningar. Vi har \u00e4ven hunnit med en bra tr\u00e4ningsturnering i Litauen. Vi har speciellt jobbat p\u00e5 att hitta flera f\u00f6rsvarsalternativ och att springa med boll. Sj\u00e4lv har jag jobbat p\u00e5 att l\u00e4ra mig spela ihop med de nya spelarna och p\u00e5 att st\u00e4rka mitt egna f\u00f6rsvarsspel.<\/p>\n<p>I v\u00e5rt egna lag skulle jag vilja lyfta fram <strong>Cecilia Heinrichs<\/strong>. Hon f\u00e5r starta s\u00e4songen med att m\u00f6ta sin gamla klubb, vilket s\u00e4kert inte \u00e4r det l\u00e4ttaste. Cessi kommer klara det bra f\u00f6r att hon \u00e4r en stark och tuff kontrings- och f\u00f6rsvarsspelare. Dessutom sprider hon mycket positiv energi \u00e5t alla!<\/p>\n<p>Dicken \u00e4r ett lag som har tappat m\u00e5nga erfarna spelare, vilket betyder att vi kommer att m\u00f6ta ett ungt och hungrigt lag vars spel vi inte \u00e4r s\u00e5 bekanta med. De spelar snabbt och kommer speciellt via sina 9m spelare f\u00f6rs\u00f6ka skapa luckor i v\u00e5rt f\u00f6rsvar. Fr\u00e5n Dicken har jag valt att lyfta fram <strong>Malena Heikkinen<\/strong>. Hon \u00e4r en riktigt farlig skyttespelare och stark 1 vs 1 spelare. Mycket som h\u00e4nder i Dickens anfall kommer startas eller avslutas med Malena.<\/p>\n<p>Jag har inte alltf\u00f6r m\u00e5nga rutiner innan match, men den viktigaste av dom alla \u00e4r att pappa h\u00e4mtar en powerade \u00e5t mig!! Jag brukar \u00e4ta en god frukost och sen beh\u00f6ver jag alltid \u00e4ta n\u00e5got litet i hallen, g\u00e4rna en jugge. Dessutom brukar jag vid sista l\u00f6pningen utmana Johanna i en spring och fintt\u00e4vling.<\/p>\n<p>Hoppas s\u00e5 m\u00e5nga som m\u00f6jligt hittar sig till hallen klockan 13.30 f\u00f6r att heja oss till vinst!<\/p>\n<h5><strong>Kolla matchen p\u00e5 Handis-TV\u00a0<\/strong><\/h5>\n<p>Om du inte kan ta dig till Grottan kan du se matchen p\u00e5 <a href=\"https:\/\/handis.tv\/grifknaiset\">Handis-tv<\/a> f\u00f6r 6,90\u20ac\/match eller 10,90\u20ac\/m\u00e5nad. F\u00f6r 76\u20ac kan du se alla matcher i Damernas Aktialiga, priset inkluderar \u00e4ven finalmatcherna. En del av summan g\u00e5r till GrIFK Damer, tack f\u00f6r underst\u00f6det!<\/p>\n<h5><strong>F\u00f6lj oss g\u00e4rna!<\/strong><\/h5>\n<p>Facebook: <a href=\"https:\/\/www.facebook.com\/grifkdamer\">Grankulla IFK Handboll Damer<\/a><\/p>\n<p>Instagram: <a href=\"https:\/\/www.instagram.com\/grifkdamer\/\">@grifkdamer<\/a><\/p>\n<p>Text: Greta Wir\u00e9n<br \/>\nFoto: aki_kuvaus<\/p>\n","protected":false},"excerpt":{"rendered":"<p>Nu har det blivit dags f\u00f6r seriepremi\u00e4r! \ud83e\udd29\ud83d\ude0d S\u00e4songen 2025-2026 f\u00e5r sin start f\u00f6r oss p\u00e5 hemmaplan p\u00e5 l\u00f6rdagen d\u00e5 Dicken bes\u00f6ker oss i Grottan. Vi \u00e4r taggade att m\u00f6ta bronslaget fr\u00e5n ifjol. Vi har haft en l\u00e5ng f\u00f6rs\u00e4song som har inkluderat mycket fys, l\u00f6pning och bolltr\u00e4ningar. Vi har \u00e4ven hunnit med en bra tr\u00e4ningsturnering [&hellip;]<\/p>\n","protected":false},"author":12,"featured_media":13105,"comment_status":"closed","ping_status":"closed","sticky":false,"template":"","format":"standard","meta":{"_acf_changed":false,"jetpack_post_was_ever_published":false,"footnotes":""},"categories":[457,1],"tags":[413,411,409,353,181,26,407,218,37],"class_list":["post-13108","post","type-post","status-publish","format-standard","has-post-thumbnail","hentry","category-ennakot-2025-26","category-uutiset","tag-aktialiga","tag-aktialiiga","tag-damernas-aktialiga","tag-greta-wiren","tag-grifkdamer","tag-grifkhandball","tag-naisten-aktialiiga","tag-otteluennakko","tag-runkosarja"],"acf":[],"yoast_head":"<!-- This site is optimized with the Yoast SEO plugin v27.5 - https:\/\/yoast.com\/product\/yoast-seo-wordpress\/ -->\n<title>Hemmamatch 6.9.2025 * 13.30 GrIFK vs Dicken &#187; GrIFK K\u00e4sipallo Naiset<\/title>\n<meta name=\"robots\" content=\"index, follow, max-snippet:-1, max-image-preview:large, max-video-preview:-1\" \/>\n<link rel=\"canonical\" href=\"https:\/\/grifk-handball.com\/naiset\/kausi-2025-26\/ennakot-2025-26\/hemmamatch-6-9-2025-13-30-grifk-vs-dicken\/\" \/>\n<meta property=\"og:locale\" content=\"fi_FI\" \/>\n<meta property=\"og:type\" content=\"article\" \/>\n<meta property=\"og:title\" content=\"Hemmamatch 6.9.2025 * 13.30 GrIFK vs Dicken &#187; GrIFK K\u00e4sipallo Naiset\" \/>\n<meta property=\"og:description\" content=\"Nu har det blivit dags f\u00f6r seriepremi\u00e4r! \ud83e\udd29\ud83d\ude0d S\u00e4songen 2025-2026 f\u00e5r sin start f\u00f6r oss p\u00e5 hemmaplan p\u00e5 l\u00f6rdagen d\u00e5 Dicken bes\u00f6ker oss i Grottan. Vi \u00e4r taggade att m\u00f6ta bronslaget fr\u00e5n ifjol. Vi har haft en l\u00e5ng f\u00f6rs\u00e4song som har inkluderat mycket fys, l\u00f6pning och bolltr\u00e4ningar. Vi har \u00e4ven hunnit med en bra tr\u00e4ningsturnering [&hellip;]\" \/>\n<meta property=\"og:url\" content=\"https:\/\/grifk-handball.com\/naiset\/kausi-2025-26\/ennakot-2025-26\/hemmamatch-6-9-2025-13-30-grifk-vs-dicken\/\" \/>\n<meta property=\"og:site_name\" content=\"GrIFK K\u00e4sipallo Naiset\" \/>\n<meta property=\"article:publisher\" content=\"https:\/\/www.facebook.com\/532444520237680\" \/>\n<meta property=\"article:published_time\" content=\"2025-09-05T06:47:52+00:00\" \/>\n<meta property=\"og:image\" content=\"https:\/\/grifk-handball.com\/naiset\/wp-content\/uploads\/sites\/3\/2025\/09\/B7A3603-1030x687.jpg\" \/>\n\t<meta property=\"og:image:width\" content=\"1030\" \/>\n\t<meta property=\"og:image:height\" content=\"687\" \/>\n\t<meta property=\"og:image:type\" content=\"image\/jpeg\" \/>\n<meta name=\"author\" content=\"Ellen\" \/>\n<meta name=\"twitter:card\" content=\"summary_large_image\" \/>\n<meta name=\"twitter:label1\" content=\"Kirjoittanut\" \/>\n\t<meta name=\"twitter:data1\" content=\"Ellen\" \/>\n\t<meta name=\"twitter:label2\" content=\"Arvioitu lukuaika\" \/>\n\t<meta name=\"twitter:data2\" content=\"3 minuuttia\" \/>\n<script type=\"application\/ld+json\" class=\"yoast-schema-graph\">{\"@context\":\"https:\\\/\\\/schema.org\",\"@graph\":[{\"@type\":\"Article\",\"@id\":\"https:\\\/\\\/grifk-handball.com\\\/naiset\\\/kausi-2025-26\\\/ennakot-2025-26\\\/hemmamatch-6-9-2025-13-30-grifk-vs-dicken\\\/#article\",\"isPartOf\":{\"@id\":\"https:\\\/\\\/grifk-handball.com\\\/naiset\\\/kausi-2025-26\\\/ennakot-2025-26\\\/hemmamatch-6-9-2025-13-30-grifk-vs-dicken\\\/\"},\"author\":{\"name\":\"Ellen\",\"@id\":\"https:\\\/\\\/grifk-handball.com\\\/naiset\\\/#\\\/schema\\\/person\\\/4ab70210cc3dec0bdbb99cc4d3388a15\"},\"headline\":\"Hemmamatch 6.9.2025 * 13.30 GrIFK vs Dicken\",\"datePublished\":\"2025-09-05T06:47:52+00:00\",\"mainEntityOfPage\":{\"@id\":\"https:\\\/\\\/grifk-handball.com\\\/naiset\\\/kausi-2025-26\\\/ennakot-2025-26\\\/hemmamatch-6-9-2025-13-30-grifk-vs-dicken\\\/\"},\"wordCount\":412,\"image\":{\"@id\":\"https:\\\/\\\/grifk-handball.com\\\/naiset\\\/kausi-2025-26\\\/ennakot-2025-26\\\/hemmamatch-6-9-2025-13-30-grifk-vs-dicken\\\/#primaryimage\"},\"thumbnailUrl\":\"https:\\\/\\\/grifk-handball.com\\\/naiset\\\/wp-content\\\/uploads\\\/sites\\\/3\\\/2025\\\/09\\\/B7A3603-scaled.jpg\",\"keywords\":[\"#Aktialiga\",\"#aktialiiga\",\"#Damernas Aktialiga\",\"#Greta Wir\u00e9n\",\"#GrIFKDamer\",\"#GrIFKHandball\",\"#Naisten Aktialiiga\",\"#otteluennakko\",\"Runkosarja\"],\"articleSection\":[\"Ennakot 2025-26\",\"Uutiset\"],\"inLanguage\":\"fi\"},{\"@type\":\"WebPage\",\"@id\":\"https:\\\/\\\/grifk-handball.com\\\/naiset\\\/kausi-2025-26\\\/ennakot-2025-26\\\/hemmamatch-6-9-2025-13-30-grifk-vs-dicken\\\/\",\"url\":\"https:\\\/\\\/grifk-handball.com\\\/naiset\\\/kausi-2025-26\\\/ennakot-2025-26\\\/hemmamatch-6-9-2025-13-30-grifk-vs-dicken\\\/\",\"name\":\"Hemmamatch 6.9.2025 * 13.30 GrIFK vs Dicken &#187; GrIFK K\u00e4sipallo Naiset\",\"isPartOf\":{\"@id\":\"https:\\\/\\\/grifk-handball.com\\\/naiset\\\/#website\"},\"primaryImageOfPage\":{\"@id\":\"https:\\\/\\\/grifk-handball.com\\\/naiset\\\/kausi-2025-26\\\/ennakot-2025-26\\\/hemmamatch-6-9-2025-13-30-grifk-vs-dicken\\\/#primaryimage\"},\"image\":{\"@id\":\"https:\\\/\\\/grifk-handball.com\\\/naiset\\\/kausi-2025-26\\\/ennakot-2025-26\\\/hemmamatch-6-9-2025-13-30-grifk-vs-dicken\\\/#primaryimage\"},\"thumbnailUrl\":\"https:\\\/\\\/grifk-handball.com\\\/naiset\\\/wp-content\\\/uploads\\\/sites\\\/3\\\/2025\\\/09\\\/B7A3603-scaled.jpg\",\"datePublished\":\"2025-09-05T06:47:52+00:00\",\"author\":{\"@id\":\"https:\\\/\\\/grifk-handball.com\\\/naiset\\\/#\\\/schema\\\/person\\\/4ab70210cc3dec0bdbb99cc4d3388a15\"},\"breadcrumb\":{\"@id\":\"https:\\\/\\\/grifk-handball.com\\\/naiset\\\/kausi-2025-26\\\/ennakot-2025-26\\\/hemmamatch-6-9-2025-13-30-grifk-vs-dicken\\\/#breadcrumb\"},\"inLanguage\":\"fi\",\"potentialAction\":[{\"@type\":\"ReadAction\",\"target\":[\"https:\\\/\\\/grifk-handball.com\\\/naiset\\\/kausi-2025-26\\\/ennakot-2025-26\\\/hemmamatch-6-9-2025-13-30-grifk-vs-dicken\\\/\"]}]},{\"@type\":\"ImageObject\",\"inLanguage\":\"fi\",\"@id\":\"https:\\\/\\\/grifk-handball.com\\\/naiset\\\/kausi-2025-26\\\/ennakot-2025-26\\\/hemmamatch-6-9-2025-13-30-grifk-vs-dicken\\\/#primaryimage\",\"url\":\"https:\\\/\\\/grifk-handball.com\\\/naiset\\\/wp-content\\\/uploads\\\/sites\\\/3\\\/2025\\\/09\\\/B7A3603-scaled.jpg\",\"contentUrl\":\"https:\\\/\\\/grifk-handball.com\\\/naiset\\\/wp-content\\\/uploads\\\/sites\\\/3\\\/2025\\\/09\\\/B7A3603-scaled.jpg\",\"width\":2560,\"height\":1707},{\"@type\":\"BreadcrumbList\",\"@id\":\"https:\\\/\\\/grifk-handball.com\\\/naiset\\\/kausi-2025-26\\\/ennakot-2025-26\\\/hemmamatch-6-9-2025-13-30-grifk-vs-dicken\\\/#breadcrumb\",\"itemListElement\":[{\"@type\":\"ListItem\",\"position\":1,\"name\":\"Home\",\"item\":\"https:\\\/\\\/grifk-handball.com\\\/naiset\\\/etusivu-2\\\/\"},{\"@type\":\"ListItem\",\"position\":2,\"name\":\"Hemmamatch 6.9.2025 * 13.30 GrIFK vs Dicken\"}]},{\"@type\":\"WebSite\",\"@id\":\"https:\\\/\\\/grifk-handball.com\\\/naiset\\\/#website\",\"url\":\"https:\\\/\\\/grifk-handball.com\\\/naiset\\\/\",\"name\":\"GrIFK K\u00e4sipallo Naiset\",\"description\":\"GrIFK K\u00e4sipallo Naiset\",\"potentialAction\":[{\"@type\":\"SearchAction\",\"target\":{\"@type\":\"EntryPoint\",\"urlTemplate\":\"https:\\\/\\\/grifk-handball.com\\\/naiset\\\/?s={search_term_string}\"},\"query-input\":{\"@type\":\"PropertyValueSpecification\",\"valueRequired\":true,\"valueName\":\"search_term_string\"}}],\"inLanguage\":\"fi\"},{\"@type\":\"Person\",\"@id\":\"https:\\\/\\\/grifk-handball.com\\\/naiset\\\/#\\\/schema\\\/person\\\/4ab70210cc3dec0bdbb99cc4d3388a15\",\"name\":\"Ellen\",\"image\":{\"@type\":\"ImageObject\",\"inLanguage\":\"fi\",\"@id\":\"https:\\\/\\\/secure.gravatar.com\\\/avatar\\\/396880c508552a2dd3d57b0f9a5f359464f2c496546a922dfec87788c1fa4504?s=96&d=mm&r=g\",\"url\":\"https:\\\/\\\/secure.gravatar.com\\\/avatar\\\/396880c508552a2dd3d57b0f9a5f359464f2c496546a922dfec87788c1fa4504?s=96&d=mm&r=g\",\"contentUrl\":\"https:\\\/\\\/secure.gravatar.com\\\/avatar\\\/396880c508552a2dd3d57b0f9a5f359464f2c496546a922dfec87788c1fa4504?s=96&d=mm&r=g\",\"caption\":\"Ellen\"},\"url\":\"https:\\\/\\\/grifk-handball.com\\\/naiset\\\/author\\\/elleneskelin\\\/\"}]}<\/script>\n<!-- \/ Yoast SEO plugin. -->","yoast_head_json":{"title":"Hemmamatch 6.9.2025 * 13.30 GrIFK vs Dicken &#187; GrIFK K\u00e4sipallo Naiset","robots":{"index":"index","follow":"follow","max-snippet":"max-snippet:-1","max-image-preview":"max-image-preview:large","max-video-preview":"max-video-preview:-1"},"canonical":"https:\/\/grifk-handball.com\/naiset\/kausi-2025-26\/ennakot-2025-26\/hemmamatch-6-9-2025-13-30-grifk-vs-dicken\/","og_locale":"fi_FI","og_type":"article","og_title":"Hemmamatch 6.9.2025 * 13.30 GrIFK vs Dicken &#187; GrIFK K\u00e4sipallo Naiset","og_description":"Nu har det blivit dags f\u00f6r seriepremi\u00e4r! \ud83e\udd29\ud83d\ude0d S\u00e4songen 2025-2026 f\u00e5r sin start f\u00f6r oss p\u00e5 hemmaplan p\u00e5 l\u00f6rdagen d\u00e5 Dicken bes\u00f6ker oss i Grottan. Vi \u00e4r taggade att m\u00f6ta bronslaget fr\u00e5n ifjol. Vi har haft en l\u00e5ng f\u00f6rs\u00e4song som har inkluderat mycket fys, l\u00f6pning och bolltr\u00e4ningar. Vi har \u00e4ven hunnit med en bra tr\u00e4ningsturnering [&hellip;]","og_url":"https:\/\/grifk-handball.com\/naiset\/kausi-2025-26\/ennakot-2025-26\/hemmamatch-6-9-2025-13-30-grifk-vs-dicken\/","og_site_name":"GrIFK K\u00e4sipallo Naiset","article_publisher":"https:\/\/www.facebook.com\/532444520237680","article_published_time":"2025-09-05T06:47:52+00:00","og_image":[{"width":1030,"height":687,"url":"https:\/\/grifk-handball.com\/naiset\/wp-content\/uploads\/sites\/3\/2025\/09\/B7A3603-1030x687.jpg","type":"image\/jpeg"}],"author":"Ellen","twitter_card":"summary_large_image","twitter_misc":{"Kirjoittanut":"Ellen","Arvioitu lukuaika":"3 minuuttia"},"schema":{"@context":"https:\/\/schema.org","@graph":[{"@type":"Article","@id":"https:\/\/grifk-handball.com\/naiset\/kausi-2025-26\/ennakot-2025-26\/hemmamatch-6-9-2025-13-30-grifk-vs-dicken\/#article","isPartOf":{"@id":"https:\/\/grifk-handball.com\/naiset\/kausi-2025-26\/ennakot-2025-26\/hemmamatch-6-9-2025-13-30-grifk-vs-dicken\/"},"author":{"name":"Ellen","@id":"https:\/\/grifk-handball.com\/naiset\/#\/schema\/person\/4ab70210cc3dec0bdbb99cc4d3388a15"},"headline":"Hemmamatch 6.9.2025 * 13.30 GrIFK vs Dicken","datePublished":"2025-09-05T06:47:52+00:00","mainEntityOfPage":{"@id":"https:\/\/grifk-handball.com\/naiset\/kausi-2025-26\/ennakot-2025-26\/hemmamatch-6-9-2025-13-30-grifk-vs-dicken\/"},"wordCount":412,"image":{"@id":"https:\/\/grifk-handball.com\/naiset\/kausi-2025-26\/ennakot-2025-26\/hemmamatch-6-9-2025-13-30-grifk-vs-dicken\/#primaryimage"},"thumbnailUrl":"https:\/\/grifk-handball.com\/naiset\/wp-content\/uploads\/sites\/3\/2025\/09\/B7A3603-scaled.jpg","keywords":["#Aktialiga","#aktialiiga","#Damernas Aktialiga","#Greta Wir\u00e9n","#GrIFKDamer","#GrIFKHandball","#Naisten Aktialiiga","#otteluennakko","Runkosarja"],"articleSection":["Ennakot 2025-26","Uutiset"],"inLanguage":"fi"},{"@type":"WebPage","@id":"https:\/\/grifk-handball.com\/naiset\/kausi-2025-26\/ennakot-2025-26\/hemmamatch-6-9-2025-13-30-grifk-vs-dicken\/","url":"https:\/\/grifk-handball.com\/naiset\/kausi-2025-26\/ennakot-2025-26\/hemmamatch-6-9-2025-13-30-grifk-vs-dicken\/","name":"Hemmamatch 6.9.2025 * 13.30 GrIFK vs Dicken &#187; GrIFK K\u00e4sipallo Naiset","isPartOf":{"@id":"https:\/\/grifk-handball.com\/naiset\/#website"},"primaryImageOfPage":{"@id":"https:\/\/grifk-handball.com\/naiset\/kausi-2025-26\/ennakot-2025-26\/hemmamatch-6-9-2025-13-30-grifk-vs-dicken\/#primaryimage"},"image":{"@id":"https:\/\/grifk-handball.com\/naiset\/kausi-2025-26\/ennakot-2025-26\/hemmamatch-6-9-2025-13-30-grifk-vs-dicken\/#primaryimage"},"thumbnailUrl":"https:\/\/grifk-handball.com\/naiset\/wp-content\/uploads\/sites\/3\/2025\/09\/B7A3603-scaled.jpg","datePublished":"2025-09-05T06:47:52+00:00","author":{"@id":"https:\/\/grifk-handball.com\/naiset\/#\/schema\/person\/4ab70210cc3dec0bdbb99cc4d3388a15"},"breadcrumb":{"@id":"https:\/\/grifk-handball.com\/naiset\/kausi-2025-26\/ennakot-2025-26\/hemmamatch-6-9-2025-13-30-grifk-vs-dicken\/#breadcrumb"},"inLanguage":"fi","potentialAction":[{"@type":"ReadAction","target":["https:\/\/grifk-handball.com\/naiset\/kausi-2025-26\/ennakot-2025-26\/hemmamatch-6-9-2025-13-30-grifk-vs-dicken\/"]}]},{"@type":"ImageObject","inLanguage":"fi","@id":"https:\/\/grifk-handball.com\/naiset\/kausi-2025-26\/ennakot-2025-26\/hemmamatch-6-9-2025-13-30-grifk-vs-dicken\/#primaryimage","url":"https:\/\/grifk-handball.com\/naiset\/wp-content\/uploads\/sites\/3\/2025\/09\/B7A3603-scaled.jpg","contentUrl":"https:\/\/grifk-handball.com\/naiset\/wp-content\/uploads\/sites\/3\/2025\/09\/B7A3603-scaled.jpg","width":2560,"height":1707},{"@type":"BreadcrumbList","@id":"https:\/\/grifk-handball.com\/naiset\/kausi-2025-26\/ennakot-2025-26\/hemmamatch-6-9-2025-13-30-grifk-vs-dicken\/#breadcrumb","itemListElement":[{"@type":"ListItem","position":1,"name":"Home","item":"https:\/\/grifk-handball.com\/naiset\/etusivu-2\/"},{"@type":"ListItem","position":2,"name":"Hemmamatch 6.9.2025 * 13.30 GrIFK vs Dicken"}]},{"@type":"WebSite","@id":"https:\/\/grifk-handball.com\/naiset\/#website","url":"https:\/\/grifk-handball.com\/naiset\/","name":"GrIFK K\u00e4sipallo Naiset","description":"GrIFK K\u00e4sipallo Naiset","potentialAction":[{"@type":"SearchAction","target":{"@type":"EntryPoint","urlTemplate":"https:\/\/grifk-handball.com\/naiset\/?s={search_term_string}"},"query-input":{"@type":"PropertyValueSpecification","valueRequired":true,"valueName":"search_term_string"}}],"inLanguage":"fi"},{"@type":"Person","@id":"https:\/\/grifk-handball.com\/naiset\/#\/schema\/person\/4ab70210cc3dec0bdbb99cc4d3388a15","name":"Ellen","image":{"@type":"ImageObject","inLanguage":"fi","@id":"https:\/\/secure.gravatar.com\/avatar\/396880c508552a2dd3d57b0f9a5f359464f2c496546a922dfec87788c1fa4504?s=96&d=mm&r=g","url":"https:\/\/secure.gravatar.com\/avatar\/396880c508552a2dd3d57b0f9a5f359464f2c496546a922dfec87788c1fa4504?s=96&d=mm&r=g","contentUrl":"https:\/\/secure.gravatar.com\/avatar\/396880c508552a2dd3d57b0f9a5f359464f2c496546a922dfec87788c1fa4504?s=96&d=mm&r=g","caption":"Ellen"},"url":"https:\/\/grifk-handball.com\/naiset\/author\/elleneskelin\/"}]}},"jetpack_featured_media_url":"https:\/\/grifk-handball.com\/naiset\/wp-content\/uploads\/sites\/3\/2025\/09\/B7A3603-scaled.jpg","jetpack_sharing_enabled":true,"_links":{"self":[{"href":"https:\/\/grifk-handball.com\/naiset\/wp-json\/wp\/v2\/posts\/13108","targetHints":{"allow":["GET"]}}],"collection":[{"href":"https:\/\/grifk-handball.com\/naiset\/wp-json\/wp\/v2\/posts"}],"about":[{"href":"https:\/\/grifk-handball.com\/naiset\/wp-json\/wp\/v2\/types\/post"}],"author":[{"embeddable":true,"href":"https:\/\/grifk-handball.com\/naiset\/wp-json\/wp\/v2\/users\/12"}],"replies":[{"embeddable":true,"href":"https:\/\/grifk-handball.com\/naiset\/wp-json\/wp\/v2\/comments?post=13108"}],"version-history":[{"count":7,"href":"https:\/\/grifk-handball.com\/naiset\/wp-json\/wp\/v2\/posts\/13108\/revisions"}],"predecessor-version":[{"id":13121,"href":"https:\/\/grifk-handball.com\/naiset\/wp-json\/wp\/v2\/posts\/13108\/revisions\/13121"}],"wp:featuredmedia":[{"embeddable":true,"href":"https:\/\/grifk-handball.com\/naiset\/wp-json\/wp\/v2\/media\/13105"}],"wp:attachment":[{"href":"https:\/\/grifk-handball.com\/naiset\/wp-json\/wp\/v2\/media?parent=13108"}],"wp:term":[{"taxonomy":"category","embeddable":true,"href":"https:\/\/grifk-handball.com\/naiset\/wp-json\/wp\/v2\/categories?post=13108"},{"taxonomy":"post_tag","embeddable":true,"href":"https:\/\/grifk-handball.com\/naiset\/wp-json\/wp\/v2\/tags?post=13108"}],"curies":[{"name":"wp","href":"https:\/\/api.w.org\/{rel}","templated":true}]}}