{"id":13503,"date":"2025-10-24T17:11:28","date_gmt":"2025-10-24T14:11:28","guid":{"rendered":"https:\/\/grifk-handball.com\/naiset\/?p=13503"},"modified":"2025-10-24T17:16:37","modified_gmt":"2025-10-24T14:16:37","slug":"bortamatch-25-10-2025-18-15-dicken-vs-grifk","status":"publish","type":"post","link":"https:\/\/grifk-handball.com\/naiset\/kausi-2025-26\/ennakot-2025-26\/bortamatch-25-10-2025-18-15-dicken-vs-grifk\/","title":{"rendered":"Bortamatch 25.10.2025 * 18.15 Dicken vs GrIFK"},"content":{"rendered":"<p>P\u00e5 l\u00f6rdagen inleds den andra matchomg\u00e5ngen n\u00e4r vi m\u00f6ter Dicken p\u00e5 deras hemmaplan i Britas. Det kommer garanterat att bli en tuff och fartfylld match som vi ser fram emot!<\/p>\n<p>Den h\u00e4r veckan har vi fokuserat p\u00e5 att hitta r\u00e4tt tuffehet, samspel och timing i f\u00f6rsvaret efter h\u00f6stlovsveckan d\u00e5 laget fokuserade p\u00e5 mer individuell teknik. Trots att Dicken \u00e4r en bekant motst\u00e5ndare s\u00e5 har vi kollat p\u00e5 video f\u00f6r att vara beredda p\u00e5 deras spel. Sj\u00e4lv har jag denna vecka tr\u00e4nat p\u00e5 att bli bekv\u00e4mare i v\u00e5rt 6-0 f\u00f6rsvar och f\u00f6rst\u00e4rka samspelet med dom jag spelar brevid.<\/p>\n<p>Vi kommer m\u00f6ta ett Dicken som tidigare i veckan tog sin f\u00f6rsta vinst och de \u00e4r garanterat sugna p\u00e5 att ta en till vinst p\u00e5 sin hemmaplan. Dicken \u00e4r ett ungt lag med mycket duktiga individer som under s\u00e4songens g\u00e5ng hela tiden hittar samspelet b\u00e4ttre. Sen vi senast m\u00f6tte dem i s\u00e4songspremi\u00e4ren har deras bolltempo \u00f6kat, de g\u00e5r hungrigare mot m\u00e5l och tar sig an kamper i f\u00f6rsvaret med en helt annan intensitet. Sen ska man inte gl\u00f6mma deras rutinerade spelare som alltid presterar stabilt samt sista l\u00e5sen i m\u00e5let. De har tre duktiga m\u00e5lvakter som kan st\u00e4lla till det f\u00f6r oss om vi inte \u00e4r fokuserade i v\u00e5ra avslut.<\/p>\n<p>Som alltid har jag valt tv\u00e5 spelare jag tycker man ska h\u00e5lla lite extra bra koll p\u00e5. Fr\u00e5n Dicken har jag valt att lyfta <strong>Amanda Wiik<\/strong> som g\u00f6r sin f\u00f6rsta s\u00e4song i Aktialiigan, men axlar redan ett stort ansvar i sitt lag och har visat alla vilken duktig spelare hon \u00e4r. Hon \u00e4r stark, explosiv, snabb och kanske det viktigaste: ger aldrig upp. Vi har m\u00f6tts otaliga g\u00e5nger sen vi varit sm\u00e5 juniorer och det \u00e4r alltid roligt men aldrig l\u00e4tt att spela mot henne. Fr\u00e5n v\u00e5rt egna lag vill ja lyfta <strong>Annika Mustonen<\/strong> som har en v\u00e4ldigt likande spelstil som Dickens Wiik. Annika \u00e4r en kvick och or\u00e4dd genombrottspelare som likt Wiik \u00e4r enormt explosiv och stark. Annika har ett imponerande skott och i f\u00f6rsvaret utnyttjar hon sin snabbhet p\u00e5 ett imponerande s\u00e4tt. Det \u00e4r alltid roligt att spela med Annika, inte bara f\u00f6r att hon \u00e4r en bra spelare utan ocks\u00e5 f\u00f6r att hon \u00e4r en god lagkompis som vill att alla i laget ska ha det bra.<\/p>\n<p>Jag tycker att det viktigaste innan en matchdag \u00e4r att f\u00e5 en god nattss\u00f6mn s\u00e5 man k\u00e4nner sig fr\u00e4sch efter veckan. Ut\u00f6ver det s\u00e5 brukar jag g\u00f6ra s\u00e5 gott som samma saker alltid innan en match. Beroende p\u00e5 vilken tid matchen \u00e4r s\u00e5 vill jag \u00e4ta samma m\u00e5ltider, kl\u00e4 p\u00e5 mig i samma ordning och det viktigaste: ha h\u00e5ret fast med samma gr\u00f6na h\u00e5rsnoddar.<\/p>\n<p>Det kommer garanterat bli en rolig och underh\u00e5llande kv\u00e4llsmatch s\u00e5 jag hoppas p\u00e5 mycket publik, d.v.s. om ni inte redan har l\u00f6rdagsplaner s\u00e5 ta er till Britas! Matchen visslas ig\u00e5ng kl. 18.15.<\/p>\n<p>Vill \u00e4nnu p\u00e5minna er om v\u00e5r Rosa Bandet -insamling som p\u00e5g\u00e5r till slutet av oktober. Om ni inte redan donerat s\u00e5 hinner ni g\u00f6ra det h\u00e4r: <a href=\"https:\/\/grifk-handball.com\/naiset\/kausi-2025-26\/grifk-damer-x-rosa-bandet\/\">GrIFK x Rosa Bandet<\/a>. Alla donationer \u00e4r otroligt viktiga! \ud83e\ude77<\/p>\n<h5><strong>Kolla matchen p\u00e5 Handis-TV\u00a0<\/strong><\/h5>\n<p>Om du inte kan ta dig till Britas kan du se matchen p\u00e5 <a href=\"https:\/\/handis.tv\/grifknaiset\">Handis-tv<\/a> f\u00f6r 6,90\u20ac\/match eller 10,90\u20ac\/m\u00e5nad. F\u00f6r 76\u20ac kan du se alla matcher i Damernas Aktialiga, priset inkluderar \u00e4ven finalmatcherna. En del av summan g\u00e5r till GrIFK Damer, tack f\u00f6r underst\u00f6det!<\/p>\n<h5><strong>F\u00f6lj oss g\u00e4rna!<\/strong><\/h5>\n<p>Facebook: <a href=\"https:\/\/www.facebook.com\/grifkdamer\">Grankulla IFK Handboll Damer<\/a><\/p>\n<p>Instagram: <a href=\"https:\/\/www.instagram.com\/grifkdamer\/\">@grifkdamer<\/a><\/p>\n<p>Text: Alva Eskelin<br \/>\nFoto: aki_kuvaus<\/p>\n","protected":false},"excerpt":{"rendered":"<p>P\u00e5 l\u00f6rdagen inleds den andra matchomg\u00e5ngen n\u00e4r vi m\u00f6ter Dicken p\u00e5 deras hemmaplan i Britas. Det kommer garanterat att bli en tuff och fartfylld match som vi ser fram emot! Den h\u00e4r veckan har vi fokuserat p\u00e5 att hitta r\u00e4tt tuffehet, samspel och timing i f\u00f6rsvaret efter h\u00f6stlovsveckan d\u00e5 laget fokuserade p\u00e5 mer individuell teknik. [&hellip;]<\/p>\n","protected":false},"author":12,"featured_media":13505,"comment_status":"closed","ping_status":"closed","sticky":false,"template":"","format":"standard","meta":{"_acf_changed":false,"jetpack_post_was_ever_published":false,"footnotes":""},"categories":[457,1],"tags":[413,411,425,409,181,26,407,218,37],"class_list":["post-13503","post","type-post","status-publish","format-standard","has-post-thumbnail","hentry","category-ennakot-2025-26","category-uutiset","tag-aktialiga","tag-aktialiiga","tag-alva-eskelin","tag-damernas-aktialiga","tag-grifkdamer","tag-grifkhandball","tag-naisten-aktialiiga","tag-otteluennakko","tag-runkosarja"],"acf":[],"yoast_head":"<!-- This site is optimized with the Yoast SEO plugin v27.5 - https:\/\/yoast.com\/product\/yoast-seo-wordpress\/ -->\n<title>Bortamatch 25.10.2025 * 18.15 Dicken vs GrIFK &#187; GrIFK K\u00e4sipallo Naiset<\/title>\n<meta name=\"robots\" content=\"index, follow, max-snippet:-1, max-image-preview:large, max-video-preview:-1\" \/>\n<link rel=\"canonical\" href=\"https:\/\/grifk-handball.com\/naiset\/kausi-2025-26\/ennakot-2025-26\/bortamatch-25-10-2025-18-15-dicken-vs-grifk\/\" \/>\n<meta property=\"og:locale\" content=\"fi_FI\" \/>\n<meta property=\"og:type\" content=\"article\" \/>\n<meta property=\"og:title\" content=\"Bortamatch 25.10.2025 * 18.15 Dicken vs GrIFK &#187; GrIFK K\u00e4sipallo Naiset\" \/>\n<meta property=\"og:description\" content=\"P\u00e5 l\u00f6rdagen inleds den andra matchomg\u00e5ngen n\u00e4r vi m\u00f6ter Dicken p\u00e5 deras hemmaplan i Britas. Det kommer garanterat att bli en tuff och fartfylld match som vi ser fram emot! Den h\u00e4r veckan har vi fokuserat p\u00e5 att hitta r\u00e4tt tuffehet, samspel och timing i f\u00f6rsvaret efter h\u00f6stlovsveckan d\u00e5 laget fokuserade p\u00e5 mer individuell teknik. [&hellip;]\" \/>\n<meta property=\"og:url\" content=\"https:\/\/grifk-handball.com\/naiset\/kausi-2025-26\/ennakot-2025-26\/bortamatch-25-10-2025-18-15-dicken-vs-grifk\/\" \/>\n<meta property=\"og:site_name\" content=\"GrIFK K\u00e4sipallo Naiset\" \/>\n<meta property=\"article:publisher\" content=\"https:\/\/www.facebook.com\/532444520237680\" \/>\n<meta property=\"article:published_time\" content=\"2025-10-24T14:11:28+00:00\" \/>\n<meta property=\"article:modified_time\" content=\"2025-10-24T14:16:37+00:00\" \/>\n<meta property=\"og:image\" content=\"https:\/\/grifk-handball.com\/naiset\/wp-content\/uploads\/sites\/3\/2025\/10\/Alva-ennakko.png\" \/>\n\t<meta property=\"og:image:width\" content=\"1500\" \/>\n\t<meta property=\"og:image:height\" content=\"1000\" \/>\n\t<meta property=\"og:image:type\" content=\"image\/png\" \/>\n<meta name=\"author\" content=\"Ellen\" \/>\n<meta name=\"twitter:card\" content=\"summary_large_image\" \/>\n<meta name=\"twitter:label1\" content=\"Kirjoittanut\" \/>\n\t<meta name=\"twitter:data1\" content=\"Ellen\" \/>\n\t<meta name=\"twitter:label2\" content=\"Arvioitu lukuaika\" \/>\n\t<meta name=\"twitter:data2\" content=\"4 minuuttia\" \/>\n<script type=\"application\/ld+json\" class=\"yoast-schema-graph\">{\"@context\":\"https:\\\/\\\/schema.org\",\"@graph\":[{\"@type\":\"Article\",\"@id\":\"https:\\\/\\\/grifk-handball.com\\\/naiset\\\/kausi-2025-26\\\/ennakot-2025-26\\\/bortamatch-25-10-2025-18-15-dicken-vs-grifk\\\/#article\",\"isPartOf\":{\"@id\":\"https:\\\/\\\/grifk-handball.com\\\/naiset\\\/kausi-2025-26\\\/ennakot-2025-26\\\/bortamatch-25-10-2025-18-15-dicken-vs-grifk\\\/\"},\"author\":{\"name\":\"Ellen\",\"@id\":\"https:\\\/\\\/grifk-handball.com\\\/naiset\\\/#\\\/schema\\\/person\\\/4ab70210cc3dec0bdbb99cc4d3388a15\"},\"headline\":\"Bortamatch 25.10.2025 * 18.15 Dicken vs GrIFK\",\"datePublished\":\"2025-10-24T14:11:28+00:00\",\"dateModified\":\"2025-10-24T14:16:37+00:00\",\"mainEntityOfPage\":{\"@id\":\"https:\\\/\\\/grifk-handball.com\\\/naiset\\\/kausi-2025-26\\\/ennakot-2025-26\\\/bortamatch-25-10-2025-18-15-dicken-vs-grifk\\\/\"},\"wordCount\":653,\"image\":{\"@id\":\"https:\\\/\\\/grifk-handball.com\\\/naiset\\\/kausi-2025-26\\\/ennakot-2025-26\\\/bortamatch-25-10-2025-18-15-dicken-vs-grifk\\\/#primaryimage\"},\"thumbnailUrl\":\"https:\\\/\\\/grifk-handball.com\\\/naiset\\\/wp-content\\\/uploads\\\/sites\\\/3\\\/2025\\\/10\\\/Alva-ennakko.png\",\"keywords\":[\"#Aktialiga\",\"#aktialiiga\",\"#Alva Eskelin\",\"#Damernas Aktialiga\",\"#GrIFKDamer\",\"#GrIFKHandball\",\"#Naisten Aktialiiga\",\"#otteluennakko\",\"Runkosarja\"],\"articleSection\":[\"Ennakot 2025-26\",\"Uutiset\"],\"inLanguage\":\"fi\"},{\"@type\":\"WebPage\",\"@id\":\"https:\\\/\\\/grifk-handball.com\\\/naiset\\\/kausi-2025-26\\\/ennakot-2025-26\\\/bortamatch-25-10-2025-18-15-dicken-vs-grifk\\\/\",\"url\":\"https:\\\/\\\/grifk-handball.com\\\/naiset\\\/kausi-2025-26\\\/ennakot-2025-26\\\/bortamatch-25-10-2025-18-15-dicken-vs-grifk\\\/\",\"name\":\"Bortamatch 25.10.2025 * 18.15 Dicken vs GrIFK &#187; GrIFK K\u00e4sipallo Naiset\",\"isPartOf\":{\"@id\":\"https:\\\/\\\/grifk-handball.com\\\/naiset\\\/#website\"},\"primaryImageOfPage\":{\"@id\":\"https:\\\/\\\/grifk-handball.com\\\/naiset\\\/kausi-2025-26\\\/ennakot-2025-26\\\/bortamatch-25-10-2025-18-15-dicken-vs-grifk\\\/#primaryimage\"},\"image\":{\"@id\":\"https:\\\/\\\/grifk-handball.com\\\/naiset\\\/kausi-2025-26\\\/ennakot-2025-26\\\/bortamatch-25-10-2025-18-15-dicken-vs-grifk\\\/#primaryimage\"},\"thumbnailUrl\":\"https:\\\/\\\/grifk-handball.com\\\/naiset\\\/wp-content\\\/uploads\\\/sites\\\/3\\\/2025\\\/10\\\/Alva-ennakko.png\",\"datePublished\":\"2025-10-24T14:11:28+00:00\",\"dateModified\":\"2025-10-24T14:16:37+00:00\",\"author\":{\"@id\":\"https:\\\/\\\/grifk-handball.com\\\/naiset\\\/#\\\/schema\\\/person\\\/4ab70210cc3dec0bdbb99cc4d3388a15\"},\"breadcrumb\":{\"@id\":\"https:\\\/\\\/grifk-handball.com\\\/naiset\\\/kausi-2025-26\\\/ennakot-2025-26\\\/bortamatch-25-10-2025-18-15-dicken-vs-grifk\\\/#breadcrumb\"},\"inLanguage\":\"fi\",\"potentialAction\":[{\"@type\":\"ReadAction\",\"target\":[\"https:\\\/\\\/grifk-handball.com\\\/naiset\\\/kausi-2025-26\\\/ennakot-2025-26\\\/bortamatch-25-10-2025-18-15-dicken-vs-grifk\\\/\"]}]},{\"@type\":\"ImageObject\",\"inLanguage\":\"fi\",\"@id\":\"https:\\\/\\\/grifk-handball.com\\\/naiset\\\/kausi-2025-26\\\/ennakot-2025-26\\\/bortamatch-25-10-2025-18-15-dicken-vs-grifk\\\/#primaryimage\",\"url\":\"https:\\\/\\\/grifk-handball.com\\\/naiset\\\/wp-content\\\/uploads\\\/sites\\\/3\\\/2025\\\/10\\\/Alva-ennakko.png\",\"contentUrl\":\"https:\\\/\\\/grifk-handball.com\\\/naiset\\\/wp-content\\\/uploads\\\/sites\\\/3\\\/2025\\\/10\\\/Alva-ennakko.png\",\"width\":1500,\"height\":1000},{\"@type\":\"BreadcrumbList\",\"@id\":\"https:\\\/\\\/grifk-handball.com\\\/naiset\\\/kausi-2025-26\\\/ennakot-2025-26\\\/bortamatch-25-10-2025-18-15-dicken-vs-grifk\\\/#breadcrumb\",\"itemListElement\":[{\"@type\":\"ListItem\",\"position\":1,\"name\":\"Home\",\"item\":\"https:\\\/\\\/grifk-handball.com\\\/naiset\\\/etusivu-2\\\/\"},{\"@type\":\"ListItem\",\"position\":2,\"name\":\"Bortamatch 25.10.2025 * 18.15 Dicken vs GrIFK\"}]},{\"@type\":\"WebSite\",\"@id\":\"https:\\\/\\\/grifk-handball.com\\\/naiset\\\/#website\",\"url\":\"https:\\\/\\\/grifk-handball.com\\\/naiset\\\/\",\"name\":\"GrIFK K\u00e4sipallo Naiset\",\"description\":\"GrIFK K\u00e4sipallo Naiset\",\"potentialAction\":[{\"@type\":\"SearchAction\",\"target\":{\"@type\":\"EntryPoint\",\"urlTemplate\":\"https:\\\/\\\/grifk-handball.com\\\/naiset\\\/?s={search_term_string}\"},\"query-input\":{\"@type\":\"PropertyValueSpecification\",\"valueRequired\":true,\"valueName\":\"search_term_string\"}}],\"inLanguage\":\"fi\"},{\"@type\":\"Person\",\"@id\":\"https:\\\/\\\/grifk-handball.com\\\/naiset\\\/#\\\/schema\\\/person\\\/4ab70210cc3dec0bdbb99cc4d3388a15\",\"name\":\"Ellen\",\"image\":{\"@type\":\"ImageObject\",\"inLanguage\":\"fi\",\"@id\":\"https:\\\/\\\/secure.gravatar.com\\\/avatar\\\/396880c508552a2dd3d57b0f9a5f359464f2c496546a922dfec87788c1fa4504?s=96&d=mm&r=g\",\"url\":\"https:\\\/\\\/secure.gravatar.com\\\/avatar\\\/396880c508552a2dd3d57b0f9a5f359464f2c496546a922dfec87788c1fa4504?s=96&d=mm&r=g\",\"contentUrl\":\"https:\\\/\\\/secure.gravatar.com\\\/avatar\\\/396880c508552a2dd3d57b0f9a5f359464f2c496546a922dfec87788c1fa4504?s=96&d=mm&r=g\",\"caption\":\"Ellen\"},\"url\":\"https:\\\/\\\/grifk-handball.com\\\/naiset\\\/author\\\/elleneskelin\\\/\"}]}<\/script>\n<!-- \/ Yoast SEO plugin. -->","yoast_head_json":{"title":"Bortamatch 25.10.2025 * 18.15 Dicken vs GrIFK &#187; GrIFK K\u00e4sipallo Naiset","robots":{"index":"index","follow":"follow","max-snippet":"max-snippet:-1","max-image-preview":"max-image-preview:large","max-video-preview":"max-video-preview:-1"},"canonical":"https:\/\/grifk-handball.com\/naiset\/kausi-2025-26\/ennakot-2025-26\/bortamatch-25-10-2025-18-15-dicken-vs-grifk\/","og_locale":"fi_FI","og_type":"article","og_title":"Bortamatch 25.10.2025 * 18.15 Dicken vs GrIFK &#187; GrIFK K\u00e4sipallo Naiset","og_description":"P\u00e5 l\u00f6rdagen inleds den andra matchomg\u00e5ngen n\u00e4r vi m\u00f6ter Dicken p\u00e5 deras hemmaplan i Britas. Det kommer garanterat att bli en tuff och fartfylld match som vi ser fram emot! Den h\u00e4r veckan har vi fokuserat p\u00e5 att hitta r\u00e4tt tuffehet, samspel och timing i f\u00f6rsvaret efter h\u00f6stlovsveckan d\u00e5 laget fokuserade p\u00e5 mer individuell teknik. [&hellip;]","og_url":"https:\/\/grifk-handball.com\/naiset\/kausi-2025-26\/ennakot-2025-26\/bortamatch-25-10-2025-18-15-dicken-vs-grifk\/","og_site_name":"GrIFK K\u00e4sipallo Naiset","article_publisher":"https:\/\/www.facebook.com\/532444520237680","article_published_time":"2025-10-24T14:11:28+00:00","article_modified_time":"2025-10-24T14:16:37+00:00","og_image":[{"width":1500,"height":1000,"url":"https:\/\/grifk-handball.com\/naiset\/wp-content\/uploads\/sites\/3\/2025\/10\/Alva-ennakko.png","type":"image\/png"}],"author":"Ellen","twitter_card":"summary_large_image","twitter_misc":{"Kirjoittanut":"Ellen","Arvioitu lukuaika":"4 minuuttia"},"schema":{"@context":"https:\/\/schema.org","@graph":[{"@type":"Article","@id":"https:\/\/grifk-handball.com\/naiset\/kausi-2025-26\/ennakot-2025-26\/bortamatch-25-10-2025-18-15-dicken-vs-grifk\/#article","isPartOf":{"@id":"https:\/\/grifk-handball.com\/naiset\/kausi-2025-26\/ennakot-2025-26\/bortamatch-25-10-2025-18-15-dicken-vs-grifk\/"},"author":{"name":"Ellen","@id":"https:\/\/grifk-handball.com\/naiset\/#\/schema\/person\/4ab70210cc3dec0bdbb99cc4d3388a15"},"headline":"Bortamatch 25.10.2025 * 18.15 Dicken vs GrIFK","datePublished":"2025-10-24T14:11:28+00:00","dateModified":"2025-10-24T14:16:37+00:00","mainEntityOfPage":{"@id":"https:\/\/grifk-handball.com\/naiset\/kausi-2025-26\/ennakot-2025-26\/bortamatch-25-10-2025-18-15-dicken-vs-grifk\/"},"wordCount":653,"image":{"@id":"https:\/\/grifk-handball.com\/naiset\/kausi-2025-26\/ennakot-2025-26\/bortamatch-25-10-2025-18-15-dicken-vs-grifk\/#primaryimage"},"thumbnailUrl":"https:\/\/grifk-handball.com\/naiset\/wp-content\/uploads\/sites\/3\/2025\/10\/Alva-ennakko.png","keywords":["#Aktialiga","#aktialiiga","#Alva Eskelin","#Damernas Aktialiga","#GrIFKDamer","#GrIFKHandball","#Naisten Aktialiiga","#otteluennakko","Runkosarja"],"articleSection":["Ennakot 2025-26","Uutiset"],"inLanguage":"fi"},{"@type":"WebPage","@id":"https:\/\/grifk-handball.com\/naiset\/kausi-2025-26\/ennakot-2025-26\/bortamatch-25-10-2025-18-15-dicken-vs-grifk\/","url":"https:\/\/grifk-handball.com\/naiset\/kausi-2025-26\/ennakot-2025-26\/bortamatch-25-10-2025-18-15-dicken-vs-grifk\/","name":"Bortamatch 25.10.2025 * 18.15 Dicken vs GrIFK &#187; GrIFK K\u00e4sipallo Naiset","isPartOf":{"@id":"https:\/\/grifk-handball.com\/naiset\/#website"},"primaryImageOfPage":{"@id":"https:\/\/grifk-handball.com\/naiset\/kausi-2025-26\/ennakot-2025-26\/bortamatch-25-10-2025-18-15-dicken-vs-grifk\/#primaryimage"},"image":{"@id":"https:\/\/grifk-handball.com\/naiset\/kausi-2025-26\/ennakot-2025-26\/bortamatch-25-10-2025-18-15-dicken-vs-grifk\/#primaryimage"},"thumbnailUrl":"https:\/\/grifk-handball.com\/naiset\/wp-content\/uploads\/sites\/3\/2025\/10\/Alva-ennakko.png","datePublished":"2025-10-24T14:11:28+00:00","dateModified":"2025-10-24T14:16:37+00:00","author":{"@id":"https:\/\/grifk-handball.com\/naiset\/#\/schema\/person\/4ab70210cc3dec0bdbb99cc4d3388a15"},"breadcrumb":{"@id":"https:\/\/grifk-handball.com\/naiset\/kausi-2025-26\/ennakot-2025-26\/bortamatch-25-10-2025-18-15-dicken-vs-grifk\/#breadcrumb"},"inLanguage":"fi","potentialAction":[{"@type":"ReadAction","target":["https:\/\/grifk-handball.com\/naiset\/kausi-2025-26\/ennakot-2025-26\/bortamatch-25-10-2025-18-15-dicken-vs-grifk\/"]}]},{"@type":"ImageObject","inLanguage":"fi","@id":"https:\/\/grifk-handball.com\/naiset\/kausi-2025-26\/ennakot-2025-26\/bortamatch-25-10-2025-18-15-dicken-vs-grifk\/#primaryimage","url":"https:\/\/grifk-handball.com\/naiset\/wp-content\/uploads\/sites\/3\/2025\/10\/Alva-ennakko.png","contentUrl":"https:\/\/grifk-handball.com\/naiset\/wp-content\/uploads\/sites\/3\/2025\/10\/Alva-ennakko.png","width":1500,"height":1000},{"@type":"BreadcrumbList","@id":"https:\/\/grifk-handball.com\/naiset\/kausi-2025-26\/ennakot-2025-26\/bortamatch-25-10-2025-18-15-dicken-vs-grifk\/#breadcrumb","itemListElement":[{"@type":"ListItem","position":1,"name":"Home","item":"https:\/\/grifk-handball.com\/naiset\/etusivu-2\/"},{"@type":"ListItem","position":2,"name":"Bortamatch 25.10.2025 * 18.15 Dicken vs GrIFK"}]},{"@type":"WebSite","@id":"https:\/\/grifk-handball.com\/naiset\/#website","url":"https:\/\/grifk-handball.com\/naiset\/","name":"GrIFK K\u00e4sipallo Naiset","description":"GrIFK K\u00e4sipallo Naiset","potentialAction":[{"@type":"SearchAction","target":{"@type":"EntryPoint","urlTemplate":"https:\/\/grifk-handball.com\/naiset\/?s={search_term_string}"},"query-input":{"@type":"PropertyValueSpecification","valueRequired":true,"valueName":"search_term_string"}}],"inLanguage":"fi"},{"@type":"Person","@id":"https:\/\/grifk-handball.com\/naiset\/#\/schema\/person\/4ab70210cc3dec0bdbb99cc4d3388a15","name":"Ellen","image":{"@type":"ImageObject","inLanguage":"fi","@id":"https:\/\/secure.gravatar.com\/avatar\/396880c508552a2dd3d57b0f9a5f359464f2c496546a922dfec87788c1fa4504?s=96&d=mm&r=g","url":"https:\/\/secure.gravatar.com\/avatar\/396880c508552a2dd3d57b0f9a5f359464f2c496546a922dfec87788c1fa4504?s=96&d=mm&r=g","contentUrl":"https:\/\/secure.gravatar.com\/avatar\/396880c508552a2dd3d57b0f9a5f359464f2c496546a922dfec87788c1fa4504?s=96&d=mm&r=g","caption":"Ellen"},"url":"https:\/\/grifk-handball.com\/naiset\/author\/elleneskelin\/"}]}},"jetpack_featured_media_url":"https:\/\/grifk-handball.com\/naiset\/wp-content\/uploads\/sites\/3\/2025\/10\/Alva-ennakko.png","jetpack_sharing_enabled":true,"_links":{"self":[{"href":"https:\/\/grifk-handball.com\/naiset\/wp-json\/wp\/v2\/posts\/13503","targetHints":{"allow":["GET"]}}],"collection":[{"href":"https:\/\/grifk-handball.com\/naiset\/wp-json\/wp\/v2\/posts"}],"about":[{"href":"https:\/\/grifk-handball.com\/naiset\/wp-json\/wp\/v2\/types\/post"}],"author":[{"embeddable":true,"href":"https:\/\/grifk-handball.com\/naiset\/wp-json\/wp\/v2\/users\/12"}],"replies":[{"embeddable":true,"href":"https:\/\/grifk-handball.com\/naiset\/wp-json\/wp\/v2\/comments?post=13503"}],"version-history":[{"count":3,"href":"https:\/\/grifk-handball.com\/naiset\/wp-json\/wp\/v2\/posts\/13503\/revisions"}],"predecessor-version":[{"id":13511,"href":"https:\/\/grifk-handball.com\/naiset\/wp-json\/wp\/v2\/posts\/13503\/revisions\/13511"}],"wp:featuredmedia":[{"embeddable":true,"href":"https:\/\/grifk-handball.com\/naiset\/wp-json\/wp\/v2\/media\/13505"}],"wp:attachment":[{"href":"https:\/\/grifk-handball.com\/naiset\/wp-json\/wp\/v2\/media?parent=13503"}],"wp:term":[{"taxonomy":"category","embeddable":true,"href":"https:\/\/grifk-handball.com\/naiset\/wp-json\/wp\/v2\/categories?post=13503"},{"taxonomy":"post_tag","embeddable":true,"href":"https:\/\/grifk-handball.com\/naiset\/wp-json\/wp\/v2\/tags?post=13503"}],"curies":[{"name":"wp","href":"https:\/\/api.w.org\/{rel}","templated":true}]}}