{"id":13508,"date":"2025-10-24T17:16:10","date_gmt":"2025-10-24T14:16:10","guid":{"rendered":"https:\/\/grifk-handball.com\/naiset\/?p=13508"},"modified":"2025-10-25T12:07:41","modified_gmt":"2025-10-25T09:07:41","slug":"vierasottelu-25-10-2025-18-15-dicken-vs-grifk","status":"publish","type":"post","link":"https:\/\/grifk-handball.com\/naiset\/kausi-2025-26\/ennakot-2025-26\/vierasottelu-25-10-2025-18-15-dicken-vs-grifk\/","title":{"rendered":"Vierasottelu 25.10.2025 * 18.15 Dicken vs GrIFK"},"content":{"rendered":"<p>Lauantaina k\u00e4ynnistyy sarjan toinen ottelukierros, kun kohtaamme Dickenin heid\u00e4n kotikent\u00e4ll\u00e4\u00e4n Pirkkolassa. Luvassa on varmasti kova ja vauhdikas ottelu, jota odotamme innolla!<\/p>\n<p>Syyslomaviikolla harjoittelimme enemm\u00e4n yksil\u00f6tekniikkaa, mutta t\u00e4ll\u00e4 viikolla olemme keskittyneet puolustukseen rakentamalla siihen parempaa yhteispeli\u00e4 sek\u00e4 oikeanlaista ajoitusta ja kovuutta. Vaikka Dicken on meille tuttu vastustaja, olemme katsoneet videolta heid\u00e4n pelej\u00e4\u00e4n ollaksemme valmiita heid\u00e4n pelityyliins\u00e4. Itse olen t\u00e4ll\u00e4 viikolla keskittynyt hakemaan varmuutta 6\u20130-puolustuspelaamiseeni ja tiivist\u00e4m\u00e4\u00e4n yhteisty\u00f6t\u00e4 niiden kanssa, joiden vierell\u00e4 pelaan.<\/p>\n<p>Vastaamme asettuu n\u00e4lk\u00e4inen Dicken, joka otti aiemmin viikolla kauden ensimm\u00e4isen voittonsa ja on varmasti innokas saamaan toisen omalla kotikent\u00e4ll\u00e4\u00e4n. Dickenill\u00e4 on nuori joukkue, jossa on paljon taitavia yksil\u00f6it\u00e4, ja kauden edetess\u00e4 heid\u00e4n yhteispelins\u00e4 on jatkuvasti kehittynyt. Sen j\u00e4lkeen kun kohtasimme heid\u00e4t sarja-avauksessa, heid\u00e4n pallotemponsa on kasvanut, he menev\u00e4t entist\u00e4 ahnaammin kohti maalia ja ovat fyysisempi\u00e4 puolustuksessaan. Dickenill\u00e4 on kuitenkin my\u00f6s kokeneita pelaajia, jotka pelaavat aina tasaisen hyvin. Maalissa Dickenill\u00e4 on eritt\u00e4in vahvat viimeiset lukot: heill\u00e4 on kolme taitavaa maalivahtia, jotka voivat tehd\u00e4 illastamme vaikean, jos emme ole tarkkoja viimeistelyiss\u00e4mme.<\/p>\n<p>Kuten tapana on, olen valinnut kaksi pelaajaa, joita kannattaa seurata erityisen tarkasti. Dickenist\u00e4 nostan esiin <strong>Amanda Wiikin<\/strong>, joka pelaa ensimm\u00e4ist\u00e4 kauttaan Aktialiigassa, mutta kantaa jo nyt isoa vastuuta joukkueessaan. Amanda on osoittanut kaikille, kuinka taitava pelaaja h\u00e4n on. H\u00e4n on vahva, r\u00e4j\u00e4ht\u00e4v\u00e4, nopea ja mik\u00e4 ehk\u00e4 t\u00e4rkeint\u00e4, h\u00e4n ei koskaan anna periksi. Olemme kohdanneet lukemattomia kertoja siit\u00e4 asti, kun olimme pikku-junioreita ja h\u00e4nt\u00e4 vastaan pelaaminen on aina hauskaa mutta haastavaa.<\/p>\n<p>Omasta joukkueestamme haluan nostaa esiin <strong>Annika Mustosen<\/strong>, jonka pelityyli on hyvin samanlainen kuin Wiikin. Annika on nopea ja rohkea l\u00e4piajopelaaja, joka on Wiikin tavoin eritt\u00e4in r\u00e4j\u00e4ht\u00e4v\u00e4 ja vahva. H\u00e4nell\u00e4 tarkka viimeistelyiss\u00e4\u00e4n, ja puolustuksessa h\u00e4n hy\u00f6dynt\u00e4\u00e4 hienosti nopeuttaan. On aina kiva pelata Annikan kanssa, eik\u00e4 vain siksi, ett\u00e4 h\u00e4n on erinomainen pelaaja, vaan my\u00f6s, koska h\u00e4n on joukkuetoveri, joka huolehtii siit\u00e4, ett\u00e4 kaikilla joukkueessa on hyv\u00e4 olla.<\/p>\n<p>Mielest\u00e4ni t\u00e4rkeint\u00e4 ennen pelip\u00e4iv\u00e4\u00e4 on nukkua hyvin, jotta olo on lev\u00e4nnyt ja virke\u00e4 viikon j\u00e4lkeen. Olen my\u00f6s hieman taikauskoinen eli teen asiat l\u00e4hes aina samalla tavalla ennen peli\u00e4. Ottelun ajankohdasta riippuen sy\u00f6n samat ateriat, puen varusteet samassa j\u00e4rjestyksess\u00e4 ja mik\u00e4 t\u00e4rkeint\u00e4: sidon hiukset samoilla vihreill\u00e4 hiuslenkeill\u00e4.<\/p>\n<p>Luvassa on varmasti viihdytt\u00e4v\u00e4 ja vauhdikas iltaottelu, joten toivottavasti tulee paljon yleis\u00f6\u00e4. Jos teill\u00e4 ei viel\u00e4 ole suunnitelmia lauantai-illalle, tulkaa paikalle Pirkkolaan! Ottelu vihellet\u00e4\u00e4n k\u00e4yntiin klo 18.15.\u00a0N\u00e4hd\u00e4\u00e4n\u00a0siell\u00e4!<\/p>\n<p>Haluan viel\u00e4 lopuksi muistuttaa kaikkia meid\u00e4n Roosa nauha -ker\u00e4yksest\u00e4mme, joka on k\u00e4ynniss\u00e4 kuun loppuun saakka. Jos et ole viel\u00e4 lahjoittanut, ehdit yh\u00e4 tehd\u00e4 sen t\u00e4\u00e4ll\u00e4: <a href=\"https:\/\/grifk-handball.com\/naiset\/kausi-2025-26\/grifk-naiset-x-roosa-nauha\/\">GrIFK Naiset x Roosa Nauha<\/a>. Jokainen lahjoitus on todella t\u00e4rke\u00e4!\ud83e\ude77<\/p>\n<h5>Katso ottelu HandisTV:st\u00e4<\/h5>\n<p>Mik\u00e4li et p\u00e4\u00e4se paikalle Pirkkolaan, voit seurata ottelua <a href=\"https:\/\/handis.tv\/grifknaiset\">Handis-tv<\/a>:st\u00e4\u00a0hintaan\u00a06,90\u20ac\/ottelu tai 9,90\u20ac\/kuukausi. 76\u20ac:lla n\u00e4et kaikki Naisten Aktiassa pelattavat ottelut, hintaan sis\u00e4ltyv\u00e4t my\u00f6s finaalit.\u00a0Osa summasta ohjautuu joukkueellemme \u2013 iso kiitos tuestasi!<\/p>\n<h5><strong>Seuraa meit\u00e4!<\/strong><\/h5>\n<p class=\"\" data-start=\"1232\" data-end=\"1305\"><strong data-start=\"1232\" data-end=\"1245\">Facebook:<\/strong>\u00a0<a href=\"https:\/\/www.facebook.com\/grifkdamer\">Grankulla IFK Handboll Damer<\/a><br data-start=\"1274\" data-end=\"1277\" \/><strong data-start=\"1277\" data-end=\"1291\">Instagram:<\/strong>\u00a0<a href=\"https:\/\/www.instagram.com\/grifkdamer\/\">@grifkdamer<\/a><\/p>\n<p class=\"\" data-start=\"1307\" data-end=\"1361\"><strong data-start=\"1307\" data-end=\"1318\">Teksti:<\/strong> Alva Eskelin<br data-start=\"1336\" data-end=\"1339\" \/><strong data-start=\"1339\" data-end=\"1348\">Kuva:<\/strong>\u00a0aki_kuvaus<\/p>\n","protected":false},"excerpt":{"rendered":"<p>Lauantaina k\u00e4ynnistyy sarjan toinen ottelukierros, kun kohtaamme Dickenin heid\u00e4n kotikent\u00e4ll\u00e4\u00e4n Pirkkolassa. Luvassa on varmasti kova ja vauhdikas ottelu, jota odotamme innolla! Syyslomaviikolla harjoittelimme enemm\u00e4n yksil\u00f6tekniikkaa, mutta t\u00e4ll\u00e4 viikolla olemme keskittyneet puolustukseen rakentamalla siihen parempaa yhteispeli\u00e4 sek\u00e4 oikeanlaista ajoitusta ja kovuutta. Vaikka Dicken on meille tuttu vastustaja, olemme katsoneet videolta heid\u00e4n pelej\u00e4\u00e4n ollaksemme valmiita heid\u00e4n pelityyliins\u00e4. [&hellip;]<\/p>\n","protected":false},"author":12,"featured_media":13505,"comment_status":"closed","ping_status":"closed","sticky":false,"template":"","format":"standard","meta":{"_acf_changed":false,"jetpack_post_was_ever_published":false,"footnotes":""},"categories":[457,1],"tags":[413,411,425,409,181,26,407,218,37],"class_list":["post-13508","post","type-post","status-publish","format-standard","has-post-thumbnail","hentry","category-ennakot-2025-26","category-uutiset","tag-aktialiga","tag-aktialiiga","tag-alva-eskelin","tag-damernas-aktialiga","tag-grifkdamer","tag-grifkhandball","tag-naisten-aktialiiga","tag-otteluennakko","tag-runkosarja"],"acf":[],"yoast_head":"<!-- This site is optimized with the Yoast SEO plugin v27.5 - https:\/\/yoast.com\/product\/yoast-seo-wordpress\/ -->\n<title>Vierasottelu 25.10.2025 * 18.15 Dicken vs GrIFK &#187; GrIFK K\u00e4sipallo Naiset<\/title>\n<meta name=\"robots\" content=\"index, follow, max-snippet:-1, max-image-preview:large, max-video-preview:-1\" \/>\n<link rel=\"canonical\" href=\"https:\/\/grifk-handball.com\/naiset\/kausi-2025-26\/ennakot-2025-26\/vierasottelu-25-10-2025-18-15-dicken-vs-grifk\/\" \/>\n<meta property=\"og:locale\" content=\"fi_FI\" \/>\n<meta property=\"og:type\" content=\"article\" \/>\n<meta property=\"og:title\" content=\"Vierasottelu 25.10.2025 * 18.15 Dicken vs GrIFK &#187; GrIFK K\u00e4sipallo Naiset\" \/>\n<meta property=\"og:description\" content=\"Lauantaina k\u00e4ynnistyy sarjan toinen ottelukierros, kun kohtaamme Dickenin heid\u00e4n kotikent\u00e4ll\u00e4\u00e4n Pirkkolassa. Luvassa on varmasti kova ja vauhdikas ottelu, jota odotamme innolla! Syyslomaviikolla harjoittelimme enemm\u00e4n yksil\u00f6tekniikkaa, mutta t\u00e4ll\u00e4 viikolla olemme keskittyneet puolustukseen rakentamalla siihen parempaa yhteispeli\u00e4 sek\u00e4 oikeanlaista ajoitusta ja kovuutta. Vaikka Dicken on meille tuttu vastustaja, olemme katsoneet videolta heid\u00e4n pelej\u00e4\u00e4n ollaksemme valmiita heid\u00e4n pelityyliins\u00e4. [&hellip;]\" \/>\n<meta property=\"og:url\" content=\"https:\/\/grifk-handball.com\/naiset\/kausi-2025-26\/ennakot-2025-26\/vierasottelu-25-10-2025-18-15-dicken-vs-grifk\/\" \/>\n<meta property=\"og:site_name\" content=\"GrIFK K\u00e4sipallo Naiset\" \/>\n<meta property=\"article:publisher\" content=\"https:\/\/www.facebook.com\/532444520237680\" \/>\n<meta property=\"article:published_time\" content=\"2025-10-24T14:16:10+00:00\" \/>\n<meta property=\"article:modified_time\" content=\"2025-10-25T09:07:41+00:00\" \/>\n<meta property=\"og:image\" content=\"https:\/\/grifk-handball.com\/naiset\/wp-content\/uploads\/sites\/3\/2025\/10\/Alva-ennakko.png\" \/>\n\t<meta property=\"og:image:width\" content=\"1500\" \/>\n\t<meta property=\"og:image:height\" content=\"1000\" \/>\n\t<meta property=\"og:image:type\" content=\"image\/png\" \/>\n<meta name=\"author\" content=\"Ellen\" \/>\n<meta name=\"twitter:card\" content=\"summary_large_image\" \/>\n<meta name=\"twitter:label1\" content=\"Kirjoittanut\" \/>\n\t<meta name=\"twitter:data1\" content=\"Ellen\" \/>\n\t<meta name=\"twitter:label2\" content=\"Arvioitu lukuaika\" \/>\n\t<meta name=\"twitter:data2\" content=\"3 minuuttia\" \/>\n<script type=\"application\/ld+json\" class=\"yoast-schema-graph\">{\"@context\":\"https:\\\/\\\/schema.org\",\"@graph\":[{\"@type\":\"Article\",\"@id\":\"https:\\\/\\\/grifk-handball.com\\\/naiset\\\/kausi-2025-26\\\/ennakot-2025-26\\\/vierasottelu-25-10-2025-18-15-dicken-vs-grifk\\\/#article\",\"isPartOf\":{\"@id\":\"https:\\\/\\\/grifk-handball.com\\\/naiset\\\/kausi-2025-26\\\/ennakot-2025-26\\\/vierasottelu-25-10-2025-18-15-dicken-vs-grifk\\\/\"},\"author\":{\"name\":\"Ellen\",\"@id\":\"https:\\\/\\\/grifk-handball.com\\\/naiset\\\/#\\\/schema\\\/person\\\/4ab70210cc3dec0bdbb99cc4d3388a15\"},\"headline\":\"Vierasottelu 25.10.2025 * 18.15 Dicken vs GrIFK\",\"datePublished\":\"2025-10-24T14:16:10+00:00\",\"dateModified\":\"2025-10-25T09:07:41+00:00\",\"mainEntityOfPage\":{\"@id\":\"https:\\\/\\\/grifk-handball.com\\\/naiset\\\/kausi-2025-26\\\/ennakot-2025-26\\\/vierasottelu-25-10-2025-18-15-dicken-vs-grifk\\\/\"},\"wordCount\":536,\"image\":{\"@id\":\"https:\\\/\\\/grifk-handball.com\\\/naiset\\\/kausi-2025-26\\\/ennakot-2025-26\\\/vierasottelu-25-10-2025-18-15-dicken-vs-grifk\\\/#primaryimage\"},\"thumbnailUrl\":\"https:\\\/\\\/grifk-handball.com\\\/naiset\\\/wp-content\\\/uploads\\\/sites\\\/3\\\/2025\\\/10\\\/Alva-ennakko.png\",\"keywords\":[\"#Aktialiga\",\"#aktialiiga\",\"#Alva Eskelin\",\"#Damernas Aktialiga\",\"#GrIFKDamer\",\"#GrIFKHandball\",\"#Naisten Aktialiiga\",\"#otteluennakko\",\"Runkosarja\"],\"articleSection\":[\"Ennakot 2025-26\",\"Uutiset\"],\"inLanguage\":\"fi\"},{\"@type\":\"WebPage\",\"@id\":\"https:\\\/\\\/grifk-handball.com\\\/naiset\\\/kausi-2025-26\\\/ennakot-2025-26\\\/vierasottelu-25-10-2025-18-15-dicken-vs-grifk\\\/\",\"url\":\"https:\\\/\\\/grifk-handball.com\\\/naiset\\\/kausi-2025-26\\\/ennakot-2025-26\\\/vierasottelu-25-10-2025-18-15-dicken-vs-grifk\\\/\",\"name\":\"Vierasottelu 25.10.2025 * 18.15 Dicken vs GrIFK &#187; GrIFK K\u00e4sipallo Naiset\",\"isPartOf\":{\"@id\":\"https:\\\/\\\/grifk-handball.com\\\/naiset\\\/#website\"},\"primaryImageOfPage\":{\"@id\":\"https:\\\/\\\/grifk-handball.com\\\/naiset\\\/kausi-2025-26\\\/ennakot-2025-26\\\/vierasottelu-25-10-2025-18-15-dicken-vs-grifk\\\/#primaryimage\"},\"image\":{\"@id\":\"https:\\\/\\\/grifk-handball.com\\\/naiset\\\/kausi-2025-26\\\/ennakot-2025-26\\\/vierasottelu-25-10-2025-18-15-dicken-vs-grifk\\\/#primaryimage\"},\"thumbnailUrl\":\"https:\\\/\\\/grifk-handball.com\\\/naiset\\\/wp-content\\\/uploads\\\/sites\\\/3\\\/2025\\\/10\\\/Alva-ennakko.png\",\"datePublished\":\"2025-10-24T14:16:10+00:00\",\"dateModified\":\"2025-10-25T09:07:41+00:00\",\"author\":{\"@id\":\"https:\\\/\\\/grifk-handball.com\\\/naiset\\\/#\\\/schema\\\/person\\\/4ab70210cc3dec0bdbb99cc4d3388a15\"},\"breadcrumb\":{\"@id\":\"https:\\\/\\\/grifk-handball.com\\\/naiset\\\/kausi-2025-26\\\/ennakot-2025-26\\\/vierasottelu-25-10-2025-18-15-dicken-vs-grifk\\\/#breadcrumb\"},\"inLanguage\":\"fi\",\"potentialAction\":[{\"@type\":\"ReadAction\",\"target\":[\"https:\\\/\\\/grifk-handball.com\\\/naiset\\\/kausi-2025-26\\\/ennakot-2025-26\\\/vierasottelu-25-10-2025-18-15-dicken-vs-grifk\\\/\"]}]},{\"@type\":\"ImageObject\",\"inLanguage\":\"fi\",\"@id\":\"https:\\\/\\\/grifk-handball.com\\\/naiset\\\/kausi-2025-26\\\/ennakot-2025-26\\\/vierasottelu-25-10-2025-18-15-dicken-vs-grifk\\\/#primaryimage\",\"url\":\"https:\\\/\\\/grifk-handball.com\\\/naiset\\\/wp-content\\\/uploads\\\/sites\\\/3\\\/2025\\\/10\\\/Alva-ennakko.png\",\"contentUrl\":\"https:\\\/\\\/grifk-handball.com\\\/naiset\\\/wp-content\\\/uploads\\\/sites\\\/3\\\/2025\\\/10\\\/Alva-ennakko.png\",\"width\":1500,\"height\":1000},{\"@type\":\"BreadcrumbList\",\"@id\":\"https:\\\/\\\/grifk-handball.com\\\/naiset\\\/kausi-2025-26\\\/ennakot-2025-26\\\/vierasottelu-25-10-2025-18-15-dicken-vs-grifk\\\/#breadcrumb\",\"itemListElement\":[{\"@type\":\"ListItem\",\"position\":1,\"name\":\"Home\",\"item\":\"https:\\\/\\\/grifk-handball.com\\\/naiset\\\/etusivu-2\\\/\"},{\"@type\":\"ListItem\",\"position\":2,\"name\":\"Vierasottelu 25.10.2025 * 18.15 Dicken vs GrIFK\"}]},{\"@type\":\"WebSite\",\"@id\":\"https:\\\/\\\/grifk-handball.com\\\/naiset\\\/#website\",\"url\":\"https:\\\/\\\/grifk-handball.com\\\/naiset\\\/\",\"name\":\"GrIFK K\u00e4sipallo Naiset\",\"description\":\"GrIFK K\u00e4sipallo Naiset\",\"potentialAction\":[{\"@type\":\"SearchAction\",\"target\":{\"@type\":\"EntryPoint\",\"urlTemplate\":\"https:\\\/\\\/grifk-handball.com\\\/naiset\\\/?s={search_term_string}\"},\"query-input\":{\"@type\":\"PropertyValueSpecification\",\"valueRequired\":true,\"valueName\":\"search_term_string\"}}],\"inLanguage\":\"fi\"},{\"@type\":\"Person\",\"@id\":\"https:\\\/\\\/grifk-handball.com\\\/naiset\\\/#\\\/schema\\\/person\\\/4ab70210cc3dec0bdbb99cc4d3388a15\",\"name\":\"Ellen\",\"image\":{\"@type\":\"ImageObject\",\"inLanguage\":\"fi\",\"@id\":\"https:\\\/\\\/secure.gravatar.com\\\/avatar\\\/396880c508552a2dd3d57b0f9a5f359464f2c496546a922dfec87788c1fa4504?s=96&d=mm&r=g\",\"url\":\"https:\\\/\\\/secure.gravatar.com\\\/avatar\\\/396880c508552a2dd3d57b0f9a5f359464f2c496546a922dfec87788c1fa4504?s=96&d=mm&r=g\",\"contentUrl\":\"https:\\\/\\\/secure.gravatar.com\\\/avatar\\\/396880c508552a2dd3d57b0f9a5f359464f2c496546a922dfec87788c1fa4504?s=96&d=mm&r=g\",\"caption\":\"Ellen\"},\"url\":\"https:\\\/\\\/grifk-handball.com\\\/naiset\\\/author\\\/elleneskelin\\\/\"}]}<\/script>\n<!-- \/ Yoast SEO plugin. -->","yoast_head_json":{"title":"Vierasottelu 25.10.2025 * 18.15 Dicken vs GrIFK &#187; GrIFK K\u00e4sipallo Naiset","robots":{"index":"index","follow":"follow","max-snippet":"max-snippet:-1","max-image-preview":"max-image-preview:large","max-video-preview":"max-video-preview:-1"},"canonical":"https:\/\/grifk-handball.com\/naiset\/kausi-2025-26\/ennakot-2025-26\/vierasottelu-25-10-2025-18-15-dicken-vs-grifk\/","og_locale":"fi_FI","og_type":"article","og_title":"Vierasottelu 25.10.2025 * 18.15 Dicken vs GrIFK &#187; GrIFK K\u00e4sipallo Naiset","og_description":"Lauantaina k\u00e4ynnistyy sarjan toinen ottelukierros, kun kohtaamme Dickenin heid\u00e4n kotikent\u00e4ll\u00e4\u00e4n Pirkkolassa. Luvassa on varmasti kova ja vauhdikas ottelu, jota odotamme innolla! Syyslomaviikolla harjoittelimme enemm\u00e4n yksil\u00f6tekniikkaa, mutta t\u00e4ll\u00e4 viikolla olemme keskittyneet puolustukseen rakentamalla siihen parempaa yhteispeli\u00e4 sek\u00e4 oikeanlaista ajoitusta ja kovuutta. Vaikka Dicken on meille tuttu vastustaja, olemme katsoneet videolta heid\u00e4n pelej\u00e4\u00e4n ollaksemme valmiita heid\u00e4n pelityyliins\u00e4. [&hellip;]","og_url":"https:\/\/grifk-handball.com\/naiset\/kausi-2025-26\/ennakot-2025-26\/vierasottelu-25-10-2025-18-15-dicken-vs-grifk\/","og_site_name":"GrIFK K\u00e4sipallo Naiset","article_publisher":"https:\/\/www.facebook.com\/532444520237680","article_published_time":"2025-10-24T14:16:10+00:00","article_modified_time":"2025-10-25T09:07:41+00:00","og_image":[{"width":1500,"height":1000,"url":"https:\/\/grifk-handball.com\/naiset\/wp-content\/uploads\/sites\/3\/2025\/10\/Alva-ennakko.png","type":"image\/png"}],"author":"Ellen","twitter_card":"summary_large_image","twitter_misc":{"Kirjoittanut":"Ellen","Arvioitu lukuaika":"3 minuuttia"},"schema":{"@context":"https:\/\/schema.org","@graph":[{"@type":"Article","@id":"https:\/\/grifk-handball.com\/naiset\/kausi-2025-26\/ennakot-2025-26\/vierasottelu-25-10-2025-18-15-dicken-vs-grifk\/#article","isPartOf":{"@id":"https:\/\/grifk-handball.com\/naiset\/kausi-2025-26\/ennakot-2025-26\/vierasottelu-25-10-2025-18-15-dicken-vs-grifk\/"},"author":{"name":"Ellen","@id":"https:\/\/grifk-handball.com\/naiset\/#\/schema\/person\/4ab70210cc3dec0bdbb99cc4d3388a15"},"headline":"Vierasottelu 25.10.2025 * 18.15 Dicken vs GrIFK","datePublished":"2025-10-24T14:16:10+00:00","dateModified":"2025-10-25T09:07:41+00:00","mainEntityOfPage":{"@id":"https:\/\/grifk-handball.com\/naiset\/kausi-2025-26\/ennakot-2025-26\/vierasottelu-25-10-2025-18-15-dicken-vs-grifk\/"},"wordCount":536,"image":{"@id":"https:\/\/grifk-handball.com\/naiset\/kausi-2025-26\/ennakot-2025-26\/vierasottelu-25-10-2025-18-15-dicken-vs-grifk\/#primaryimage"},"thumbnailUrl":"https:\/\/grifk-handball.com\/naiset\/wp-content\/uploads\/sites\/3\/2025\/10\/Alva-ennakko.png","keywords":["#Aktialiga","#aktialiiga","#Alva Eskelin","#Damernas Aktialiga","#GrIFKDamer","#GrIFKHandball","#Naisten Aktialiiga","#otteluennakko","Runkosarja"],"articleSection":["Ennakot 2025-26","Uutiset"],"inLanguage":"fi"},{"@type":"WebPage","@id":"https:\/\/grifk-handball.com\/naiset\/kausi-2025-26\/ennakot-2025-26\/vierasottelu-25-10-2025-18-15-dicken-vs-grifk\/","url":"https:\/\/grifk-handball.com\/naiset\/kausi-2025-26\/ennakot-2025-26\/vierasottelu-25-10-2025-18-15-dicken-vs-grifk\/","name":"Vierasottelu 25.10.2025 * 18.15 Dicken vs GrIFK &#187; GrIFK K\u00e4sipallo Naiset","isPartOf":{"@id":"https:\/\/grifk-handball.com\/naiset\/#website"},"primaryImageOfPage":{"@id":"https:\/\/grifk-handball.com\/naiset\/kausi-2025-26\/ennakot-2025-26\/vierasottelu-25-10-2025-18-15-dicken-vs-grifk\/#primaryimage"},"image":{"@id":"https:\/\/grifk-handball.com\/naiset\/kausi-2025-26\/ennakot-2025-26\/vierasottelu-25-10-2025-18-15-dicken-vs-grifk\/#primaryimage"},"thumbnailUrl":"https:\/\/grifk-handball.com\/naiset\/wp-content\/uploads\/sites\/3\/2025\/10\/Alva-ennakko.png","datePublished":"2025-10-24T14:16:10+00:00","dateModified":"2025-10-25T09:07:41+00:00","author":{"@id":"https:\/\/grifk-handball.com\/naiset\/#\/schema\/person\/4ab70210cc3dec0bdbb99cc4d3388a15"},"breadcrumb":{"@id":"https:\/\/grifk-handball.com\/naiset\/kausi-2025-26\/ennakot-2025-26\/vierasottelu-25-10-2025-18-15-dicken-vs-grifk\/#breadcrumb"},"inLanguage":"fi","potentialAction":[{"@type":"ReadAction","target":["https:\/\/grifk-handball.com\/naiset\/kausi-2025-26\/ennakot-2025-26\/vierasottelu-25-10-2025-18-15-dicken-vs-grifk\/"]}]},{"@type":"ImageObject","inLanguage":"fi","@id":"https:\/\/grifk-handball.com\/naiset\/kausi-2025-26\/ennakot-2025-26\/vierasottelu-25-10-2025-18-15-dicken-vs-grifk\/#primaryimage","url":"https:\/\/grifk-handball.com\/naiset\/wp-content\/uploads\/sites\/3\/2025\/10\/Alva-ennakko.png","contentUrl":"https:\/\/grifk-handball.com\/naiset\/wp-content\/uploads\/sites\/3\/2025\/10\/Alva-ennakko.png","width":1500,"height":1000},{"@type":"BreadcrumbList","@id":"https:\/\/grifk-handball.com\/naiset\/kausi-2025-26\/ennakot-2025-26\/vierasottelu-25-10-2025-18-15-dicken-vs-grifk\/#breadcrumb","itemListElement":[{"@type":"ListItem","position":1,"name":"Home","item":"https:\/\/grifk-handball.com\/naiset\/etusivu-2\/"},{"@type":"ListItem","position":2,"name":"Vierasottelu 25.10.2025 * 18.15 Dicken vs GrIFK"}]},{"@type":"WebSite","@id":"https:\/\/grifk-handball.com\/naiset\/#website","url":"https:\/\/grifk-handball.com\/naiset\/","name":"GrIFK K\u00e4sipallo Naiset","description":"GrIFK K\u00e4sipallo Naiset","potentialAction":[{"@type":"SearchAction","target":{"@type":"EntryPoint","urlTemplate":"https:\/\/grifk-handball.com\/naiset\/?s={search_term_string}"},"query-input":{"@type":"PropertyValueSpecification","valueRequired":true,"valueName":"search_term_string"}}],"inLanguage":"fi"},{"@type":"Person","@id":"https:\/\/grifk-handball.com\/naiset\/#\/schema\/person\/4ab70210cc3dec0bdbb99cc4d3388a15","name":"Ellen","image":{"@type":"ImageObject","inLanguage":"fi","@id":"https:\/\/secure.gravatar.com\/avatar\/396880c508552a2dd3d57b0f9a5f359464f2c496546a922dfec87788c1fa4504?s=96&d=mm&r=g","url":"https:\/\/secure.gravatar.com\/avatar\/396880c508552a2dd3d57b0f9a5f359464f2c496546a922dfec87788c1fa4504?s=96&d=mm&r=g","contentUrl":"https:\/\/secure.gravatar.com\/avatar\/396880c508552a2dd3d57b0f9a5f359464f2c496546a922dfec87788c1fa4504?s=96&d=mm&r=g","caption":"Ellen"},"url":"https:\/\/grifk-handball.com\/naiset\/author\/elleneskelin\/"}]}},"jetpack_featured_media_url":"https:\/\/grifk-handball.com\/naiset\/wp-content\/uploads\/sites\/3\/2025\/10\/Alva-ennakko.png","jetpack_sharing_enabled":true,"_links":{"self":[{"href":"https:\/\/grifk-handball.com\/naiset\/wp-json\/wp\/v2\/posts\/13508","targetHints":{"allow":["GET"]}}],"collection":[{"href":"https:\/\/grifk-handball.com\/naiset\/wp-json\/wp\/v2\/posts"}],"about":[{"href":"https:\/\/grifk-handball.com\/naiset\/wp-json\/wp\/v2\/types\/post"}],"author":[{"embeddable":true,"href":"https:\/\/grifk-handball.com\/naiset\/wp-json\/wp\/v2\/users\/12"}],"replies":[{"embeddable":true,"href":"https:\/\/grifk-handball.com\/naiset\/wp-json\/wp\/v2\/comments?post=13508"}],"version-history":[{"count":3,"href":"https:\/\/grifk-handball.com\/naiset\/wp-json\/wp\/v2\/posts\/13508\/revisions"}],"predecessor-version":[{"id":13513,"href":"https:\/\/grifk-handball.com\/naiset\/wp-json\/wp\/v2\/posts\/13508\/revisions\/13513"}],"wp:featuredmedia":[{"embeddable":true,"href":"https:\/\/grifk-handball.com\/naiset\/wp-json\/wp\/v2\/media\/13505"}],"wp:attachment":[{"href":"https:\/\/grifk-handball.com\/naiset\/wp-json\/wp\/v2\/media?parent=13508"}],"wp:term":[{"taxonomy":"category","embeddable":true,"href":"https:\/\/grifk-handball.com\/naiset\/wp-json\/wp\/v2\/categories?post=13508"},{"taxonomy":"post_tag","embeddable":true,"href":"https:\/\/grifk-handball.com\/naiset\/wp-json\/wp\/v2\/tags?post=13508"}],"curies":[{"name":"wp","href":"https:\/\/api.w.org\/{rel}","templated":true}]}}