{"id":13515,"date":"2025-10-26T09:35:51","date_gmt":"2025-10-26T07:35:51","guid":{"rendered":"https:\/\/grifk-handball.com\/naiset\/?p=13515"},"modified":"2025-10-26T09:35:51","modified_gmt":"2025-10-26T07:35:51","slug":"25-10-dicken-vs-grifk-20-27-10-15","status":"publish","type":"post","link":"https:\/\/grifk-handball.com\/naiset\/kausi-2025-26\/ottelut-2025-26\/25-10-dicken-vs-grifk-20-27-10-15\/","title":{"rendered":"25.10 Dicken vs GrIFK 20\u201327 (10\u201315)"},"content":{"rendered":"<p>GrIFK haki lauantaina arvokkaan vierasvoiton Dickenist\u00e4 tiiviin ja kurinalaisen esityksen j\u00e4lkeen. Ottelun alku oli viel\u00e4 sekava ja puolustuspelaamisessa n\u00e4htiin haparointia, mutta joukkue sai nopeasti koneet k\u00e4yntiin ja otti pelin hallintaansa. Voiton my\u00f6t\u00e4 Grani jatkaa vahvassa vireess\u00e4, ja katseet k\u00e4\u00e4ntyv\u00e4t jo keskiviikon cup-otteluun Siuntiota vastaan.<\/p>\n<h4>Valmentajien kommentit<\/h4>\n<p data-start=\"439\" data-end=\"531\">GrIFK:n p\u00e4\u00e4valmentaja <strong>Patrik Johanson<\/strong> oli tyytyv\u00e4inen joukkueen edesottamuksiin alun j\u00e4lkeen:<\/p>\n<p data-start=\"439\" data-end=\"531\"><em>&#8221;Kova peli, tehd\u00e4\u00e4n asiat vaikeiksi alussa ja pelataan aika sekavaa puolustuspeli\u00e4, eik\u00e4 olla tarpeeksi aggressiivisia. Aloitetaan juokseminen ja saadaan koneet k\u00e4yntiin ja siit\u00e4 helppoja maaleja. 20 p\u00e4\u00e4stetty\u00e4 on hyv\u00e4. Odotamme innolla keskiviikon cupin peli\u00e4 Siuntioa vastaan.&#8221;<\/em><\/p>\n<p data-start=\"814\" data-end=\"908\">Dickenin p\u00e4\u00e4valmentaja <strong>Ken Sirenius<\/strong> n\u00e4ki edistysaskelia joukkueensa peliss\u00e4 tappiosta huolimatta:<\/p>\n<p data-start=\"814\" data-end=\"908\"><em>&#8221;Meill\u00e4 oli ottelussa pari hyv\u00e4\u00e4 jaksoa, mutta emme ole tarpeeksi tasaisia ja annamme ottelun karata hieman vastahy\u00f6kk\u00e4yksiss\u00e4, kun Grani p\u00e4\u00e4see juoksemaan meit\u00e4 vastaan melko helposti. Joukkueiden v\u00e4lill\u00e4 on t\u00e4ll\u00e4hetkell\u00e4 eroja, he ovat meit\u00e4 valmiimpia ja meid\u00e4n pit\u00e4\u00e4 ottaa askel kerrallaan. Oikotiet\u00e4 ei ole. Olen eritt\u00e4in tyytyv\u00e4inen, ett\u00e4 yrit\u00e4mme tehd\u00e4 asioita joista olemme puhuneet ja ty\u00f6st\u00e4mme niit\u00e4 ryhm\u00e4n\u00e4. Meid\u00e4n on oltava k\u00e4rsiv\u00e4llisi\u00e4 ja otettava askel kerrallaan. Onnittelut Granille reilusta voitosta.&#8221;<\/em><\/p>\n<h4>Ottelun parhaan pelaajan kommentti<\/h4>\n<p data-start=\"1137\" data-end=\"1222\">Ottelun parhaana pelaajana palkittu <strong>Sandra Laitinen <\/strong>nautti pelaamisesta ja antoi tunnustusta joukkueelle ottelun j\u00e4lkeen:<\/p>\n<p><em><span class=\"ottelumediakuvaus\">&#8221;N\u00e4ytti silt\u00e4, ett\u00e4 meill\u00e4 oli kivaa t\u00e4n\u00e4\u00e4n kent\u00e4ll\u00e4 ja tuntui my\u00f6s silt\u00e4. Tietyt ajanjaksot oli v\u00e4h\u00e4n huonompia, mutta nostettiin tasoa niist\u00e4 ja tehtiin my\u00f6s paljon hyv\u00e4\u00e4 peliss\u00e4. Jatketaan t\u00f6it\u00e4 eteenp\u00e4in.&#8221;<\/span><\/em><\/p>\n<article class=\"text-token-text-primary w-full focus:outline-none [--shadow-height:45px] has-data-writing-block:pointer-events-none has-data-writing-block:-mt-(--shadow-height) has-data-writing-block:pt-(--shadow-height) [&amp;:has([data-writing-block])&gt;*]:pointer-events-auto [content-visibility:auto] supports-[content-visibility:auto]:[contain-intrinsic-size:auto_100lvh] scroll-mt-[calc(var(--header-height)+min(200px,max(70px,20svh)))]\" dir=\"auto\" data-turn-id=\"request-WEB:9900a99b-d0c5-497f-a733-1da476eba301-5\" data-testid=\"conversation-turn-12\" data-scroll-anchor=\"true\" data-turn=\"assistant\">\n<div class=\"text-base my-auto mx-auto pb-10 [--thread-content-margin:--spacing(4)] thread-sm:[--thread-content-margin:--spacing(6)] thread-lg:[--thread-content-margin:--spacing(16)] px-(--thread-content-margin)\">\n<div class=\"[--thread-content-max-width:40rem] thread-lg:[--thread-content-max-width:48rem] mx-auto max-w-(--thread-content-max-width) flex-1 group\/turn-messages focus-visible:outline-hidden relative flex w-full min-w-0 flex-col agent-turn\">\n<div class=\"flex max-w-full flex-col grow\">\n<div class=\"min-h-8 text-message relative flex w-full flex-col items-end gap-2 text-start break-words whitespace-normal [.text-message+&amp;]:mt-5\" dir=\"auto\" data-message-author-role=\"assistant\" data-message-id=\"177aa094-2c2f-428e-8de6-716f742f2d17\" data-message-model-slug=\"gpt-5\">\n<div class=\"flex w-full flex-col gap-1 empty:hidden first:pt-[1px]\">\n<div class=\"markdown prose dark:prose-invert w-full break-words light markdown-new-styling\">\n<p data-start=\"0\" data-end=\"96\" data-is-last-node=\"\" data-is-only-node=\"\">Seuraavaksi edess\u00e4 on kahden kotiottelun viikko. Keskiviikkona 29.10. pelataan cupin viimeinen lohko-ottelu SIF:i\u00e4 vastaan klo 19.00, ja lauantaina Luolassa vierailee Atlas klo 13.30. Toivottavasti n\u00e4hd\u00e4\u00e4n hallilla!<\/p>\n<\/div>\n<\/div>\n<\/div>\n<\/div>\n<\/div>\n<\/div>\n<\/article>\n","protected":false},"excerpt":{"rendered":"<p>GrIFK haki lauantaina arvokkaan vierasvoiton Dickenist\u00e4 tiiviin ja kurinalaisen esityksen j\u00e4lkeen. Ottelun alku oli viel\u00e4 sekava ja puolustuspelaamisessa n\u00e4htiin haparointia, mutta joukkue sai nopeasti koneet k\u00e4yntiin ja otti pelin hallintaansa. Voiton my\u00f6t\u00e4 Grani jatkaa vahvassa vireess\u00e4, ja katseet k\u00e4\u00e4ntyv\u00e4t jo keskiviikon cup-otteluun Siuntiota vastaan. Valmentajien kommentit GrIFK:n p\u00e4\u00e4valmentaja Patrik Johanson oli tyytyv\u00e4inen joukkueen edesottamuksiin alun [&hellip;]<\/p>\n","protected":false},"author":12,"featured_media":13516,"comment_status":"closed","ping_status":"closed","sticky":false,"template":"","format":"standard","meta":{"_acf_changed":false,"jetpack_post_was_ever_published":false,"footnotes":""},"categories":[453,455,1],"tags":[413,411,409,181,26,407],"class_list":["post-13515","post","type-post","status-publish","format-standard","has-post-thumbnail","hentry","category-kausi-2025-26","category-ottelut-2025-26","category-uutiset","tag-aktialiga","tag-aktialiiga","tag-damernas-aktialiga","tag-grifkdamer","tag-grifkhandball","tag-naisten-aktialiiga"],"acf":[],"yoast_head":"<!-- This site is optimized with the Yoast SEO plugin v27.5 - https:\/\/yoast.com\/product\/yoast-seo-wordpress\/ -->\n<title>25.10 Dicken vs GrIFK 20\u201327 (10\u201315) &#187; GrIFK K\u00e4sipallo Naiset<\/title>\n<meta name=\"robots\" content=\"index, follow, max-snippet:-1, max-image-preview:large, max-video-preview:-1\" \/>\n<link rel=\"canonical\" href=\"https:\/\/grifk-handball.com\/naiset\/kausi-2025-26\/ottelut-2025-26\/25-10-dicken-vs-grifk-20-27-10-15\/\" \/>\n<meta property=\"og:locale\" content=\"fi_FI\" \/>\n<meta property=\"og:type\" content=\"article\" \/>\n<meta property=\"og:title\" content=\"25.10 Dicken vs GrIFK 20\u201327 (10\u201315) &#187; GrIFK K\u00e4sipallo Naiset\" \/>\n<meta property=\"og:description\" content=\"GrIFK haki lauantaina arvokkaan vierasvoiton Dickenist\u00e4 tiiviin ja kurinalaisen esityksen j\u00e4lkeen. Ottelun alku oli viel\u00e4 sekava ja puolustuspelaamisessa n\u00e4htiin haparointia, mutta joukkue sai nopeasti koneet k\u00e4yntiin ja otti pelin hallintaansa. Voiton my\u00f6t\u00e4 Grani jatkaa vahvassa vireess\u00e4, ja katseet k\u00e4\u00e4ntyv\u00e4t jo keskiviikon cup-otteluun Siuntiota vastaan. Valmentajien kommentit GrIFK:n p\u00e4\u00e4valmentaja Patrik Johanson oli tyytyv\u00e4inen joukkueen edesottamuksiin alun [&hellip;]\" \/>\n<meta property=\"og:url\" content=\"https:\/\/grifk-handball.com\/naiset\/kausi-2025-26\/ottelut-2025-26\/25-10-dicken-vs-grifk-20-27-10-15\/\" \/>\n<meta property=\"og:site_name\" content=\"GrIFK K\u00e4sipallo Naiset\" \/>\n<meta property=\"article:publisher\" content=\"https:\/\/www.facebook.com\/532444520237680\" \/>\n<meta property=\"article:published_time\" content=\"2025-10-26T07:35:51+00:00\" \/>\n<meta property=\"og:image\" content=\"https:\/\/grifk-handball.com\/naiset\/wp-content\/uploads\/sites\/3\/2025\/10\/Dicken-tulos-1030x687.png\" \/>\n\t<meta property=\"og:image:width\" content=\"1030\" \/>\n\t<meta property=\"og:image:height\" content=\"687\" \/>\n\t<meta property=\"og:image:type\" content=\"image\/png\" \/>\n<meta name=\"author\" content=\"Ellen\" \/>\n<meta name=\"twitter:card\" content=\"summary_large_image\" \/>\n<meta name=\"twitter:label1\" content=\"Kirjoittanut\" \/>\n\t<meta name=\"twitter:data1\" content=\"Ellen\" \/>\n\t<meta name=\"twitter:label2\" content=\"Arvioitu lukuaika\" \/>\n\t<meta name=\"twitter:data2\" content=\"2 minuuttia\" \/>\n<script type=\"application\/ld+json\" class=\"yoast-schema-graph\">{\"@context\":\"https:\\\/\\\/schema.org\",\"@graph\":[{\"@type\":\"Article\",\"@id\":\"https:\\\/\\\/grifk-handball.com\\\/naiset\\\/kausi-2025-26\\\/ottelut-2025-26\\\/25-10-dicken-vs-grifk-20-27-10-15\\\/#article\",\"isPartOf\":{\"@id\":\"https:\\\/\\\/grifk-handball.com\\\/naiset\\\/kausi-2025-26\\\/ottelut-2025-26\\\/25-10-dicken-vs-grifk-20-27-10-15\\\/\"},\"author\":{\"name\":\"Ellen\",\"@id\":\"https:\\\/\\\/grifk-handball.com\\\/naiset\\\/#\\\/schema\\\/person\\\/4ab70210cc3dec0bdbb99cc4d3388a15\"},\"headline\":\"25.10 Dicken vs GrIFK 20\u201327 (10\u201315)\",\"datePublished\":\"2025-10-26T07:35:51+00:00\",\"mainEntityOfPage\":{\"@id\":\"https:\\\/\\\/grifk-handball.com\\\/naiset\\\/kausi-2025-26\\\/ottelut-2025-26\\\/25-10-dicken-vs-grifk-20-27-10-15\\\/\"},\"wordCount\":289,\"image\":{\"@id\":\"https:\\\/\\\/grifk-handball.com\\\/naiset\\\/kausi-2025-26\\\/ottelut-2025-26\\\/25-10-dicken-vs-grifk-20-27-10-15\\\/#primaryimage\"},\"thumbnailUrl\":\"https:\\\/\\\/grifk-handball.com\\\/naiset\\\/wp-content\\\/uploads\\\/sites\\\/3\\\/2025\\\/10\\\/Dicken-tulos.png\",\"keywords\":[\"#Aktialiga\",\"#aktialiiga\",\"#Damernas Aktialiga\",\"#GrIFKDamer\",\"#GrIFKHandball\",\"#Naisten Aktialiiga\"],\"articleSection\":[\"Kausi 2025-26\",\"Ottelut 2025-26\",\"Uutiset\"],\"inLanguage\":\"fi\"},{\"@type\":\"WebPage\",\"@id\":\"https:\\\/\\\/grifk-handball.com\\\/naiset\\\/kausi-2025-26\\\/ottelut-2025-26\\\/25-10-dicken-vs-grifk-20-27-10-15\\\/\",\"url\":\"https:\\\/\\\/grifk-handball.com\\\/naiset\\\/kausi-2025-26\\\/ottelut-2025-26\\\/25-10-dicken-vs-grifk-20-27-10-15\\\/\",\"name\":\"25.10 Dicken vs GrIFK 20\u201327 (10\u201315) &#187; GrIFK K\u00e4sipallo Naiset\",\"isPartOf\":{\"@id\":\"https:\\\/\\\/grifk-handball.com\\\/naiset\\\/#website\"},\"primaryImageOfPage\":{\"@id\":\"https:\\\/\\\/grifk-handball.com\\\/naiset\\\/kausi-2025-26\\\/ottelut-2025-26\\\/25-10-dicken-vs-grifk-20-27-10-15\\\/#primaryimage\"},\"image\":{\"@id\":\"https:\\\/\\\/grifk-handball.com\\\/naiset\\\/kausi-2025-26\\\/ottelut-2025-26\\\/25-10-dicken-vs-grifk-20-27-10-15\\\/#primaryimage\"},\"thumbnailUrl\":\"https:\\\/\\\/grifk-handball.com\\\/naiset\\\/wp-content\\\/uploads\\\/sites\\\/3\\\/2025\\\/10\\\/Dicken-tulos.png\",\"datePublished\":\"2025-10-26T07:35:51+00:00\",\"author\":{\"@id\":\"https:\\\/\\\/grifk-handball.com\\\/naiset\\\/#\\\/schema\\\/person\\\/4ab70210cc3dec0bdbb99cc4d3388a15\"},\"breadcrumb\":{\"@id\":\"https:\\\/\\\/grifk-handball.com\\\/naiset\\\/kausi-2025-26\\\/ottelut-2025-26\\\/25-10-dicken-vs-grifk-20-27-10-15\\\/#breadcrumb\"},\"inLanguage\":\"fi\",\"potentialAction\":[{\"@type\":\"ReadAction\",\"target\":[\"https:\\\/\\\/grifk-handball.com\\\/naiset\\\/kausi-2025-26\\\/ottelut-2025-26\\\/25-10-dicken-vs-grifk-20-27-10-15\\\/\"]}]},{\"@type\":\"ImageObject\",\"inLanguage\":\"fi\",\"@id\":\"https:\\\/\\\/grifk-handball.com\\\/naiset\\\/kausi-2025-26\\\/ottelut-2025-26\\\/25-10-dicken-vs-grifk-20-27-10-15\\\/#primaryimage\",\"url\":\"https:\\\/\\\/grifk-handball.com\\\/naiset\\\/wp-content\\\/uploads\\\/sites\\\/3\\\/2025\\\/10\\\/Dicken-tulos.png\",\"contentUrl\":\"https:\\\/\\\/grifk-handball.com\\\/naiset\\\/wp-content\\\/uploads\\\/sites\\\/3\\\/2025\\\/10\\\/Dicken-tulos.png\",\"width\":1500,\"height\":1000},{\"@type\":\"BreadcrumbList\",\"@id\":\"https:\\\/\\\/grifk-handball.com\\\/naiset\\\/kausi-2025-26\\\/ottelut-2025-26\\\/25-10-dicken-vs-grifk-20-27-10-15\\\/#breadcrumb\",\"itemListElement\":[{\"@type\":\"ListItem\",\"position\":1,\"name\":\"Home\",\"item\":\"https:\\\/\\\/grifk-handball.com\\\/naiset\\\/etusivu-2\\\/\"},{\"@type\":\"ListItem\",\"position\":2,\"name\":\"25.10 Dicken vs GrIFK 20\u201327 (10\u201315)\"}]},{\"@type\":\"WebSite\",\"@id\":\"https:\\\/\\\/grifk-handball.com\\\/naiset\\\/#website\",\"url\":\"https:\\\/\\\/grifk-handball.com\\\/naiset\\\/\",\"name\":\"GrIFK K\u00e4sipallo Naiset\",\"description\":\"GrIFK K\u00e4sipallo Naiset\",\"potentialAction\":[{\"@type\":\"SearchAction\",\"target\":{\"@type\":\"EntryPoint\",\"urlTemplate\":\"https:\\\/\\\/grifk-handball.com\\\/naiset\\\/?s={search_term_string}\"},\"query-input\":{\"@type\":\"PropertyValueSpecification\",\"valueRequired\":true,\"valueName\":\"search_term_string\"}}],\"inLanguage\":\"fi\"},{\"@type\":\"Person\",\"@id\":\"https:\\\/\\\/grifk-handball.com\\\/naiset\\\/#\\\/schema\\\/person\\\/4ab70210cc3dec0bdbb99cc4d3388a15\",\"name\":\"Ellen\",\"image\":{\"@type\":\"ImageObject\",\"inLanguage\":\"fi\",\"@id\":\"https:\\\/\\\/secure.gravatar.com\\\/avatar\\\/396880c508552a2dd3d57b0f9a5f359464f2c496546a922dfec87788c1fa4504?s=96&d=mm&r=g\",\"url\":\"https:\\\/\\\/secure.gravatar.com\\\/avatar\\\/396880c508552a2dd3d57b0f9a5f359464f2c496546a922dfec87788c1fa4504?s=96&d=mm&r=g\",\"contentUrl\":\"https:\\\/\\\/secure.gravatar.com\\\/avatar\\\/396880c508552a2dd3d57b0f9a5f359464f2c496546a922dfec87788c1fa4504?s=96&d=mm&r=g\",\"caption\":\"Ellen\"},\"url\":\"https:\\\/\\\/grifk-handball.com\\\/naiset\\\/author\\\/elleneskelin\\\/\"}]}<\/script>\n<!-- \/ Yoast SEO plugin. -->","yoast_head_json":{"title":"25.10 Dicken vs GrIFK 20\u201327 (10\u201315) &#187; GrIFK K\u00e4sipallo Naiset","robots":{"index":"index","follow":"follow","max-snippet":"max-snippet:-1","max-image-preview":"max-image-preview:large","max-video-preview":"max-video-preview:-1"},"canonical":"https:\/\/grifk-handball.com\/naiset\/kausi-2025-26\/ottelut-2025-26\/25-10-dicken-vs-grifk-20-27-10-15\/","og_locale":"fi_FI","og_type":"article","og_title":"25.10 Dicken vs GrIFK 20\u201327 (10\u201315) &#187; GrIFK K\u00e4sipallo Naiset","og_description":"GrIFK haki lauantaina arvokkaan vierasvoiton Dickenist\u00e4 tiiviin ja kurinalaisen esityksen j\u00e4lkeen. Ottelun alku oli viel\u00e4 sekava ja puolustuspelaamisessa n\u00e4htiin haparointia, mutta joukkue sai nopeasti koneet k\u00e4yntiin ja otti pelin hallintaansa. Voiton my\u00f6t\u00e4 Grani jatkaa vahvassa vireess\u00e4, ja katseet k\u00e4\u00e4ntyv\u00e4t jo keskiviikon cup-otteluun Siuntiota vastaan. Valmentajien kommentit GrIFK:n p\u00e4\u00e4valmentaja Patrik Johanson oli tyytyv\u00e4inen joukkueen edesottamuksiin alun [&hellip;]","og_url":"https:\/\/grifk-handball.com\/naiset\/kausi-2025-26\/ottelut-2025-26\/25-10-dicken-vs-grifk-20-27-10-15\/","og_site_name":"GrIFK K\u00e4sipallo Naiset","article_publisher":"https:\/\/www.facebook.com\/532444520237680","article_published_time":"2025-10-26T07:35:51+00:00","og_image":[{"width":1030,"height":687,"url":"https:\/\/grifk-handball.com\/naiset\/wp-content\/uploads\/sites\/3\/2025\/10\/Dicken-tulos-1030x687.png","type":"image\/png"}],"author":"Ellen","twitter_card":"summary_large_image","twitter_misc":{"Kirjoittanut":"Ellen","Arvioitu lukuaika":"2 minuuttia"},"schema":{"@context":"https:\/\/schema.org","@graph":[{"@type":"Article","@id":"https:\/\/grifk-handball.com\/naiset\/kausi-2025-26\/ottelut-2025-26\/25-10-dicken-vs-grifk-20-27-10-15\/#article","isPartOf":{"@id":"https:\/\/grifk-handball.com\/naiset\/kausi-2025-26\/ottelut-2025-26\/25-10-dicken-vs-grifk-20-27-10-15\/"},"author":{"name":"Ellen","@id":"https:\/\/grifk-handball.com\/naiset\/#\/schema\/person\/4ab70210cc3dec0bdbb99cc4d3388a15"},"headline":"25.10 Dicken vs GrIFK 20\u201327 (10\u201315)","datePublished":"2025-10-26T07:35:51+00:00","mainEntityOfPage":{"@id":"https:\/\/grifk-handball.com\/naiset\/kausi-2025-26\/ottelut-2025-26\/25-10-dicken-vs-grifk-20-27-10-15\/"},"wordCount":289,"image":{"@id":"https:\/\/grifk-handball.com\/naiset\/kausi-2025-26\/ottelut-2025-26\/25-10-dicken-vs-grifk-20-27-10-15\/#primaryimage"},"thumbnailUrl":"https:\/\/grifk-handball.com\/naiset\/wp-content\/uploads\/sites\/3\/2025\/10\/Dicken-tulos.png","keywords":["#Aktialiga","#aktialiiga","#Damernas Aktialiga","#GrIFKDamer","#GrIFKHandball","#Naisten Aktialiiga"],"articleSection":["Kausi 2025-26","Ottelut 2025-26","Uutiset"],"inLanguage":"fi"},{"@type":"WebPage","@id":"https:\/\/grifk-handball.com\/naiset\/kausi-2025-26\/ottelut-2025-26\/25-10-dicken-vs-grifk-20-27-10-15\/","url":"https:\/\/grifk-handball.com\/naiset\/kausi-2025-26\/ottelut-2025-26\/25-10-dicken-vs-grifk-20-27-10-15\/","name":"25.10 Dicken vs GrIFK 20\u201327 (10\u201315) &#187; GrIFK K\u00e4sipallo Naiset","isPartOf":{"@id":"https:\/\/grifk-handball.com\/naiset\/#website"},"primaryImageOfPage":{"@id":"https:\/\/grifk-handball.com\/naiset\/kausi-2025-26\/ottelut-2025-26\/25-10-dicken-vs-grifk-20-27-10-15\/#primaryimage"},"image":{"@id":"https:\/\/grifk-handball.com\/naiset\/kausi-2025-26\/ottelut-2025-26\/25-10-dicken-vs-grifk-20-27-10-15\/#primaryimage"},"thumbnailUrl":"https:\/\/grifk-handball.com\/naiset\/wp-content\/uploads\/sites\/3\/2025\/10\/Dicken-tulos.png","datePublished":"2025-10-26T07:35:51+00:00","author":{"@id":"https:\/\/grifk-handball.com\/naiset\/#\/schema\/person\/4ab70210cc3dec0bdbb99cc4d3388a15"},"breadcrumb":{"@id":"https:\/\/grifk-handball.com\/naiset\/kausi-2025-26\/ottelut-2025-26\/25-10-dicken-vs-grifk-20-27-10-15\/#breadcrumb"},"inLanguage":"fi","potentialAction":[{"@type":"ReadAction","target":["https:\/\/grifk-handball.com\/naiset\/kausi-2025-26\/ottelut-2025-26\/25-10-dicken-vs-grifk-20-27-10-15\/"]}]},{"@type":"ImageObject","inLanguage":"fi","@id":"https:\/\/grifk-handball.com\/naiset\/kausi-2025-26\/ottelut-2025-26\/25-10-dicken-vs-grifk-20-27-10-15\/#primaryimage","url":"https:\/\/grifk-handball.com\/naiset\/wp-content\/uploads\/sites\/3\/2025\/10\/Dicken-tulos.png","contentUrl":"https:\/\/grifk-handball.com\/naiset\/wp-content\/uploads\/sites\/3\/2025\/10\/Dicken-tulos.png","width":1500,"height":1000},{"@type":"BreadcrumbList","@id":"https:\/\/grifk-handball.com\/naiset\/kausi-2025-26\/ottelut-2025-26\/25-10-dicken-vs-grifk-20-27-10-15\/#breadcrumb","itemListElement":[{"@type":"ListItem","position":1,"name":"Home","item":"https:\/\/grifk-handball.com\/naiset\/etusivu-2\/"},{"@type":"ListItem","position":2,"name":"25.10 Dicken vs GrIFK 20\u201327 (10\u201315)"}]},{"@type":"WebSite","@id":"https:\/\/grifk-handball.com\/naiset\/#website","url":"https:\/\/grifk-handball.com\/naiset\/","name":"GrIFK K\u00e4sipallo Naiset","description":"GrIFK K\u00e4sipallo Naiset","potentialAction":[{"@type":"SearchAction","target":{"@type":"EntryPoint","urlTemplate":"https:\/\/grifk-handball.com\/naiset\/?s={search_term_string}"},"query-input":{"@type":"PropertyValueSpecification","valueRequired":true,"valueName":"search_term_string"}}],"inLanguage":"fi"},{"@type":"Person","@id":"https:\/\/grifk-handball.com\/naiset\/#\/schema\/person\/4ab70210cc3dec0bdbb99cc4d3388a15","name":"Ellen","image":{"@type":"ImageObject","inLanguage":"fi","@id":"https:\/\/secure.gravatar.com\/avatar\/396880c508552a2dd3d57b0f9a5f359464f2c496546a922dfec87788c1fa4504?s=96&d=mm&r=g","url":"https:\/\/secure.gravatar.com\/avatar\/396880c508552a2dd3d57b0f9a5f359464f2c496546a922dfec87788c1fa4504?s=96&d=mm&r=g","contentUrl":"https:\/\/secure.gravatar.com\/avatar\/396880c508552a2dd3d57b0f9a5f359464f2c496546a922dfec87788c1fa4504?s=96&d=mm&r=g","caption":"Ellen"},"url":"https:\/\/grifk-handball.com\/naiset\/author\/elleneskelin\/"}]}},"jetpack_featured_media_url":"https:\/\/grifk-handball.com\/naiset\/wp-content\/uploads\/sites\/3\/2025\/10\/Dicken-tulos.png","jetpack_sharing_enabled":true,"_links":{"self":[{"href":"https:\/\/grifk-handball.com\/naiset\/wp-json\/wp\/v2\/posts\/13515","targetHints":{"allow":["GET"]}}],"collection":[{"href":"https:\/\/grifk-handball.com\/naiset\/wp-json\/wp\/v2\/posts"}],"about":[{"href":"https:\/\/grifk-handball.com\/naiset\/wp-json\/wp\/v2\/types\/post"}],"author":[{"embeddable":true,"href":"https:\/\/grifk-handball.com\/naiset\/wp-json\/wp\/v2\/users\/12"}],"replies":[{"embeddable":true,"href":"https:\/\/grifk-handball.com\/naiset\/wp-json\/wp\/v2\/comments?post=13515"}],"version-history":[{"count":2,"href":"https:\/\/grifk-handball.com\/naiset\/wp-json\/wp\/v2\/posts\/13515\/revisions"}],"predecessor-version":[{"id":13518,"href":"https:\/\/grifk-handball.com\/naiset\/wp-json\/wp\/v2\/posts\/13515\/revisions\/13518"}],"wp:featuredmedia":[{"embeddable":true,"href":"https:\/\/grifk-handball.com\/naiset\/wp-json\/wp\/v2\/media\/13516"}],"wp:attachment":[{"href":"https:\/\/grifk-handball.com\/naiset\/wp-json\/wp\/v2\/media?parent=13515"}],"wp:term":[{"taxonomy":"category","embeddable":true,"href":"https:\/\/grifk-handball.com\/naiset\/wp-json\/wp\/v2\/categories?post=13515"},{"taxonomy":"post_tag","embeddable":true,"href":"https:\/\/grifk-handball.com\/naiset\/wp-json\/wp\/v2\/tags?post=13515"}],"curies":[{"name":"wp","href":"https:\/\/api.w.org\/{rel}","templated":true}]}}