{"id":13519,"date":"2025-10-28T12:13:49","date_gmt":"2025-10-28T10:13:49","guid":{"rendered":"https:\/\/grifk-handball.com\/naiset\/?p=13519"},"modified":"2025-10-28T12:18:19","modified_gmt":"2025-10-28T10:18:19","slug":"otteluraportti-25-10-dicken-vs-grifk","status":"publish","type":"post","link":"https:\/\/grifk-handball.com\/naiset\/kausi-2025-26\/ottelut-2025-26\/otteluraportti-25-10-dicken-vs-grifk\/","title":{"rendered":"Otteluraportti 25.10 Dicken vs GrIFK"},"content":{"rendered":"<p>Tiukan taistelun j\u00e4lkeen Dickeni\u00e4 vastaan otimme lopulta kaksi t\u00e4rke\u00e4\u00e4 pistett\u00e4 mukaan Kauniaisiin. Ensimm\u00e4inen puoliaika oli todellinen vuoristorata: aloitimme vahvasti ja hallitsimme peil\u00e4, mutta annoimme sitten Dickenin p\u00e4\u00e4st\u00e4 peliin mukaan ja jopa menn\u00e4 johtoon hetkeksi. Er\u00e4n loppua kohti paransimme peliotteitamme kuitenkin sek\u00e4 hy\u00f6kk\u00e4yksess\u00e4 ett\u00e4 puolustuksessa, ja tauolle mentiin viiden maalin johdossa.<\/p>\n<p>Toisen puoliajan alkuun tulimme hyv\u00e4ll\u00e4 asenteella ja selke\u00e4ll\u00e4 tavoitteella kasvattaa johtoamme ja ratkaista ottelu. Onnistuimme repim\u00e4\u00e4n eron kymmeneen maaliin, ja peli tuntui hyv\u00e4lt\u00e4. Loppua kohden ote hieman herpaantui, ja Dicken p\u00e4\u00e4si tekem\u00e4\u00e4n muutaman helpon maalin, mutta kokonaisuutena ottelu oli selv\u00e4sti onnistunut ja ansaitsee hyv\u00e4n arvosanan.<\/p>\n<p>Olimme valmistautuneet kovaan kamppailuun ja l\u00e4hdimme peliin keskittynein\u00e4 ja selke\u00e4n pelisuunnitelman kanssa. Kokonaisuutena esitys oli meilt\u00e4 vakaa ja tasapainoinen. N\u00e4ytimme, ett\u00e4 vaikka emme pelaisi koko 60 minuutin ajan parasta peli\u00e4mme, pystymme kuitenkin luottamalla omaan peliimme ja toisiimme nostamaan tasoamme my\u00f6s pelin sis\u00e4ll\u00e4 ja ottamaan t\u00e4rkeit\u00e4 voittoja. Kun puolustuksemme toimii sovitulla tavalla, sit\u00e4 on todella vaikea murtaa. Hy\u00f6kk\u00e4yksess\u00e4 l\u00f6yd\u00e4mme toisemme koko ajan paremmin ja osaamme hy\u00f6dynt\u00e4\u00e4 laajaa pelaajamateriaaliamme yh\u00e4 tehokkaammin.<\/p>\n<p>Ennen ottelua nostin seurattaviksi pelaajiksi oman joukkueemme <strong>Annika Mustosen<\/strong> ja Dickenin <strong>Amanda Wiikin<\/strong>. Molemmat pelasivat erinomaisen pelin. Erityisesti haluan nostaa esiin toisen puoliajan alun, jossa Annika pelasi eritt\u00e4in vaikuttavan jakson sek\u00e4 hy\u00f6kk\u00e4yksess\u00e4 ett\u00e4 puolustuksessa! Lis\u00e4ksi erityismaininnan ansaitsee<strong> Sandra Laitinen<\/strong>, joka pelasi todella hienon ottelun.\u00a0 H\u00e4nen rutiininsa ja k\u00e4rsiv\u00e4llisyytens\u00e4 viimeistelyiss\u00e4 n\u00e4kyiv\u00e4t selv\u00e4sti. Oli t\u00e4ysin ansaittua, ett\u00e4 h\u00e4n sai kolme t\u00e4hte\u00e4.<\/p>\n<p>Kuten Sandra totesi ottelun j\u00e4lkeen Tulospalvelun haastattelussa, joukkueella oli hauskaa ja meist\u00e4 n\u00e4kyy peli pelit\u00e4, ett\u00e4 alamme l\u00f6yt\u00e4\u00e4 hyv\u00e4n flown ja yhteispelin. Itse oli harmillista seurata ottelua penkilt\u00e4 pienen polvivamman takia, sill\u00e4 olisi ollut mukavaa p\u00e4\u00e4st\u00e4 pelaamaan. Onneksi uusi mahdollisuus koittaa jo keskiviikkona, kun kohtaamme SIF:n Suomen Cupin alkusarjan viimeisess\u00e4 ja ratkaisevassa ottelussa. Voitolla varmistamme paikan tammikuussa pelattavaan Final4-turnaukseen, joten toivottavasti halli t\u00e4yttyy kannustajista! Ottelu alkaa klo 19.00.<\/p>\n<p>Haluan viel\u00e4 lopuksi muistuttaa kaikkia osallistumaan meid\u00e4n Rosa nauha -ker\u00e4ykseen, joka on k\u00e4ynniss\u00e4 koko lokakuun! Lis\u00e4\u00e4 infoa kampanjasta l\u00f6yd\u00e4tte t\u00e4\u00e4lt\u00e4: <a href=\"https:\/\/grifk-handball.com\/naiset\/kausi-2025-26\/grifk-naiset-x-roosa-nauha\/\">GrIFK Naiset x Roosa Nauha<\/a>\ud83e\ude77<\/p>\n<h5><strong>Seuraa meit\u00e4!<\/strong><\/h5>\n<p class=\"\" data-start=\"1232\" data-end=\"1305\"><strong data-start=\"1232\" data-end=\"1245\">Facebook:<\/strong>\u00a0<a href=\"https:\/\/www.facebook.com\/grifkdamer\">Grankulla IFK Handboll Damer<\/a><br data-start=\"1274\" data-end=\"1277\" \/><strong data-start=\"1277\" data-end=\"1291\">Instagram:<\/strong>\u00a0<a href=\"https:\/\/www.instagram.com\/grifkdamer\/\">@grifkdamer<\/a><\/p>\n<p class=\"\" data-start=\"1307\" data-end=\"1361\"><strong data-start=\"1307\" data-end=\"1318\">Teksti:<\/strong> Alva Eskelin<br data-start=\"1336\" data-end=\"1339\" \/><strong data-start=\"1339\" data-end=\"1348\">Kuva:<\/strong>\u00a0aki_kuvaus<\/p>\n","protected":false},"excerpt":{"rendered":"<p>Tiukan taistelun j\u00e4lkeen Dickeni\u00e4 vastaan otimme lopulta kaksi t\u00e4rke\u00e4\u00e4 pistett\u00e4 mukaan Kauniaisiin. Ensimm\u00e4inen puoliaika oli todellinen vuoristorata: aloitimme vahvasti ja hallitsimme peil\u00e4, mutta annoimme sitten Dickenin p\u00e4\u00e4st\u00e4 peliin mukaan ja jopa menn\u00e4 johtoon hetkeksi. Er\u00e4n loppua kohti paransimme peliotteitamme kuitenkin sek\u00e4 hy\u00f6kk\u00e4yksess\u00e4 ett\u00e4 puolustuksessa, ja tauolle mentiin viiden maalin johdossa. Toisen puoliajan alkuun tulimme hyv\u00e4ll\u00e4 [&hellip;]<\/p>\n","protected":false},"author":12,"featured_media":13520,"comment_status":"closed","ping_status":"closed","sticky":false,"template":"","format":"standard","meta":{"_acf_changed":false,"jetpack_post_was_ever_published":false,"footnotes":""},"categories":[453,472,455,1],"tags":[413,411,425,409,181,26,407,241],"class_list":["post-13519","post","type-post","status-publish","format-standard","has-post-thumbnail","hentry","category-kausi-2025-26","category-otteluraportit-2025-226","category-ottelut-2025-26","category-uutiset","tag-aktialiga","tag-aktialiiga","tag-alva-eskelin","tag-damernas-aktialiga","tag-grifkdamer","tag-grifkhandball","tag-naisten-aktialiiga","tag-otteluraportti"],"acf":[],"yoast_head":"<!-- This site is optimized with the Yoast SEO plugin v27.5 - https:\/\/yoast.com\/product\/yoast-seo-wordpress\/ -->\n<title>Otteluraportti 25.10 Dicken vs GrIFK &#187; GrIFK K\u00e4sipallo Naiset<\/title>\n<meta name=\"robots\" content=\"index, follow, max-snippet:-1, max-image-preview:large, max-video-preview:-1\" \/>\n<link rel=\"canonical\" href=\"https:\/\/grifk-handball.com\/naiset\/kausi-2025-26\/ottelut-2025-26\/otteluraportti-25-10-dicken-vs-grifk\/\" \/>\n<meta property=\"og:locale\" content=\"fi_FI\" \/>\n<meta property=\"og:type\" content=\"article\" \/>\n<meta property=\"og:title\" content=\"Otteluraportti 25.10 Dicken vs GrIFK &#187; GrIFK K\u00e4sipallo Naiset\" \/>\n<meta property=\"og:description\" content=\"Tiukan taistelun j\u00e4lkeen Dickeni\u00e4 vastaan otimme lopulta kaksi t\u00e4rke\u00e4\u00e4 pistett\u00e4 mukaan Kauniaisiin. Ensimm\u00e4inen puoliaika oli todellinen vuoristorata: aloitimme vahvasti ja hallitsimme peil\u00e4, mutta annoimme sitten Dickenin p\u00e4\u00e4st\u00e4 peliin mukaan ja jopa menn\u00e4 johtoon hetkeksi. Er\u00e4n loppua kohti paransimme peliotteitamme kuitenkin sek\u00e4 hy\u00f6kk\u00e4yksess\u00e4 ett\u00e4 puolustuksessa, ja tauolle mentiin viiden maalin johdossa. Toisen puoliajan alkuun tulimme hyv\u00e4ll\u00e4 [&hellip;]\" \/>\n<meta property=\"og:url\" content=\"https:\/\/grifk-handball.com\/naiset\/kausi-2025-26\/ottelut-2025-26\/otteluraportti-25-10-dicken-vs-grifk\/\" \/>\n<meta property=\"og:site_name\" content=\"GrIFK K\u00e4sipallo Naiset\" \/>\n<meta property=\"article:publisher\" content=\"https:\/\/www.facebook.com\/532444520237680\" \/>\n<meta property=\"article:published_time\" content=\"2025-10-28T10:13:49+00:00\" \/>\n<meta property=\"article:modified_time\" content=\"2025-10-28T10:18:19+00:00\" \/>\n<meta property=\"og:image\" content=\"https:\/\/grifk-handball.com\/naiset\/wp-content\/uploads\/sites\/3\/2025\/10\/GB7A4460-1030x687.jpg\" \/>\n\t<meta property=\"og:image:width\" content=\"1030\" \/>\n\t<meta property=\"og:image:height\" content=\"687\" \/>\n\t<meta property=\"og:image:type\" content=\"image\/jpeg\" \/>\n<meta name=\"author\" content=\"Ellen\" \/>\n<meta name=\"twitter:card\" content=\"summary_large_image\" \/>\n<meta name=\"twitter:label1\" content=\"Kirjoittanut\" \/>\n\t<meta name=\"twitter:data1\" content=\"Ellen\" \/>\n<script type=\"application\/ld+json\" class=\"yoast-schema-graph\">{\"@context\":\"https:\\\/\\\/schema.org\",\"@graph\":[{\"@type\":\"Article\",\"@id\":\"https:\\\/\\\/grifk-handball.com\\\/naiset\\\/kausi-2025-26\\\/ottelut-2025-26\\\/otteluraportti-25-10-dicken-vs-grifk\\\/#article\",\"isPartOf\":{\"@id\":\"https:\\\/\\\/grifk-handball.com\\\/naiset\\\/kausi-2025-26\\\/ottelut-2025-26\\\/otteluraportti-25-10-dicken-vs-grifk\\\/\"},\"author\":{\"name\":\"Ellen\",\"@id\":\"https:\\\/\\\/grifk-handball.com\\\/naiset\\\/#\\\/schema\\\/person\\\/4ab70210cc3dec0bdbb99cc4d3388a15\"},\"headline\":\"Otteluraportti 25.10 Dicken vs GrIFK\",\"datePublished\":\"2025-10-28T10:13:49+00:00\",\"dateModified\":\"2025-10-28T10:18:19+00:00\",\"mainEntityOfPage\":{\"@id\":\"https:\\\/\\\/grifk-handball.com\\\/naiset\\\/kausi-2025-26\\\/ottelut-2025-26\\\/otteluraportti-25-10-dicken-vs-grifk\\\/\"},\"wordCount\":387,\"image\":{\"@id\":\"https:\\\/\\\/grifk-handball.com\\\/naiset\\\/kausi-2025-26\\\/ottelut-2025-26\\\/otteluraportti-25-10-dicken-vs-grifk\\\/#primaryimage\"},\"thumbnailUrl\":\"https:\\\/\\\/grifk-handball.com\\\/naiset\\\/wp-content\\\/uploads\\\/sites\\\/3\\\/2025\\\/10\\\/GB7A4460-scaled.jpg\",\"keywords\":[\"#Aktialiga\",\"#aktialiiga\",\"#Alva Eskelin\",\"#Damernas Aktialiga\",\"#GrIFKDamer\",\"#GrIFKHandball\",\"#Naisten Aktialiiga\",\"#otteluraportti\"],\"articleSection\":[\"Kausi 2025-26\",\"Otteluraportit 2025-26\",\"Ottelut 2025-26\",\"Uutiset\"],\"inLanguage\":\"fi\"},{\"@type\":\"WebPage\",\"@id\":\"https:\\\/\\\/grifk-handball.com\\\/naiset\\\/kausi-2025-26\\\/ottelut-2025-26\\\/otteluraportti-25-10-dicken-vs-grifk\\\/\",\"url\":\"https:\\\/\\\/grifk-handball.com\\\/naiset\\\/kausi-2025-26\\\/ottelut-2025-26\\\/otteluraportti-25-10-dicken-vs-grifk\\\/\",\"name\":\"Otteluraportti 25.10 Dicken vs GrIFK &#187; GrIFK K\u00e4sipallo Naiset\",\"isPartOf\":{\"@id\":\"https:\\\/\\\/grifk-handball.com\\\/naiset\\\/#website\"},\"primaryImageOfPage\":{\"@id\":\"https:\\\/\\\/grifk-handball.com\\\/naiset\\\/kausi-2025-26\\\/ottelut-2025-26\\\/otteluraportti-25-10-dicken-vs-grifk\\\/#primaryimage\"},\"image\":{\"@id\":\"https:\\\/\\\/grifk-handball.com\\\/naiset\\\/kausi-2025-26\\\/ottelut-2025-26\\\/otteluraportti-25-10-dicken-vs-grifk\\\/#primaryimage\"},\"thumbnailUrl\":\"https:\\\/\\\/grifk-handball.com\\\/naiset\\\/wp-content\\\/uploads\\\/sites\\\/3\\\/2025\\\/10\\\/GB7A4460-scaled.jpg\",\"datePublished\":\"2025-10-28T10:13:49+00:00\",\"dateModified\":\"2025-10-28T10:18:19+00:00\",\"author\":{\"@id\":\"https:\\\/\\\/grifk-handball.com\\\/naiset\\\/#\\\/schema\\\/person\\\/4ab70210cc3dec0bdbb99cc4d3388a15\"},\"breadcrumb\":{\"@id\":\"https:\\\/\\\/grifk-handball.com\\\/naiset\\\/kausi-2025-26\\\/ottelut-2025-26\\\/otteluraportti-25-10-dicken-vs-grifk\\\/#breadcrumb\"},\"inLanguage\":\"fi\",\"potentialAction\":[{\"@type\":\"ReadAction\",\"target\":[\"https:\\\/\\\/grifk-handball.com\\\/naiset\\\/kausi-2025-26\\\/ottelut-2025-26\\\/otteluraportti-25-10-dicken-vs-grifk\\\/\"]}]},{\"@type\":\"ImageObject\",\"inLanguage\":\"fi\",\"@id\":\"https:\\\/\\\/grifk-handball.com\\\/naiset\\\/kausi-2025-26\\\/ottelut-2025-26\\\/otteluraportti-25-10-dicken-vs-grifk\\\/#primaryimage\",\"url\":\"https:\\\/\\\/grifk-handball.com\\\/naiset\\\/wp-content\\\/uploads\\\/sites\\\/3\\\/2025\\\/10\\\/GB7A4460-scaled.jpg\",\"contentUrl\":\"https:\\\/\\\/grifk-handball.com\\\/naiset\\\/wp-content\\\/uploads\\\/sites\\\/3\\\/2025\\\/10\\\/GB7A4460-scaled.jpg\",\"width\":2560,\"height\":1707},{\"@type\":\"BreadcrumbList\",\"@id\":\"https:\\\/\\\/grifk-handball.com\\\/naiset\\\/kausi-2025-26\\\/ottelut-2025-26\\\/otteluraportti-25-10-dicken-vs-grifk\\\/#breadcrumb\",\"itemListElement\":[{\"@type\":\"ListItem\",\"position\":1,\"name\":\"Home\",\"item\":\"https:\\\/\\\/grifk-handball.com\\\/naiset\\\/etusivu-2\\\/\"},{\"@type\":\"ListItem\",\"position\":2,\"name\":\"Otteluraportti 25.10 Dicken vs GrIFK\"}]},{\"@type\":\"WebSite\",\"@id\":\"https:\\\/\\\/grifk-handball.com\\\/naiset\\\/#website\",\"url\":\"https:\\\/\\\/grifk-handball.com\\\/naiset\\\/\",\"name\":\"GrIFK K\u00e4sipallo Naiset\",\"description\":\"GrIFK K\u00e4sipallo Naiset\",\"potentialAction\":[{\"@type\":\"SearchAction\",\"target\":{\"@type\":\"EntryPoint\",\"urlTemplate\":\"https:\\\/\\\/grifk-handball.com\\\/naiset\\\/?s={search_term_string}\"},\"query-input\":{\"@type\":\"PropertyValueSpecification\",\"valueRequired\":true,\"valueName\":\"search_term_string\"}}],\"inLanguage\":\"fi\"},{\"@type\":\"Person\",\"@id\":\"https:\\\/\\\/grifk-handball.com\\\/naiset\\\/#\\\/schema\\\/person\\\/4ab70210cc3dec0bdbb99cc4d3388a15\",\"name\":\"Ellen\",\"image\":{\"@type\":\"ImageObject\",\"inLanguage\":\"fi\",\"@id\":\"https:\\\/\\\/secure.gravatar.com\\\/avatar\\\/396880c508552a2dd3d57b0f9a5f359464f2c496546a922dfec87788c1fa4504?s=96&d=mm&r=g\",\"url\":\"https:\\\/\\\/secure.gravatar.com\\\/avatar\\\/396880c508552a2dd3d57b0f9a5f359464f2c496546a922dfec87788c1fa4504?s=96&d=mm&r=g\",\"contentUrl\":\"https:\\\/\\\/secure.gravatar.com\\\/avatar\\\/396880c508552a2dd3d57b0f9a5f359464f2c496546a922dfec87788c1fa4504?s=96&d=mm&r=g\",\"caption\":\"Ellen\"},\"url\":\"https:\\\/\\\/grifk-handball.com\\\/naiset\\\/author\\\/elleneskelin\\\/\"}]}<\/script>\n<!-- \/ Yoast SEO plugin. -->","yoast_head_json":{"title":"Otteluraportti 25.10 Dicken vs GrIFK &#187; GrIFK K\u00e4sipallo Naiset","robots":{"index":"index","follow":"follow","max-snippet":"max-snippet:-1","max-image-preview":"max-image-preview:large","max-video-preview":"max-video-preview:-1"},"canonical":"https:\/\/grifk-handball.com\/naiset\/kausi-2025-26\/ottelut-2025-26\/otteluraportti-25-10-dicken-vs-grifk\/","og_locale":"fi_FI","og_type":"article","og_title":"Otteluraportti 25.10 Dicken vs GrIFK &#187; GrIFK K\u00e4sipallo Naiset","og_description":"Tiukan taistelun j\u00e4lkeen Dickeni\u00e4 vastaan otimme lopulta kaksi t\u00e4rke\u00e4\u00e4 pistett\u00e4 mukaan Kauniaisiin. Ensimm\u00e4inen puoliaika oli todellinen vuoristorata: aloitimme vahvasti ja hallitsimme peil\u00e4, mutta annoimme sitten Dickenin p\u00e4\u00e4st\u00e4 peliin mukaan ja jopa menn\u00e4 johtoon hetkeksi. Er\u00e4n loppua kohti paransimme peliotteitamme kuitenkin sek\u00e4 hy\u00f6kk\u00e4yksess\u00e4 ett\u00e4 puolustuksessa, ja tauolle mentiin viiden maalin johdossa. Toisen puoliajan alkuun tulimme hyv\u00e4ll\u00e4 [&hellip;]","og_url":"https:\/\/grifk-handball.com\/naiset\/kausi-2025-26\/ottelut-2025-26\/otteluraportti-25-10-dicken-vs-grifk\/","og_site_name":"GrIFK K\u00e4sipallo Naiset","article_publisher":"https:\/\/www.facebook.com\/532444520237680","article_published_time":"2025-10-28T10:13:49+00:00","article_modified_time":"2025-10-28T10:18:19+00:00","og_image":[{"width":1030,"height":687,"url":"https:\/\/grifk-handball.com\/naiset\/wp-content\/uploads\/sites\/3\/2025\/10\/GB7A4460-1030x687.jpg","type":"image\/jpeg"}],"author":"Ellen","twitter_card":"summary_large_image","twitter_misc":{"Kirjoittanut":"Ellen"},"schema":{"@context":"https:\/\/schema.org","@graph":[{"@type":"Article","@id":"https:\/\/grifk-handball.com\/naiset\/kausi-2025-26\/ottelut-2025-26\/otteluraportti-25-10-dicken-vs-grifk\/#article","isPartOf":{"@id":"https:\/\/grifk-handball.com\/naiset\/kausi-2025-26\/ottelut-2025-26\/otteluraportti-25-10-dicken-vs-grifk\/"},"author":{"name":"Ellen","@id":"https:\/\/grifk-handball.com\/naiset\/#\/schema\/person\/4ab70210cc3dec0bdbb99cc4d3388a15"},"headline":"Otteluraportti 25.10 Dicken vs GrIFK","datePublished":"2025-10-28T10:13:49+00:00","dateModified":"2025-10-28T10:18:19+00:00","mainEntityOfPage":{"@id":"https:\/\/grifk-handball.com\/naiset\/kausi-2025-26\/ottelut-2025-26\/otteluraportti-25-10-dicken-vs-grifk\/"},"wordCount":387,"image":{"@id":"https:\/\/grifk-handball.com\/naiset\/kausi-2025-26\/ottelut-2025-26\/otteluraportti-25-10-dicken-vs-grifk\/#primaryimage"},"thumbnailUrl":"https:\/\/grifk-handball.com\/naiset\/wp-content\/uploads\/sites\/3\/2025\/10\/GB7A4460-scaled.jpg","keywords":["#Aktialiga","#aktialiiga","#Alva Eskelin","#Damernas Aktialiga","#GrIFKDamer","#GrIFKHandball","#Naisten Aktialiiga","#otteluraportti"],"articleSection":["Kausi 2025-26","Otteluraportit 2025-26","Ottelut 2025-26","Uutiset"],"inLanguage":"fi"},{"@type":"WebPage","@id":"https:\/\/grifk-handball.com\/naiset\/kausi-2025-26\/ottelut-2025-26\/otteluraportti-25-10-dicken-vs-grifk\/","url":"https:\/\/grifk-handball.com\/naiset\/kausi-2025-26\/ottelut-2025-26\/otteluraportti-25-10-dicken-vs-grifk\/","name":"Otteluraportti 25.10 Dicken vs GrIFK &#187; GrIFK K\u00e4sipallo Naiset","isPartOf":{"@id":"https:\/\/grifk-handball.com\/naiset\/#website"},"primaryImageOfPage":{"@id":"https:\/\/grifk-handball.com\/naiset\/kausi-2025-26\/ottelut-2025-26\/otteluraportti-25-10-dicken-vs-grifk\/#primaryimage"},"image":{"@id":"https:\/\/grifk-handball.com\/naiset\/kausi-2025-26\/ottelut-2025-26\/otteluraportti-25-10-dicken-vs-grifk\/#primaryimage"},"thumbnailUrl":"https:\/\/grifk-handball.com\/naiset\/wp-content\/uploads\/sites\/3\/2025\/10\/GB7A4460-scaled.jpg","datePublished":"2025-10-28T10:13:49+00:00","dateModified":"2025-10-28T10:18:19+00:00","author":{"@id":"https:\/\/grifk-handball.com\/naiset\/#\/schema\/person\/4ab70210cc3dec0bdbb99cc4d3388a15"},"breadcrumb":{"@id":"https:\/\/grifk-handball.com\/naiset\/kausi-2025-26\/ottelut-2025-26\/otteluraportti-25-10-dicken-vs-grifk\/#breadcrumb"},"inLanguage":"fi","potentialAction":[{"@type":"ReadAction","target":["https:\/\/grifk-handball.com\/naiset\/kausi-2025-26\/ottelut-2025-26\/otteluraportti-25-10-dicken-vs-grifk\/"]}]},{"@type":"ImageObject","inLanguage":"fi","@id":"https:\/\/grifk-handball.com\/naiset\/kausi-2025-26\/ottelut-2025-26\/otteluraportti-25-10-dicken-vs-grifk\/#primaryimage","url":"https:\/\/grifk-handball.com\/naiset\/wp-content\/uploads\/sites\/3\/2025\/10\/GB7A4460-scaled.jpg","contentUrl":"https:\/\/grifk-handball.com\/naiset\/wp-content\/uploads\/sites\/3\/2025\/10\/GB7A4460-scaled.jpg","width":2560,"height":1707},{"@type":"BreadcrumbList","@id":"https:\/\/grifk-handball.com\/naiset\/kausi-2025-26\/ottelut-2025-26\/otteluraportti-25-10-dicken-vs-grifk\/#breadcrumb","itemListElement":[{"@type":"ListItem","position":1,"name":"Home","item":"https:\/\/grifk-handball.com\/naiset\/etusivu-2\/"},{"@type":"ListItem","position":2,"name":"Otteluraportti 25.10 Dicken vs GrIFK"}]},{"@type":"WebSite","@id":"https:\/\/grifk-handball.com\/naiset\/#website","url":"https:\/\/grifk-handball.com\/naiset\/","name":"GrIFK K\u00e4sipallo Naiset","description":"GrIFK K\u00e4sipallo Naiset","potentialAction":[{"@type":"SearchAction","target":{"@type":"EntryPoint","urlTemplate":"https:\/\/grifk-handball.com\/naiset\/?s={search_term_string}"},"query-input":{"@type":"PropertyValueSpecification","valueRequired":true,"valueName":"search_term_string"}}],"inLanguage":"fi"},{"@type":"Person","@id":"https:\/\/grifk-handball.com\/naiset\/#\/schema\/person\/4ab70210cc3dec0bdbb99cc4d3388a15","name":"Ellen","image":{"@type":"ImageObject","inLanguage":"fi","@id":"https:\/\/secure.gravatar.com\/avatar\/396880c508552a2dd3d57b0f9a5f359464f2c496546a922dfec87788c1fa4504?s=96&d=mm&r=g","url":"https:\/\/secure.gravatar.com\/avatar\/396880c508552a2dd3d57b0f9a5f359464f2c496546a922dfec87788c1fa4504?s=96&d=mm&r=g","contentUrl":"https:\/\/secure.gravatar.com\/avatar\/396880c508552a2dd3d57b0f9a5f359464f2c496546a922dfec87788c1fa4504?s=96&d=mm&r=g","caption":"Ellen"},"url":"https:\/\/grifk-handball.com\/naiset\/author\/elleneskelin\/"}]}},"jetpack_featured_media_url":"https:\/\/grifk-handball.com\/naiset\/wp-content\/uploads\/sites\/3\/2025\/10\/GB7A4460-scaled.jpg","jetpack_sharing_enabled":true,"_links":{"self":[{"href":"https:\/\/grifk-handball.com\/naiset\/wp-json\/wp\/v2\/posts\/13519","targetHints":{"allow":["GET"]}}],"collection":[{"href":"https:\/\/grifk-handball.com\/naiset\/wp-json\/wp\/v2\/posts"}],"about":[{"href":"https:\/\/grifk-handball.com\/naiset\/wp-json\/wp\/v2\/types\/post"}],"author":[{"embeddable":true,"href":"https:\/\/grifk-handball.com\/naiset\/wp-json\/wp\/v2\/users\/12"}],"replies":[{"embeddable":true,"href":"https:\/\/grifk-handball.com\/naiset\/wp-json\/wp\/v2\/comments?post=13519"}],"version-history":[{"count":6,"href":"https:\/\/grifk-handball.com\/naiset\/wp-json\/wp\/v2\/posts\/13519\/revisions"}],"predecessor-version":[{"id":13530,"href":"https:\/\/grifk-handball.com\/naiset\/wp-json\/wp\/v2\/posts\/13519\/revisions\/13530"}],"wp:featuredmedia":[{"embeddable":true,"href":"https:\/\/grifk-handball.com\/naiset\/wp-json\/wp\/v2\/media\/13520"}],"wp:attachment":[{"href":"https:\/\/grifk-handball.com\/naiset\/wp-json\/wp\/v2\/media?parent=13519"}],"wp:term":[{"taxonomy":"category","embeddable":true,"href":"https:\/\/grifk-handball.com\/naiset\/wp-json\/wp\/v2\/categories?post=13519"},{"taxonomy":"post_tag","embeddable":true,"href":"https:\/\/grifk-handball.com\/naiset\/wp-json\/wp\/v2\/tags?post=13519"}],"curies":[{"name":"wp","href":"https:\/\/api.w.org\/{rel}","templated":true}]}}