{"id":13526,"date":"2025-10-28T12:17:54","date_gmt":"2025-10-28T10:17:54","guid":{"rendered":"https:\/\/grifk-handball.com\/naiset\/?p=13526"},"modified":"2025-10-28T12:17:54","modified_gmt":"2025-10-28T10:17:54","slug":"matchrapport-25-10-dicken-vs-grifk","status":"publish","type":"post","link":"https:\/\/grifk-handball.com\/naiset\/kausi-2025-26\/ottelut-2025-26\/matchrapport-25-10-dicken-vs-grifk\/","title":{"rendered":"Matchrapport 25.10 Dicken vs GrIFK"},"content":{"rendered":"<p>Efter en tuff kamp i Britas mot Dicken tar vi till slut tv\u00e5 viktiga po\u00e4ng med oss hem till Grani. F\u00f6rsta halvleken var verkligen en berg-och-dalbana: vi inleder starkt och tar kontroll \u00f6ver matchen, men l\u00e5ter sedan Dicken komma in i spelet och till och med ta ledningen ett tag. Mot slutet av halvleken h\u00f6jer vi oss b\u00e5de bak\u00e5t och fram\u00e5t, och g\u00e5r till pausvila med en femm\u00e5lsledning.<\/p>\n<p>I b\u00f6rjan av den andra halvleken kommer vi in med bra attityd och beslutsamhet att \u00f6ka ledningen och d\u00f6da matchen. Vi lyckas rycka ifr\u00e5n ordentligt och leder som mest med tio bollar. I slutet tappar vi kanske lite fokus, vilket ger Dicken n\u00e5gra l\u00e4tta m\u00e5l, men helhetsm\u00e4ssigt g\u00f6r vi en klart godk\u00e4nd insats.<\/p>\n<p>Vi hade f\u00f6rberett oss p\u00e5 en tuff match och gick in koncentrerade med en tydlig spelplan. Som helhet var det en stabil prestation av oss. Vi visar att \u00e4ven om vi inte spelar v\u00e5rt absolut b\u00e4sta spel i 60 minuter, kan vi genom att lita p\u00e5 v\u00e5rt egna spel och varandra h\u00f6ja niv\u00e5n under matchens g\u00e5ng och ta viktiga vinster. N\u00e4r vi f\u00f6rsvarar enligt det vi kommit \u00f6verens om fungerar det riktigt bra och det \u00e4r sv\u00e5rt f\u00f6r motst\u00e5ndarna att g\u00f6ra m\u00e5l p\u00e5 oss. Samtidigt hittar vi varandra allt b\u00e4ttre i anfallet och b\u00f6rjar utnyttja v\u00e5r bredd p\u00e5 ett mer effektivt s\u00e4tt.<\/p>\n<p>Inf\u00f6r matchen lyfte jag fram <strong>Annika Mustonen<\/strong> fr\u00e5n v\u00e5rt lag och <strong>Amanda Wiik<\/strong> fr\u00e5n Dicken som spelare att f\u00f6lja med och b\u00e5da gjorde v\u00e4ldigt bra ifr\u00e5n sig under matchen. Jag vill s\u00e4rskilt lyfta fram b\u00f6rjan av den andra halvleken d\u00e4r Annika g\u00f6r en imponerande sekvens b\u00e5de i anfall och f\u00f6rsvar! Dessutom tycker jag att framf\u00f6r allt Sandra Laitinen spelade en v\u00e4ldigt fin match. Hennes rutin och t\u00e5lamod i avsluten syntes tydligt. Det var v\u00e4lf\u00f6rtj\u00e4nt att hon fick tre stj\u00e4rnor.<\/p>\n<p>Som Sandra n\u00e4mnde i sin kommentar efter matchen p\u00e5 Tulospalvelu var det en rolig match, och det m\u00e4rktes att vi b\u00f6rjar hitta ett bra flow och samspel p\u00e5 planen. Sj\u00e4lv var det f\u00f6rst\u00e5s tr\u00e5kigt att sitta p\u00e5 b\u00e4nken p\u00e5 grund av en lindrig kn\u00e4skada, det hade varit roligt att spela. Som tur \u00e4r det en ny match redan p\u00e5 onsdagen d\u00e5 vi m\u00f6ter SIF i den sista och avg\u00f6rande grundspelsmatchen i Finska cupen. En vinst garanterar en plats i Final4 som spelas i januari, s\u00e5 vi hoppas p\u00e5 mycket publikst\u00f6d i hallen! Matchen b\u00f6rjar kl. 19.00.<\/p>\n<p>Som avslutning vill jag p\u00e5minna alla om att donera till v\u00e5r Rosa Bandet-insamling! Mer info om insamlingen hittar ni h\u00e4r: <a href=\"https:\/\/grifk-handball.com\/naiset\/kausi-2025-26\/grifk-damer-x-rosa-bandet\/\">GrIFK Damer x Rosa Bandet<\/a> \ud83e\ude77<\/p>\n<h5><strong>F\u00f6lj oss g\u00e4rna!<\/strong><\/h5>\n<p>Facebook:\u00a0<a href=\"https:\/\/www.facebook.com\/grifkdamer\">Grankulla IFK Handboll Damer<\/a><\/p>\n<p>Instagram:\u00a0<a href=\"https:\/\/www.instagram.com\/grifkdamer\/\">@grifkdamer<\/a><\/p>\n<p>Text: Alva Eskelin<br \/>\nFoto: aki_kuvaus<\/p>\n","protected":false},"excerpt":{"rendered":"<p>Efter en tuff kamp i Britas mot Dicken tar vi till slut tv\u00e5 viktiga po\u00e4ng med oss hem till Grani. F\u00f6rsta halvleken var verkligen en berg-och-dalbana: vi inleder starkt och tar kontroll \u00f6ver matchen, men l\u00e5ter sedan Dicken komma in i spelet och till och med ta ledningen ett tag. Mot slutet av halvleken h\u00f6jer [&hellip;]<\/p>\n","protected":false},"author":12,"featured_media":13520,"comment_status":"closed","ping_status":"closed","sticky":false,"template":"","format":"standard","meta":{"_acf_changed":false,"jetpack_post_was_ever_published":false,"footnotes":""},"categories":[453,472,455,1],"tags":[413,411,425,409,181,26,407,474],"class_list":["post-13526","post","type-post","status-publish","format-standard","has-post-thumbnail","hentry","category-kausi-2025-26","category-otteluraportit-2025-226","category-ottelut-2025-26","category-uutiset","tag-aktialiga","tag-aktialiiga","tag-alva-eskelin","tag-damernas-aktialiga","tag-grifkdamer","tag-grifkhandball","tag-naisten-aktialiiga","tag-matchrapport"],"acf":[],"yoast_head":"<!-- This site is optimized with the Yoast SEO plugin v27.5 - https:\/\/yoast.com\/product\/yoast-seo-wordpress\/ -->\n<title>Matchrapport 25.10 Dicken vs GrIFK &#187; GrIFK K\u00e4sipallo Naiset<\/title>\n<meta name=\"robots\" content=\"index, follow, max-snippet:-1, max-image-preview:large, max-video-preview:-1\" \/>\n<link rel=\"canonical\" href=\"https:\/\/grifk-handball.com\/naiset\/kausi-2025-26\/ottelut-2025-26\/matchrapport-25-10-dicken-vs-grifk\/\" \/>\n<meta property=\"og:locale\" content=\"fi_FI\" \/>\n<meta property=\"og:type\" content=\"article\" \/>\n<meta property=\"og:title\" content=\"Matchrapport 25.10 Dicken vs GrIFK &#187; GrIFK K\u00e4sipallo Naiset\" \/>\n<meta property=\"og:description\" content=\"Efter en tuff kamp i Britas mot Dicken tar vi till slut tv\u00e5 viktiga po\u00e4ng med oss hem till Grani. F\u00f6rsta halvleken var verkligen en berg-och-dalbana: vi inleder starkt och tar kontroll \u00f6ver matchen, men l\u00e5ter sedan Dicken komma in i spelet och till och med ta ledningen ett tag. Mot slutet av halvleken h\u00f6jer [&hellip;]\" \/>\n<meta property=\"og:url\" content=\"https:\/\/grifk-handball.com\/naiset\/kausi-2025-26\/ottelut-2025-26\/matchrapport-25-10-dicken-vs-grifk\/\" \/>\n<meta property=\"og:site_name\" content=\"GrIFK K\u00e4sipallo Naiset\" \/>\n<meta property=\"article:publisher\" content=\"https:\/\/www.facebook.com\/532444520237680\" \/>\n<meta property=\"article:published_time\" content=\"2025-10-28T10:17:54+00:00\" \/>\n<meta property=\"og:image\" content=\"https:\/\/grifk-handball.com\/naiset\/wp-content\/uploads\/sites\/3\/2025\/10\/GB7A4460-1030x687.jpg\" \/>\n\t<meta property=\"og:image:width\" content=\"1030\" \/>\n\t<meta property=\"og:image:height\" content=\"687\" \/>\n\t<meta property=\"og:image:type\" content=\"image\/jpeg\" \/>\n<meta name=\"author\" content=\"Ellen\" \/>\n<meta name=\"twitter:card\" content=\"summary_large_image\" \/>\n<meta name=\"twitter:label1\" content=\"Kirjoittanut\" \/>\n\t<meta name=\"twitter:data1\" content=\"Ellen\" \/>\n\t<meta name=\"twitter:label2\" content=\"Arvioitu lukuaika\" \/>\n\t<meta name=\"twitter:data2\" content=\"3 minuuttia\" \/>\n<script type=\"application\/ld+json\" class=\"yoast-schema-graph\">{\"@context\":\"https:\\\/\\\/schema.org\",\"@graph\":[{\"@type\":\"Article\",\"@id\":\"https:\\\/\\\/grifk-handball.com\\\/naiset\\\/kausi-2025-26\\\/ottelut-2025-26\\\/matchrapport-25-10-dicken-vs-grifk\\\/#article\",\"isPartOf\":{\"@id\":\"https:\\\/\\\/grifk-handball.com\\\/naiset\\\/kausi-2025-26\\\/ottelut-2025-26\\\/matchrapport-25-10-dicken-vs-grifk\\\/\"},\"author\":{\"name\":\"Ellen\",\"@id\":\"https:\\\/\\\/grifk-handball.com\\\/naiset\\\/#\\\/schema\\\/person\\\/4ab70210cc3dec0bdbb99cc4d3388a15\"},\"headline\":\"Matchrapport 25.10 Dicken vs GrIFK\",\"datePublished\":\"2025-10-28T10:17:54+00:00\",\"mainEntityOfPage\":{\"@id\":\"https:\\\/\\\/grifk-handball.com\\\/naiset\\\/kausi-2025-26\\\/ottelut-2025-26\\\/matchrapport-25-10-dicken-vs-grifk\\\/\"},\"wordCount\":516,\"image\":{\"@id\":\"https:\\\/\\\/grifk-handball.com\\\/naiset\\\/kausi-2025-26\\\/ottelut-2025-26\\\/matchrapport-25-10-dicken-vs-grifk\\\/#primaryimage\"},\"thumbnailUrl\":\"https:\\\/\\\/grifk-handball.com\\\/naiset\\\/wp-content\\\/uploads\\\/sites\\\/3\\\/2025\\\/10\\\/GB7A4460-scaled.jpg\",\"keywords\":[\"#Aktialiga\",\"#aktialiiga\",\"#Alva Eskelin\",\"#Damernas Aktialiga\",\"#GrIFKDamer\",\"#GrIFKHandball\",\"#Naisten Aktialiiga\",\"matchrapport\"],\"articleSection\":[\"Kausi 2025-26\",\"Otteluraportit 2025-26\",\"Ottelut 2025-26\",\"Uutiset\"],\"inLanguage\":\"fi\"},{\"@type\":\"WebPage\",\"@id\":\"https:\\\/\\\/grifk-handball.com\\\/naiset\\\/kausi-2025-26\\\/ottelut-2025-26\\\/matchrapport-25-10-dicken-vs-grifk\\\/\",\"url\":\"https:\\\/\\\/grifk-handball.com\\\/naiset\\\/kausi-2025-26\\\/ottelut-2025-26\\\/matchrapport-25-10-dicken-vs-grifk\\\/\",\"name\":\"Matchrapport 25.10 Dicken vs GrIFK &#187; GrIFK K\u00e4sipallo Naiset\",\"isPartOf\":{\"@id\":\"https:\\\/\\\/grifk-handball.com\\\/naiset\\\/#website\"},\"primaryImageOfPage\":{\"@id\":\"https:\\\/\\\/grifk-handball.com\\\/naiset\\\/kausi-2025-26\\\/ottelut-2025-26\\\/matchrapport-25-10-dicken-vs-grifk\\\/#primaryimage\"},\"image\":{\"@id\":\"https:\\\/\\\/grifk-handball.com\\\/naiset\\\/kausi-2025-26\\\/ottelut-2025-26\\\/matchrapport-25-10-dicken-vs-grifk\\\/#primaryimage\"},\"thumbnailUrl\":\"https:\\\/\\\/grifk-handball.com\\\/naiset\\\/wp-content\\\/uploads\\\/sites\\\/3\\\/2025\\\/10\\\/GB7A4460-scaled.jpg\",\"datePublished\":\"2025-10-28T10:17:54+00:00\",\"author\":{\"@id\":\"https:\\\/\\\/grifk-handball.com\\\/naiset\\\/#\\\/schema\\\/person\\\/4ab70210cc3dec0bdbb99cc4d3388a15\"},\"breadcrumb\":{\"@id\":\"https:\\\/\\\/grifk-handball.com\\\/naiset\\\/kausi-2025-26\\\/ottelut-2025-26\\\/matchrapport-25-10-dicken-vs-grifk\\\/#breadcrumb\"},\"inLanguage\":\"fi\",\"potentialAction\":[{\"@type\":\"ReadAction\",\"target\":[\"https:\\\/\\\/grifk-handball.com\\\/naiset\\\/kausi-2025-26\\\/ottelut-2025-26\\\/matchrapport-25-10-dicken-vs-grifk\\\/\"]}]},{\"@type\":\"ImageObject\",\"inLanguage\":\"fi\",\"@id\":\"https:\\\/\\\/grifk-handball.com\\\/naiset\\\/kausi-2025-26\\\/ottelut-2025-26\\\/matchrapport-25-10-dicken-vs-grifk\\\/#primaryimage\",\"url\":\"https:\\\/\\\/grifk-handball.com\\\/naiset\\\/wp-content\\\/uploads\\\/sites\\\/3\\\/2025\\\/10\\\/GB7A4460-scaled.jpg\",\"contentUrl\":\"https:\\\/\\\/grifk-handball.com\\\/naiset\\\/wp-content\\\/uploads\\\/sites\\\/3\\\/2025\\\/10\\\/GB7A4460-scaled.jpg\",\"width\":2560,\"height\":1707},{\"@type\":\"BreadcrumbList\",\"@id\":\"https:\\\/\\\/grifk-handball.com\\\/naiset\\\/kausi-2025-26\\\/ottelut-2025-26\\\/matchrapport-25-10-dicken-vs-grifk\\\/#breadcrumb\",\"itemListElement\":[{\"@type\":\"ListItem\",\"position\":1,\"name\":\"Home\",\"item\":\"https:\\\/\\\/grifk-handball.com\\\/naiset\\\/etusivu-2\\\/\"},{\"@type\":\"ListItem\",\"position\":2,\"name\":\"Matchrapport 25.10 Dicken vs GrIFK\"}]},{\"@type\":\"WebSite\",\"@id\":\"https:\\\/\\\/grifk-handball.com\\\/naiset\\\/#website\",\"url\":\"https:\\\/\\\/grifk-handball.com\\\/naiset\\\/\",\"name\":\"GrIFK K\u00e4sipallo Naiset\",\"description\":\"GrIFK K\u00e4sipallo Naiset\",\"potentialAction\":[{\"@type\":\"SearchAction\",\"target\":{\"@type\":\"EntryPoint\",\"urlTemplate\":\"https:\\\/\\\/grifk-handball.com\\\/naiset\\\/?s={search_term_string}\"},\"query-input\":{\"@type\":\"PropertyValueSpecification\",\"valueRequired\":true,\"valueName\":\"search_term_string\"}}],\"inLanguage\":\"fi\"},{\"@type\":\"Person\",\"@id\":\"https:\\\/\\\/grifk-handball.com\\\/naiset\\\/#\\\/schema\\\/person\\\/4ab70210cc3dec0bdbb99cc4d3388a15\",\"name\":\"Ellen\",\"image\":{\"@type\":\"ImageObject\",\"inLanguage\":\"fi\",\"@id\":\"https:\\\/\\\/secure.gravatar.com\\\/avatar\\\/396880c508552a2dd3d57b0f9a5f359464f2c496546a922dfec87788c1fa4504?s=96&d=mm&r=g\",\"url\":\"https:\\\/\\\/secure.gravatar.com\\\/avatar\\\/396880c508552a2dd3d57b0f9a5f359464f2c496546a922dfec87788c1fa4504?s=96&d=mm&r=g\",\"contentUrl\":\"https:\\\/\\\/secure.gravatar.com\\\/avatar\\\/396880c508552a2dd3d57b0f9a5f359464f2c496546a922dfec87788c1fa4504?s=96&d=mm&r=g\",\"caption\":\"Ellen\"},\"url\":\"https:\\\/\\\/grifk-handball.com\\\/naiset\\\/author\\\/elleneskelin\\\/\"}]}<\/script>\n<!-- \/ Yoast SEO plugin. -->","yoast_head_json":{"title":"Matchrapport 25.10 Dicken vs GrIFK &#187; GrIFK K\u00e4sipallo Naiset","robots":{"index":"index","follow":"follow","max-snippet":"max-snippet:-1","max-image-preview":"max-image-preview:large","max-video-preview":"max-video-preview:-1"},"canonical":"https:\/\/grifk-handball.com\/naiset\/kausi-2025-26\/ottelut-2025-26\/matchrapport-25-10-dicken-vs-grifk\/","og_locale":"fi_FI","og_type":"article","og_title":"Matchrapport 25.10 Dicken vs GrIFK &#187; GrIFK K\u00e4sipallo Naiset","og_description":"Efter en tuff kamp i Britas mot Dicken tar vi till slut tv\u00e5 viktiga po\u00e4ng med oss hem till Grani. F\u00f6rsta halvleken var verkligen en berg-och-dalbana: vi inleder starkt och tar kontroll \u00f6ver matchen, men l\u00e5ter sedan Dicken komma in i spelet och till och med ta ledningen ett tag. Mot slutet av halvleken h\u00f6jer [&hellip;]","og_url":"https:\/\/grifk-handball.com\/naiset\/kausi-2025-26\/ottelut-2025-26\/matchrapport-25-10-dicken-vs-grifk\/","og_site_name":"GrIFK K\u00e4sipallo Naiset","article_publisher":"https:\/\/www.facebook.com\/532444520237680","article_published_time":"2025-10-28T10:17:54+00:00","og_image":[{"width":1030,"height":687,"url":"https:\/\/grifk-handball.com\/naiset\/wp-content\/uploads\/sites\/3\/2025\/10\/GB7A4460-1030x687.jpg","type":"image\/jpeg"}],"author":"Ellen","twitter_card":"summary_large_image","twitter_misc":{"Kirjoittanut":"Ellen","Arvioitu lukuaika":"3 minuuttia"},"schema":{"@context":"https:\/\/schema.org","@graph":[{"@type":"Article","@id":"https:\/\/grifk-handball.com\/naiset\/kausi-2025-26\/ottelut-2025-26\/matchrapport-25-10-dicken-vs-grifk\/#article","isPartOf":{"@id":"https:\/\/grifk-handball.com\/naiset\/kausi-2025-26\/ottelut-2025-26\/matchrapport-25-10-dicken-vs-grifk\/"},"author":{"name":"Ellen","@id":"https:\/\/grifk-handball.com\/naiset\/#\/schema\/person\/4ab70210cc3dec0bdbb99cc4d3388a15"},"headline":"Matchrapport 25.10 Dicken vs GrIFK","datePublished":"2025-10-28T10:17:54+00:00","mainEntityOfPage":{"@id":"https:\/\/grifk-handball.com\/naiset\/kausi-2025-26\/ottelut-2025-26\/matchrapport-25-10-dicken-vs-grifk\/"},"wordCount":516,"image":{"@id":"https:\/\/grifk-handball.com\/naiset\/kausi-2025-26\/ottelut-2025-26\/matchrapport-25-10-dicken-vs-grifk\/#primaryimage"},"thumbnailUrl":"https:\/\/grifk-handball.com\/naiset\/wp-content\/uploads\/sites\/3\/2025\/10\/GB7A4460-scaled.jpg","keywords":["#Aktialiga","#aktialiiga","#Alva Eskelin","#Damernas Aktialiga","#GrIFKDamer","#GrIFKHandball","#Naisten Aktialiiga","matchrapport"],"articleSection":["Kausi 2025-26","Otteluraportit 2025-26","Ottelut 2025-26","Uutiset"],"inLanguage":"fi"},{"@type":"WebPage","@id":"https:\/\/grifk-handball.com\/naiset\/kausi-2025-26\/ottelut-2025-26\/matchrapport-25-10-dicken-vs-grifk\/","url":"https:\/\/grifk-handball.com\/naiset\/kausi-2025-26\/ottelut-2025-26\/matchrapport-25-10-dicken-vs-grifk\/","name":"Matchrapport 25.10 Dicken vs GrIFK &#187; GrIFK K\u00e4sipallo Naiset","isPartOf":{"@id":"https:\/\/grifk-handball.com\/naiset\/#website"},"primaryImageOfPage":{"@id":"https:\/\/grifk-handball.com\/naiset\/kausi-2025-26\/ottelut-2025-26\/matchrapport-25-10-dicken-vs-grifk\/#primaryimage"},"image":{"@id":"https:\/\/grifk-handball.com\/naiset\/kausi-2025-26\/ottelut-2025-26\/matchrapport-25-10-dicken-vs-grifk\/#primaryimage"},"thumbnailUrl":"https:\/\/grifk-handball.com\/naiset\/wp-content\/uploads\/sites\/3\/2025\/10\/GB7A4460-scaled.jpg","datePublished":"2025-10-28T10:17:54+00:00","author":{"@id":"https:\/\/grifk-handball.com\/naiset\/#\/schema\/person\/4ab70210cc3dec0bdbb99cc4d3388a15"},"breadcrumb":{"@id":"https:\/\/grifk-handball.com\/naiset\/kausi-2025-26\/ottelut-2025-26\/matchrapport-25-10-dicken-vs-grifk\/#breadcrumb"},"inLanguage":"fi","potentialAction":[{"@type":"ReadAction","target":["https:\/\/grifk-handball.com\/naiset\/kausi-2025-26\/ottelut-2025-26\/matchrapport-25-10-dicken-vs-grifk\/"]}]},{"@type":"ImageObject","inLanguage":"fi","@id":"https:\/\/grifk-handball.com\/naiset\/kausi-2025-26\/ottelut-2025-26\/matchrapport-25-10-dicken-vs-grifk\/#primaryimage","url":"https:\/\/grifk-handball.com\/naiset\/wp-content\/uploads\/sites\/3\/2025\/10\/GB7A4460-scaled.jpg","contentUrl":"https:\/\/grifk-handball.com\/naiset\/wp-content\/uploads\/sites\/3\/2025\/10\/GB7A4460-scaled.jpg","width":2560,"height":1707},{"@type":"BreadcrumbList","@id":"https:\/\/grifk-handball.com\/naiset\/kausi-2025-26\/ottelut-2025-26\/matchrapport-25-10-dicken-vs-grifk\/#breadcrumb","itemListElement":[{"@type":"ListItem","position":1,"name":"Home","item":"https:\/\/grifk-handball.com\/naiset\/etusivu-2\/"},{"@type":"ListItem","position":2,"name":"Matchrapport 25.10 Dicken vs GrIFK"}]},{"@type":"WebSite","@id":"https:\/\/grifk-handball.com\/naiset\/#website","url":"https:\/\/grifk-handball.com\/naiset\/","name":"GrIFK K\u00e4sipallo Naiset","description":"GrIFK K\u00e4sipallo Naiset","potentialAction":[{"@type":"SearchAction","target":{"@type":"EntryPoint","urlTemplate":"https:\/\/grifk-handball.com\/naiset\/?s={search_term_string}"},"query-input":{"@type":"PropertyValueSpecification","valueRequired":true,"valueName":"search_term_string"}}],"inLanguage":"fi"},{"@type":"Person","@id":"https:\/\/grifk-handball.com\/naiset\/#\/schema\/person\/4ab70210cc3dec0bdbb99cc4d3388a15","name":"Ellen","image":{"@type":"ImageObject","inLanguage":"fi","@id":"https:\/\/secure.gravatar.com\/avatar\/396880c508552a2dd3d57b0f9a5f359464f2c496546a922dfec87788c1fa4504?s=96&d=mm&r=g","url":"https:\/\/secure.gravatar.com\/avatar\/396880c508552a2dd3d57b0f9a5f359464f2c496546a922dfec87788c1fa4504?s=96&d=mm&r=g","contentUrl":"https:\/\/secure.gravatar.com\/avatar\/396880c508552a2dd3d57b0f9a5f359464f2c496546a922dfec87788c1fa4504?s=96&d=mm&r=g","caption":"Ellen"},"url":"https:\/\/grifk-handball.com\/naiset\/author\/elleneskelin\/"}]}},"jetpack_featured_media_url":"https:\/\/grifk-handball.com\/naiset\/wp-content\/uploads\/sites\/3\/2025\/10\/GB7A4460-scaled.jpg","jetpack_sharing_enabled":true,"_links":{"self":[{"href":"https:\/\/grifk-handball.com\/naiset\/wp-json\/wp\/v2\/posts\/13526","targetHints":{"allow":["GET"]}}],"collection":[{"href":"https:\/\/grifk-handball.com\/naiset\/wp-json\/wp\/v2\/posts"}],"about":[{"href":"https:\/\/grifk-handball.com\/naiset\/wp-json\/wp\/v2\/types\/post"}],"author":[{"embeddable":true,"href":"https:\/\/grifk-handball.com\/naiset\/wp-json\/wp\/v2\/users\/12"}],"replies":[{"embeddable":true,"href":"https:\/\/grifk-handball.com\/naiset\/wp-json\/wp\/v2\/comments?post=13526"}],"version-history":[{"count":3,"href":"https:\/\/grifk-handball.com\/naiset\/wp-json\/wp\/v2\/posts\/13526\/revisions"}],"predecessor-version":[{"id":13529,"href":"https:\/\/grifk-handball.com\/naiset\/wp-json\/wp\/v2\/posts\/13526\/revisions\/13529"}],"wp:featuredmedia":[{"embeddable":true,"href":"https:\/\/grifk-handball.com\/naiset\/wp-json\/wp\/v2\/media\/13520"}],"wp:attachment":[{"href":"https:\/\/grifk-handball.com\/naiset\/wp-json\/wp\/v2\/media?parent=13526"}],"wp:term":[{"taxonomy":"category","embeddable":true,"href":"https:\/\/grifk-handball.com\/naiset\/wp-json\/wp\/v2\/categories?post=13526"},{"taxonomy":"post_tag","embeddable":true,"href":"https:\/\/grifk-handball.com\/naiset\/wp-json\/wp\/v2\/tags?post=13526"}],"curies":[{"name":"wp","href":"https:\/\/api.w.org\/{rel}","templated":true}]}}