{"id":13537,"date":"2025-10-29T11:16:38","date_gmt":"2025-10-29T09:16:38","guid":{"rendered":"https:\/\/grifk-handball.com\/naiset\/?p=13537"},"modified":"2025-10-29T11:16:38","modified_gmt":"2025-10-29T09:16:38","slug":"finska-cuppens-hemmamatch-29-10-2025-19-00-grifk-vs-sif","status":"publish","type":"post","link":"https:\/\/grifk-handball.com\/naiset\/kausi-2025-26\/ennakot-2025-26\/finska-cuppens-hemmamatch-29-10-2025-19-00-grifk-vs-sif\/","title":{"rendered":"Finska cuppens hemmamatch 29.10.2025 * 19.00 GrIFK vs SIF"},"content":{"rendered":"<p>Det \u00e4r mycket matcher under kommande veckorna och det \u00e4r v\u00e4ldigt roligt! Mellan f\u00f6reg\u00e5ende och onsdagens match har vi haft en bolltr\u00e4ning d\u00e4r vi fortsatte fokusera p\u00e5 det egna spelet och speciellt f\u00f6rsvarsspelet som vi vill f\u00e5 och fungera b\u00e4ttre o b\u00e4ttre ju l\u00e4ngre s\u00e4songen g\u00e5r. Sj\u00e4lv har jag ocks\u00e5 fokuserat p\u00e5 mitt f\u00f6rsvarsarbete senaste veckorna och jobbat p\u00e5 att l\u00e4sa spelet och tv\u00e5an som jag f\u00f6rsvarar bredvid.<\/p>\n<p>Vi m\u00f6ter ett ungt Sjunde\u00e5 IF som inte har lika mycket rutin som de andra lagen i ligan, men de har duktiga spelare som utvecklas hela tiden. Vi f\u00e5r inte underskatta dem, f\u00f6rsta halvleken i senaste matchen mot SIF visade att vi m\u00e5ste vara vakna och spela h\u00e5rt fr\u00e5n f\u00f6rsta b\u00f6rjan.<\/p>\n<p>Fr\u00e5n SIF vill jag lyfta fram deras riktigt duktiga m\u00e5lvakter som kan r\u00e4dda en hel del bollar om vi inte tittar vart vi kastar. F\u00f6rra matchen mot oss hade <strong>Roosa Penttinen<\/strong> 20 r\u00e4ddningar, s\u00e5 det g\u00e4ller att satsa p\u00e5 sina avslut och l\u00e4sa hennes r\u00f6relser. Fr\u00e5n v\u00e5rt lag vill jag lyfta fram <strong>Amanda Olsson<\/strong>. Ama har haft en fin utvecklingskurva senaste s\u00e4songerna och hon tar hela tiden mer och mer ansvar i b\u00e5de anfall och f\u00f6rsvar. Hon \u00e4r inte l\u00e4tt att ta sig f\u00f6rbi, hon \u00e4r stark och kommer ofta i bra timing n\u00e4r hon f\u00f6rsvarar. Hon k\u00e4mpar alltid till slut och man ser henne ofta ligga p\u00e5 marken och sl\u00e5ss om bollen. En riktig lagspelare som k\u00e4mpar till slut!<\/p>\n<p>F\u00f6re match har jag inga speciella rutiner, men brukar lyssna p\u00e5 \u201dmin\u201d musik hemma f\u00f6re jag startar eller i bilen p\u00e5v\u00e4g till matchen, eftersom att den inte \u00e4r till\u00e5ten i hallen\ud83d\ude20<\/p>\n<p data-start=\"1712\" data-end=\"1784\">Jag hoppas att alla kommer till grottan och hejar fram oss till seger! Med en vinst s\u00e4krar vi en plats i cuppens Final4 som spelas i januari. Matchen visslas ig\u00e5ng kl. 19.00 och b\u00f6rjar med shootouts.<\/p>\n<h5><strong>Kolla matchen p\u00e5 Handis-TV\u00a0<\/strong><\/h5>\n<p>Om du inte kan ta dig till Grottan kan du se matchen p\u00e5 <a href=\"https:\/\/handis.tv\/grifknaiset\">Handis-tv<\/a> f\u00f6r 6,90\u20ac\/match eller 10,90\u20ac\/m\u00e5nad. F\u00f6r 76\u20ac kan du se alla matcher i Damernas Aktialiga, priset inkluderar \u00e4ven finalmatcherna. En del av summan g\u00e5r till GrIFK Damer, tack f\u00f6r underst\u00f6det!<\/p>\n<h5><strong>F\u00f6lj oss g\u00e4rna!<\/strong><\/h5>\n<p>Facebook: <a href=\"https:\/\/www.facebook.com\/grifkdamer\">Grankulla IFK Handboll Damer<\/a><\/p>\n<p>Instagram: <a href=\"https:\/\/www.instagram.com\/grifkdamer\/\">@grifkdamer<\/a><\/p>\n<p>Text: Sandra Laitinen<br \/>\nFoto: aki_kuvaus<\/p>\n","protected":false},"excerpt":{"rendered":"<p>Det \u00e4r mycket matcher under kommande veckorna och det \u00e4r v\u00e4ldigt roligt! Mellan f\u00f6reg\u00e5ende och onsdagens match har vi haft en bolltr\u00e4ning d\u00e4r vi fortsatte fokusera p\u00e5 det egna spelet och speciellt f\u00f6rsvarsspelet som vi vill f\u00e5 och fungera b\u00e4ttre o b\u00e4ttre ju l\u00e4ngre s\u00e4songen g\u00e5r. Sj\u00e4lv har jag ocks\u00e5 fokuserat p\u00e5 mitt f\u00f6rsvarsarbete senaste [&hellip;]<\/p>\n","protected":false},"author":12,"featured_media":13533,"comment_status":"closed","ping_status":"closed","sticky":false,"template":"","format":"standard","meta":{"_acf_changed":false,"jetpack_post_was_ever_published":false,"footnotes":""},"categories":[457,1],"tags":[413,411,409,181,26,407,218,281,37],"class_list":["post-13537","post","type-post","status-publish","format-standard","has-post-thumbnail","hentry","category-ennakot-2025-26","category-uutiset","tag-aktialiga","tag-aktialiiga","tag-damernas-aktialiga","tag-grifkdamer","tag-grifkhandball","tag-naisten-aktialiiga","tag-otteluennakko","tag-sandra-laitinen","tag-runkosarja"],"acf":[],"yoast_head":"<!-- This site is optimized with the Yoast SEO plugin v27.5 - https:\/\/yoast.com\/product\/yoast-seo-wordpress\/ -->\n<title>Finska cuppens hemmamatch 29.10.2025 * 19.00 GrIFK vs SIF &#187; GrIFK K\u00e4sipallo Naiset<\/title>\n<meta name=\"robots\" content=\"index, follow, max-snippet:-1, max-image-preview:large, max-video-preview:-1\" \/>\n<link rel=\"canonical\" href=\"https:\/\/grifk-handball.com\/naiset\/kausi-2025-26\/ennakot-2025-26\/finska-cuppens-hemmamatch-29-10-2025-19-00-grifk-vs-sif\/\" \/>\n<meta property=\"og:locale\" content=\"fi_FI\" \/>\n<meta property=\"og:type\" content=\"article\" \/>\n<meta property=\"og:title\" content=\"Finska cuppens hemmamatch 29.10.2025 * 19.00 GrIFK vs SIF &#187; GrIFK K\u00e4sipallo Naiset\" \/>\n<meta property=\"og:description\" content=\"Det \u00e4r mycket matcher under kommande veckorna och det \u00e4r v\u00e4ldigt roligt! Mellan f\u00f6reg\u00e5ende och onsdagens match har vi haft en bolltr\u00e4ning d\u00e4r vi fortsatte fokusera p\u00e5 det egna spelet och speciellt f\u00f6rsvarsspelet som vi vill f\u00e5 och fungera b\u00e4ttre o b\u00e4ttre ju l\u00e4ngre s\u00e4songen g\u00e5r. Sj\u00e4lv har jag ocks\u00e5 fokuserat p\u00e5 mitt f\u00f6rsvarsarbete senaste [&hellip;]\" \/>\n<meta property=\"og:url\" content=\"https:\/\/grifk-handball.com\/naiset\/kausi-2025-26\/ennakot-2025-26\/finska-cuppens-hemmamatch-29-10-2025-19-00-grifk-vs-sif\/\" \/>\n<meta property=\"og:site_name\" content=\"GrIFK K\u00e4sipallo Naiset\" \/>\n<meta property=\"article:publisher\" content=\"https:\/\/www.facebook.com\/532444520237680\" \/>\n<meta property=\"article:published_time\" content=\"2025-10-29T09:16:38+00:00\" \/>\n<meta property=\"og:image\" content=\"https:\/\/grifk-handball.com\/naiset\/wp-content\/uploads\/sites\/3\/2025\/10\/Sandran-ennakko.png\" \/>\n\t<meta property=\"og:image:width\" content=\"1500\" \/>\n\t<meta property=\"og:image:height\" content=\"1000\" \/>\n\t<meta property=\"og:image:type\" content=\"image\/png\" \/>\n<meta name=\"author\" content=\"Ellen\" \/>\n<meta name=\"twitter:card\" content=\"summary_large_image\" \/>\n<meta name=\"twitter:label1\" content=\"Kirjoittanut\" \/>\n\t<meta name=\"twitter:data1\" content=\"Ellen\" \/>\n<script type=\"application\/ld+json\" class=\"yoast-schema-graph\">{\"@context\":\"https:\\\/\\\/schema.org\",\"@graph\":[{\"@type\":\"Article\",\"@id\":\"https:\\\/\\\/grifk-handball.com\\\/naiset\\\/kausi-2025-26\\\/ennakot-2025-26\\\/finska-cuppens-hemmamatch-29-10-2025-19-00-grifk-vs-sif\\\/#article\",\"isPartOf\":{\"@id\":\"https:\\\/\\\/grifk-handball.com\\\/naiset\\\/kausi-2025-26\\\/ennakot-2025-26\\\/finska-cuppens-hemmamatch-29-10-2025-19-00-grifk-vs-sif\\\/\"},\"author\":{\"name\":\"Ellen\",\"@id\":\"https:\\\/\\\/grifk-handball.com\\\/naiset\\\/#\\\/schema\\\/person\\\/4ab70210cc3dec0bdbb99cc4d3388a15\"},\"headline\":\"Finska cuppens hemmamatch 29.10.2025 * 19.00 GrIFK vs SIF\",\"datePublished\":\"2025-10-29T09:16:38+00:00\",\"mainEntityOfPage\":{\"@id\":\"https:\\\/\\\/grifk-handball.com\\\/naiset\\\/kausi-2025-26\\\/ennakot-2025-26\\\/finska-cuppens-hemmamatch-29-10-2025-19-00-grifk-vs-sif\\\/\"},\"wordCount\":432,\"image\":{\"@id\":\"https:\\\/\\\/grifk-handball.com\\\/naiset\\\/kausi-2025-26\\\/ennakot-2025-26\\\/finska-cuppens-hemmamatch-29-10-2025-19-00-grifk-vs-sif\\\/#primaryimage\"},\"thumbnailUrl\":\"https:\\\/\\\/grifk-handball.com\\\/naiset\\\/wp-content\\\/uploads\\\/sites\\\/3\\\/2025\\\/10\\\/Sandran-ennakko.png\",\"keywords\":[\"#Aktialiga\",\"#aktialiiga\",\"#Damernas Aktialiga\",\"#GrIFKDamer\",\"#GrIFKHandball\",\"#Naisten Aktialiiga\",\"#otteluennakko\",\"#Sandra Laitinen\",\"Runkosarja\"],\"articleSection\":[\"Ennakot 2025-26\",\"Uutiset\"],\"inLanguage\":\"fi\"},{\"@type\":\"WebPage\",\"@id\":\"https:\\\/\\\/grifk-handball.com\\\/naiset\\\/kausi-2025-26\\\/ennakot-2025-26\\\/finska-cuppens-hemmamatch-29-10-2025-19-00-grifk-vs-sif\\\/\",\"url\":\"https:\\\/\\\/grifk-handball.com\\\/naiset\\\/kausi-2025-26\\\/ennakot-2025-26\\\/finska-cuppens-hemmamatch-29-10-2025-19-00-grifk-vs-sif\\\/\",\"name\":\"Finska cuppens hemmamatch 29.10.2025 * 19.00 GrIFK vs SIF &#187; GrIFK K\u00e4sipallo Naiset\",\"isPartOf\":{\"@id\":\"https:\\\/\\\/grifk-handball.com\\\/naiset\\\/#website\"},\"primaryImageOfPage\":{\"@id\":\"https:\\\/\\\/grifk-handball.com\\\/naiset\\\/kausi-2025-26\\\/ennakot-2025-26\\\/finska-cuppens-hemmamatch-29-10-2025-19-00-grifk-vs-sif\\\/#primaryimage\"},\"image\":{\"@id\":\"https:\\\/\\\/grifk-handball.com\\\/naiset\\\/kausi-2025-26\\\/ennakot-2025-26\\\/finska-cuppens-hemmamatch-29-10-2025-19-00-grifk-vs-sif\\\/#primaryimage\"},\"thumbnailUrl\":\"https:\\\/\\\/grifk-handball.com\\\/naiset\\\/wp-content\\\/uploads\\\/sites\\\/3\\\/2025\\\/10\\\/Sandran-ennakko.png\",\"datePublished\":\"2025-10-29T09:16:38+00:00\",\"author\":{\"@id\":\"https:\\\/\\\/grifk-handball.com\\\/naiset\\\/#\\\/schema\\\/person\\\/4ab70210cc3dec0bdbb99cc4d3388a15\"},\"breadcrumb\":{\"@id\":\"https:\\\/\\\/grifk-handball.com\\\/naiset\\\/kausi-2025-26\\\/ennakot-2025-26\\\/finska-cuppens-hemmamatch-29-10-2025-19-00-grifk-vs-sif\\\/#breadcrumb\"},\"inLanguage\":\"fi\",\"potentialAction\":[{\"@type\":\"ReadAction\",\"target\":[\"https:\\\/\\\/grifk-handball.com\\\/naiset\\\/kausi-2025-26\\\/ennakot-2025-26\\\/finska-cuppens-hemmamatch-29-10-2025-19-00-grifk-vs-sif\\\/\"]}]},{\"@type\":\"ImageObject\",\"inLanguage\":\"fi\",\"@id\":\"https:\\\/\\\/grifk-handball.com\\\/naiset\\\/kausi-2025-26\\\/ennakot-2025-26\\\/finska-cuppens-hemmamatch-29-10-2025-19-00-grifk-vs-sif\\\/#primaryimage\",\"url\":\"https:\\\/\\\/grifk-handball.com\\\/naiset\\\/wp-content\\\/uploads\\\/sites\\\/3\\\/2025\\\/10\\\/Sandran-ennakko.png\",\"contentUrl\":\"https:\\\/\\\/grifk-handball.com\\\/naiset\\\/wp-content\\\/uploads\\\/sites\\\/3\\\/2025\\\/10\\\/Sandran-ennakko.png\",\"width\":1500,\"height\":1000},{\"@type\":\"BreadcrumbList\",\"@id\":\"https:\\\/\\\/grifk-handball.com\\\/naiset\\\/kausi-2025-26\\\/ennakot-2025-26\\\/finska-cuppens-hemmamatch-29-10-2025-19-00-grifk-vs-sif\\\/#breadcrumb\",\"itemListElement\":[{\"@type\":\"ListItem\",\"position\":1,\"name\":\"Home\",\"item\":\"https:\\\/\\\/grifk-handball.com\\\/naiset\\\/etusivu-2\\\/\"},{\"@type\":\"ListItem\",\"position\":2,\"name\":\"Finska cuppens hemmamatch 29.10.2025 * 19.00 GrIFK vs SIF\"}]},{\"@type\":\"WebSite\",\"@id\":\"https:\\\/\\\/grifk-handball.com\\\/naiset\\\/#website\",\"url\":\"https:\\\/\\\/grifk-handball.com\\\/naiset\\\/\",\"name\":\"GrIFK K\u00e4sipallo Naiset\",\"description\":\"GrIFK K\u00e4sipallo Naiset\",\"potentialAction\":[{\"@type\":\"SearchAction\",\"target\":{\"@type\":\"EntryPoint\",\"urlTemplate\":\"https:\\\/\\\/grifk-handball.com\\\/naiset\\\/?s={search_term_string}\"},\"query-input\":{\"@type\":\"PropertyValueSpecification\",\"valueRequired\":true,\"valueName\":\"search_term_string\"}}],\"inLanguage\":\"fi\"},{\"@type\":\"Person\",\"@id\":\"https:\\\/\\\/grifk-handball.com\\\/naiset\\\/#\\\/schema\\\/person\\\/4ab70210cc3dec0bdbb99cc4d3388a15\",\"name\":\"Ellen\",\"image\":{\"@type\":\"ImageObject\",\"inLanguage\":\"fi\",\"@id\":\"https:\\\/\\\/secure.gravatar.com\\\/avatar\\\/396880c508552a2dd3d57b0f9a5f359464f2c496546a922dfec87788c1fa4504?s=96&d=mm&r=g\",\"url\":\"https:\\\/\\\/secure.gravatar.com\\\/avatar\\\/396880c508552a2dd3d57b0f9a5f359464f2c496546a922dfec87788c1fa4504?s=96&d=mm&r=g\",\"contentUrl\":\"https:\\\/\\\/secure.gravatar.com\\\/avatar\\\/396880c508552a2dd3d57b0f9a5f359464f2c496546a922dfec87788c1fa4504?s=96&d=mm&r=g\",\"caption\":\"Ellen\"},\"url\":\"https:\\\/\\\/grifk-handball.com\\\/naiset\\\/author\\\/elleneskelin\\\/\"}]}<\/script>\n<!-- \/ Yoast SEO plugin. -->","yoast_head_json":{"title":"Finska cuppens hemmamatch 29.10.2025 * 19.00 GrIFK vs SIF &#187; GrIFK K\u00e4sipallo Naiset","robots":{"index":"index","follow":"follow","max-snippet":"max-snippet:-1","max-image-preview":"max-image-preview:large","max-video-preview":"max-video-preview:-1"},"canonical":"https:\/\/grifk-handball.com\/naiset\/kausi-2025-26\/ennakot-2025-26\/finska-cuppens-hemmamatch-29-10-2025-19-00-grifk-vs-sif\/","og_locale":"fi_FI","og_type":"article","og_title":"Finska cuppens hemmamatch 29.10.2025 * 19.00 GrIFK vs SIF &#187; GrIFK K\u00e4sipallo Naiset","og_description":"Det \u00e4r mycket matcher under kommande veckorna och det \u00e4r v\u00e4ldigt roligt! Mellan f\u00f6reg\u00e5ende och onsdagens match har vi haft en bolltr\u00e4ning d\u00e4r vi fortsatte fokusera p\u00e5 det egna spelet och speciellt f\u00f6rsvarsspelet som vi vill f\u00e5 och fungera b\u00e4ttre o b\u00e4ttre ju l\u00e4ngre s\u00e4songen g\u00e5r. Sj\u00e4lv har jag ocks\u00e5 fokuserat p\u00e5 mitt f\u00f6rsvarsarbete senaste [&hellip;]","og_url":"https:\/\/grifk-handball.com\/naiset\/kausi-2025-26\/ennakot-2025-26\/finska-cuppens-hemmamatch-29-10-2025-19-00-grifk-vs-sif\/","og_site_name":"GrIFK K\u00e4sipallo Naiset","article_publisher":"https:\/\/www.facebook.com\/532444520237680","article_published_time":"2025-10-29T09:16:38+00:00","og_image":[{"width":1500,"height":1000,"url":"https:\/\/grifk-handball.com\/naiset\/wp-content\/uploads\/sites\/3\/2025\/10\/Sandran-ennakko.png","type":"image\/png"}],"author":"Ellen","twitter_card":"summary_large_image","twitter_misc":{"Kirjoittanut":"Ellen"},"schema":{"@context":"https:\/\/schema.org","@graph":[{"@type":"Article","@id":"https:\/\/grifk-handball.com\/naiset\/kausi-2025-26\/ennakot-2025-26\/finska-cuppens-hemmamatch-29-10-2025-19-00-grifk-vs-sif\/#article","isPartOf":{"@id":"https:\/\/grifk-handball.com\/naiset\/kausi-2025-26\/ennakot-2025-26\/finska-cuppens-hemmamatch-29-10-2025-19-00-grifk-vs-sif\/"},"author":{"name":"Ellen","@id":"https:\/\/grifk-handball.com\/naiset\/#\/schema\/person\/4ab70210cc3dec0bdbb99cc4d3388a15"},"headline":"Finska cuppens hemmamatch 29.10.2025 * 19.00 GrIFK vs SIF","datePublished":"2025-10-29T09:16:38+00:00","mainEntityOfPage":{"@id":"https:\/\/grifk-handball.com\/naiset\/kausi-2025-26\/ennakot-2025-26\/finska-cuppens-hemmamatch-29-10-2025-19-00-grifk-vs-sif\/"},"wordCount":432,"image":{"@id":"https:\/\/grifk-handball.com\/naiset\/kausi-2025-26\/ennakot-2025-26\/finska-cuppens-hemmamatch-29-10-2025-19-00-grifk-vs-sif\/#primaryimage"},"thumbnailUrl":"https:\/\/grifk-handball.com\/naiset\/wp-content\/uploads\/sites\/3\/2025\/10\/Sandran-ennakko.png","keywords":["#Aktialiga","#aktialiiga","#Damernas Aktialiga","#GrIFKDamer","#GrIFKHandball","#Naisten Aktialiiga","#otteluennakko","#Sandra Laitinen","Runkosarja"],"articleSection":["Ennakot 2025-26","Uutiset"],"inLanguage":"fi"},{"@type":"WebPage","@id":"https:\/\/grifk-handball.com\/naiset\/kausi-2025-26\/ennakot-2025-26\/finska-cuppens-hemmamatch-29-10-2025-19-00-grifk-vs-sif\/","url":"https:\/\/grifk-handball.com\/naiset\/kausi-2025-26\/ennakot-2025-26\/finska-cuppens-hemmamatch-29-10-2025-19-00-grifk-vs-sif\/","name":"Finska cuppens hemmamatch 29.10.2025 * 19.00 GrIFK vs SIF &#187; GrIFK K\u00e4sipallo Naiset","isPartOf":{"@id":"https:\/\/grifk-handball.com\/naiset\/#website"},"primaryImageOfPage":{"@id":"https:\/\/grifk-handball.com\/naiset\/kausi-2025-26\/ennakot-2025-26\/finska-cuppens-hemmamatch-29-10-2025-19-00-grifk-vs-sif\/#primaryimage"},"image":{"@id":"https:\/\/grifk-handball.com\/naiset\/kausi-2025-26\/ennakot-2025-26\/finska-cuppens-hemmamatch-29-10-2025-19-00-grifk-vs-sif\/#primaryimage"},"thumbnailUrl":"https:\/\/grifk-handball.com\/naiset\/wp-content\/uploads\/sites\/3\/2025\/10\/Sandran-ennakko.png","datePublished":"2025-10-29T09:16:38+00:00","author":{"@id":"https:\/\/grifk-handball.com\/naiset\/#\/schema\/person\/4ab70210cc3dec0bdbb99cc4d3388a15"},"breadcrumb":{"@id":"https:\/\/grifk-handball.com\/naiset\/kausi-2025-26\/ennakot-2025-26\/finska-cuppens-hemmamatch-29-10-2025-19-00-grifk-vs-sif\/#breadcrumb"},"inLanguage":"fi","potentialAction":[{"@type":"ReadAction","target":["https:\/\/grifk-handball.com\/naiset\/kausi-2025-26\/ennakot-2025-26\/finska-cuppens-hemmamatch-29-10-2025-19-00-grifk-vs-sif\/"]}]},{"@type":"ImageObject","inLanguage":"fi","@id":"https:\/\/grifk-handball.com\/naiset\/kausi-2025-26\/ennakot-2025-26\/finska-cuppens-hemmamatch-29-10-2025-19-00-grifk-vs-sif\/#primaryimage","url":"https:\/\/grifk-handball.com\/naiset\/wp-content\/uploads\/sites\/3\/2025\/10\/Sandran-ennakko.png","contentUrl":"https:\/\/grifk-handball.com\/naiset\/wp-content\/uploads\/sites\/3\/2025\/10\/Sandran-ennakko.png","width":1500,"height":1000},{"@type":"BreadcrumbList","@id":"https:\/\/grifk-handball.com\/naiset\/kausi-2025-26\/ennakot-2025-26\/finska-cuppens-hemmamatch-29-10-2025-19-00-grifk-vs-sif\/#breadcrumb","itemListElement":[{"@type":"ListItem","position":1,"name":"Home","item":"https:\/\/grifk-handball.com\/naiset\/etusivu-2\/"},{"@type":"ListItem","position":2,"name":"Finska cuppens hemmamatch 29.10.2025 * 19.00 GrIFK vs SIF"}]},{"@type":"WebSite","@id":"https:\/\/grifk-handball.com\/naiset\/#website","url":"https:\/\/grifk-handball.com\/naiset\/","name":"GrIFK K\u00e4sipallo Naiset","description":"GrIFK K\u00e4sipallo Naiset","potentialAction":[{"@type":"SearchAction","target":{"@type":"EntryPoint","urlTemplate":"https:\/\/grifk-handball.com\/naiset\/?s={search_term_string}"},"query-input":{"@type":"PropertyValueSpecification","valueRequired":true,"valueName":"search_term_string"}}],"inLanguage":"fi"},{"@type":"Person","@id":"https:\/\/grifk-handball.com\/naiset\/#\/schema\/person\/4ab70210cc3dec0bdbb99cc4d3388a15","name":"Ellen","image":{"@type":"ImageObject","inLanguage":"fi","@id":"https:\/\/secure.gravatar.com\/avatar\/396880c508552a2dd3d57b0f9a5f359464f2c496546a922dfec87788c1fa4504?s=96&d=mm&r=g","url":"https:\/\/secure.gravatar.com\/avatar\/396880c508552a2dd3d57b0f9a5f359464f2c496546a922dfec87788c1fa4504?s=96&d=mm&r=g","contentUrl":"https:\/\/secure.gravatar.com\/avatar\/396880c508552a2dd3d57b0f9a5f359464f2c496546a922dfec87788c1fa4504?s=96&d=mm&r=g","caption":"Ellen"},"url":"https:\/\/grifk-handball.com\/naiset\/author\/elleneskelin\/"}]}},"jetpack_featured_media_url":"https:\/\/grifk-handball.com\/naiset\/wp-content\/uploads\/sites\/3\/2025\/10\/Sandran-ennakko.png","jetpack_sharing_enabled":true,"_links":{"self":[{"href":"https:\/\/grifk-handball.com\/naiset\/wp-json\/wp\/v2\/posts\/13537","targetHints":{"allow":["GET"]}}],"collection":[{"href":"https:\/\/grifk-handball.com\/naiset\/wp-json\/wp\/v2\/posts"}],"about":[{"href":"https:\/\/grifk-handball.com\/naiset\/wp-json\/wp\/v2\/types\/post"}],"author":[{"embeddable":true,"href":"https:\/\/grifk-handball.com\/naiset\/wp-json\/wp\/v2\/users\/12"}],"replies":[{"embeddable":true,"href":"https:\/\/grifk-handball.com\/naiset\/wp-json\/wp\/v2\/comments?post=13537"}],"version-history":[{"count":2,"href":"https:\/\/grifk-handball.com\/naiset\/wp-json\/wp\/v2\/posts\/13537\/revisions"}],"predecessor-version":[{"id":13542,"href":"https:\/\/grifk-handball.com\/naiset\/wp-json\/wp\/v2\/posts\/13537\/revisions\/13542"}],"wp:featuredmedia":[{"embeddable":true,"href":"https:\/\/grifk-handball.com\/naiset\/wp-json\/wp\/v2\/media\/13533"}],"wp:attachment":[{"href":"https:\/\/grifk-handball.com\/naiset\/wp-json\/wp\/v2\/media?parent=13537"}],"wp:term":[{"taxonomy":"category","embeddable":true,"href":"https:\/\/grifk-handball.com\/naiset\/wp-json\/wp\/v2\/categories?post=13537"},{"taxonomy":"post_tag","embeddable":true,"href":"https:\/\/grifk-handball.com\/naiset\/wp-json\/wp\/v2\/tags?post=13537"}],"curies":[{"name":"wp","href":"https:\/\/api.w.org\/{rel}","templated":true}]}}