{"id":13727,"date":"2025-12-13T09:54:29","date_gmt":"2025-12-13T07:54:29","guid":{"rendered":"https:\/\/grifk-handball.com\/naiset\/?p=13727"},"modified":"2025-12-13T09:54:29","modified_gmt":"2025-12-13T07:54:29","slug":"hemmamatch-13-12-2025-13-30-grifk-vs-sif","status":"publish","type":"post","link":"https:\/\/grifk-handball.com\/naiset\/kausi-2025-26\/ennakot-2025-26\/hemmamatch-13-12-2025-13-30-grifk-vs-sif\/","title":{"rendered":"Hemmamatch 13.12.2025 * 13.30 GrIFK vs SIF"},"content":{"rendered":"<p>I onsdagens match mot BK-46 fick vi verkligen visa vad vi tr\u00e4nat p\u00e5 under matchuppeh\u00e5llet och visa vad vi g\u00e5r f\u00f6r. Efter det har vi tr\u00e4nat en bolltr\u00e4ning d\u00e4r vi fortsatt att fokusera p\u00e5 v\u00e5rt f\u00f6rsvar samt kontringsspel. Personligen har jag fokuserat p\u00e5 att v\u00e5ga vara tuffare i f\u00f6rsvaret och l\u00e4sa m\u00e5lvaktens r\u00f6relser d\u00e5 jag tar mina l\u00e4gen fr\u00e5n kanten.<\/p>\n<p>P\u00e5 l\u00f6rdagen m\u00f6ter vi Sjunde\u00e5 IF p\u00e5 hemmaplan. Det \u00e4r ett ungt lag med m\u00e5nga juniorer som hela tiden utvecklas. Fast\u00e4n de f\u00f6r tillf\u00e4llet ligger l\u00e4gst i serien, ska vi inte underskatta dem! Vi m\u00e5ste spela h\u00e5rt fr\u00e5n f\u00f6rsta b\u00f6rjan och h\u00e5lla oss p\u00e5 v\u00e5r niv\u00e5.<\/p>\n<p>Fr\u00e5n SIF vill jag lyfta fram deras m\u00e5lvakt <strong>Roosa Penttinen<\/strong>. Hon \u00e4r duktig p\u00e5 att l\u00e4sa skotten och gjorde runt 20 r\u00e4ddningar senast mot oss. Vi m\u00e5ste ha t\u00e5lamod och noggrannhet i v\u00e5ra avslut f\u00f6r att l\u00e4gga bollen bakom henne. En spelare att f\u00f6lja med fr\u00e5n v\u00e5rt eget lag \u00e4r <strong>Trine Bj\u00f6rkqvist<\/strong>. Hon tar hela tiden mer och mer ansvar och har blivit en central spelare i v\u00e5rt lag. Trine l\u00e4ser spelet bra och \u00e4r extremt tuff b\u00e5de fram\u00e5t och bak\u00e5t. Hennes skott fr\u00e5n h\u00f6gerbacken \u00e4r ocks\u00e5 v\u00e4rda att n\u00e4mna, d\u00e5 hon p\u00e5 n\u00e5got s\u00e4tt lyckas vika sig och placera bollen i m\u00e5l.<\/p>\n<p>Jag har inte speciellt m\u00e5nga matchrutiner, men jag ser alltid till att lyssna p\u00e5 bangers d\u00e4r hemma f\u00f6re. F\u00f6r mig \u00e4r det ocks\u00e5 viktigt att h\u00e5ret inte \u00e4r i v\u00e4gen n\u00e4r jag spelar och ofta s\u00e4tter jag upp det med ett gr\u00f6nt h\u00e5rband. Det \u00e4r viktigt att v\u00e4rma upp ordentligt och p\u00e5 plan har jag n\u00e5gra uppv\u00e4rmningsr\u00f6relser jag alltid brukar g\u00f6ra.<\/p>\n<p>Hoppas vi ses i hallen p\u00e5 l\u00f6rdagen!<\/p>\n<h5><strong>Kolla matchen p\u00e5 Handis-TV\u00a0<\/strong><\/h5>\n<p>Om du inte kan ta dig till Grottan kan du se matchen p\u00e5 <a href=\"https:\/\/handis.tv\/grifknaiset\">Handis-tv<\/a> f\u00f6r 6,90\u20ac\/match eller 10,90\u20ac\/m\u00e5nad. F\u00f6r 76\u20ac kan du se alla matcher i Damernas Aktialiga, priset inkluderar \u00e4ven finalmatcherna. En del av summan g\u00e5r till GrIFK Damer, tack f\u00f6r underst\u00f6det!<\/p>\n<h5><strong>F\u00f6lj oss g\u00e4rna!<\/strong><\/h5>\n<p>Facebook: <a href=\"https:\/\/www.facebook.com\/grifkdamer\">Grankulla IFK Handboll Damer<\/a><\/p>\n<p>Instagram: <a href=\"https:\/\/www.instagram.com\/grifkdamer\/\">@grifkdamer<\/a><\/p>\n<p>Text: Lovisa von Knorring<br \/>\nFoto: aki_kuvaus<\/p>\n","protected":false},"excerpt":{"rendered":"<p>I onsdagens match mot BK-46 fick vi verkligen visa vad vi tr\u00e4nat p\u00e5 under matchuppeh\u00e5llet och visa vad vi g\u00e5r f\u00f6r. Efter det har vi tr\u00e4nat en bolltr\u00e4ning d\u00e4r vi fortsatt att fokusera p\u00e5 v\u00e5rt f\u00f6rsvar samt kontringsspel. Personligen har jag fokuserat p\u00e5 att v\u00e5ga vara tuffare i f\u00f6rsvaret och l\u00e4sa m\u00e5lvaktens r\u00f6relser d\u00e5 jag [&hellip;]<\/p>\n","protected":false},"author":12,"featured_media":13724,"comment_status":"closed","ping_status":"closed","sticky":false,"template":"","format":"standard","meta":{"_acf_changed":false,"jetpack_post_was_ever_published":false,"footnotes":""},"categories":[457,1],"tags":[413,411,409,181,26,485,407,218,37],"class_list":["post-13727","post","type-post","status-publish","format-standard","has-post-thumbnail","hentry","category-ennakot-2025-26","category-uutiset","tag-aktialiga","tag-aktialiiga","tag-damernas-aktialiga","tag-grifkdamer","tag-grifkhandball","tag-lovisa-von-knorring","tag-naisten-aktialiiga","tag-otteluennakko","tag-runkosarja"],"acf":[],"yoast_head":"<!-- This site is optimized with the Yoast SEO plugin v27.5 - https:\/\/yoast.com\/product\/yoast-seo-wordpress\/ -->\n<title>Hemmamatch 13.12.2025 * 13.30 GrIFK vs SIF &#187; GrIFK K\u00e4sipallo Naiset<\/title>\n<meta name=\"robots\" content=\"index, follow, max-snippet:-1, max-image-preview:large, max-video-preview:-1\" \/>\n<link rel=\"canonical\" href=\"https:\/\/grifk-handball.com\/naiset\/kausi-2025-26\/ennakot-2025-26\/hemmamatch-13-12-2025-13-30-grifk-vs-sif\/\" \/>\n<meta property=\"og:locale\" content=\"fi_FI\" \/>\n<meta property=\"og:type\" content=\"article\" \/>\n<meta property=\"og:title\" content=\"Hemmamatch 13.12.2025 * 13.30 GrIFK vs SIF &#187; GrIFK K\u00e4sipallo Naiset\" \/>\n<meta property=\"og:description\" content=\"I onsdagens match mot BK-46 fick vi verkligen visa vad vi tr\u00e4nat p\u00e5 under matchuppeh\u00e5llet och visa vad vi g\u00e5r f\u00f6r. Efter det har vi tr\u00e4nat en bolltr\u00e4ning d\u00e4r vi fortsatt att fokusera p\u00e5 v\u00e5rt f\u00f6rsvar samt kontringsspel. Personligen har jag fokuserat p\u00e5 att v\u00e5ga vara tuffare i f\u00f6rsvaret och l\u00e4sa m\u00e5lvaktens r\u00f6relser d\u00e5 jag [&hellip;]\" \/>\n<meta property=\"og:url\" content=\"https:\/\/grifk-handball.com\/naiset\/kausi-2025-26\/ennakot-2025-26\/hemmamatch-13-12-2025-13-30-grifk-vs-sif\/\" \/>\n<meta property=\"og:site_name\" content=\"GrIFK K\u00e4sipallo Naiset\" \/>\n<meta property=\"article:publisher\" content=\"https:\/\/www.facebook.com\/532444520237680\" \/>\n<meta property=\"article:published_time\" content=\"2025-12-13T07:54:29+00:00\" \/>\n<meta property=\"og:image\" content=\"https:\/\/grifk-handball.com\/naiset\/wp-content\/uploads\/sites\/3\/2025\/12\/GB7A09361-1030x687.jpg\" \/>\n\t<meta property=\"og:image:width\" content=\"1030\" \/>\n\t<meta property=\"og:image:height\" content=\"687\" \/>\n\t<meta property=\"og:image:type\" content=\"image\/jpeg\" \/>\n<meta name=\"author\" content=\"Ellen\" \/>\n<meta name=\"twitter:card\" content=\"summary_large_image\" \/>\n<meta name=\"twitter:label1\" content=\"Kirjoittanut\" \/>\n\t<meta name=\"twitter:data1\" content=\"Ellen\" \/>\n\t<meta name=\"twitter:label2\" content=\"Arvioitu lukuaika\" \/>\n\t<meta name=\"twitter:data2\" content=\"3 minuuttia\" \/>\n<script type=\"application\/ld+json\" class=\"yoast-schema-graph\">{\"@context\":\"https:\\\/\\\/schema.org\",\"@graph\":[{\"@type\":\"Article\",\"@id\":\"https:\\\/\\\/grifk-handball.com\\\/naiset\\\/kausi-2025-26\\\/ennakot-2025-26\\\/hemmamatch-13-12-2025-13-30-grifk-vs-sif\\\/#article\",\"isPartOf\":{\"@id\":\"https:\\\/\\\/grifk-handball.com\\\/naiset\\\/kausi-2025-26\\\/ennakot-2025-26\\\/hemmamatch-13-12-2025-13-30-grifk-vs-sif\\\/\"},\"author\":{\"name\":\"Ellen\",\"@id\":\"https:\\\/\\\/grifk-handball.com\\\/naiset\\\/#\\\/schema\\\/person\\\/4ab70210cc3dec0bdbb99cc4d3388a15\"},\"headline\":\"Hemmamatch 13.12.2025 * 13.30 GrIFK vs SIF\",\"datePublished\":\"2025-12-13T07:54:29+00:00\",\"mainEntityOfPage\":{\"@id\":\"https:\\\/\\\/grifk-handball.com\\\/naiset\\\/kausi-2025-26\\\/ennakot-2025-26\\\/hemmamatch-13-12-2025-13-30-grifk-vs-sif\\\/\"},\"wordCount\":422,\"image\":{\"@id\":\"https:\\\/\\\/grifk-handball.com\\\/naiset\\\/kausi-2025-26\\\/ennakot-2025-26\\\/hemmamatch-13-12-2025-13-30-grifk-vs-sif\\\/#primaryimage\"},\"thumbnailUrl\":\"https:\\\/\\\/grifk-handball.com\\\/naiset\\\/wp-content\\\/uploads\\\/sites\\\/3\\\/2025\\\/12\\\/GB7A09361-scaled.jpg\",\"keywords\":[\"#Aktialiga\",\"#aktialiiga\",\"#Damernas Aktialiga\",\"#GrIFKDamer\",\"#GrIFKHandball\",\"#Lovisa von Knorring\",\"#Naisten Aktialiiga\",\"#otteluennakko\",\"Runkosarja\"],\"articleSection\":[\"Ennakot 2025-26\",\"Uutiset\"],\"inLanguage\":\"fi\"},{\"@type\":\"WebPage\",\"@id\":\"https:\\\/\\\/grifk-handball.com\\\/naiset\\\/kausi-2025-26\\\/ennakot-2025-26\\\/hemmamatch-13-12-2025-13-30-grifk-vs-sif\\\/\",\"url\":\"https:\\\/\\\/grifk-handball.com\\\/naiset\\\/kausi-2025-26\\\/ennakot-2025-26\\\/hemmamatch-13-12-2025-13-30-grifk-vs-sif\\\/\",\"name\":\"Hemmamatch 13.12.2025 * 13.30 GrIFK vs SIF &#187; GrIFK K\u00e4sipallo Naiset\",\"isPartOf\":{\"@id\":\"https:\\\/\\\/grifk-handball.com\\\/naiset\\\/#website\"},\"primaryImageOfPage\":{\"@id\":\"https:\\\/\\\/grifk-handball.com\\\/naiset\\\/kausi-2025-26\\\/ennakot-2025-26\\\/hemmamatch-13-12-2025-13-30-grifk-vs-sif\\\/#primaryimage\"},\"image\":{\"@id\":\"https:\\\/\\\/grifk-handball.com\\\/naiset\\\/kausi-2025-26\\\/ennakot-2025-26\\\/hemmamatch-13-12-2025-13-30-grifk-vs-sif\\\/#primaryimage\"},\"thumbnailUrl\":\"https:\\\/\\\/grifk-handball.com\\\/naiset\\\/wp-content\\\/uploads\\\/sites\\\/3\\\/2025\\\/12\\\/GB7A09361-scaled.jpg\",\"datePublished\":\"2025-12-13T07:54:29+00:00\",\"author\":{\"@id\":\"https:\\\/\\\/grifk-handball.com\\\/naiset\\\/#\\\/schema\\\/person\\\/4ab70210cc3dec0bdbb99cc4d3388a15\"},\"breadcrumb\":{\"@id\":\"https:\\\/\\\/grifk-handball.com\\\/naiset\\\/kausi-2025-26\\\/ennakot-2025-26\\\/hemmamatch-13-12-2025-13-30-grifk-vs-sif\\\/#breadcrumb\"},\"inLanguage\":\"fi\",\"potentialAction\":[{\"@type\":\"ReadAction\",\"target\":[\"https:\\\/\\\/grifk-handball.com\\\/naiset\\\/kausi-2025-26\\\/ennakot-2025-26\\\/hemmamatch-13-12-2025-13-30-grifk-vs-sif\\\/\"]}]},{\"@type\":\"ImageObject\",\"inLanguage\":\"fi\",\"@id\":\"https:\\\/\\\/grifk-handball.com\\\/naiset\\\/kausi-2025-26\\\/ennakot-2025-26\\\/hemmamatch-13-12-2025-13-30-grifk-vs-sif\\\/#primaryimage\",\"url\":\"https:\\\/\\\/grifk-handball.com\\\/naiset\\\/wp-content\\\/uploads\\\/sites\\\/3\\\/2025\\\/12\\\/GB7A09361-scaled.jpg\",\"contentUrl\":\"https:\\\/\\\/grifk-handball.com\\\/naiset\\\/wp-content\\\/uploads\\\/sites\\\/3\\\/2025\\\/12\\\/GB7A09361-scaled.jpg\",\"width\":2560,\"height\":1707},{\"@type\":\"BreadcrumbList\",\"@id\":\"https:\\\/\\\/grifk-handball.com\\\/naiset\\\/kausi-2025-26\\\/ennakot-2025-26\\\/hemmamatch-13-12-2025-13-30-grifk-vs-sif\\\/#breadcrumb\",\"itemListElement\":[{\"@type\":\"ListItem\",\"position\":1,\"name\":\"Home\",\"item\":\"https:\\\/\\\/grifk-handball.com\\\/naiset\\\/etusivu-2\\\/\"},{\"@type\":\"ListItem\",\"position\":2,\"name\":\"Hemmamatch 13.12.2025 * 13.30 GrIFK vs SIF\"}]},{\"@type\":\"WebSite\",\"@id\":\"https:\\\/\\\/grifk-handball.com\\\/naiset\\\/#website\",\"url\":\"https:\\\/\\\/grifk-handball.com\\\/naiset\\\/\",\"name\":\"GrIFK K\u00e4sipallo Naiset\",\"description\":\"GrIFK K\u00e4sipallo Naiset\",\"potentialAction\":[{\"@type\":\"SearchAction\",\"target\":{\"@type\":\"EntryPoint\",\"urlTemplate\":\"https:\\\/\\\/grifk-handball.com\\\/naiset\\\/?s={search_term_string}\"},\"query-input\":{\"@type\":\"PropertyValueSpecification\",\"valueRequired\":true,\"valueName\":\"search_term_string\"}}],\"inLanguage\":\"fi\"},{\"@type\":\"Person\",\"@id\":\"https:\\\/\\\/grifk-handball.com\\\/naiset\\\/#\\\/schema\\\/person\\\/4ab70210cc3dec0bdbb99cc4d3388a15\",\"name\":\"Ellen\",\"image\":{\"@type\":\"ImageObject\",\"inLanguage\":\"fi\",\"@id\":\"https:\\\/\\\/secure.gravatar.com\\\/avatar\\\/396880c508552a2dd3d57b0f9a5f359464f2c496546a922dfec87788c1fa4504?s=96&d=mm&r=g\",\"url\":\"https:\\\/\\\/secure.gravatar.com\\\/avatar\\\/396880c508552a2dd3d57b0f9a5f359464f2c496546a922dfec87788c1fa4504?s=96&d=mm&r=g\",\"contentUrl\":\"https:\\\/\\\/secure.gravatar.com\\\/avatar\\\/396880c508552a2dd3d57b0f9a5f359464f2c496546a922dfec87788c1fa4504?s=96&d=mm&r=g\",\"caption\":\"Ellen\"},\"url\":\"https:\\\/\\\/grifk-handball.com\\\/naiset\\\/author\\\/elleneskelin\\\/\"}]}<\/script>\n<!-- \/ Yoast SEO plugin. -->","yoast_head_json":{"title":"Hemmamatch 13.12.2025 * 13.30 GrIFK vs SIF &#187; GrIFK K\u00e4sipallo Naiset","robots":{"index":"index","follow":"follow","max-snippet":"max-snippet:-1","max-image-preview":"max-image-preview:large","max-video-preview":"max-video-preview:-1"},"canonical":"https:\/\/grifk-handball.com\/naiset\/kausi-2025-26\/ennakot-2025-26\/hemmamatch-13-12-2025-13-30-grifk-vs-sif\/","og_locale":"fi_FI","og_type":"article","og_title":"Hemmamatch 13.12.2025 * 13.30 GrIFK vs SIF &#187; GrIFK K\u00e4sipallo Naiset","og_description":"I onsdagens match mot BK-46 fick vi verkligen visa vad vi tr\u00e4nat p\u00e5 under matchuppeh\u00e5llet och visa vad vi g\u00e5r f\u00f6r. Efter det har vi tr\u00e4nat en bolltr\u00e4ning d\u00e4r vi fortsatt att fokusera p\u00e5 v\u00e5rt f\u00f6rsvar samt kontringsspel. Personligen har jag fokuserat p\u00e5 att v\u00e5ga vara tuffare i f\u00f6rsvaret och l\u00e4sa m\u00e5lvaktens r\u00f6relser d\u00e5 jag [&hellip;]","og_url":"https:\/\/grifk-handball.com\/naiset\/kausi-2025-26\/ennakot-2025-26\/hemmamatch-13-12-2025-13-30-grifk-vs-sif\/","og_site_name":"GrIFK K\u00e4sipallo Naiset","article_publisher":"https:\/\/www.facebook.com\/532444520237680","article_published_time":"2025-12-13T07:54:29+00:00","og_image":[{"width":1030,"height":687,"url":"https:\/\/grifk-handball.com\/naiset\/wp-content\/uploads\/sites\/3\/2025\/12\/GB7A09361-1030x687.jpg","type":"image\/jpeg"}],"author":"Ellen","twitter_card":"summary_large_image","twitter_misc":{"Kirjoittanut":"Ellen","Arvioitu lukuaika":"3 minuuttia"},"schema":{"@context":"https:\/\/schema.org","@graph":[{"@type":"Article","@id":"https:\/\/grifk-handball.com\/naiset\/kausi-2025-26\/ennakot-2025-26\/hemmamatch-13-12-2025-13-30-grifk-vs-sif\/#article","isPartOf":{"@id":"https:\/\/grifk-handball.com\/naiset\/kausi-2025-26\/ennakot-2025-26\/hemmamatch-13-12-2025-13-30-grifk-vs-sif\/"},"author":{"name":"Ellen","@id":"https:\/\/grifk-handball.com\/naiset\/#\/schema\/person\/4ab70210cc3dec0bdbb99cc4d3388a15"},"headline":"Hemmamatch 13.12.2025 * 13.30 GrIFK vs SIF","datePublished":"2025-12-13T07:54:29+00:00","mainEntityOfPage":{"@id":"https:\/\/grifk-handball.com\/naiset\/kausi-2025-26\/ennakot-2025-26\/hemmamatch-13-12-2025-13-30-grifk-vs-sif\/"},"wordCount":422,"image":{"@id":"https:\/\/grifk-handball.com\/naiset\/kausi-2025-26\/ennakot-2025-26\/hemmamatch-13-12-2025-13-30-grifk-vs-sif\/#primaryimage"},"thumbnailUrl":"https:\/\/grifk-handball.com\/naiset\/wp-content\/uploads\/sites\/3\/2025\/12\/GB7A09361-scaled.jpg","keywords":["#Aktialiga","#aktialiiga","#Damernas Aktialiga","#GrIFKDamer","#GrIFKHandball","#Lovisa von Knorring","#Naisten Aktialiiga","#otteluennakko","Runkosarja"],"articleSection":["Ennakot 2025-26","Uutiset"],"inLanguage":"fi"},{"@type":"WebPage","@id":"https:\/\/grifk-handball.com\/naiset\/kausi-2025-26\/ennakot-2025-26\/hemmamatch-13-12-2025-13-30-grifk-vs-sif\/","url":"https:\/\/grifk-handball.com\/naiset\/kausi-2025-26\/ennakot-2025-26\/hemmamatch-13-12-2025-13-30-grifk-vs-sif\/","name":"Hemmamatch 13.12.2025 * 13.30 GrIFK vs SIF &#187; GrIFK K\u00e4sipallo Naiset","isPartOf":{"@id":"https:\/\/grifk-handball.com\/naiset\/#website"},"primaryImageOfPage":{"@id":"https:\/\/grifk-handball.com\/naiset\/kausi-2025-26\/ennakot-2025-26\/hemmamatch-13-12-2025-13-30-grifk-vs-sif\/#primaryimage"},"image":{"@id":"https:\/\/grifk-handball.com\/naiset\/kausi-2025-26\/ennakot-2025-26\/hemmamatch-13-12-2025-13-30-grifk-vs-sif\/#primaryimage"},"thumbnailUrl":"https:\/\/grifk-handball.com\/naiset\/wp-content\/uploads\/sites\/3\/2025\/12\/GB7A09361-scaled.jpg","datePublished":"2025-12-13T07:54:29+00:00","author":{"@id":"https:\/\/grifk-handball.com\/naiset\/#\/schema\/person\/4ab70210cc3dec0bdbb99cc4d3388a15"},"breadcrumb":{"@id":"https:\/\/grifk-handball.com\/naiset\/kausi-2025-26\/ennakot-2025-26\/hemmamatch-13-12-2025-13-30-grifk-vs-sif\/#breadcrumb"},"inLanguage":"fi","potentialAction":[{"@type":"ReadAction","target":["https:\/\/grifk-handball.com\/naiset\/kausi-2025-26\/ennakot-2025-26\/hemmamatch-13-12-2025-13-30-grifk-vs-sif\/"]}]},{"@type":"ImageObject","inLanguage":"fi","@id":"https:\/\/grifk-handball.com\/naiset\/kausi-2025-26\/ennakot-2025-26\/hemmamatch-13-12-2025-13-30-grifk-vs-sif\/#primaryimage","url":"https:\/\/grifk-handball.com\/naiset\/wp-content\/uploads\/sites\/3\/2025\/12\/GB7A09361-scaled.jpg","contentUrl":"https:\/\/grifk-handball.com\/naiset\/wp-content\/uploads\/sites\/3\/2025\/12\/GB7A09361-scaled.jpg","width":2560,"height":1707},{"@type":"BreadcrumbList","@id":"https:\/\/grifk-handball.com\/naiset\/kausi-2025-26\/ennakot-2025-26\/hemmamatch-13-12-2025-13-30-grifk-vs-sif\/#breadcrumb","itemListElement":[{"@type":"ListItem","position":1,"name":"Home","item":"https:\/\/grifk-handball.com\/naiset\/etusivu-2\/"},{"@type":"ListItem","position":2,"name":"Hemmamatch 13.12.2025 * 13.30 GrIFK vs SIF"}]},{"@type":"WebSite","@id":"https:\/\/grifk-handball.com\/naiset\/#website","url":"https:\/\/grifk-handball.com\/naiset\/","name":"GrIFK K\u00e4sipallo Naiset","description":"GrIFK K\u00e4sipallo Naiset","potentialAction":[{"@type":"SearchAction","target":{"@type":"EntryPoint","urlTemplate":"https:\/\/grifk-handball.com\/naiset\/?s={search_term_string}"},"query-input":{"@type":"PropertyValueSpecification","valueRequired":true,"valueName":"search_term_string"}}],"inLanguage":"fi"},{"@type":"Person","@id":"https:\/\/grifk-handball.com\/naiset\/#\/schema\/person\/4ab70210cc3dec0bdbb99cc4d3388a15","name":"Ellen","image":{"@type":"ImageObject","inLanguage":"fi","@id":"https:\/\/secure.gravatar.com\/avatar\/396880c508552a2dd3d57b0f9a5f359464f2c496546a922dfec87788c1fa4504?s=96&d=mm&r=g","url":"https:\/\/secure.gravatar.com\/avatar\/396880c508552a2dd3d57b0f9a5f359464f2c496546a922dfec87788c1fa4504?s=96&d=mm&r=g","contentUrl":"https:\/\/secure.gravatar.com\/avatar\/396880c508552a2dd3d57b0f9a5f359464f2c496546a922dfec87788c1fa4504?s=96&d=mm&r=g","caption":"Ellen"},"url":"https:\/\/grifk-handball.com\/naiset\/author\/elleneskelin\/"}]}},"jetpack_featured_media_url":"https:\/\/grifk-handball.com\/naiset\/wp-content\/uploads\/sites\/3\/2025\/12\/GB7A09361-scaled.jpg","jetpack_sharing_enabled":true,"_links":{"self":[{"href":"https:\/\/grifk-handball.com\/naiset\/wp-json\/wp\/v2\/posts\/13727","targetHints":{"allow":["GET"]}}],"collection":[{"href":"https:\/\/grifk-handball.com\/naiset\/wp-json\/wp\/v2\/posts"}],"about":[{"href":"https:\/\/grifk-handball.com\/naiset\/wp-json\/wp\/v2\/types\/post"}],"author":[{"embeddable":true,"href":"https:\/\/grifk-handball.com\/naiset\/wp-json\/wp\/v2\/users\/12"}],"replies":[{"embeddable":true,"href":"https:\/\/grifk-handball.com\/naiset\/wp-json\/wp\/v2\/comments?post=13727"}],"version-history":[{"count":2,"href":"https:\/\/grifk-handball.com\/naiset\/wp-json\/wp\/v2\/posts\/13727\/revisions"}],"predecessor-version":[{"id":13729,"href":"https:\/\/grifk-handball.com\/naiset\/wp-json\/wp\/v2\/posts\/13727\/revisions\/13729"}],"wp:featuredmedia":[{"embeddable":true,"href":"https:\/\/grifk-handball.com\/naiset\/wp-json\/wp\/v2\/media\/13724"}],"wp:attachment":[{"href":"https:\/\/grifk-handball.com\/naiset\/wp-json\/wp\/v2\/media?parent=13727"}],"wp:term":[{"taxonomy":"category","embeddable":true,"href":"https:\/\/grifk-handball.com\/naiset\/wp-json\/wp\/v2\/categories?post=13727"},{"taxonomy":"post_tag","embeddable":true,"href":"https:\/\/grifk-handball.com\/naiset\/wp-json\/wp\/v2\/tags?post=13727"}],"curies":[{"name":"wp","href":"https:\/\/api.w.org\/{rel}","templated":true}]}}