{"id":13812,"date":"2026-01-06T23:06:56","date_gmt":"2026-01-06T21:06:56","guid":{"rendered":"https:\/\/grifk-handball.com\/naiset\/?p=13812"},"modified":"2026-01-06T23:20:17","modified_gmt":"2026-01-06T21:20:17","slug":"kotiottelu-7-1-2026-19-00-grifk-vs-cocks","status":"publish","type":"post","link":"https:\/\/grifk-handball.com\/naiset\/kausi-2025-26\/ennakot-2025-26\/kotiottelu-7-1-2026-19-00-grifk-vs-cocks\/","title":{"rendered":"Kotiottelu 7.1.2026 * GrIFK vs Cocks"},"content":{"rendered":"<div  class='flex_column av-q85hro-e2749da5eda46a56af94effa23bbff38 av_one_full  avia-builder-el-0  el_before_av_textblock  avia-builder-el-first  first flex_column_div  '     ><p>\n<style type=\"text\/css\" data-created_by=\"avia_inline_auto\" id=\"style-css-av-mk339blz-f27b8b7abf1559190f8095826419f7f3\">\n.avia-image-container.av-mk339blz-f27b8b7abf1559190f8095826419f7f3 img.avia_image{\nbox-shadow:none;\n}\n.avia-image-container.av-mk339blz-f27b8b7abf1559190f8095826419f7f3 .av-image-caption-overlay-center{\ncolor:#ffffff;\n}\n<\/style>\n<div  class='avia-image-container av-mk339blz-f27b8b7abf1559190f8095826419f7f3 av-styling- avia-align-center  avia-builder-el-1  el_before_av_heading  avia-builder-el-first '   itemprop=\"image\" itemscope=\"itemscope\" itemtype=\"https:\/\/schema.org\/ImageObject\" ><div class=\"avia-image-container-inner\"><div class=\"avia-image-overlay-wrap\"><img decoding=\"async\" fetchpriority=\"high\" class='wp-image-13105 avia-img-lazy-loading-not-13105 avia_image ' src=\"https:\/\/grifk-handball.com\/naiset\/wp-content\/uploads\/sites\/3\/2025\/09\/B7A3603-1030x687.jpg\" alt='' title='_B7A3603'  height=\"687\" width=\"1030\"  itemprop=\"thumbnailUrl\" srcset=\"https:\/\/grifk-handball.com\/naiset\/wp-content\/uploads\/sites\/3\/2025\/09\/B7A3603-1030x687.jpg 1030w, https:\/\/grifk-handball.com\/naiset\/wp-content\/uploads\/sites\/3\/2025\/09\/B7A3603-300x200.jpg 300w, https:\/\/grifk-handball.com\/naiset\/wp-content\/uploads\/sites\/3\/2025\/09\/B7A3603-768x512.jpg 768w, https:\/\/grifk-handball.com\/naiset\/wp-content\/uploads\/sites\/3\/2025\/09\/B7A3603-1536x1024.jpg 1536w, https:\/\/grifk-handball.com\/naiset\/wp-content\/uploads\/sites\/3\/2025\/09\/B7A3603-2048x1365.jpg 2048w, https:\/\/grifk-handball.com\/naiset\/wp-content\/uploads\/sites\/3\/2025\/09\/B7A3603-1500x1000.jpg 1500w, https:\/\/grifk-handball.com\/naiset\/wp-content\/uploads\/sites\/3\/2025\/09\/B7A3603-705x470.jpg 705w\" sizes=\"(max-width: 1030px) 100vw, 1030px\" \/><\/div><\/div><\/div><br \/>\n\n<style type=\"text\/css\" data-created_by=\"avia_inline_auto\" id=\"style-css-av-mk339wgt-ecdfda7915852236a6a0843e5208cab0\">\n#top .av-special-heading.av-mk339wgt-ecdfda7915852236a6a0843e5208cab0{\npadding-bottom:10px;\n}\nbody .av-special-heading.av-mk339wgt-ecdfda7915852236a6a0843e5208cab0 .av-special-heading-tag .heading-char{\nfont-size:25px;\n}\n.av-special-heading.av-mk339wgt-ecdfda7915852236a6a0843e5208cab0 .av-subheading{\nfont-size:15px;\n}\n<\/style>\n<div  class='av-special-heading av-mk339wgt-ecdfda7915852236a6a0843e5208cab0 av-special-heading-h3  avia-builder-el-2  el_after_av_image  avia-builder-el-last '><h3 class='av-special-heading-tag '  itemprop=\"headline\"  >Kotiottelu 7.1.2026 * GrIFK vs Cocks<\/h3><div class=\"special-heading-border\"><div class=\"special-heading-inner-border\"><\/div><\/div><\/div><\/p><\/div>\n<section  class='av_textblock_section av-mk3310ly-fae4e1935ab8544582bf73d42da0d59b '   itemscope=\"itemscope\" itemtype=\"https:\/\/schema.org\/BlogPosting\" itemprop=\"blogPost\" ><div class='avia_textblock'  itemprop=\"text\" ><p>We are back! Lyhyen joulutauon j\u00e4lkeen on j\u00e4lleen aika pukea pelipaita p\u00e4\u00e4lle. Keskiviikkona kohtaamme kotikent\u00e4ll\u00e4 Cocksin ja tavoitteenamme on n\u00e4ytt\u00e4\u00e4, ett\u00e4 pystymme nostamaan tasoamme edellisest\u00e4 kohtaamisestamme.<\/p>\n<p>Vuoden vaihduttua olemme joukkueena keskittyneet erityisesti puolustuspelaamiseen ja pallotuntuman palauttamiseen tauon j\u00e4lkeen. Treeneiss\u00e4 olemme p\u00e4\u00e4sseet hiomaan yksil\u00f6tekniikkaamme keskittyen heittoihin ja sy\u00f6tt\u00f6ihin. T\u00e4m\u00e4n lis\u00e4ksi olemme pelanneet ja liikkuneet paljon pallon kanssa.<\/p>\n<p>Edellinen ottelu Cocksia vastaan pelattiin 15.11. Riihim\u00e4ell\u00e4. Se oli meille haastava peli, jossa teimme paljon teknisi\u00e4 virheit\u00e4. Puolustuspelik\u00e4\u00e4n ei aluksi toiminut toivomallamme tavalla, mutta saimme parannettua sit\u00e4 ottelun edetess\u00e4. Toinen puoliaika olikin meilt\u00e4 selv\u00e4sti parempi. Nyt keskiviikkona on eritt\u00e4in t\u00e4rke\u00e4\u00e4, ett\u00e4 olemme mukana peliss\u00e4 heti alusta alkaen ja karsimme turhat virheet. Kun l\u00f6yd\u00e4mme j\u00e4lleen tiiviin ja aggressiivisen tapamme puolustaa, se mahdollistaa meille helpot vastahy\u00f6kk\u00e4ysmaalit.<\/p>\n<p>Toivottavasti mahdollisimman moni on kaivannut k\u00e4sipalloa ja l\u00f6yt\u00e4\u00e4 tiens\u00e4 Grottanille keskiviikkona klo 19.00. N\u00e4hd\u00e4\u00e4n hallilla!<\/p>\n<h4>Kolme nopeaa Gretan kanssa<\/h4>\n<\/div><\/section>\n<div  class='flex_column av-21x7mes-1f010d766da538eb937d97400ce630ca av_one_third  avia-builder-el-4  el_after_av_textblock  el_before_av_one_third  first flex_column_div  column-top-margin'     ><section  class='av_textblock_section av-mk333gsk-f6a5c98bc75e87a15a03d45ec4d2673f '   itemscope=\"itemscope\" itemtype=\"https:\/\/schema.org\/BlogPosting\" itemprop=\"blogPost\" ><div class='avia_textblock'  itemprop=\"text\" ><h6><em>Kuka on joukkueen kilpailuhenkisin?<\/em><\/h6>\n<p>Louise \u2013 h\u00e4n suhtautuu kilpailemiseen \u00e4\u00e4rimm\u00e4isen vakavasti, tulkitsee s\u00e4\u00e4nt\u00f6j\u00e4 luovasti ja kokee jokaisen tuomarin tuomion henkil\u00f6kohtaisena loukkauksena \ud83d\ude0e<\/p>\n<\/div><\/section><\/div>\n<div  class='flex_column av-1p4t4b8-c27edff226924e760adba29f19e6b03c av_one_third  avia-builder-el-6  el_after_av_one_third  el_before_av_one_third  flex_column_div  column-top-margin'     ><section  class='av_textblock_section av-mk333xry-c955f7de278ba9a326ada9ce3934fb56 '   itemscope=\"itemscope\" itemtype=\"https:\/\/schema.org\/BlogPosting\" itemprop=\"blogPost\" ><div class='avia_textblock'  itemprop=\"text\" ><h6><em>Suosikki vieraspelihalli?<\/em><\/h6>\n<p>Pirkkola, koska olen pelannut Dickeniss\u00e4 monta vuotta.<\/p>\n<\/div><\/section><\/div>\n<div  class='flex_column av-1dbewl0-5d405c43954ffe4c89d279430513c6ff av_one_third  avia-builder-el-8  el_after_av_one_third  el_before_av_one_full  flex_column_div  column-top-margin'     ><section  class='av_textblock_section av-mk334lo1-36acc0a4be377787c7e3e47d494e7107 '   itemscope=\"itemscope\" itemtype=\"https:\/\/schema.org\/BlogPosting\" itemprop=\"blogPost\" ><div class='avia_textblock'  itemprop=\"text\" ><h6><em>L\u00e4pimurto vai heitto takaa?<\/em><\/h6>\n<p>L\u00e4pimurto, aina. En ole tunnettu kovasta kaukoheitostani \ud83d\ude2c<\/p>\n<\/div><\/section><\/div>\n<div  class='flex_column av-nm0v10-8862936a18d02f9263dd4aa438cd5a5c av_one_full  avia-builder-el-10  el_after_av_one_third  avia-builder-el-last  first flex_column_div  column-top-margin'     ><section  class='av_textblock_section av-mk3314bz-f029760e053357780d2969428d829043 '   itemscope=\"itemscope\" itemtype=\"https:\/\/schema.org\/BlogPosting\" itemprop=\"blogPost\" ><div class='avia_textblock'  itemprop=\"text\" ><h3>Katso ottelu HandisTV:st\u00e4<\/h3>\n<p>Mik\u00e4li et p\u00e4\u00e4se paikalle Luolaan, voit seurata ottelua <a href=\"https:\/\/handis.tv\/grifknaiset\">Handis-tv<\/a>:st\u00e4\u00a0hintaan\u00a06,90\u20ac\/ottelu tai 9,90\u20ac\/kuukausi. 76\u20ac:lla n\u00e4et kaikki Naisten Aktiassa pelattavat ottelut, hintaan sis\u00e4ltyv\u00e4t my\u00f6s finaalit.\u00a0Osa summasta ohjautuu joukkueellemme \u2013 iso kiitos tuestasi!<\/p>\n<h5><strong>Seuraa meit\u00e4!<\/strong><\/h5>\n<p class=\"\" data-start=\"1232\" data-end=\"1305\"><strong data-start=\"1232\" data-end=\"1245\">Facebook:<\/strong>\u00a0<a href=\"https:\/\/www.facebook.com\/grifkdamer\">Grankulla IFK Handboll Damer<\/a><br data-start=\"1274\" data-end=\"1277\" \/><strong data-start=\"1277\" data-end=\"1291\">Instagram:<\/strong>\u00a0<a href=\"https:\/\/www.instagram.com\/grifkdamer\/\">@grifkdamer<\/a><\/p>\n<p data-start=\"1232\" data-end=\"1305\"><strong data-start=\"1307\" data-end=\"1318\">Teksti:<\/strong>\u00a0Greta Wir\u00e9n<br data-start=\"1336\" data-end=\"1339\" \/><strong data-start=\"1339\" data-end=\"1348\">Kuva:<\/strong>\u00a0aki_kuvaus<\/p>\n<\/div><\/section><\/div>\n","protected":false},"excerpt":{"rendered":"","protected":false},"author":12,"featured_media":13105,"comment_status":"closed","ping_status":"closed","sticky":false,"template":"","format":"standard","meta":{"_acf_changed":false,"jetpack_post_was_ever_published":false,"footnotes":""},"categories":[457,1],"tags":[413,411,409,353,181,26,407,218,37],"class_list":["post-13812","post","type-post","status-publish","format-standard","has-post-thumbnail","hentry","category-ennakot-2025-26","category-uutiset","tag-aktialiga","tag-aktialiiga","tag-damernas-aktialiga","tag-greta-wiren","tag-grifkdamer","tag-grifkhandball","tag-naisten-aktialiiga","tag-otteluennakko","tag-runkosarja"],"acf":[],"yoast_head":"<!-- This site is optimized with the Yoast SEO plugin v27.5 - https:\/\/yoast.com\/product\/yoast-seo-wordpress\/ -->\n<title>Kotiottelu 7.1.2026 * GrIFK vs Cocks &#187; GrIFK K\u00e4sipallo Naiset<\/title>\n<meta name=\"robots\" content=\"index, follow, max-snippet:-1, max-image-preview:large, max-video-preview:-1\" \/>\n<link rel=\"canonical\" href=\"https:\/\/grifk-handball.com\/naiset\/kausi-2025-26\/ennakot-2025-26\/kotiottelu-7-1-2026-19-00-grifk-vs-cocks\/\" \/>\n<meta property=\"og:locale\" content=\"fi_FI\" \/>\n<meta property=\"og:type\" content=\"article\" \/>\n<meta property=\"og:title\" content=\"Kotiottelu 7.1.2026 * GrIFK vs Cocks &#187; GrIFK K\u00e4sipallo Naiset\" \/>\n<meta property=\"og:url\" content=\"https:\/\/grifk-handball.com\/naiset\/kausi-2025-26\/ennakot-2025-26\/kotiottelu-7-1-2026-19-00-grifk-vs-cocks\/\" \/>\n<meta property=\"og:site_name\" content=\"GrIFK K\u00e4sipallo Naiset\" \/>\n<meta property=\"article:publisher\" content=\"https:\/\/www.facebook.com\/532444520237680\" \/>\n<meta property=\"article:published_time\" content=\"2026-01-06T21:06:56+00:00\" \/>\n<meta property=\"article:modified_time\" content=\"2026-01-06T21:20:17+00:00\" \/>\n<meta property=\"og:image\" content=\"https:\/\/grifk-handball.com\/naiset\/wp-content\/uploads\/sites\/3\/2025\/09\/B7A3603-1030x687.jpg\" \/>\n\t<meta property=\"og:image:width\" content=\"1030\" \/>\n\t<meta property=\"og:image:height\" content=\"687\" \/>\n\t<meta property=\"og:image:type\" content=\"image\/jpeg\" \/>\n<meta name=\"author\" content=\"Ellen\" \/>\n<meta name=\"twitter:card\" content=\"summary_large_image\" \/>\n<meta name=\"twitter:label1\" content=\"Kirjoittanut\" \/>\n\t<meta name=\"twitter:data1\" content=\"Ellen\" \/>\n\t<meta name=\"twitter:label2\" content=\"Arvioitu lukuaika\" \/>\n\t<meta name=\"twitter:data2\" content=\"2 minuuttia\" \/>\n<script type=\"application\/ld+json\" class=\"yoast-schema-graph\">{\"@context\":\"https:\\\/\\\/schema.org\",\"@graph\":[{\"@type\":\"Article\",\"@id\":\"https:\\\/\\\/grifk-handball.com\\\/naiset\\\/kausi-2025-26\\\/ennakot-2025-26\\\/kotiottelu-7-1-2026-19-00-grifk-vs-cocks\\\/#article\",\"isPartOf\":{\"@id\":\"https:\\\/\\\/grifk-handball.com\\\/naiset\\\/kausi-2025-26\\\/ennakot-2025-26\\\/kotiottelu-7-1-2026-19-00-grifk-vs-cocks\\\/\"},\"author\":{\"name\":\"Ellen\",\"@id\":\"https:\\\/\\\/grifk-handball.com\\\/naiset\\\/#\\\/schema\\\/person\\\/4ab70210cc3dec0bdbb99cc4d3388a15\"},\"headline\":\"Kotiottelu 7.1.2026 * GrIFK vs Cocks\",\"datePublished\":\"2026-01-06T21:06:56+00:00\",\"dateModified\":\"2026-01-06T21:20:17+00:00\",\"mainEntityOfPage\":{\"@id\":\"https:\\\/\\\/grifk-handball.com\\\/naiset\\\/kausi-2025-26\\\/ennakot-2025-26\\\/kotiottelu-7-1-2026-19-00-grifk-vs-cocks\\\/\"},\"wordCount\":2923,\"image\":{\"@id\":\"https:\\\/\\\/grifk-handball.com\\\/naiset\\\/kausi-2025-26\\\/ennakot-2025-26\\\/kotiottelu-7-1-2026-19-00-grifk-vs-cocks\\\/#primaryimage\"},\"thumbnailUrl\":\"https:\\\/\\\/grifk-handball.com\\\/naiset\\\/wp-content\\\/uploads\\\/sites\\\/3\\\/2025\\\/09\\\/B7A3603-scaled.jpg\",\"keywords\":[\"#Aktialiga\",\"#aktialiiga\",\"#Damernas Aktialiga\",\"#Greta Wir\u00e9n\",\"#GrIFKDamer\",\"#GrIFKHandball\",\"#Naisten Aktialiiga\",\"#otteluennakko\",\"Runkosarja\"],\"articleSection\":[\"Ennakot 2025-26\",\"Uutiset\"],\"inLanguage\":\"fi\"},{\"@type\":\"WebPage\",\"@id\":\"https:\\\/\\\/grifk-handball.com\\\/naiset\\\/kausi-2025-26\\\/ennakot-2025-26\\\/kotiottelu-7-1-2026-19-00-grifk-vs-cocks\\\/\",\"url\":\"https:\\\/\\\/grifk-handball.com\\\/naiset\\\/kausi-2025-26\\\/ennakot-2025-26\\\/kotiottelu-7-1-2026-19-00-grifk-vs-cocks\\\/\",\"name\":\"Kotiottelu 7.1.2026 * GrIFK vs Cocks &#187; GrIFK K\u00e4sipallo Naiset\",\"isPartOf\":{\"@id\":\"https:\\\/\\\/grifk-handball.com\\\/naiset\\\/#website\"},\"primaryImageOfPage\":{\"@id\":\"https:\\\/\\\/grifk-handball.com\\\/naiset\\\/kausi-2025-26\\\/ennakot-2025-26\\\/kotiottelu-7-1-2026-19-00-grifk-vs-cocks\\\/#primaryimage\"},\"image\":{\"@id\":\"https:\\\/\\\/grifk-handball.com\\\/naiset\\\/kausi-2025-26\\\/ennakot-2025-26\\\/kotiottelu-7-1-2026-19-00-grifk-vs-cocks\\\/#primaryimage\"},\"thumbnailUrl\":\"https:\\\/\\\/grifk-handball.com\\\/naiset\\\/wp-content\\\/uploads\\\/sites\\\/3\\\/2025\\\/09\\\/B7A3603-scaled.jpg\",\"datePublished\":\"2026-01-06T21:06:56+00:00\",\"dateModified\":\"2026-01-06T21:20:17+00:00\",\"author\":{\"@id\":\"https:\\\/\\\/grifk-handball.com\\\/naiset\\\/#\\\/schema\\\/person\\\/4ab70210cc3dec0bdbb99cc4d3388a15\"},\"breadcrumb\":{\"@id\":\"https:\\\/\\\/grifk-handball.com\\\/naiset\\\/kausi-2025-26\\\/ennakot-2025-26\\\/kotiottelu-7-1-2026-19-00-grifk-vs-cocks\\\/#breadcrumb\"},\"inLanguage\":\"fi\",\"potentialAction\":[{\"@type\":\"ReadAction\",\"target\":[\"https:\\\/\\\/grifk-handball.com\\\/naiset\\\/kausi-2025-26\\\/ennakot-2025-26\\\/kotiottelu-7-1-2026-19-00-grifk-vs-cocks\\\/\"]}]},{\"@type\":\"ImageObject\",\"inLanguage\":\"fi\",\"@id\":\"https:\\\/\\\/grifk-handball.com\\\/naiset\\\/kausi-2025-26\\\/ennakot-2025-26\\\/kotiottelu-7-1-2026-19-00-grifk-vs-cocks\\\/#primaryimage\",\"url\":\"https:\\\/\\\/grifk-handball.com\\\/naiset\\\/wp-content\\\/uploads\\\/sites\\\/3\\\/2025\\\/09\\\/B7A3603-scaled.jpg\",\"contentUrl\":\"https:\\\/\\\/grifk-handball.com\\\/naiset\\\/wp-content\\\/uploads\\\/sites\\\/3\\\/2025\\\/09\\\/B7A3603-scaled.jpg\",\"width\":2560,\"height\":1707},{\"@type\":\"BreadcrumbList\",\"@id\":\"https:\\\/\\\/grifk-handball.com\\\/naiset\\\/kausi-2025-26\\\/ennakot-2025-26\\\/kotiottelu-7-1-2026-19-00-grifk-vs-cocks\\\/#breadcrumb\",\"itemListElement\":[{\"@type\":\"ListItem\",\"position\":1,\"name\":\"Home\",\"item\":\"https:\\\/\\\/grifk-handball.com\\\/naiset\\\/etusivu-2\\\/\"},{\"@type\":\"ListItem\",\"position\":2,\"name\":\"Kotiottelu 7.1.2026 * GrIFK vs Cocks\"}]},{\"@type\":\"WebSite\",\"@id\":\"https:\\\/\\\/grifk-handball.com\\\/naiset\\\/#website\",\"url\":\"https:\\\/\\\/grifk-handball.com\\\/naiset\\\/\",\"name\":\"GrIFK K\u00e4sipallo Naiset\",\"description\":\"GrIFK K\u00e4sipallo Naiset\",\"potentialAction\":[{\"@type\":\"SearchAction\",\"target\":{\"@type\":\"EntryPoint\",\"urlTemplate\":\"https:\\\/\\\/grifk-handball.com\\\/naiset\\\/?s={search_term_string}\"},\"query-input\":{\"@type\":\"PropertyValueSpecification\",\"valueRequired\":true,\"valueName\":\"search_term_string\"}}],\"inLanguage\":\"fi\"},{\"@type\":\"Person\",\"@id\":\"https:\\\/\\\/grifk-handball.com\\\/naiset\\\/#\\\/schema\\\/person\\\/4ab70210cc3dec0bdbb99cc4d3388a15\",\"name\":\"Ellen\",\"image\":{\"@type\":\"ImageObject\",\"inLanguage\":\"fi\",\"@id\":\"https:\\\/\\\/secure.gravatar.com\\\/avatar\\\/396880c508552a2dd3d57b0f9a5f359464f2c496546a922dfec87788c1fa4504?s=96&d=mm&r=g\",\"url\":\"https:\\\/\\\/secure.gravatar.com\\\/avatar\\\/396880c508552a2dd3d57b0f9a5f359464f2c496546a922dfec87788c1fa4504?s=96&d=mm&r=g\",\"contentUrl\":\"https:\\\/\\\/secure.gravatar.com\\\/avatar\\\/396880c508552a2dd3d57b0f9a5f359464f2c496546a922dfec87788c1fa4504?s=96&d=mm&r=g\",\"caption\":\"Ellen\"},\"url\":\"https:\\\/\\\/grifk-handball.com\\\/naiset\\\/author\\\/elleneskelin\\\/\"}]}<\/script>\n<!-- \/ Yoast SEO plugin. -->","yoast_head_json":{"title":"Kotiottelu 7.1.2026 * GrIFK vs Cocks &#187; GrIFK K\u00e4sipallo Naiset","robots":{"index":"index","follow":"follow","max-snippet":"max-snippet:-1","max-image-preview":"max-image-preview:large","max-video-preview":"max-video-preview:-1"},"canonical":"https:\/\/grifk-handball.com\/naiset\/kausi-2025-26\/ennakot-2025-26\/kotiottelu-7-1-2026-19-00-grifk-vs-cocks\/","og_locale":"fi_FI","og_type":"article","og_title":"Kotiottelu 7.1.2026 * GrIFK vs Cocks &#187; GrIFK K\u00e4sipallo Naiset","og_url":"https:\/\/grifk-handball.com\/naiset\/kausi-2025-26\/ennakot-2025-26\/kotiottelu-7-1-2026-19-00-grifk-vs-cocks\/","og_site_name":"GrIFK K\u00e4sipallo Naiset","article_publisher":"https:\/\/www.facebook.com\/532444520237680","article_published_time":"2026-01-06T21:06:56+00:00","article_modified_time":"2026-01-06T21:20:17+00:00","og_image":[{"width":1030,"height":687,"url":"https:\/\/grifk-handball.com\/naiset\/wp-content\/uploads\/sites\/3\/2025\/09\/B7A3603-1030x687.jpg","type":"image\/jpeg"}],"author":"Ellen","twitter_card":"summary_large_image","twitter_misc":{"Kirjoittanut":"Ellen","Arvioitu lukuaika":"2 minuuttia"},"schema":{"@context":"https:\/\/schema.org","@graph":[{"@type":"Article","@id":"https:\/\/grifk-handball.com\/naiset\/kausi-2025-26\/ennakot-2025-26\/kotiottelu-7-1-2026-19-00-grifk-vs-cocks\/#article","isPartOf":{"@id":"https:\/\/grifk-handball.com\/naiset\/kausi-2025-26\/ennakot-2025-26\/kotiottelu-7-1-2026-19-00-grifk-vs-cocks\/"},"author":{"name":"Ellen","@id":"https:\/\/grifk-handball.com\/naiset\/#\/schema\/person\/4ab70210cc3dec0bdbb99cc4d3388a15"},"headline":"Kotiottelu 7.1.2026 * GrIFK vs Cocks","datePublished":"2026-01-06T21:06:56+00:00","dateModified":"2026-01-06T21:20:17+00:00","mainEntityOfPage":{"@id":"https:\/\/grifk-handball.com\/naiset\/kausi-2025-26\/ennakot-2025-26\/kotiottelu-7-1-2026-19-00-grifk-vs-cocks\/"},"wordCount":2923,"image":{"@id":"https:\/\/grifk-handball.com\/naiset\/kausi-2025-26\/ennakot-2025-26\/kotiottelu-7-1-2026-19-00-grifk-vs-cocks\/#primaryimage"},"thumbnailUrl":"https:\/\/grifk-handball.com\/naiset\/wp-content\/uploads\/sites\/3\/2025\/09\/B7A3603-scaled.jpg","keywords":["#Aktialiga","#aktialiiga","#Damernas Aktialiga","#Greta Wir\u00e9n","#GrIFKDamer","#GrIFKHandball","#Naisten Aktialiiga","#otteluennakko","Runkosarja"],"articleSection":["Ennakot 2025-26","Uutiset"],"inLanguage":"fi"},{"@type":"WebPage","@id":"https:\/\/grifk-handball.com\/naiset\/kausi-2025-26\/ennakot-2025-26\/kotiottelu-7-1-2026-19-00-grifk-vs-cocks\/","url":"https:\/\/grifk-handball.com\/naiset\/kausi-2025-26\/ennakot-2025-26\/kotiottelu-7-1-2026-19-00-grifk-vs-cocks\/","name":"Kotiottelu 7.1.2026 * GrIFK vs Cocks &#187; GrIFK K\u00e4sipallo Naiset","isPartOf":{"@id":"https:\/\/grifk-handball.com\/naiset\/#website"},"primaryImageOfPage":{"@id":"https:\/\/grifk-handball.com\/naiset\/kausi-2025-26\/ennakot-2025-26\/kotiottelu-7-1-2026-19-00-grifk-vs-cocks\/#primaryimage"},"image":{"@id":"https:\/\/grifk-handball.com\/naiset\/kausi-2025-26\/ennakot-2025-26\/kotiottelu-7-1-2026-19-00-grifk-vs-cocks\/#primaryimage"},"thumbnailUrl":"https:\/\/grifk-handball.com\/naiset\/wp-content\/uploads\/sites\/3\/2025\/09\/B7A3603-scaled.jpg","datePublished":"2026-01-06T21:06:56+00:00","dateModified":"2026-01-06T21:20:17+00:00","author":{"@id":"https:\/\/grifk-handball.com\/naiset\/#\/schema\/person\/4ab70210cc3dec0bdbb99cc4d3388a15"},"breadcrumb":{"@id":"https:\/\/grifk-handball.com\/naiset\/kausi-2025-26\/ennakot-2025-26\/kotiottelu-7-1-2026-19-00-grifk-vs-cocks\/#breadcrumb"},"inLanguage":"fi","potentialAction":[{"@type":"ReadAction","target":["https:\/\/grifk-handball.com\/naiset\/kausi-2025-26\/ennakot-2025-26\/kotiottelu-7-1-2026-19-00-grifk-vs-cocks\/"]}]},{"@type":"ImageObject","inLanguage":"fi","@id":"https:\/\/grifk-handball.com\/naiset\/kausi-2025-26\/ennakot-2025-26\/kotiottelu-7-1-2026-19-00-grifk-vs-cocks\/#primaryimage","url":"https:\/\/grifk-handball.com\/naiset\/wp-content\/uploads\/sites\/3\/2025\/09\/B7A3603-scaled.jpg","contentUrl":"https:\/\/grifk-handball.com\/naiset\/wp-content\/uploads\/sites\/3\/2025\/09\/B7A3603-scaled.jpg","width":2560,"height":1707},{"@type":"BreadcrumbList","@id":"https:\/\/grifk-handball.com\/naiset\/kausi-2025-26\/ennakot-2025-26\/kotiottelu-7-1-2026-19-00-grifk-vs-cocks\/#breadcrumb","itemListElement":[{"@type":"ListItem","position":1,"name":"Home","item":"https:\/\/grifk-handball.com\/naiset\/etusivu-2\/"},{"@type":"ListItem","position":2,"name":"Kotiottelu 7.1.2026 * GrIFK vs Cocks"}]},{"@type":"WebSite","@id":"https:\/\/grifk-handball.com\/naiset\/#website","url":"https:\/\/grifk-handball.com\/naiset\/","name":"GrIFK K\u00e4sipallo Naiset","description":"GrIFK K\u00e4sipallo Naiset","potentialAction":[{"@type":"SearchAction","target":{"@type":"EntryPoint","urlTemplate":"https:\/\/grifk-handball.com\/naiset\/?s={search_term_string}"},"query-input":{"@type":"PropertyValueSpecification","valueRequired":true,"valueName":"search_term_string"}}],"inLanguage":"fi"},{"@type":"Person","@id":"https:\/\/grifk-handball.com\/naiset\/#\/schema\/person\/4ab70210cc3dec0bdbb99cc4d3388a15","name":"Ellen","image":{"@type":"ImageObject","inLanguage":"fi","@id":"https:\/\/secure.gravatar.com\/avatar\/396880c508552a2dd3d57b0f9a5f359464f2c496546a922dfec87788c1fa4504?s=96&d=mm&r=g","url":"https:\/\/secure.gravatar.com\/avatar\/396880c508552a2dd3d57b0f9a5f359464f2c496546a922dfec87788c1fa4504?s=96&d=mm&r=g","contentUrl":"https:\/\/secure.gravatar.com\/avatar\/396880c508552a2dd3d57b0f9a5f359464f2c496546a922dfec87788c1fa4504?s=96&d=mm&r=g","caption":"Ellen"},"url":"https:\/\/grifk-handball.com\/naiset\/author\/elleneskelin\/"}]}},"jetpack_featured_media_url":"https:\/\/grifk-handball.com\/naiset\/wp-content\/uploads\/sites\/3\/2025\/09\/B7A3603-scaled.jpg","jetpack_sharing_enabled":true,"_links":{"self":[{"href":"https:\/\/grifk-handball.com\/naiset\/wp-json\/wp\/v2\/posts\/13812","targetHints":{"allow":["GET"]}}],"collection":[{"href":"https:\/\/grifk-handball.com\/naiset\/wp-json\/wp\/v2\/posts"}],"about":[{"href":"https:\/\/grifk-handball.com\/naiset\/wp-json\/wp\/v2\/types\/post"}],"author":[{"embeddable":true,"href":"https:\/\/grifk-handball.com\/naiset\/wp-json\/wp\/v2\/users\/12"}],"replies":[{"embeddable":true,"href":"https:\/\/grifk-handball.com\/naiset\/wp-json\/wp\/v2\/comments?post=13812"}],"version-history":[{"count":8,"href":"https:\/\/grifk-handball.com\/naiset\/wp-json\/wp\/v2\/posts\/13812\/revisions"}],"predecessor-version":[{"id":13822,"href":"https:\/\/grifk-handball.com\/naiset\/wp-json\/wp\/v2\/posts\/13812\/revisions\/13822"}],"wp:featuredmedia":[{"embeddable":true,"href":"https:\/\/grifk-handball.com\/naiset\/wp-json\/wp\/v2\/media\/13105"}],"wp:attachment":[{"href":"https:\/\/grifk-handball.com\/naiset\/wp-json\/wp\/v2\/media?parent=13812"}],"wp:term":[{"taxonomy":"category","embeddable":true,"href":"https:\/\/grifk-handball.com\/naiset\/wp-json\/wp\/v2\/categories?post=13812"},{"taxonomy":"post_tag","embeddable":true,"href":"https:\/\/grifk-handball.com\/naiset\/wp-json\/wp\/v2\/tags?post=13812"}],"curies":[{"name":"wp","href":"https:\/\/api.w.org\/{rel}","templated":true}]}}