{"id":13892,"date":"2026-01-19T20:27:50","date_gmt":"2026-01-19T18:27:50","guid":{"rendered":"https:\/\/grifk-handball.com\/naiset\/?p=13892"},"modified":"2026-01-19T20:27:50","modified_gmt":"2026-01-19T18:27:50","slug":"17-1-dicken-vs-grifk-25-42-10-18","status":"publish","type":"post","link":"https:\/\/grifk-handball.com\/naiset\/kausi-2025-26\/ottelut-2025-26\/17-1-dicken-vs-grifk-25-42-10-18\/","title":{"rendered":"17.1. Dicken vs GrIFK 25\u201342 (10\u201318)"},"content":{"rendered":"<p>GrIFK jatkoi vahvoja esityksi\u00e4\u00e4n Aktialiigassa ja otti ottelusta Dickeni\u00e4 vastaan varmat pisteet tasapainoisen ja energisen peliesityksen ansiosta. Joukkueen ilme oli alusta asti aggressiivinen, ja korkea tempo n\u00e4kyi erityisesti puolustus\u2013hy\u00f6kk\u00e4ys-siirtymiss\u00e4. Vaikka vastustaja kamppaili sitke\u00e4sti loppuun asti, Granin kokonaisvaltaisempi suoritus k\u00e4\u00e4nsi ottelun selv\u00e4sti kotijoukkueen eduksi.<\/p>\n<h4>Valmentajien kommentit<\/h4>\n<div class=\"text-base my-auto mx-auto pb-10 [--thread-content-margin:--spacing(4)] @w-sm\/main:[--thread-content-margin:--spacing(6)] @w-lg\/main:[--thread-content-margin:--spacing(16)] px-(--thread-content-margin)\">\n<div class=\"[--thread-content-max-width:40rem] @w-lg\/main:[--thread-content-max-width:48rem] mx-auto max-w-(--thread-content-max-width) flex-1 group\/turn-messages focus-visible:outline-hidden relative flex w-full min-w-0 flex-col agent-turn\">\n<div class=\"flex max-w-full flex-col grow\">\n<div class=\"min-h-8 text-message relative flex w-full flex-col items-end gap-2 text-start break-words whitespace-normal [.text-message+&amp;]:mt-1\" dir=\"auto\" data-message-author-role=\"assistant\" data-message-id=\"7ec469a9-aba1-4e0c-bb89-03bed9097be6\" data-message-model-slug=\"gpt-5-2\">\n<div class=\"flex w-full flex-col gap-1 empty:hidden first:pt-[1px]\">\n<div class=\"markdown prose dark:prose-invert w-full break-words light markdown-new-styling\">\n<p data-start=\"0\" data-end=\"131\" data-is-last-node=\"\" data-is-only-node=\"\">GrIFK:n p\u00e4\u00e4valmentaja <strong>Patrik Johanson<\/strong>, joka oli tuttuun tapaan tyytyv\u00e4inen kahteen pisteeseen summaa ottelua n\u00e4in:<\/p>\n<\/div>\n<\/div>\n<\/div>\n<\/div>\n<\/div>\n<\/div>\n<p data-start=\"439\" data-end=\"531\"><em>&#8221;Puolustuspeli on todella hyv\u00e4\u00e4, hyv\u00e4 aggressiivisuus, hyv\u00e4 nopeus ja hy\u00f6kk\u00e4yspeliss\u00e4 p\u00e4\u00e4semme moniin hyviin maalintekopaikkoihin ja juoksemme 60 minuuttia. Otamme mukaan t\u00e4m\u00e4n pelin ensi viikon Final Fouriin.&#8221;<\/em><\/p>\n<p data-start=\"814\" data-end=\"908\">Dickenin valmentaja <strong>Jan Sundstr\u00f6m <\/strong>oli tyytyv\u00e4inen joukkueensa ty\u00f6moraaliin vaikka my\u00f6nt\u00e4\u00e4 Granin olleen vahvemp joukkue:<\/p>\n<p data-start=\"814\" data-end=\"908\"><em>&#8221;Tyt\u00f6t pitiv\u00e4t hienosti lipun korkealla ja tsemppasivat loppuun asti. Nelj\u00e4s peli kymmeneen p\u00e4iv\u00e4\u00e4n oli n\u00e4ht\u00e4v\u00e4sti meille liikaa, samaan aikaan Grani oli huomattavasti parempi joukkue t\u00e4n\u00e4\u00e4n, ei ep\u00e4selvyyksi\u00e4 sen suhteen.&#8221;<\/em><\/p>\n<h4>Ottelun parhaan pelaajan kommentti<\/h4>\n<p>Ottelun parhaana pelaajana palkittiin ensimm\u00e4ist\u00e4 kertaa t\u00e4ll\u00e4 kaudella Granin <strong>Isabel Larsson<\/strong>, joka kommentoi ottelua voiton j\u00e4lkeen:<\/p>\n<p><em><span class=\"ottelumediakuvaus\">&#8221;Mielest\u00e4ni pelasimme ihan hyv\u00e4n matsin t\u00e4n\u00e4\u00e4n. Meill\u00e4 oli hyv\u00e4 vauhti, juoksimme paljon, pelasimme hyvin yhdess\u00e4 ja onnistuimme kontraamaan paljon ja suoriuduimme hyvin. Toinen puoliaika oli hieman l\u00f6ysempi, mutta onnistuimme saamaan kaksi pistett\u00e4.&#8221;<\/span><\/em><\/p>\n<article class=\"text-token-text-primary w-full focus:outline-none [--shadow-height:45px] has-data-writing-block:pointer-events-none has-data-writing-block:-mt-(--shadow-height) has-data-writing-block:pt-(--shadow-height) [&amp;:has([data-writing-block])&gt;*]:pointer-events-auto [content-visibility:auto] supports-[content-visibility:auto]:[contain-intrinsic-size:auto_100lvh] scroll-mt-[calc(var(--header-height)+min(200px,max(70px,20svh)))]\" dir=\"auto\" data-turn-id=\"request-WEB:9900a99b-d0c5-497f-a733-1da476eba301-5\" data-testid=\"conversation-turn-12\" data-scroll-anchor=\"true\" data-turn=\"assistant\">\n<div class=\"text-base my-auto mx-auto pb-10 [--thread-content-margin:--spacing(4)] thread-sm:[--thread-content-margin:--spacing(6)] thread-lg:[--thread-content-margin:--spacing(16)] px-(--thread-content-margin)\">\n<div class=\"[--thread-content-max-width:40rem] thread-lg:[--thread-content-max-width:48rem] mx-auto max-w-(--thread-content-max-width) flex-1 group\/turn-messages focus-visible:outline-hidden relative flex w-full min-w-0 flex-col agent-turn\">\n<div class=\"flex max-w-full flex-col grow\">\n<div class=\"min-h-8 text-message relative flex w-full flex-col items-end gap-2 text-start break-words whitespace-normal [.text-message+&amp;]:mt-5\" dir=\"auto\" data-message-author-role=\"assistant\" data-message-id=\"177aa094-2c2f-428e-8de6-716f742f2d17\" data-message-model-slug=\"gpt-5\">\n<div class=\"flex w-full flex-col gap-1 empty:hidden first:pt-[1px]\">\n<div class=\"markdown prose dark:prose-invert w-full break-words light markdown-new-styling\">\n<article class=\"text-token-text-primary w-full focus:outline-none [--shadow-height:45px] has-data-writing-block:pointer-events-none has-data-writing-block:-mt-(--shadow-height) has-data-writing-block:pt-(--shadow-height) [&amp;:has([data-writing-block])&gt;*]:pointer-events-auto [content-visibility:auto] supports-[content-visibility:auto]:[contain-intrinsic-size:auto_100lvh] scroll-mt-[calc(var(--header-height)+min(200px,max(70px,20svh)))]\" dir=\"auto\" data-turn-id=\"fa570d2a-39d9-4ea5-b6f0-1adc9c155029\" data-testid=\"conversation-turn-2\" data-scroll-anchor=\"false\" data-turn=\"assistant\">\n<div class=\"text-base my-auto mx-auto [--thread-content-margin:--spacing(4)] thread-sm:[--thread-content-margin:--spacing(6)] thread-lg:[--thread-content-margin:--spacing(16)] px-(--thread-content-margin)\">\n<div class=\"[--thread-content-max-width:40rem] thread-lg:[--thread-content-max-width:48rem] mx-auto max-w-(--thread-content-max-width) flex-1 group\/turn-messages focus-visible:outline-hidden relative flex w-full min-w-0 flex-col agent-turn\">\n<div class=\"flex max-w-full flex-col grow\">\n<div class=\"min-h-8 text-message relative flex w-full flex-col items-end gap-2 text-start break-words whitespace-normal [.text-message+&amp;]:mt-1\" dir=\"auto\" data-message-author-role=\"assistant\" data-message-id=\"4f33b875-539c-46df-bc12-60b09276fc4e\" data-message-model-slug=\"gpt-5-1\">\n<div class=\"flex w-full flex-col gap-1 empty:hidden first:pt-[1px]\">\n<div class=\"markdown prose dark:prose-invert w-full break-words light markdown-new-styling\">\n<p data-start=\"1315\" data-end=\"1514\" data-is-last-node=\"\" data-is-only-node=\"\">Aktialiiga j\u00e4\u00e4 ottelun my\u00f6t\u00e4 lyhyelle tauolle, sill\u00e4 t\u00e4ll\u00e4 viikolla katseet k\u00e4\u00e4ntyv\u00e4t Suomen Cupin Final4-turnaukseen, joka pelataan Luolassa. Turnauksen avaa GrIFK:n ja GrIFK Young Ladiesin v\u00e4linen semifinaali perjantaina klo 18.15, ja ilta k\u00e4ynnistyy jo klo 18.00 alkavalla avausshow\u2019lla. Toisessa semifinaalissa kohtaavat BK-46 ja HIFK klo 20.30 \u2013 n\u00e4hd\u00e4\u00e4n hallilla!<\/p>\n<\/div>\n<\/div>\n<\/div>\n<\/div>\n<\/div>\n<\/div>\n<\/article>\n<\/div>\n<\/div>\n<\/div>\n<\/div>\n<\/div>\n<\/div>\n<\/article>\n","protected":false},"excerpt":{"rendered":"<p>GrIFK jatkoi vahvoja esityksi\u00e4\u00e4n Aktialiigassa ja otti ottelusta Dickeni\u00e4 vastaan varmat pisteet tasapainoisen ja energisen peliesityksen ansiosta. Joukkueen ilme oli alusta asti aggressiivinen, ja korkea tempo n\u00e4kyi erityisesti puolustus\u2013hy\u00f6kk\u00e4ys-siirtymiss\u00e4. Vaikka vastustaja kamppaili sitke\u00e4sti loppuun asti, Granin kokonaisvaltaisempi suoritus k\u00e4\u00e4nsi ottelun selv\u00e4sti kotijoukkueen eduksi. Valmentajien kommentit GrIFK:n p\u00e4\u00e4valmentaja Patrik Johanson, joka oli tuttuun tapaan tyytyv\u00e4inen kahteen [&hellip;]<\/p>\n","protected":false},"author":12,"featured_media":13893,"comment_status":"closed","ping_status":"closed","sticky":false,"template":"","format":"standard","meta":{"_acf_changed":false,"jetpack_post_was_ever_published":false,"footnotes":""},"categories":[453,455,1],"tags":[413,411,409,181,26,407],"class_list":["post-13892","post","type-post","status-publish","format-standard","has-post-thumbnail","hentry","category-kausi-2025-26","category-ottelut-2025-26","category-uutiset","tag-aktialiga","tag-aktialiiga","tag-damernas-aktialiga","tag-grifkdamer","tag-grifkhandball","tag-naisten-aktialiiga"],"acf":[],"yoast_head":"<!-- This site is optimized with the Yoast SEO plugin v27.5 - https:\/\/yoast.com\/product\/yoast-seo-wordpress\/ -->\n<title>17.1. Dicken vs GrIFK 25\u201342 (10\u201318) &#187; GrIFK K\u00e4sipallo Naiset<\/title>\n<meta name=\"robots\" content=\"index, follow, max-snippet:-1, max-image-preview:large, max-video-preview:-1\" \/>\n<link rel=\"canonical\" href=\"https:\/\/grifk-handball.com\/naiset\/kausi-2025-26\/ottelut-2025-26\/17-1-dicken-vs-grifk-25-42-10-18\/\" \/>\n<meta property=\"og:locale\" content=\"fi_FI\" \/>\n<meta property=\"og:type\" content=\"article\" \/>\n<meta property=\"og:title\" content=\"17.1. Dicken vs GrIFK 25\u201342 (10\u201318) &#187; GrIFK K\u00e4sipallo Naiset\" \/>\n<meta property=\"og:description\" content=\"GrIFK jatkoi vahvoja esityksi\u00e4\u00e4n Aktialiigassa ja otti ottelusta Dickeni\u00e4 vastaan varmat pisteet tasapainoisen ja energisen peliesityksen ansiosta. Joukkueen ilme oli alusta asti aggressiivinen, ja korkea tempo n\u00e4kyi erityisesti puolustus\u2013hy\u00f6kk\u00e4ys-siirtymiss\u00e4. Vaikka vastustaja kamppaili sitke\u00e4sti loppuun asti, Granin kokonaisvaltaisempi suoritus k\u00e4\u00e4nsi ottelun selv\u00e4sti kotijoukkueen eduksi. Valmentajien kommentit GrIFK:n p\u00e4\u00e4valmentaja Patrik Johanson, joka oli tuttuun tapaan tyytyv\u00e4inen kahteen [&hellip;]\" \/>\n<meta property=\"og:url\" content=\"https:\/\/grifk-handball.com\/naiset\/kausi-2025-26\/ottelut-2025-26\/17-1-dicken-vs-grifk-25-42-10-18\/\" \/>\n<meta property=\"og:site_name\" content=\"GrIFK K\u00e4sipallo Naiset\" \/>\n<meta property=\"article:publisher\" content=\"https:\/\/www.facebook.com\/532444520237680\" \/>\n<meta property=\"article:published_time\" content=\"2026-01-19T18:27:50+00:00\" \/>\n<meta property=\"og:image\" content=\"https:\/\/grifk-handball.com\/naiset\/wp-content\/uploads\/sites\/3\/2026\/01\/2I1A1902-1030x687.jpg\" \/>\n\t<meta property=\"og:image:width\" content=\"1030\" \/>\n\t<meta property=\"og:image:height\" content=\"687\" \/>\n\t<meta property=\"og:image:type\" content=\"image\/jpeg\" \/>\n<meta name=\"author\" content=\"Ellen\" \/>\n<meta name=\"twitter:card\" content=\"summary_large_image\" \/>\n<meta name=\"twitter:label1\" content=\"Kirjoittanut\" \/>\n\t<meta name=\"twitter:data1\" content=\"Ellen\" \/>\n\t<meta name=\"twitter:label2\" content=\"Arvioitu lukuaika\" \/>\n\t<meta name=\"twitter:data2\" content=\"2 minuuttia\" \/>\n<script type=\"application\/ld+json\" class=\"yoast-schema-graph\">{\"@context\":\"https:\\\/\\\/schema.org\",\"@graph\":[{\"@type\":\"Article\",\"@id\":\"https:\\\/\\\/grifk-handball.com\\\/naiset\\\/kausi-2025-26\\\/ottelut-2025-26\\\/17-1-dicken-vs-grifk-25-42-10-18\\\/#article\",\"isPartOf\":{\"@id\":\"https:\\\/\\\/grifk-handball.com\\\/naiset\\\/kausi-2025-26\\\/ottelut-2025-26\\\/17-1-dicken-vs-grifk-25-42-10-18\\\/\"},\"author\":{\"name\":\"Ellen\",\"@id\":\"https:\\\/\\\/grifk-handball.com\\\/naiset\\\/#\\\/schema\\\/person\\\/4ab70210cc3dec0bdbb99cc4d3388a15\"},\"headline\":\"17.1. Dicken vs GrIFK 25\u201342 (10\u201318)\",\"datePublished\":\"2026-01-19T18:27:50+00:00\",\"mainEntityOfPage\":{\"@id\":\"https:\\\/\\\/grifk-handball.com\\\/naiset\\\/kausi-2025-26\\\/ottelut-2025-26\\\/17-1-dicken-vs-grifk-25-42-10-18\\\/\"},\"wordCount\":277,\"image\":{\"@id\":\"https:\\\/\\\/grifk-handball.com\\\/naiset\\\/kausi-2025-26\\\/ottelut-2025-26\\\/17-1-dicken-vs-grifk-25-42-10-18\\\/#primaryimage\"},\"thumbnailUrl\":\"https:\\\/\\\/grifk-handball.com\\\/naiset\\\/wp-content\\\/uploads\\\/sites\\\/3\\\/2026\\\/01\\\/2I1A1902-scaled.jpg\",\"keywords\":[\"#Aktialiga\",\"#aktialiiga\",\"#Damernas Aktialiga\",\"#GrIFKDamer\",\"#GrIFKHandball\",\"#Naisten Aktialiiga\"],\"articleSection\":[\"Kausi 2025-26\",\"Ottelut 2025-26\",\"Uutiset\"],\"inLanguage\":\"fi\"},{\"@type\":\"WebPage\",\"@id\":\"https:\\\/\\\/grifk-handball.com\\\/naiset\\\/kausi-2025-26\\\/ottelut-2025-26\\\/17-1-dicken-vs-grifk-25-42-10-18\\\/\",\"url\":\"https:\\\/\\\/grifk-handball.com\\\/naiset\\\/kausi-2025-26\\\/ottelut-2025-26\\\/17-1-dicken-vs-grifk-25-42-10-18\\\/\",\"name\":\"17.1. Dicken vs GrIFK 25\u201342 (10\u201318) &#187; GrIFK K\u00e4sipallo Naiset\",\"isPartOf\":{\"@id\":\"https:\\\/\\\/grifk-handball.com\\\/naiset\\\/#website\"},\"primaryImageOfPage\":{\"@id\":\"https:\\\/\\\/grifk-handball.com\\\/naiset\\\/kausi-2025-26\\\/ottelut-2025-26\\\/17-1-dicken-vs-grifk-25-42-10-18\\\/#primaryimage\"},\"image\":{\"@id\":\"https:\\\/\\\/grifk-handball.com\\\/naiset\\\/kausi-2025-26\\\/ottelut-2025-26\\\/17-1-dicken-vs-grifk-25-42-10-18\\\/#primaryimage\"},\"thumbnailUrl\":\"https:\\\/\\\/grifk-handball.com\\\/naiset\\\/wp-content\\\/uploads\\\/sites\\\/3\\\/2026\\\/01\\\/2I1A1902-scaled.jpg\",\"datePublished\":\"2026-01-19T18:27:50+00:00\",\"author\":{\"@id\":\"https:\\\/\\\/grifk-handball.com\\\/naiset\\\/#\\\/schema\\\/person\\\/4ab70210cc3dec0bdbb99cc4d3388a15\"},\"breadcrumb\":{\"@id\":\"https:\\\/\\\/grifk-handball.com\\\/naiset\\\/kausi-2025-26\\\/ottelut-2025-26\\\/17-1-dicken-vs-grifk-25-42-10-18\\\/#breadcrumb\"},\"inLanguage\":\"fi\",\"potentialAction\":[{\"@type\":\"ReadAction\",\"target\":[\"https:\\\/\\\/grifk-handball.com\\\/naiset\\\/kausi-2025-26\\\/ottelut-2025-26\\\/17-1-dicken-vs-grifk-25-42-10-18\\\/\"]}]},{\"@type\":\"ImageObject\",\"inLanguage\":\"fi\",\"@id\":\"https:\\\/\\\/grifk-handball.com\\\/naiset\\\/kausi-2025-26\\\/ottelut-2025-26\\\/17-1-dicken-vs-grifk-25-42-10-18\\\/#primaryimage\",\"url\":\"https:\\\/\\\/grifk-handball.com\\\/naiset\\\/wp-content\\\/uploads\\\/sites\\\/3\\\/2026\\\/01\\\/2I1A1902-scaled.jpg\",\"contentUrl\":\"https:\\\/\\\/grifk-handball.com\\\/naiset\\\/wp-content\\\/uploads\\\/sites\\\/3\\\/2026\\\/01\\\/2I1A1902-scaled.jpg\",\"width\":2560,\"height\":1707},{\"@type\":\"BreadcrumbList\",\"@id\":\"https:\\\/\\\/grifk-handball.com\\\/naiset\\\/kausi-2025-26\\\/ottelut-2025-26\\\/17-1-dicken-vs-grifk-25-42-10-18\\\/#breadcrumb\",\"itemListElement\":[{\"@type\":\"ListItem\",\"position\":1,\"name\":\"Home\",\"item\":\"https:\\\/\\\/grifk-handball.com\\\/naiset\\\/etusivu-2\\\/\"},{\"@type\":\"ListItem\",\"position\":2,\"name\":\"17.1. Dicken vs GrIFK 25\u201342 (10\u201318)\"}]},{\"@type\":\"WebSite\",\"@id\":\"https:\\\/\\\/grifk-handball.com\\\/naiset\\\/#website\",\"url\":\"https:\\\/\\\/grifk-handball.com\\\/naiset\\\/\",\"name\":\"GrIFK K\u00e4sipallo Naiset\",\"description\":\"GrIFK K\u00e4sipallo Naiset\",\"potentialAction\":[{\"@type\":\"SearchAction\",\"target\":{\"@type\":\"EntryPoint\",\"urlTemplate\":\"https:\\\/\\\/grifk-handball.com\\\/naiset\\\/?s={search_term_string}\"},\"query-input\":{\"@type\":\"PropertyValueSpecification\",\"valueRequired\":true,\"valueName\":\"search_term_string\"}}],\"inLanguage\":\"fi\"},{\"@type\":\"Person\",\"@id\":\"https:\\\/\\\/grifk-handball.com\\\/naiset\\\/#\\\/schema\\\/person\\\/4ab70210cc3dec0bdbb99cc4d3388a15\",\"name\":\"Ellen\",\"image\":{\"@type\":\"ImageObject\",\"inLanguage\":\"fi\",\"@id\":\"https:\\\/\\\/secure.gravatar.com\\\/avatar\\\/396880c508552a2dd3d57b0f9a5f359464f2c496546a922dfec87788c1fa4504?s=96&d=mm&r=g\",\"url\":\"https:\\\/\\\/secure.gravatar.com\\\/avatar\\\/396880c508552a2dd3d57b0f9a5f359464f2c496546a922dfec87788c1fa4504?s=96&d=mm&r=g\",\"contentUrl\":\"https:\\\/\\\/secure.gravatar.com\\\/avatar\\\/396880c508552a2dd3d57b0f9a5f359464f2c496546a922dfec87788c1fa4504?s=96&d=mm&r=g\",\"caption\":\"Ellen\"},\"url\":\"https:\\\/\\\/grifk-handball.com\\\/naiset\\\/author\\\/elleneskelin\\\/\"}]}<\/script>\n<!-- \/ Yoast SEO plugin. -->","yoast_head_json":{"title":"17.1. Dicken vs GrIFK 25\u201342 (10\u201318) &#187; GrIFK K\u00e4sipallo Naiset","robots":{"index":"index","follow":"follow","max-snippet":"max-snippet:-1","max-image-preview":"max-image-preview:large","max-video-preview":"max-video-preview:-1"},"canonical":"https:\/\/grifk-handball.com\/naiset\/kausi-2025-26\/ottelut-2025-26\/17-1-dicken-vs-grifk-25-42-10-18\/","og_locale":"fi_FI","og_type":"article","og_title":"17.1. Dicken vs GrIFK 25\u201342 (10\u201318) &#187; GrIFK K\u00e4sipallo Naiset","og_description":"GrIFK jatkoi vahvoja esityksi\u00e4\u00e4n Aktialiigassa ja otti ottelusta Dickeni\u00e4 vastaan varmat pisteet tasapainoisen ja energisen peliesityksen ansiosta. Joukkueen ilme oli alusta asti aggressiivinen, ja korkea tempo n\u00e4kyi erityisesti puolustus\u2013hy\u00f6kk\u00e4ys-siirtymiss\u00e4. Vaikka vastustaja kamppaili sitke\u00e4sti loppuun asti, Granin kokonaisvaltaisempi suoritus k\u00e4\u00e4nsi ottelun selv\u00e4sti kotijoukkueen eduksi. Valmentajien kommentit GrIFK:n p\u00e4\u00e4valmentaja Patrik Johanson, joka oli tuttuun tapaan tyytyv\u00e4inen kahteen [&hellip;]","og_url":"https:\/\/grifk-handball.com\/naiset\/kausi-2025-26\/ottelut-2025-26\/17-1-dicken-vs-grifk-25-42-10-18\/","og_site_name":"GrIFK K\u00e4sipallo Naiset","article_publisher":"https:\/\/www.facebook.com\/532444520237680","article_published_time":"2026-01-19T18:27:50+00:00","og_image":[{"width":1030,"height":687,"url":"https:\/\/grifk-handball.com\/naiset\/wp-content\/uploads\/sites\/3\/2026\/01\/2I1A1902-1030x687.jpg","type":"image\/jpeg"}],"author":"Ellen","twitter_card":"summary_large_image","twitter_misc":{"Kirjoittanut":"Ellen","Arvioitu lukuaika":"2 minuuttia"},"schema":{"@context":"https:\/\/schema.org","@graph":[{"@type":"Article","@id":"https:\/\/grifk-handball.com\/naiset\/kausi-2025-26\/ottelut-2025-26\/17-1-dicken-vs-grifk-25-42-10-18\/#article","isPartOf":{"@id":"https:\/\/grifk-handball.com\/naiset\/kausi-2025-26\/ottelut-2025-26\/17-1-dicken-vs-grifk-25-42-10-18\/"},"author":{"name":"Ellen","@id":"https:\/\/grifk-handball.com\/naiset\/#\/schema\/person\/4ab70210cc3dec0bdbb99cc4d3388a15"},"headline":"17.1. Dicken vs GrIFK 25\u201342 (10\u201318)","datePublished":"2026-01-19T18:27:50+00:00","mainEntityOfPage":{"@id":"https:\/\/grifk-handball.com\/naiset\/kausi-2025-26\/ottelut-2025-26\/17-1-dicken-vs-grifk-25-42-10-18\/"},"wordCount":277,"image":{"@id":"https:\/\/grifk-handball.com\/naiset\/kausi-2025-26\/ottelut-2025-26\/17-1-dicken-vs-grifk-25-42-10-18\/#primaryimage"},"thumbnailUrl":"https:\/\/grifk-handball.com\/naiset\/wp-content\/uploads\/sites\/3\/2026\/01\/2I1A1902-scaled.jpg","keywords":["#Aktialiga","#aktialiiga","#Damernas Aktialiga","#GrIFKDamer","#GrIFKHandball","#Naisten Aktialiiga"],"articleSection":["Kausi 2025-26","Ottelut 2025-26","Uutiset"],"inLanguage":"fi"},{"@type":"WebPage","@id":"https:\/\/grifk-handball.com\/naiset\/kausi-2025-26\/ottelut-2025-26\/17-1-dicken-vs-grifk-25-42-10-18\/","url":"https:\/\/grifk-handball.com\/naiset\/kausi-2025-26\/ottelut-2025-26\/17-1-dicken-vs-grifk-25-42-10-18\/","name":"17.1. Dicken vs GrIFK 25\u201342 (10\u201318) &#187; GrIFK K\u00e4sipallo Naiset","isPartOf":{"@id":"https:\/\/grifk-handball.com\/naiset\/#website"},"primaryImageOfPage":{"@id":"https:\/\/grifk-handball.com\/naiset\/kausi-2025-26\/ottelut-2025-26\/17-1-dicken-vs-grifk-25-42-10-18\/#primaryimage"},"image":{"@id":"https:\/\/grifk-handball.com\/naiset\/kausi-2025-26\/ottelut-2025-26\/17-1-dicken-vs-grifk-25-42-10-18\/#primaryimage"},"thumbnailUrl":"https:\/\/grifk-handball.com\/naiset\/wp-content\/uploads\/sites\/3\/2026\/01\/2I1A1902-scaled.jpg","datePublished":"2026-01-19T18:27:50+00:00","author":{"@id":"https:\/\/grifk-handball.com\/naiset\/#\/schema\/person\/4ab70210cc3dec0bdbb99cc4d3388a15"},"breadcrumb":{"@id":"https:\/\/grifk-handball.com\/naiset\/kausi-2025-26\/ottelut-2025-26\/17-1-dicken-vs-grifk-25-42-10-18\/#breadcrumb"},"inLanguage":"fi","potentialAction":[{"@type":"ReadAction","target":["https:\/\/grifk-handball.com\/naiset\/kausi-2025-26\/ottelut-2025-26\/17-1-dicken-vs-grifk-25-42-10-18\/"]}]},{"@type":"ImageObject","inLanguage":"fi","@id":"https:\/\/grifk-handball.com\/naiset\/kausi-2025-26\/ottelut-2025-26\/17-1-dicken-vs-grifk-25-42-10-18\/#primaryimage","url":"https:\/\/grifk-handball.com\/naiset\/wp-content\/uploads\/sites\/3\/2026\/01\/2I1A1902-scaled.jpg","contentUrl":"https:\/\/grifk-handball.com\/naiset\/wp-content\/uploads\/sites\/3\/2026\/01\/2I1A1902-scaled.jpg","width":2560,"height":1707},{"@type":"BreadcrumbList","@id":"https:\/\/grifk-handball.com\/naiset\/kausi-2025-26\/ottelut-2025-26\/17-1-dicken-vs-grifk-25-42-10-18\/#breadcrumb","itemListElement":[{"@type":"ListItem","position":1,"name":"Home","item":"https:\/\/grifk-handball.com\/naiset\/etusivu-2\/"},{"@type":"ListItem","position":2,"name":"17.1. Dicken vs GrIFK 25\u201342 (10\u201318)"}]},{"@type":"WebSite","@id":"https:\/\/grifk-handball.com\/naiset\/#website","url":"https:\/\/grifk-handball.com\/naiset\/","name":"GrIFK K\u00e4sipallo Naiset","description":"GrIFK K\u00e4sipallo Naiset","potentialAction":[{"@type":"SearchAction","target":{"@type":"EntryPoint","urlTemplate":"https:\/\/grifk-handball.com\/naiset\/?s={search_term_string}"},"query-input":{"@type":"PropertyValueSpecification","valueRequired":true,"valueName":"search_term_string"}}],"inLanguage":"fi"},{"@type":"Person","@id":"https:\/\/grifk-handball.com\/naiset\/#\/schema\/person\/4ab70210cc3dec0bdbb99cc4d3388a15","name":"Ellen","image":{"@type":"ImageObject","inLanguage":"fi","@id":"https:\/\/secure.gravatar.com\/avatar\/396880c508552a2dd3d57b0f9a5f359464f2c496546a922dfec87788c1fa4504?s=96&d=mm&r=g","url":"https:\/\/secure.gravatar.com\/avatar\/396880c508552a2dd3d57b0f9a5f359464f2c496546a922dfec87788c1fa4504?s=96&d=mm&r=g","contentUrl":"https:\/\/secure.gravatar.com\/avatar\/396880c508552a2dd3d57b0f9a5f359464f2c496546a922dfec87788c1fa4504?s=96&d=mm&r=g","caption":"Ellen"},"url":"https:\/\/grifk-handball.com\/naiset\/author\/elleneskelin\/"}]}},"jetpack_featured_media_url":"https:\/\/grifk-handball.com\/naiset\/wp-content\/uploads\/sites\/3\/2026\/01\/2I1A1902-scaled.jpg","jetpack_sharing_enabled":true,"_links":{"self":[{"href":"https:\/\/grifk-handball.com\/naiset\/wp-json\/wp\/v2\/posts\/13892","targetHints":{"allow":["GET"]}}],"collection":[{"href":"https:\/\/grifk-handball.com\/naiset\/wp-json\/wp\/v2\/posts"}],"about":[{"href":"https:\/\/grifk-handball.com\/naiset\/wp-json\/wp\/v2\/types\/post"}],"author":[{"embeddable":true,"href":"https:\/\/grifk-handball.com\/naiset\/wp-json\/wp\/v2\/users\/12"}],"replies":[{"embeddable":true,"href":"https:\/\/grifk-handball.com\/naiset\/wp-json\/wp\/v2\/comments?post=13892"}],"version-history":[{"count":2,"href":"https:\/\/grifk-handball.com\/naiset\/wp-json\/wp\/v2\/posts\/13892\/revisions"}],"predecessor-version":[{"id":13895,"href":"https:\/\/grifk-handball.com\/naiset\/wp-json\/wp\/v2\/posts\/13892\/revisions\/13895"}],"wp:featuredmedia":[{"embeddable":true,"href":"https:\/\/grifk-handball.com\/naiset\/wp-json\/wp\/v2\/media\/13893"}],"wp:attachment":[{"href":"https:\/\/grifk-handball.com\/naiset\/wp-json\/wp\/v2\/media?parent=13892"}],"wp:term":[{"taxonomy":"category","embeddable":true,"href":"https:\/\/grifk-handball.com\/naiset\/wp-json\/wp\/v2\/categories?post=13892"},{"taxonomy":"post_tag","embeddable":true,"href":"https:\/\/grifk-handball.com\/naiset\/wp-json\/wp\/v2\/tags?post=13892"}],"curies":[{"name":"wp","href":"https:\/\/api.w.org\/{rel}","templated":true}]}}