{"id":13896,"date":"2026-01-19T20:29:52","date_gmt":"2026-01-19T18:29:52","guid":{"rendered":"https:\/\/grifk-handball.com\/naiset\/?p=13896"},"modified":"2026-01-19T20:29:52","modified_gmt":"2026-01-19T18:29:52","slug":"otteluraportti-17-1-dicken-vs-grifk","status":"publish","type":"post","link":"https:\/\/grifk-handball.com\/naiset\/kausi-2025-26\/ottelut-2025-26\/otteluraportti-17-1-dicken-vs-grifk\/","title":{"rendered":"Otteluraportti 17.1. Dicken vs GrIFK"},"content":{"rendered":"<p>Tuomme Pirkkolasta kotiin kaksi ansaittua pistett\u00e4 vahvan joukkue-esityksen j\u00e4lkeen. Pelasimme todella hyv\u00e4n ottelun, jossa toteutimme pelisuunnitelmaamme hienosti. Yll\u00e4pidimme kovaa vauhtia ja pelasimm\u00a0 kurinalaisesti koko 60 minuutin ajan.<\/p>\n<p>Ottelu alkoi tasaisena, mutta noin 15 minuutin pelin j\u00e4lkeen saimme pelist\u00e4 otteen ja siirryimme johtoon kovan tempon ja tiiviin puolustuspelaamisen ansiosta. Jaksoimme my\u00f6s juosta koko ottelun l\u00e4pi. Toisella puoliajalla puolustuspelaamisen intensiteetti hieman laski, mik\u00e4 toi Dickenille muutamia helppoja maaleja, mutta onnistuimme silti s\u00e4ilytt\u00e4m\u00e4\u00e4n kontrollin ottelun kulusta.<\/p>\n<p>Erityisen ilahduttavaa oli n\u00e4hd\u00e4, kuinka sy\u00f6tt\u00f6peli ja yhteisty\u00f6 toimivat hy\u00f6kk\u00e4yksess\u00e4: pallonliike oli sujuvaa ja viimeistelyt laadukkaita. Useampi pelaaja onnistui tekem\u00e4\u00e4n paljon maaleja ja teki samalla arvokasta ty\u00f6t\u00e4 my\u00f6s puolustuksessa.<\/p>\n<p>Nyt palaudumme t\u00e4st\u00e4 ottelusta ja k\u00e4\u00e4nn\u00e4mme katseen perjantain cup-v\u00e4lier\u00e4\u00e4n. Toivottavasti mahdollisimman moni l\u00f6yt\u00e4\u00e4 tiens\u00e4 hallille kannustamaan molempia Grani-joukkueita! \ud83d\udc9a\ud83e\udd0d<\/p>\n<h5><strong>Seuraa meit\u00e4!<\/strong><\/h5>\n<p class=\"\" data-start=\"1232\" data-end=\"1305\"><strong data-start=\"1232\" data-end=\"1245\">Facebook:<\/strong>\u00a0<a href=\"https:\/\/www.facebook.com\/grifkdamer\">Grankulla IFK Handboll Damer<\/a><br data-start=\"1274\" data-end=\"1277\" \/><strong data-start=\"1277\" data-end=\"1291\">Instagram:<\/strong>\u00a0<a href=\"https:\/\/www.instagram.com\/grifkdamer\/\">@grifkdamer<\/a><\/p>\n<p class=\"\" data-start=\"1307\" data-end=\"1361\"><strong data-start=\"1307\" data-end=\"1318\">Teksti:<\/strong> Mathilda Sandblom<br data-start=\"1336\" data-end=\"1339\" \/><strong data-start=\"1339\" data-end=\"1348\">Kuva:<\/strong>\u00a0aki_kuvaus<\/p>\n","protected":false},"excerpt":{"rendered":"<p>Tuomme Pirkkolasta kotiin kaksi ansaittua pistett\u00e4 vahvan joukkue-esityksen j\u00e4lkeen. Pelasimme todella hyv\u00e4n ottelun, jossa toteutimme pelisuunnitelmaamme hienosti. Yll\u00e4pidimme kovaa vauhtia ja pelasimm\u00a0 kurinalaisesti koko 60 minuutin ajan. Ottelu alkoi tasaisena, mutta noin 15 minuutin pelin j\u00e4lkeen saimme pelist\u00e4 otteen ja siirryimme johtoon kovan tempon ja tiiviin puolustuspelaamisen ansiosta. Jaksoimme my\u00f6s juosta koko ottelun l\u00e4pi. Toisella [&hellip;]<\/p>\n","protected":false},"author":12,"featured_media":13897,"comment_status":"closed","ping_status":"closed","sticky":false,"template":"","format":"standard","meta":{"_acf_changed":false,"jetpack_post_was_ever_published":false,"footnotes":""},"categories":[453,472,455,1],"tags":[413,411,409,181,26,285,407,241],"class_list":["post-13896","post","type-post","status-publish","format-standard","has-post-thumbnail","hentry","category-kausi-2025-26","category-otteluraportit-2025-226","category-ottelut-2025-26","category-uutiset","tag-aktialiga","tag-aktialiiga","tag-damernas-aktialiga","tag-grifkdamer","tag-grifkhandball","tag-mathilda-sandblom","tag-naisten-aktialiiga","tag-otteluraportti"],"acf":[],"yoast_head":"<!-- This site is optimized with the Yoast SEO plugin v27.5 - https:\/\/yoast.com\/product\/yoast-seo-wordpress\/ -->\n<title>Otteluraportti 17.1. Dicken vs GrIFK &#187; GrIFK K\u00e4sipallo Naiset<\/title>\n<meta name=\"robots\" content=\"index, follow, max-snippet:-1, max-image-preview:large, max-video-preview:-1\" \/>\n<link rel=\"canonical\" href=\"https:\/\/grifk-handball.com\/naiset\/kausi-2025-26\/ottelut-2025-26\/otteluraportti-17-1-dicken-vs-grifk\/\" \/>\n<meta property=\"og:locale\" content=\"fi_FI\" \/>\n<meta property=\"og:type\" content=\"article\" \/>\n<meta property=\"og:title\" content=\"Otteluraportti 17.1. Dicken vs GrIFK &#187; GrIFK K\u00e4sipallo Naiset\" \/>\n<meta property=\"og:description\" content=\"Tuomme Pirkkolasta kotiin kaksi ansaittua pistett\u00e4 vahvan joukkue-esityksen j\u00e4lkeen. Pelasimme todella hyv\u00e4n ottelun, jossa toteutimme pelisuunnitelmaamme hienosti. Yll\u00e4pidimme kovaa vauhtia ja pelasimm\u00a0 kurinalaisesti koko 60 minuutin ajan. Ottelu alkoi tasaisena, mutta noin 15 minuutin pelin j\u00e4lkeen saimme pelist\u00e4 otteen ja siirryimme johtoon kovan tempon ja tiiviin puolustuspelaamisen ansiosta. Jaksoimme my\u00f6s juosta koko ottelun l\u00e4pi. Toisella [&hellip;]\" \/>\n<meta property=\"og:url\" content=\"https:\/\/grifk-handball.com\/naiset\/kausi-2025-26\/ottelut-2025-26\/otteluraportti-17-1-dicken-vs-grifk\/\" \/>\n<meta property=\"og:site_name\" content=\"GrIFK K\u00e4sipallo Naiset\" \/>\n<meta property=\"article:publisher\" content=\"https:\/\/www.facebook.com\/532444520237680\" \/>\n<meta property=\"article:published_time\" content=\"2026-01-19T18:29:52+00:00\" \/>\n<meta property=\"og:image\" content=\"https:\/\/grifk-handball.com\/naiset\/wp-content\/uploads\/sites\/3\/2026\/01\/2I1A1570-1030x687.jpg\" \/>\n\t<meta property=\"og:image:width\" content=\"1030\" \/>\n\t<meta property=\"og:image:height\" content=\"687\" \/>\n\t<meta property=\"og:image:type\" content=\"image\/jpeg\" \/>\n<meta name=\"author\" content=\"Ellen\" \/>\n<meta name=\"twitter:card\" content=\"summary_large_image\" \/>\n<meta name=\"twitter:label1\" content=\"Kirjoittanut\" \/>\n\t<meta name=\"twitter:data1\" content=\"Ellen\" \/>\n\t<meta name=\"twitter:label2\" content=\"Arvioitu lukuaika\" \/>\n\t<meta name=\"twitter:data2\" content=\"1 minuutti\" \/>\n<script type=\"application\/ld+json\" class=\"yoast-schema-graph\">{\"@context\":\"https:\\\/\\\/schema.org\",\"@graph\":[{\"@type\":\"Article\",\"@id\":\"https:\\\/\\\/grifk-handball.com\\\/naiset\\\/kausi-2025-26\\\/ottelut-2025-26\\\/otteluraportti-17-1-dicken-vs-grifk\\\/#article\",\"isPartOf\":{\"@id\":\"https:\\\/\\\/grifk-handball.com\\\/naiset\\\/kausi-2025-26\\\/ottelut-2025-26\\\/otteluraportti-17-1-dicken-vs-grifk\\\/\"},\"author\":{\"name\":\"Ellen\",\"@id\":\"https:\\\/\\\/grifk-handball.com\\\/naiset\\\/#\\\/schema\\\/person\\\/4ab70210cc3dec0bdbb99cc4d3388a15\"},\"headline\":\"Otteluraportti 17.1. Dicken vs GrIFK\",\"datePublished\":\"2026-01-19T18:29:52+00:00\",\"mainEntityOfPage\":{\"@id\":\"https:\\\/\\\/grifk-handball.com\\\/naiset\\\/kausi-2025-26\\\/ottelut-2025-26\\\/otteluraportti-17-1-dicken-vs-grifk\\\/\"},\"wordCount\":160,\"image\":{\"@id\":\"https:\\\/\\\/grifk-handball.com\\\/naiset\\\/kausi-2025-26\\\/ottelut-2025-26\\\/otteluraportti-17-1-dicken-vs-grifk\\\/#primaryimage\"},\"thumbnailUrl\":\"https:\\\/\\\/grifk-handball.com\\\/naiset\\\/wp-content\\\/uploads\\\/sites\\\/3\\\/2026\\\/01\\\/2I1A1570-scaled.jpg\",\"keywords\":[\"#Aktialiga\",\"#aktialiiga\",\"#Damernas Aktialiga\",\"#GrIFKDamer\",\"#GrIFKHandball\",\"#Mathilda Sandblom\",\"#Naisten Aktialiiga\",\"#otteluraportti\"],\"articleSection\":[\"Kausi 2025-26\",\"Otteluraportit 2025-26\",\"Ottelut 2025-26\",\"Uutiset\"],\"inLanguage\":\"fi\"},{\"@type\":\"WebPage\",\"@id\":\"https:\\\/\\\/grifk-handball.com\\\/naiset\\\/kausi-2025-26\\\/ottelut-2025-26\\\/otteluraportti-17-1-dicken-vs-grifk\\\/\",\"url\":\"https:\\\/\\\/grifk-handball.com\\\/naiset\\\/kausi-2025-26\\\/ottelut-2025-26\\\/otteluraportti-17-1-dicken-vs-grifk\\\/\",\"name\":\"Otteluraportti 17.1. Dicken vs GrIFK &#187; GrIFK K\u00e4sipallo Naiset\",\"isPartOf\":{\"@id\":\"https:\\\/\\\/grifk-handball.com\\\/naiset\\\/#website\"},\"primaryImageOfPage\":{\"@id\":\"https:\\\/\\\/grifk-handball.com\\\/naiset\\\/kausi-2025-26\\\/ottelut-2025-26\\\/otteluraportti-17-1-dicken-vs-grifk\\\/#primaryimage\"},\"image\":{\"@id\":\"https:\\\/\\\/grifk-handball.com\\\/naiset\\\/kausi-2025-26\\\/ottelut-2025-26\\\/otteluraportti-17-1-dicken-vs-grifk\\\/#primaryimage\"},\"thumbnailUrl\":\"https:\\\/\\\/grifk-handball.com\\\/naiset\\\/wp-content\\\/uploads\\\/sites\\\/3\\\/2026\\\/01\\\/2I1A1570-scaled.jpg\",\"datePublished\":\"2026-01-19T18:29:52+00:00\",\"author\":{\"@id\":\"https:\\\/\\\/grifk-handball.com\\\/naiset\\\/#\\\/schema\\\/person\\\/4ab70210cc3dec0bdbb99cc4d3388a15\"},\"breadcrumb\":{\"@id\":\"https:\\\/\\\/grifk-handball.com\\\/naiset\\\/kausi-2025-26\\\/ottelut-2025-26\\\/otteluraportti-17-1-dicken-vs-grifk\\\/#breadcrumb\"},\"inLanguage\":\"fi\",\"potentialAction\":[{\"@type\":\"ReadAction\",\"target\":[\"https:\\\/\\\/grifk-handball.com\\\/naiset\\\/kausi-2025-26\\\/ottelut-2025-26\\\/otteluraportti-17-1-dicken-vs-grifk\\\/\"]}]},{\"@type\":\"ImageObject\",\"inLanguage\":\"fi\",\"@id\":\"https:\\\/\\\/grifk-handball.com\\\/naiset\\\/kausi-2025-26\\\/ottelut-2025-26\\\/otteluraportti-17-1-dicken-vs-grifk\\\/#primaryimage\",\"url\":\"https:\\\/\\\/grifk-handball.com\\\/naiset\\\/wp-content\\\/uploads\\\/sites\\\/3\\\/2026\\\/01\\\/2I1A1570-scaled.jpg\",\"contentUrl\":\"https:\\\/\\\/grifk-handball.com\\\/naiset\\\/wp-content\\\/uploads\\\/sites\\\/3\\\/2026\\\/01\\\/2I1A1570-scaled.jpg\",\"width\":2560,\"height\":1707},{\"@type\":\"BreadcrumbList\",\"@id\":\"https:\\\/\\\/grifk-handball.com\\\/naiset\\\/kausi-2025-26\\\/ottelut-2025-26\\\/otteluraportti-17-1-dicken-vs-grifk\\\/#breadcrumb\",\"itemListElement\":[{\"@type\":\"ListItem\",\"position\":1,\"name\":\"Home\",\"item\":\"https:\\\/\\\/grifk-handball.com\\\/naiset\\\/etusivu-2\\\/\"},{\"@type\":\"ListItem\",\"position\":2,\"name\":\"Otteluraportti 17.1. Dicken vs GrIFK\"}]},{\"@type\":\"WebSite\",\"@id\":\"https:\\\/\\\/grifk-handball.com\\\/naiset\\\/#website\",\"url\":\"https:\\\/\\\/grifk-handball.com\\\/naiset\\\/\",\"name\":\"GrIFK K\u00e4sipallo Naiset\",\"description\":\"GrIFK K\u00e4sipallo Naiset\",\"potentialAction\":[{\"@type\":\"SearchAction\",\"target\":{\"@type\":\"EntryPoint\",\"urlTemplate\":\"https:\\\/\\\/grifk-handball.com\\\/naiset\\\/?s={search_term_string}\"},\"query-input\":{\"@type\":\"PropertyValueSpecification\",\"valueRequired\":true,\"valueName\":\"search_term_string\"}}],\"inLanguage\":\"fi\"},{\"@type\":\"Person\",\"@id\":\"https:\\\/\\\/grifk-handball.com\\\/naiset\\\/#\\\/schema\\\/person\\\/4ab70210cc3dec0bdbb99cc4d3388a15\",\"name\":\"Ellen\",\"image\":{\"@type\":\"ImageObject\",\"inLanguage\":\"fi\",\"@id\":\"https:\\\/\\\/secure.gravatar.com\\\/avatar\\\/396880c508552a2dd3d57b0f9a5f359464f2c496546a922dfec87788c1fa4504?s=96&d=mm&r=g\",\"url\":\"https:\\\/\\\/secure.gravatar.com\\\/avatar\\\/396880c508552a2dd3d57b0f9a5f359464f2c496546a922dfec87788c1fa4504?s=96&d=mm&r=g\",\"contentUrl\":\"https:\\\/\\\/secure.gravatar.com\\\/avatar\\\/396880c508552a2dd3d57b0f9a5f359464f2c496546a922dfec87788c1fa4504?s=96&d=mm&r=g\",\"caption\":\"Ellen\"},\"url\":\"https:\\\/\\\/grifk-handball.com\\\/naiset\\\/author\\\/elleneskelin\\\/\"}]}<\/script>\n<!-- \/ Yoast SEO plugin. -->","yoast_head_json":{"title":"Otteluraportti 17.1. Dicken vs GrIFK &#187; GrIFK K\u00e4sipallo Naiset","robots":{"index":"index","follow":"follow","max-snippet":"max-snippet:-1","max-image-preview":"max-image-preview:large","max-video-preview":"max-video-preview:-1"},"canonical":"https:\/\/grifk-handball.com\/naiset\/kausi-2025-26\/ottelut-2025-26\/otteluraportti-17-1-dicken-vs-grifk\/","og_locale":"fi_FI","og_type":"article","og_title":"Otteluraportti 17.1. Dicken vs GrIFK &#187; GrIFK K\u00e4sipallo Naiset","og_description":"Tuomme Pirkkolasta kotiin kaksi ansaittua pistett\u00e4 vahvan joukkue-esityksen j\u00e4lkeen. Pelasimme todella hyv\u00e4n ottelun, jossa toteutimme pelisuunnitelmaamme hienosti. Yll\u00e4pidimme kovaa vauhtia ja pelasimm\u00a0 kurinalaisesti koko 60 minuutin ajan. Ottelu alkoi tasaisena, mutta noin 15 minuutin pelin j\u00e4lkeen saimme pelist\u00e4 otteen ja siirryimme johtoon kovan tempon ja tiiviin puolustuspelaamisen ansiosta. Jaksoimme my\u00f6s juosta koko ottelun l\u00e4pi. Toisella [&hellip;]","og_url":"https:\/\/grifk-handball.com\/naiset\/kausi-2025-26\/ottelut-2025-26\/otteluraportti-17-1-dicken-vs-grifk\/","og_site_name":"GrIFK K\u00e4sipallo Naiset","article_publisher":"https:\/\/www.facebook.com\/532444520237680","article_published_time":"2026-01-19T18:29:52+00:00","og_image":[{"width":1030,"height":687,"url":"https:\/\/grifk-handball.com\/naiset\/wp-content\/uploads\/sites\/3\/2026\/01\/2I1A1570-1030x687.jpg","type":"image\/jpeg"}],"author":"Ellen","twitter_card":"summary_large_image","twitter_misc":{"Kirjoittanut":"Ellen","Arvioitu lukuaika":"1 minuutti"},"schema":{"@context":"https:\/\/schema.org","@graph":[{"@type":"Article","@id":"https:\/\/grifk-handball.com\/naiset\/kausi-2025-26\/ottelut-2025-26\/otteluraportti-17-1-dicken-vs-grifk\/#article","isPartOf":{"@id":"https:\/\/grifk-handball.com\/naiset\/kausi-2025-26\/ottelut-2025-26\/otteluraportti-17-1-dicken-vs-grifk\/"},"author":{"name":"Ellen","@id":"https:\/\/grifk-handball.com\/naiset\/#\/schema\/person\/4ab70210cc3dec0bdbb99cc4d3388a15"},"headline":"Otteluraportti 17.1. Dicken vs GrIFK","datePublished":"2026-01-19T18:29:52+00:00","mainEntityOfPage":{"@id":"https:\/\/grifk-handball.com\/naiset\/kausi-2025-26\/ottelut-2025-26\/otteluraportti-17-1-dicken-vs-grifk\/"},"wordCount":160,"image":{"@id":"https:\/\/grifk-handball.com\/naiset\/kausi-2025-26\/ottelut-2025-26\/otteluraportti-17-1-dicken-vs-grifk\/#primaryimage"},"thumbnailUrl":"https:\/\/grifk-handball.com\/naiset\/wp-content\/uploads\/sites\/3\/2026\/01\/2I1A1570-scaled.jpg","keywords":["#Aktialiga","#aktialiiga","#Damernas Aktialiga","#GrIFKDamer","#GrIFKHandball","#Mathilda Sandblom","#Naisten Aktialiiga","#otteluraportti"],"articleSection":["Kausi 2025-26","Otteluraportit 2025-26","Ottelut 2025-26","Uutiset"],"inLanguage":"fi"},{"@type":"WebPage","@id":"https:\/\/grifk-handball.com\/naiset\/kausi-2025-26\/ottelut-2025-26\/otteluraportti-17-1-dicken-vs-grifk\/","url":"https:\/\/grifk-handball.com\/naiset\/kausi-2025-26\/ottelut-2025-26\/otteluraportti-17-1-dicken-vs-grifk\/","name":"Otteluraportti 17.1. Dicken vs GrIFK &#187; GrIFK K\u00e4sipallo Naiset","isPartOf":{"@id":"https:\/\/grifk-handball.com\/naiset\/#website"},"primaryImageOfPage":{"@id":"https:\/\/grifk-handball.com\/naiset\/kausi-2025-26\/ottelut-2025-26\/otteluraportti-17-1-dicken-vs-grifk\/#primaryimage"},"image":{"@id":"https:\/\/grifk-handball.com\/naiset\/kausi-2025-26\/ottelut-2025-26\/otteluraportti-17-1-dicken-vs-grifk\/#primaryimage"},"thumbnailUrl":"https:\/\/grifk-handball.com\/naiset\/wp-content\/uploads\/sites\/3\/2026\/01\/2I1A1570-scaled.jpg","datePublished":"2026-01-19T18:29:52+00:00","author":{"@id":"https:\/\/grifk-handball.com\/naiset\/#\/schema\/person\/4ab70210cc3dec0bdbb99cc4d3388a15"},"breadcrumb":{"@id":"https:\/\/grifk-handball.com\/naiset\/kausi-2025-26\/ottelut-2025-26\/otteluraportti-17-1-dicken-vs-grifk\/#breadcrumb"},"inLanguage":"fi","potentialAction":[{"@type":"ReadAction","target":["https:\/\/grifk-handball.com\/naiset\/kausi-2025-26\/ottelut-2025-26\/otteluraportti-17-1-dicken-vs-grifk\/"]}]},{"@type":"ImageObject","inLanguage":"fi","@id":"https:\/\/grifk-handball.com\/naiset\/kausi-2025-26\/ottelut-2025-26\/otteluraportti-17-1-dicken-vs-grifk\/#primaryimage","url":"https:\/\/grifk-handball.com\/naiset\/wp-content\/uploads\/sites\/3\/2026\/01\/2I1A1570-scaled.jpg","contentUrl":"https:\/\/grifk-handball.com\/naiset\/wp-content\/uploads\/sites\/3\/2026\/01\/2I1A1570-scaled.jpg","width":2560,"height":1707},{"@type":"BreadcrumbList","@id":"https:\/\/grifk-handball.com\/naiset\/kausi-2025-26\/ottelut-2025-26\/otteluraportti-17-1-dicken-vs-grifk\/#breadcrumb","itemListElement":[{"@type":"ListItem","position":1,"name":"Home","item":"https:\/\/grifk-handball.com\/naiset\/etusivu-2\/"},{"@type":"ListItem","position":2,"name":"Otteluraportti 17.1. Dicken vs GrIFK"}]},{"@type":"WebSite","@id":"https:\/\/grifk-handball.com\/naiset\/#website","url":"https:\/\/grifk-handball.com\/naiset\/","name":"GrIFK K\u00e4sipallo Naiset","description":"GrIFK K\u00e4sipallo Naiset","potentialAction":[{"@type":"SearchAction","target":{"@type":"EntryPoint","urlTemplate":"https:\/\/grifk-handball.com\/naiset\/?s={search_term_string}"},"query-input":{"@type":"PropertyValueSpecification","valueRequired":true,"valueName":"search_term_string"}}],"inLanguage":"fi"},{"@type":"Person","@id":"https:\/\/grifk-handball.com\/naiset\/#\/schema\/person\/4ab70210cc3dec0bdbb99cc4d3388a15","name":"Ellen","image":{"@type":"ImageObject","inLanguage":"fi","@id":"https:\/\/secure.gravatar.com\/avatar\/396880c508552a2dd3d57b0f9a5f359464f2c496546a922dfec87788c1fa4504?s=96&d=mm&r=g","url":"https:\/\/secure.gravatar.com\/avatar\/396880c508552a2dd3d57b0f9a5f359464f2c496546a922dfec87788c1fa4504?s=96&d=mm&r=g","contentUrl":"https:\/\/secure.gravatar.com\/avatar\/396880c508552a2dd3d57b0f9a5f359464f2c496546a922dfec87788c1fa4504?s=96&d=mm&r=g","caption":"Ellen"},"url":"https:\/\/grifk-handball.com\/naiset\/author\/elleneskelin\/"}]}},"jetpack_featured_media_url":"https:\/\/grifk-handball.com\/naiset\/wp-content\/uploads\/sites\/3\/2026\/01\/2I1A1570-scaled.jpg","jetpack_sharing_enabled":true,"_links":{"self":[{"href":"https:\/\/grifk-handball.com\/naiset\/wp-json\/wp\/v2\/posts\/13896","targetHints":{"allow":["GET"]}}],"collection":[{"href":"https:\/\/grifk-handball.com\/naiset\/wp-json\/wp\/v2\/posts"}],"about":[{"href":"https:\/\/grifk-handball.com\/naiset\/wp-json\/wp\/v2\/types\/post"}],"author":[{"embeddable":true,"href":"https:\/\/grifk-handball.com\/naiset\/wp-json\/wp\/v2\/users\/12"}],"replies":[{"embeddable":true,"href":"https:\/\/grifk-handball.com\/naiset\/wp-json\/wp\/v2\/comments?post=13896"}],"version-history":[{"count":2,"href":"https:\/\/grifk-handball.com\/naiset\/wp-json\/wp\/v2\/posts\/13896\/revisions"}],"predecessor-version":[{"id":13899,"href":"https:\/\/grifk-handball.com\/naiset\/wp-json\/wp\/v2\/posts\/13896\/revisions\/13899"}],"wp:featuredmedia":[{"embeddable":true,"href":"https:\/\/grifk-handball.com\/naiset\/wp-json\/wp\/v2\/media\/13897"}],"wp:attachment":[{"href":"https:\/\/grifk-handball.com\/naiset\/wp-json\/wp\/v2\/media?parent=13896"}],"wp:term":[{"taxonomy":"category","embeddable":true,"href":"https:\/\/grifk-handball.com\/naiset\/wp-json\/wp\/v2\/categories?post=13896"},{"taxonomy":"post_tag","embeddable":true,"href":"https:\/\/grifk-handball.com\/naiset\/wp-json\/wp\/v2\/tags?post=13896"}],"curies":[{"name":"wp","href":"https:\/\/api.w.org\/{rel}","templated":true}]}}