{"id":13900,"date":"2026-01-19T20:30:47","date_gmt":"2026-01-19T18:30:47","guid":{"rendered":"https:\/\/grifk-handball.com\/naiset\/?p=13900"},"modified":"2026-01-19T20:30:47","modified_gmt":"2026-01-19T18:30:47","slug":"matchrapport-17-1-dicken-vs-grifk","status":"publish","type":"post","link":"https:\/\/grifk-handball.com\/naiset\/kausi-2025-26\/ottelut-2025-26\/matchrapport-17-1-dicken-vs-grifk\/","title":{"rendered":"Matchrapport 17.1 Dicken vs GrIFK"},"content":{"rendered":"<p>Vi tar med oss tv\u00e5 v\u00e4lf\u00f6rtj\u00e4nta po\u00e4ng hem fr\u00e5n Britas efter en stark laginsats. Vi g\u00f6r en riktigt bra match d\u00e4r vi visar b\u00e5de fart och disciplin genom hela matchen.<\/p>\n<p>Matchen b\u00f6rjade j\u00e4mnt, men efter cirka 15 minuters spel tog vi upp en ledning, tack vare v\u00e5rt tempo och ett h\u00e5rt f\u00f6rsvar. Vi sprang mycket i 60 minuter och h\u00f6ll en h\u00f6g intensitet. I den andra halvleken tappade vi lite intensitet i f\u00f6rsvarsspelet, vilket resulterade i n\u00e5gra enkla m\u00e5l f\u00f6r Dicken, men vi hade som tur fortsatt kontroll p\u00e5 matchbilden.<\/p>\n<p>Det var extra roligt att se hur v\u00e4xelspelet fungerade och hur vi fick till bra bollsl\u00e4pp och fina avslut i anfallsspelet. Det var flera spelare som stod f\u00f6r b\u00e5de m\u00e5nga m\u00e5l och ett starkt arbete i f\u00f6rsvarsspelet.<\/p>\n<p>Nu laddar vi om batterierna och taggar till inf\u00f6r cup-semifinalen p\u00e5 fredag. Hoppas att m\u00e5nga tar sig till hallen och hejar fram b\u00e5da Grani-lagen!\ud83d\udc9a\ud83e\udd0d<\/p>\n<h5><strong>F\u00f6lj oss g\u00e4rna!<\/strong><\/h5>\n<p>Facebook:\u00a0<a href=\"https:\/\/www.facebook.com\/grifkdamer\">Grankulla IFK Handboll Damer<\/a><\/p>\n<p>Instagram:\u00a0<a href=\"https:\/\/www.instagram.com\/grifkdamer\/\">@grifkdamer<\/a><\/p>\n<p>Text: Mathilda Sandblom<br \/>\nFoto: aki_kuvaus<\/p>\n","protected":false},"excerpt":{"rendered":"<p>Vi tar med oss tv\u00e5 v\u00e4lf\u00f6rtj\u00e4nta po\u00e4ng hem fr\u00e5n Britas efter en stark laginsats. Vi g\u00f6r en riktigt bra match d\u00e4r vi visar b\u00e5de fart och disciplin genom hela matchen. Matchen b\u00f6rjade j\u00e4mnt, men efter cirka 15 minuters spel tog vi upp en ledning, tack vare v\u00e5rt tempo och ett h\u00e5rt f\u00f6rsvar. Vi sprang mycket [&hellip;]<\/p>\n","protected":false},"author":12,"featured_media":13897,"comment_status":"closed","ping_status":"closed","sticky":false,"template":"","format":"standard","meta":{"_acf_changed":false,"jetpack_post_was_ever_published":false,"footnotes":""},"categories":[453,472,455,1],"tags":[413,411,409,181,26,285,407,474],"class_list":["post-13900","post","type-post","status-publish","format-standard","has-post-thumbnail","hentry","category-kausi-2025-26","category-otteluraportit-2025-226","category-ottelut-2025-26","category-uutiset","tag-aktialiga","tag-aktialiiga","tag-damernas-aktialiga","tag-grifkdamer","tag-grifkhandball","tag-mathilda-sandblom","tag-naisten-aktialiiga","tag-matchrapport"],"acf":[],"yoast_head":"<!-- This site is optimized with the Yoast SEO plugin v27.5 - https:\/\/yoast.com\/product\/yoast-seo-wordpress\/ -->\n<title>Matchrapport 17.1 Dicken vs GrIFK &#187; GrIFK K\u00e4sipallo Naiset<\/title>\n<meta name=\"robots\" content=\"index, follow, max-snippet:-1, max-image-preview:large, max-video-preview:-1\" \/>\n<link rel=\"canonical\" href=\"https:\/\/grifk-handball.com\/naiset\/kausi-2025-26\/ottelut-2025-26\/matchrapport-17-1-dicken-vs-grifk\/\" \/>\n<meta property=\"og:locale\" content=\"fi_FI\" \/>\n<meta property=\"og:type\" content=\"article\" \/>\n<meta property=\"og:title\" content=\"Matchrapport 17.1 Dicken vs GrIFK &#187; GrIFK K\u00e4sipallo Naiset\" \/>\n<meta property=\"og:description\" content=\"Vi tar med oss tv\u00e5 v\u00e4lf\u00f6rtj\u00e4nta po\u00e4ng hem fr\u00e5n Britas efter en stark laginsats. Vi g\u00f6r en riktigt bra match d\u00e4r vi visar b\u00e5de fart och disciplin genom hela matchen. Matchen b\u00f6rjade j\u00e4mnt, men efter cirka 15 minuters spel tog vi upp en ledning, tack vare v\u00e5rt tempo och ett h\u00e5rt f\u00f6rsvar. Vi sprang mycket [&hellip;]\" \/>\n<meta property=\"og:url\" content=\"https:\/\/grifk-handball.com\/naiset\/kausi-2025-26\/ottelut-2025-26\/matchrapport-17-1-dicken-vs-grifk\/\" \/>\n<meta property=\"og:site_name\" content=\"GrIFK K\u00e4sipallo Naiset\" \/>\n<meta property=\"article:publisher\" content=\"https:\/\/www.facebook.com\/532444520237680\" \/>\n<meta property=\"article:published_time\" content=\"2026-01-19T18:30:47+00:00\" \/>\n<meta property=\"og:image\" content=\"https:\/\/grifk-handball.com\/naiset\/wp-content\/uploads\/sites\/3\/2026\/01\/2I1A1570-1030x687.jpg\" \/>\n\t<meta property=\"og:image:width\" content=\"1030\" \/>\n\t<meta property=\"og:image:height\" content=\"687\" \/>\n\t<meta property=\"og:image:type\" content=\"image\/jpeg\" \/>\n<meta name=\"author\" content=\"Ellen\" \/>\n<meta name=\"twitter:card\" content=\"summary_large_image\" \/>\n<meta name=\"twitter:label1\" content=\"Kirjoittanut\" \/>\n\t<meta name=\"twitter:data1\" content=\"Ellen\" \/>\n\t<meta name=\"twitter:label2\" content=\"Arvioitu lukuaika\" \/>\n\t<meta name=\"twitter:data2\" content=\"2 minuuttia\" \/>\n<script type=\"application\/ld+json\" class=\"yoast-schema-graph\">{\"@context\":\"https:\\\/\\\/schema.org\",\"@graph\":[{\"@type\":\"Article\",\"@id\":\"https:\\\/\\\/grifk-handball.com\\\/naiset\\\/kausi-2025-26\\\/ottelut-2025-26\\\/matchrapport-17-1-dicken-vs-grifk\\\/#article\",\"isPartOf\":{\"@id\":\"https:\\\/\\\/grifk-handball.com\\\/naiset\\\/kausi-2025-26\\\/ottelut-2025-26\\\/matchrapport-17-1-dicken-vs-grifk\\\/\"},\"author\":{\"name\":\"Ellen\",\"@id\":\"https:\\\/\\\/grifk-handball.com\\\/naiset\\\/#\\\/schema\\\/person\\\/4ab70210cc3dec0bdbb99cc4d3388a15\"},\"headline\":\"Matchrapport 17.1 Dicken vs GrIFK\",\"datePublished\":\"2026-01-19T18:30:47+00:00\",\"mainEntityOfPage\":{\"@id\":\"https:\\\/\\\/grifk-handball.com\\\/naiset\\\/kausi-2025-26\\\/ottelut-2025-26\\\/matchrapport-17-1-dicken-vs-grifk\\\/\"},\"wordCount\":200,\"image\":{\"@id\":\"https:\\\/\\\/grifk-handball.com\\\/naiset\\\/kausi-2025-26\\\/ottelut-2025-26\\\/matchrapport-17-1-dicken-vs-grifk\\\/#primaryimage\"},\"thumbnailUrl\":\"https:\\\/\\\/grifk-handball.com\\\/naiset\\\/wp-content\\\/uploads\\\/sites\\\/3\\\/2026\\\/01\\\/2I1A1570-scaled.jpg\",\"keywords\":[\"#Aktialiga\",\"#aktialiiga\",\"#Damernas Aktialiga\",\"#GrIFKDamer\",\"#GrIFKHandball\",\"#Mathilda Sandblom\",\"#Naisten Aktialiiga\",\"matchrapport\"],\"articleSection\":[\"Kausi 2025-26\",\"Otteluraportit 2025-26\",\"Ottelut 2025-26\",\"Uutiset\"],\"inLanguage\":\"fi\"},{\"@type\":\"WebPage\",\"@id\":\"https:\\\/\\\/grifk-handball.com\\\/naiset\\\/kausi-2025-26\\\/ottelut-2025-26\\\/matchrapport-17-1-dicken-vs-grifk\\\/\",\"url\":\"https:\\\/\\\/grifk-handball.com\\\/naiset\\\/kausi-2025-26\\\/ottelut-2025-26\\\/matchrapport-17-1-dicken-vs-grifk\\\/\",\"name\":\"Matchrapport 17.1 Dicken vs GrIFK &#187; GrIFK K\u00e4sipallo Naiset\",\"isPartOf\":{\"@id\":\"https:\\\/\\\/grifk-handball.com\\\/naiset\\\/#website\"},\"primaryImageOfPage\":{\"@id\":\"https:\\\/\\\/grifk-handball.com\\\/naiset\\\/kausi-2025-26\\\/ottelut-2025-26\\\/matchrapport-17-1-dicken-vs-grifk\\\/#primaryimage\"},\"image\":{\"@id\":\"https:\\\/\\\/grifk-handball.com\\\/naiset\\\/kausi-2025-26\\\/ottelut-2025-26\\\/matchrapport-17-1-dicken-vs-grifk\\\/#primaryimage\"},\"thumbnailUrl\":\"https:\\\/\\\/grifk-handball.com\\\/naiset\\\/wp-content\\\/uploads\\\/sites\\\/3\\\/2026\\\/01\\\/2I1A1570-scaled.jpg\",\"datePublished\":\"2026-01-19T18:30:47+00:00\",\"author\":{\"@id\":\"https:\\\/\\\/grifk-handball.com\\\/naiset\\\/#\\\/schema\\\/person\\\/4ab70210cc3dec0bdbb99cc4d3388a15\"},\"breadcrumb\":{\"@id\":\"https:\\\/\\\/grifk-handball.com\\\/naiset\\\/kausi-2025-26\\\/ottelut-2025-26\\\/matchrapport-17-1-dicken-vs-grifk\\\/#breadcrumb\"},\"inLanguage\":\"fi\",\"potentialAction\":[{\"@type\":\"ReadAction\",\"target\":[\"https:\\\/\\\/grifk-handball.com\\\/naiset\\\/kausi-2025-26\\\/ottelut-2025-26\\\/matchrapport-17-1-dicken-vs-grifk\\\/\"]}]},{\"@type\":\"ImageObject\",\"inLanguage\":\"fi\",\"@id\":\"https:\\\/\\\/grifk-handball.com\\\/naiset\\\/kausi-2025-26\\\/ottelut-2025-26\\\/matchrapport-17-1-dicken-vs-grifk\\\/#primaryimage\",\"url\":\"https:\\\/\\\/grifk-handball.com\\\/naiset\\\/wp-content\\\/uploads\\\/sites\\\/3\\\/2026\\\/01\\\/2I1A1570-scaled.jpg\",\"contentUrl\":\"https:\\\/\\\/grifk-handball.com\\\/naiset\\\/wp-content\\\/uploads\\\/sites\\\/3\\\/2026\\\/01\\\/2I1A1570-scaled.jpg\",\"width\":2560,\"height\":1707},{\"@type\":\"BreadcrumbList\",\"@id\":\"https:\\\/\\\/grifk-handball.com\\\/naiset\\\/kausi-2025-26\\\/ottelut-2025-26\\\/matchrapport-17-1-dicken-vs-grifk\\\/#breadcrumb\",\"itemListElement\":[{\"@type\":\"ListItem\",\"position\":1,\"name\":\"Home\",\"item\":\"https:\\\/\\\/grifk-handball.com\\\/naiset\\\/etusivu-2\\\/\"},{\"@type\":\"ListItem\",\"position\":2,\"name\":\"Matchrapport 17.1 Dicken vs GrIFK\"}]},{\"@type\":\"WebSite\",\"@id\":\"https:\\\/\\\/grifk-handball.com\\\/naiset\\\/#website\",\"url\":\"https:\\\/\\\/grifk-handball.com\\\/naiset\\\/\",\"name\":\"GrIFK K\u00e4sipallo Naiset\",\"description\":\"GrIFK K\u00e4sipallo Naiset\",\"potentialAction\":[{\"@type\":\"SearchAction\",\"target\":{\"@type\":\"EntryPoint\",\"urlTemplate\":\"https:\\\/\\\/grifk-handball.com\\\/naiset\\\/?s={search_term_string}\"},\"query-input\":{\"@type\":\"PropertyValueSpecification\",\"valueRequired\":true,\"valueName\":\"search_term_string\"}}],\"inLanguage\":\"fi\"},{\"@type\":\"Person\",\"@id\":\"https:\\\/\\\/grifk-handball.com\\\/naiset\\\/#\\\/schema\\\/person\\\/4ab70210cc3dec0bdbb99cc4d3388a15\",\"name\":\"Ellen\",\"image\":{\"@type\":\"ImageObject\",\"inLanguage\":\"fi\",\"@id\":\"https:\\\/\\\/secure.gravatar.com\\\/avatar\\\/396880c508552a2dd3d57b0f9a5f359464f2c496546a922dfec87788c1fa4504?s=96&d=mm&r=g\",\"url\":\"https:\\\/\\\/secure.gravatar.com\\\/avatar\\\/396880c508552a2dd3d57b0f9a5f359464f2c496546a922dfec87788c1fa4504?s=96&d=mm&r=g\",\"contentUrl\":\"https:\\\/\\\/secure.gravatar.com\\\/avatar\\\/396880c508552a2dd3d57b0f9a5f359464f2c496546a922dfec87788c1fa4504?s=96&d=mm&r=g\",\"caption\":\"Ellen\"},\"url\":\"https:\\\/\\\/grifk-handball.com\\\/naiset\\\/author\\\/elleneskelin\\\/\"}]}<\/script>\n<!-- \/ Yoast SEO plugin. -->","yoast_head_json":{"title":"Matchrapport 17.1 Dicken vs GrIFK &#187; GrIFK K\u00e4sipallo Naiset","robots":{"index":"index","follow":"follow","max-snippet":"max-snippet:-1","max-image-preview":"max-image-preview:large","max-video-preview":"max-video-preview:-1"},"canonical":"https:\/\/grifk-handball.com\/naiset\/kausi-2025-26\/ottelut-2025-26\/matchrapport-17-1-dicken-vs-grifk\/","og_locale":"fi_FI","og_type":"article","og_title":"Matchrapport 17.1 Dicken vs GrIFK &#187; GrIFK K\u00e4sipallo Naiset","og_description":"Vi tar med oss tv\u00e5 v\u00e4lf\u00f6rtj\u00e4nta po\u00e4ng hem fr\u00e5n Britas efter en stark laginsats. Vi g\u00f6r en riktigt bra match d\u00e4r vi visar b\u00e5de fart och disciplin genom hela matchen. Matchen b\u00f6rjade j\u00e4mnt, men efter cirka 15 minuters spel tog vi upp en ledning, tack vare v\u00e5rt tempo och ett h\u00e5rt f\u00f6rsvar. Vi sprang mycket [&hellip;]","og_url":"https:\/\/grifk-handball.com\/naiset\/kausi-2025-26\/ottelut-2025-26\/matchrapport-17-1-dicken-vs-grifk\/","og_site_name":"GrIFK K\u00e4sipallo Naiset","article_publisher":"https:\/\/www.facebook.com\/532444520237680","article_published_time":"2026-01-19T18:30:47+00:00","og_image":[{"width":1030,"height":687,"url":"https:\/\/grifk-handball.com\/naiset\/wp-content\/uploads\/sites\/3\/2026\/01\/2I1A1570-1030x687.jpg","type":"image\/jpeg"}],"author":"Ellen","twitter_card":"summary_large_image","twitter_misc":{"Kirjoittanut":"Ellen","Arvioitu lukuaika":"2 minuuttia"},"schema":{"@context":"https:\/\/schema.org","@graph":[{"@type":"Article","@id":"https:\/\/grifk-handball.com\/naiset\/kausi-2025-26\/ottelut-2025-26\/matchrapport-17-1-dicken-vs-grifk\/#article","isPartOf":{"@id":"https:\/\/grifk-handball.com\/naiset\/kausi-2025-26\/ottelut-2025-26\/matchrapport-17-1-dicken-vs-grifk\/"},"author":{"name":"Ellen","@id":"https:\/\/grifk-handball.com\/naiset\/#\/schema\/person\/4ab70210cc3dec0bdbb99cc4d3388a15"},"headline":"Matchrapport 17.1 Dicken vs GrIFK","datePublished":"2026-01-19T18:30:47+00:00","mainEntityOfPage":{"@id":"https:\/\/grifk-handball.com\/naiset\/kausi-2025-26\/ottelut-2025-26\/matchrapport-17-1-dicken-vs-grifk\/"},"wordCount":200,"image":{"@id":"https:\/\/grifk-handball.com\/naiset\/kausi-2025-26\/ottelut-2025-26\/matchrapport-17-1-dicken-vs-grifk\/#primaryimage"},"thumbnailUrl":"https:\/\/grifk-handball.com\/naiset\/wp-content\/uploads\/sites\/3\/2026\/01\/2I1A1570-scaled.jpg","keywords":["#Aktialiga","#aktialiiga","#Damernas Aktialiga","#GrIFKDamer","#GrIFKHandball","#Mathilda Sandblom","#Naisten Aktialiiga","matchrapport"],"articleSection":["Kausi 2025-26","Otteluraportit 2025-26","Ottelut 2025-26","Uutiset"],"inLanguage":"fi"},{"@type":"WebPage","@id":"https:\/\/grifk-handball.com\/naiset\/kausi-2025-26\/ottelut-2025-26\/matchrapport-17-1-dicken-vs-grifk\/","url":"https:\/\/grifk-handball.com\/naiset\/kausi-2025-26\/ottelut-2025-26\/matchrapport-17-1-dicken-vs-grifk\/","name":"Matchrapport 17.1 Dicken vs GrIFK &#187; GrIFK K\u00e4sipallo Naiset","isPartOf":{"@id":"https:\/\/grifk-handball.com\/naiset\/#website"},"primaryImageOfPage":{"@id":"https:\/\/grifk-handball.com\/naiset\/kausi-2025-26\/ottelut-2025-26\/matchrapport-17-1-dicken-vs-grifk\/#primaryimage"},"image":{"@id":"https:\/\/grifk-handball.com\/naiset\/kausi-2025-26\/ottelut-2025-26\/matchrapport-17-1-dicken-vs-grifk\/#primaryimage"},"thumbnailUrl":"https:\/\/grifk-handball.com\/naiset\/wp-content\/uploads\/sites\/3\/2026\/01\/2I1A1570-scaled.jpg","datePublished":"2026-01-19T18:30:47+00:00","author":{"@id":"https:\/\/grifk-handball.com\/naiset\/#\/schema\/person\/4ab70210cc3dec0bdbb99cc4d3388a15"},"breadcrumb":{"@id":"https:\/\/grifk-handball.com\/naiset\/kausi-2025-26\/ottelut-2025-26\/matchrapport-17-1-dicken-vs-grifk\/#breadcrumb"},"inLanguage":"fi","potentialAction":[{"@type":"ReadAction","target":["https:\/\/grifk-handball.com\/naiset\/kausi-2025-26\/ottelut-2025-26\/matchrapport-17-1-dicken-vs-grifk\/"]}]},{"@type":"ImageObject","inLanguage":"fi","@id":"https:\/\/grifk-handball.com\/naiset\/kausi-2025-26\/ottelut-2025-26\/matchrapport-17-1-dicken-vs-grifk\/#primaryimage","url":"https:\/\/grifk-handball.com\/naiset\/wp-content\/uploads\/sites\/3\/2026\/01\/2I1A1570-scaled.jpg","contentUrl":"https:\/\/grifk-handball.com\/naiset\/wp-content\/uploads\/sites\/3\/2026\/01\/2I1A1570-scaled.jpg","width":2560,"height":1707},{"@type":"BreadcrumbList","@id":"https:\/\/grifk-handball.com\/naiset\/kausi-2025-26\/ottelut-2025-26\/matchrapport-17-1-dicken-vs-grifk\/#breadcrumb","itemListElement":[{"@type":"ListItem","position":1,"name":"Home","item":"https:\/\/grifk-handball.com\/naiset\/etusivu-2\/"},{"@type":"ListItem","position":2,"name":"Matchrapport 17.1 Dicken vs GrIFK"}]},{"@type":"WebSite","@id":"https:\/\/grifk-handball.com\/naiset\/#website","url":"https:\/\/grifk-handball.com\/naiset\/","name":"GrIFK K\u00e4sipallo Naiset","description":"GrIFK K\u00e4sipallo Naiset","potentialAction":[{"@type":"SearchAction","target":{"@type":"EntryPoint","urlTemplate":"https:\/\/grifk-handball.com\/naiset\/?s={search_term_string}"},"query-input":{"@type":"PropertyValueSpecification","valueRequired":true,"valueName":"search_term_string"}}],"inLanguage":"fi"},{"@type":"Person","@id":"https:\/\/grifk-handball.com\/naiset\/#\/schema\/person\/4ab70210cc3dec0bdbb99cc4d3388a15","name":"Ellen","image":{"@type":"ImageObject","inLanguage":"fi","@id":"https:\/\/secure.gravatar.com\/avatar\/396880c508552a2dd3d57b0f9a5f359464f2c496546a922dfec87788c1fa4504?s=96&d=mm&r=g","url":"https:\/\/secure.gravatar.com\/avatar\/396880c508552a2dd3d57b0f9a5f359464f2c496546a922dfec87788c1fa4504?s=96&d=mm&r=g","contentUrl":"https:\/\/secure.gravatar.com\/avatar\/396880c508552a2dd3d57b0f9a5f359464f2c496546a922dfec87788c1fa4504?s=96&d=mm&r=g","caption":"Ellen"},"url":"https:\/\/grifk-handball.com\/naiset\/author\/elleneskelin\/"}]}},"jetpack_featured_media_url":"https:\/\/grifk-handball.com\/naiset\/wp-content\/uploads\/sites\/3\/2026\/01\/2I1A1570-scaled.jpg","jetpack_sharing_enabled":true,"_links":{"self":[{"href":"https:\/\/grifk-handball.com\/naiset\/wp-json\/wp\/v2\/posts\/13900","targetHints":{"allow":["GET"]}}],"collection":[{"href":"https:\/\/grifk-handball.com\/naiset\/wp-json\/wp\/v2\/posts"}],"about":[{"href":"https:\/\/grifk-handball.com\/naiset\/wp-json\/wp\/v2\/types\/post"}],"author":[{"embeddable":true,"href":"https:\/\/grifk-handball.com\/naiset\/wp-json\/wp\/v2\/users\/12"}],"replies":[{"embeddable":true,"href":"https:\/\/grifk-handball.com\/naiset\/wp-json\/wp\/v2\/comments?post=13900"}],"version-history":[{"count":2,"href":"https:\/\/grifk-handball.com\/naiset\/wp-json\/wp\/v2\/posts\/13900\/revisions"}],"predecessor-version":[{"id":13902,"href":"https:\/\/grifk-handball.com\/naiset\/wp-json\/wp\/v2\/posts\/13900\/revisions\/13902"}],"wp:featuredmedia":[{"embeddable":true,"href":"https:\/\/grifk-handball.com\/naiset\/wp-json\/wp\/v2\/media\/13897"}],"wp:attachment":[{"href":"https:\/\/grifk-handball.com\/naiset\/wp-json\/wp\/v2\/media?parent=13900"}],"wp:term":[{"taxonomy":"category","embeddable":true,"href":"https:\/\/grifk-handball.com\/naiset\/wp-json\/wp\/v2\/categories?post=13900"},{"taxonomy":"post_tag","embeddable":true,"href":"https:\/\/grifk-handball.com\/naiset\/wp-json\/wp\/v2\/tags?post=13900"}],"curies":[{"name":"wp","href":"https:\/\/api.w.org\/{rel}","templated":true}]}}