{"id":13903,"date":"2026-01-23T10:34:00","date_gmt":"2026-01-23T08:34:00","guid":{"rendered":"https:\/\/grifk-handball.com\/naiset\/?p=13903"},"modified":"2026-01-23T10:42:24","modified_gmt":"2026-01-23T08:42:24","slug":"suomen-cupin-valiera-23-1-2026-18-15-grifk-vs-grifk-young-ladies","status":"publish","type":"post","link":"https:\/\/grifk-handball.com\/naiset\/kausi-2025-26\/ennakot-2025-26\/suomen-cupin-valiera-23-1-2026-18-15-grifk-vs-grifk-young-ladies\/","title":{"rendered":"Suomen Cupin v\u00e4lier\u00e4 23.1.2026 * 18.15 GrIFK vs GrIFK Young Ladies"},"content":{"rendered":"<div  class='flex_column av-q85hro-e2749da5eda46a56af94effa23bbff38 av_one_full  avia-builder-el-0  el_before_av_textblock  avia-builder-el-first  first flex_column_div  '     ><p>\n<style type=\"text\/css\" data-created_by=\"avia_inline_auto\" id=\"style-css-av-mk339blz-83bd85b9746808eac2918e3f6a126072\">\n.avia-image-container.av-mk339blz-83bd85b9746808eac2918e3f6a126072 img.avia_image{\nbox-shadow:none;\n}\n.avia-image-container.av-mk339blz-83bd85b9746808eac2918e3f6a126072 .av-image-caption-overlay-center{\ncolor:#ffffff;\n}\n<\/style>\n<div  class='avia-image-container av-mk339blz-83bd85b9746808eac2918e3f6a126072 av-styling- avia-align-center  avia-builder-el-1  el_before_av_heading  avia-builder-el-first '   itemprop=\"image\" itemscope=\"itemscope\" itemtype=\"https:\/\/schema.org\/ImageObject\" ><div class=\"avia-image-container-inner\"><div class=\"avia-image-overlay-wrap\"><img decoding=\"async\" fetchpriority=\"high\" class='wp-image-13378 avia-img-lazy-loading-not-13378 avia_image ' src=\"https:\/\/grifk-handball.com\/naiset\/wp-content\/uploads\/sites\/3\/2025\/09\/Louise-ennakko-1030x687.png\" alt='' title='Louise ennakko'  height=\"687\" width=\"1030\"  itemprop=\"thumbnailUrl\" srcset=\"https:\/\/grifk-handball.com\/naiset\/wp-content\/uploads\/sites\/3\/2025\/09\/Louise-ennakko-1030x687.png 1030w, https:\/\/grifk-handball.com\/naiset\/wp-content\/uploads\/sites\/3\/2025\/09\/Louise-ennakko-300x200.png 300w, https:\/\/grifk-handball.com\/naiset\/wp-content\/uploads\/sites\/3\/2025\/09\/Louise-ennakko-768x512.png 768w, https:\/\/grifk-handball.com\/naiset\/wp-content\/uploads\/sites\/3\/2025\/09\/Louise-ennakko-705x470.png 705w, https:\/\/grifk-handball.com\/naiset\/wp-content\/uploads\/sites\/3\/2025\/09\/Louise-ennakko.png 1500w\" sizes=\"(max-width: 1030px) 100vw, 1030px\" \/><\/div><\/div><\/div><br \/>\n\n<style type=\"text\/css\" data-created_by=\"avia_inline_auto\" id=\"style-css-av-mk339wgt-bb21fb088789f1b9e941d969e7e5a995\">\n#top .av-special-heading.av-mk339wgt-bb21fb088789f1b9e941d969e7e5a995{\npadding-bottom:10px;\n}\nbody .av-special-heading.av-mk339wgt-bb21fb088789f1b9e941d969e7e5a995 .av-special-heading-tag .heading-char{\nfont-size:25px;\n}\n.av-special-heading.av-mk339wgt-bb21fb088789f1b9e941d969e7e5a995 .av-subheading{\nfont-size:15px;\n}\n<\/style>\n<div  class='av-special-heading av-mk339wgt-bb21fb088789f1b9e941d969e7e5a995 av-special-heading-h3  avia-builder-el-2  el_after_av_image  avia-builder-el-last '><h3 class='av-special-heading-tag '  itemprop=\"headline\"  >Suomen Cupin v\u00e4lier\u00e4 23.1.2026 * 18.15 GrIFK vs GrIFK Young Ladies<\/h3><div class=\"special-heading-border\"><div class=\"special-heading-inner-border\"><\/div><\/div><\/div><\/p><\/div>\n<section  class='av_textblock_section av-mk3310ly-fae4e1935ab8544582bf73d42da0d59b '   itemscope=\"itemscope\" itemtype=\"https:\/\/schema.org\/BlogPosting\" itemprop=\"blogPost\" ><div class='avia_textblock'  itemprop=\"text\" ><p>Pitk\u00e4n odotuksen j\u00e4lkeen on vihdoin Suomen Cupin v\u00e4lier\u00e4n aika! Perjantaina kohtaamme historiallisessa v\u00e4lier\u00e4ss\u00e4 sisarjoukkueemme GrIFK Young Ladiesin ykk\u00f6sdivarista, joka pelataan molemmille joukkueille tutussa Grottanissa. Ottelu k\u00e4ynnistyy klo 18.15, mutta hallille kannattaa saapua ajoissa, sill\u00e4 illan ohjelma lakaa jo klo 18.00, kun ennen ottelua j\u00e4\u00e4dytet\u00e4\u00e4n ja nostetaan hallin kattoon <strong>Maria Sandelin-Timmermanin<\/strong> pelipaita.<\/p>\n<p>Young Ladies eli YL on meille samaan aikaan sek\u00e4 tuttu ett\u00e4 hieman tuntemattomampi joukkue. YL koostuu useista nuorista pelaajista, jotka pelaavat sek\u00e4 YL:ss\u00e4 ett\u00e4 A-tyt\u00f6iss\u00e4, ja siksi harvalla meist\u00e4 on kokemusta pelaamisesta heid\u00e4n kanssaan tai heit\u00e4 vastaan. Toisaalta monet heist\u00e4 ovat meille tuttuja, sill\u00e4 osa pelaajista harjoittelee my\u00f6s meid\u00e4n kanssamme. Yksi erityisen tuttu nimi on <strong>Fanny Reinikainen<\/strong>, joka on aiemmin ollut yksi puolustuspelimme tukipilareista ja edustaa nyt YL:\u00e4\u00e4.<\/p>\n<p>Lis\u00e4ksi YL:n pelaajat <strong>Julianna R\u00e4s\u00e4nen, Sara Kulmala, Frida Ekman<\/strong> ja <strong>Livia von Wendt<\/strong> on lainattu hiljattain Cocksin riveihin, miss\u00e4 he ovat saaneet arvokasta kokemusta Aktialiigassa. Uskon, ett\u00e4 heill\u00e4 tulee olemaan iso rooli YL:n peliss\u00e4. Mielenkiintoinen yksityiskohta ottelussa on my\u00f6s se, ett\u00e4 meid\u00e4n maalivahtivalmentajamme <strong>Bianca Eklundh<\/strong> ei istu t\u00e4ll\u00e4 kertaa meid\u00e4n penkill\u00e4mme, vaan vartioi YL:n maalia.<\/p>\n<p>Edess\u00e4 on varmasti superhauska ja tunnelmallinen ottelu. Toivottavasti mahdollisimman moni p\u00e4\u00e4see paikalle kannustamaan toinen Granin joukkueista finaaliin!<\/p>\n<h4>Kolme nopeaa Louisen kanssa<\/h4>\n<\/div><\/section>\n<div  class='flex_column av-21x7mes-1f010d766da538eb937d97400ce630ca av_one_third  avia-builder-el-4  el_after_av_textblock  el_before_av_one_third  first flex_column_div  column-top-margin'     ><section  class='av_textblock_section av-mk333gsk-f6a5c98bc75e87a15a03d45ec4d2673f '   itemscope=\"itemscope\" itemtype=\"https:\/\/schema.org\/BlogPosting\" itemprop=\"blogPost\" ><div class='avia_textblock'  itemprop=\"text\" ><h6><em><b>Ket\u00e4 kannustat miesten k\u00e4sipallon EM-kisoissa?<\/b><\/em><\/h6>\n<p>Kannustan Tanskaa.<\/p>\n<\/div><\/section><\/div>\n<div  class='flex_column av-1p4t4b8-c27edff226924e760adba29f19e6b03c av_one_third  avia-builder-el-6  el_after_av_one_third  el_before_av_one_third  flex_column_div  column-top-margin'     ><section  class='av_textblock_section av-mk333xry-c955f7de278ba9a326ada9ce3934fb56 '   itemscope=\"itemscope\" itemtype=\"https:\/\/schema.org\/BlogPosting\" itemprop=\"blogPost\" ><div class='avia_textblock'  itemprop=\"text\" ><h6><em><b>Kuka joukkueessa p\u00e4rj\u00e4isi parhaiten Selviytyjiss\u00e4?<\/b><\/em><\/h6>\n<p>En usko, ett\u00e4 kukaan joukkueesta p\u00e4rj\u00e4isi erityisen hyvin, mutta veikkaan, ett\u00e4<strong> Unni Laaksonen<\/strong> tiet\u00e4\u00e4 parhaiten, miten luonnossa toimitaan.<\/p>\n<\/div><\/section><\/div>\n<div  class='flex_column av-1dbewl0-5d405c43954ffe4c89d279430513c6ff av_one_third  avia-builder-el-8  el_after_av_one_third  el_before_av_one_full  flex_column_div  column-top-margin'     ><section  class='av_textblock_section av-mk334lo1-36acc0a4be377787c7e3e47d494e7107 '   itemscope=\"itemscope\" itemtype=\"https:\/\/schema.org\/BlogPosting\" itemprop=\"blogPost\" ><div class='avia_textblock'  itemprop=\"text\" ><h6><em><b>Nime\u00e4 Aktialiigan <strong data-start=\"129\" data-end=\"146\">aliarvostetetuin pelaaja?<\/strong><\/b><\/em><\/h6>\n<p>Sarjassa on monia pelaajia, jotka mielest\u00e4ni ansaitsisivat enemm\u00e4n huomiota, mutta mainitakseni muutaman niin mieleeni tulee ensimm\u00e4isen\u00e4 SIF:n maalivahti <strong>Roosa Penttinen<\/strong>, HIFK:n pakki <strong>Linda Juvala<\/strong> ja meid\u00e4n om puolustuskenraali <strong>Emily &#8221;Ymme&#8221; Johansson<\/strong>.<\/p>\n<\/div><\/section><\/div>\n<div  class='flex_column av-nm0v10-8862936a18d02f9263dd4aa438cd5a5c av_one_full  avia-builder-el-10  el_after_av_one_third  avia-builder-el-last  first flex_column_div  column-top-margin'     ><section  class='av_textblock_section av-mk3314bz-f029760e053357780d2969428d829043 '   itemscope=\"itemscope\" itemtype=\"https:\/\/schema.org\/BlogPosting\" itemprop=\"blogPost\" ><div class='avia_textblock'  itemprop=\"text\" ><h3>Katso ottelu HandisTV:st\u00e4<\/h3>\n<p>Mik\u00e4li et p\u00e4\u00e4se paikalle Luolaan, voit seurata ottelua <a href=\"https:\/\/handis.tv\/sc-final4\/games\/g\/qc2ot564\">Handis-tv<\/a>:st\u00e4 hintaan 6,90\u20ac\/ottelu tai 15\u20ac:lla n\u00e4et kaikki Suomen Cupin Final4:in ottelut. Voitto ohjautuu GrIFK Young Ladiesille.<\/p>\n<h5><strong>Seuraa meit\u00e4!<\/strong><\/h5>\n<p class=\"\" data-start=\"1232\" data-end=\"1305\"><strong data-start=\"1232\" data-end=\"1245\">Facebook:<\/strong>\u00a0<a href=\"https:\/\/www.facebook.com\/grifkdamer\">Grankulla IFK Handboll Damer<\/a><br data-start=\"1274\" data-end=\"1277\" \/><strong data-start=\"1277\" data-end=\"1291\">Instagram:<\/strong>\u00a0<a href=\"https:\/\/www.instagram.com\/grifkdamer\/\">@grifkdamer<\/a><\/p>\n<p data-start=\"1232\" data-end=\"1305\"><strong data-start=\"1307\" data-end=\"1318\">Teksti:<\/strong> Louise Heinonen<br data-start=\"1336\" data-end=\"1339\" \/><strong data-start=\"1339\" data-end=\"1348\">Kuva:<\/strong>\u00a0aki_kuvaus<\/p>\n<\/div><\/section><\/div>\n","protected":false},"excerpt":{"rendered":"","protected":false},"author":12,"featured_media":13378,"comment_status":"closed","ping_status":"closed","sticky":false,"template":"","format":"standard","meta":{"_acf_changed":false,"jetpack_post_was_ever_published":false,"footnotes":""},"categories":[457,1],"tags":[413,411,409,181,26,387,407,218,37],"class_list":["post-13903","post","type-post","status-publish","format-standard","has-post-thumbnail","hentry","category-ennakot-2025-26","category-uutiset","tag-aktialiga","tag-aktialiiga","tag-damernas-aktialiga","tag-grifkdamer","tag-grifkhandball","tag-louise-heinonen","tag-naisten-aktialiiga","tag-otteluennakko","tag-runkosarja"],"acf":[],"yoast_head":"<!-- This site is optimized with the Yoast SEO plugin v27.5 - https:\/\/yoast.com\/product\/yoast-seo-wordpress\/ -->\n<title>Suomen Cupin v\u00e4lier\u00e4 23.1.2026 * 18.15 GrIFK vs GrIFK Young Ladies &#187; GrIFK K\u00e4sipallo Naiset<\/title>\n<meta name=\"robots\" content=\"index, follow, max-snippet:-1, max-image-preview:large, max-video-preview:-1\" \/>\n<link rel=\"canonical\" href=\"https:\/\/grifk-handball.com\/naiset\/kausi-2025-26\/ennakot-2025-26\/suomen-cupin-valiera-23-1-2026-18-15-grifk-vs-grifk-young-ladies\/\" \/>\n<meta property=\"og:locale\" content=\"fi_FI\" \/>\n<meta property=\"og:type\" content=\"article\" \/>\n<meta property=\"og:title\" content=\"Suomen Cupin v\u00e4lier\u00e4 23.1.2026 * 18.15 GrIFK vs GrIFK Young Ladies &#187; GrIFK K\u00e4sipallo Naiset\" \/>\n<meta property=\"og:url\" content=\"https:\/\/grifk-handball.com\/naiset\/kausi-2025-26\/ennakot-2025-26\/suomen-cupin-valiera-23-1-2026-18-15-grifk-vs-grifk-young-ladies\/\" \/>\n<meta property=\"og:site_name\" content=\"GrIFK K\u00e4sipallo Naiset\" \/>\n<meta property=\"article:publisher\" content=\"https:\/\/www.facebook.com\/532444520237680\" \/>\n<meta property=\"article:published_time\" content=\"2026-01-23T08:34:00+00:00\" \/>\n<meta property=\"article:modified_time\" content=\"2026-01-23T08:42:24+00:00\" \/>\n<meta property=\"og:image\" content=\"https:\/\/grifk-handball.com\/naiset\/wp-content\/uploads\/sites\/3\/2025\/09\/Louise-ennakko-1030x687.png\" \/>\n\t<meta property=\"og:image:width\" content=\"1030\" \/>\n\t<meta property=\"og:image:height\" content=\"687\" \/>\n\t<meta property=\"og:image:type\" content=\"image\/png\" \/>\n<meta name=\"author\" content=\"Ellen\" \/>\n<meta name=\"twitter:card\" content=\"summary_large_image\" \/>\n<meta name=\"twitter:label1\" content=\"Kirjoittanut\" \/>\n\t<meta name=\"twitter:data1\" content=\"Ellen\" \/>\n\t<meta name=\"twitter:label2\" content=\"Arvioitu lukuaika\" \/>\n\t<meta name=\"twitter:data2\" content=\"3 minuuttia\" \/>\n<script type=\"application\/ld+json\" class=\"yoast-schema-graph\">{\"@context\":\"https:\\\/\\\/schema.org\",\"@graph\":[{\"@type\":\"Article\",\"@id\":\"https:\\\/\\\/grifk-handball.com\\\/naiset\\\/kausi-2025-26\\\/ennakot-2025-26\\\/suomen-cupin-valiera-23-1-2026-18-15-grifk-vs-grifk-young-ladies\\\/#article\",\"isPartOf\":{\"@id\":\"https:\\\/\\\/grifk-handball.com\\\/naiset\\\/kausi-2025-26\\\/ennakot-2025-26\\\/suomen-cupin-valiera-23-1-2026-18-15-grifk-vs-grifk-young-ladies\\\/\"},\"author\":{\"name\":\"Ellen\",\"@id\":\"https:\\\/\\\/grifk-handball.com\\\/naiset\\\/#\\\/schema\\\/person\\\/4ab70210cc3dec0bdbb99cc4d3388a15\"},\"headline\":\"Suomen Cupin v\u00e4lier\u00e4 23.1.2026 * 18.15 GrIFK vs GrIFK Young Ladies\",\"datePublished\":\"2026-01-23T08:34:00+00:00\",\"dateModified\":\"2026-01-23T08:42:24+00:00\",\"mainEntityOfPage\":{\"@id\":\"https:\\\/\\\/grifk-handball.com\\\/naiset\\\/kausi-2025-26\\\/ennakot-2025-26\\\/suomen-cupin-valiera-23-1-2026-18-15-grifk-vs-grifk-young-ladies\\\/\"},\"wordCount\":3006,\"image\":{\"@id\":\"https:\\\/\\\/grifk-handball.com\\\/naiset\\\/kausi-2025-26\\\/ennakot-2025-26\\\/suomen-cupin-valiera-23-1-2026-18-15-grifk-vs-grifk-young-ladies\\\/#primaryimage\"},\"thumbnailUrl\":\"https:\\\/\\\/grifk-handball.com\\\/naiset\\\/wp-content\\\/uploads\\\/sites\\\/3\\\/2025\\\/09\\\/Louise-ennakko.png\",\"keywords\":[\"#Aktialiga\",\"#aktialiiga\",\"#Damernas Aktialiga\",\"#GrIFKDamer\",\"#GrIFKHandball\",\"#Louise Heinonen\",\"#Naisten Aktialiiga\",\"#otteluennakko\",\"Runkosarja\"],\"articleSection\":[\"Ennakot 2025-26\",\"Uutiset\"],\"inLanguage\":\"fi\"},{\"@type\":\"WebPage\",\"@id\":\"https:\\\/\\\/grifk-handball.com\\\/naiset\\\/kausi-2025-26\\\/ennakot-2025-26\\\/suomen-cupin-valiera-23-1-2026-18-15-grifk-vs-grifk-young-ladies\\\/\",\"url\":\"https:\\\/\\\/grifk-handball.com\\\/naiset\\\/kausi-2025-26\\\/ennakot-2025-26\\\/suomen-cupin-valiera-23-1-2026-18-15-grifk-vs-grifk-young-ladies\\\/\",\"name\":\"Suomen Cupin v\u00e4lier\u00e4 23.1.2026 * 18.15 GrIFK vs GrIFK Young Ladies &#187; GrIFK K\u00e4sipallo Naiset\",\"isPartOf\":{\"@id\":\"https:\\\/\\\/grifk-handball.com\\\/naiset\\\/#website\"},\"primaryImageOfPage\":{\"@id\":\"https:\\\/\\\/grifk-handball.com\\\/naiset\\\/kausi-2025-26\\\/ennakot-2025-26\\\/suomen-cupin-valiera-23-1-2026-18-15-grifk-vs-grifk-young-ladies\\\/#primaryimage\"},\"image\":{\"@id\":\"https:\\\/\\\/grifk-handball.com\\\/naiset\\\/kausi-2025-26\\\/ennakot-2025-26\\\/suomen-cupin-valiera-23-1-2026-18-15-grifk-vs-grifk-young-ladies\\\/#primaryimage\"},\"thumbnailUrl\":\"https:\\\/\\\/grifk-handball.com\\\/naiset\\\/wp-content\\\/uploads\\\/sites\\\/3\\\/2025\\\/09\\\/Louise-ennakko.png\",\"datePublished\":\"2026-01-23T08:34:00+00:00\",\"dateModified\":\"2026-01-23T08:42:24+00:00\",\"author\":{\"@id\":\"https:\\\/\\\/grifk-handball.com\\\/naiset\\\/#\\\/schema\\\/person\\\/4ab70210cc3dec0bdbb99cc4d3388a15\"},\"breadcrumb\":{\"@id\":\"https:\\\/\\\/grifk-handball.com\\\/naiset\\\/kausi-2025-26\\\/ennakot-2025-26\\\/suomen-cupin-valiera-23-1-2026-18-15-grifk-vs-grifk-young-ladies\\\/#breadcrumb\"},\"inLanguage\":\"fi\",\"potentialAction\":[{\"@type\":\"ReadAction\",\"target\":[\"https:\\\/\\\/grifk-handball.com\\\/naiset\\\/kausi-2025-26\\\/ennakot-2025-26\\\/suomen-cupin-valiera-23-1-2026-18-15-grifk-vs-grifk-young-ladies\\\/\"]}]},{\"@type\":\"ImageObject\",\"inLanguage\":\"fi\",\"@id\":\"https:\\\/\\\/grifk-handball.com\\\/naiset\\\/kausi-2025-26\\\/ennakot-2025-26\\\/suomen-cupin-valiera-23-1-2026-18-15-grifk-vs-grifk-young-ladies\\\/#primaryimage\",\"url\":\"https:\\\/\\\/grifk-handball.com\\\/naiset\\\/wp-content\\\/uploads\\\/sites\\\/3\\\/2025\\\/09\\\/Louise-ennakko.png\",\"contentUrl\":\"https:\\\/\\\/grifk-handball.com\\\/naiset\\\/wp-content\\\/uploads\\\/sites\\\/3\\\/2025\\\/09\\\/Louise-ennakko.png\",\"width\":1500,\"height\":1000},{\"@type\":\"BreadcrumbList\",\"@id\":\"https:\\\/\\\/grifk-handball.com\\\/naiset\\\/kausi-2025-26\\\/ennakot-2025-26\\\/suomen-cupin-valiera-23-1-2026-18-15-grifk-vs-grifk-young-ladies\\\/#breadcrumb\",\"itemListElement\":[{\"@type\":\"ListItem\",\"position\":1,\"name\":\"Home\",\"item\":\"https:\\\/\\\/grifk-handball.com\\\/naiset\\\/etusivu-2\\\/\"},{\"@type\":\"ListItem\",\"position\":2,\"name\":\"Suomen Cupin v\u00e4lier\u00e4 23.1.2026 * 18.15 GrIFK vs GrIFK Young Ladies\"}]},{\"@type\":\"WebSite\",\"@id\":\"https:\\\/\\\/grifk-handball.com\\\/naiset\\\/#website\",\"url\":\"https:\\\/\\\/grifk-handball.com\\\/naiset\\\/\",\"name\":\"GrIFK K\u00e4sipallo Naiset\",\"description\":\"GrIFK K\u00e4sipallo Naiset\",\"potentialAction\":[{\"@type\":\"SearchAction\",\"target\":{\"@type\":\"EntryPoint\",\"urlTemplate\":\"https:\\\/\\\/grifk-handball.com\\\/naiset\\\/?s={search_term_string}\"},\"query-input\":{\"@type\":\"PropertyValueSpecification\",\"valueRequired\":true,\"valueName\":\"search_term_string\"}}],\"inLanguage\":\"fi\"},{\"@type\":\"Person\",\"@id\":\"https:\\\/\\\/grifk-handball.com\\\/naiset\\\/#\\\/schema\\\/person\\\/4ab70210cc3dec0bdbb99cc4d3388a15\",\"name\":\"Ellen\",\"image\":{\"@type\":\"ImageObject\",\"inLanguage\":\"fi\",\"@id\":\"https:\\\/\\\/secure.gravatar.com\\\/avatar\\\/396880c508552a2dd3d57b0f9a5f359464f2c496546a922dfec87788c1fa4504?s=96&d=mm&r=g\",\"url\":\"https:\\\/\\\/secure.gravatar.com\\\/avatar\\\/396880c508552a2dd3d57b0f9a5f359464f2c496546a922dfec87788c1fa4504?s=96&d=mm&r=g\",\"contentUrl\":\"https:\\\/\\\/secure.gravatar.com\\\/avatar\\\/396880c508552a2dd3d57b0f9a5f359464f2c496546a922dfec87788c1fa4504?s=96&d=mm&r=g\",\"caption\":\"Ellen\"},\"url\":\"https:\\\/\\\/grifk-handball.com\\\/naiset\\\/author\\\/elleneskelin\\\/\"}]}<\/script>\n<!-- \/ Yoast SEO plugin. -->","yoast_head_json":{"title":"Suomen Cupin v\u00e4lier\u00e4 23.1.2026 * 18.15 GrIFK vs GrIFK Young Ladies &#187; GrIFK K\u00e4sipallo Naiset","robots":{"index":"index","follow":"follow","max-snippet":"max-snippet:-1","max-image-preview":"max-image-preview:large","max-video-preview":"max-video-preview:-1"},"canonical":"https:\/\/grifk-handball.com\/naiset\/kausi-2025-26\/ennakot-2025-26\/suomen-cupin-valiera-23-1-2026-18-15-grifk-vs-grifk-young-ladies\/","og_locale":"fi_FI","og_type":"article","og_title":"Suomen Cupin v\u00e4lier\u00e4 23.1.2026 * 18.15 GrIFK vs GrIFK Young Ladies &#187; GrIFK K\u00e4sipallo Naiset","og_url":"https:\/\/grifk-handball.com\/naiset\/kausi-2025-26\/ennakot-2025-26\/suomen-cupin-valiera-23-1-2026-18-15-grifk-vs-grifk-young-ladies\/","og_site_name":"GrIFK K\u00e4sipallo Naiset","article_publisher":"https:\/\/www.facebook.com\/532444520237680","article_published_time":"2026-01-23T08:34:00+00:00","article_modified_time":"2026-01-23T08:42:24+00:00","og_image":[{"width":1030,"height":687,"url":"https:\/\/grifk-handball.com\/naiset\/wp-content\/uploads\/sites\/3\/2025\/09\/Louise-ennakko-1030x687.png","type":"image\/png"}],"author":"Ellen","twitter_card":"summary_large_image","twitter_misc":{"Kirjoittanut":"Ellen","Arvioitu lukuaika":"3 minuuttia"},"schema":{"@context":"https:\/\/schema.org","@graph":[{"@type":"Article","@id":"https:\/\/grifk-handball.com\/naiset\/kausi-2025-26\/ennakot-2025-26\/suomen-cupin-valiera-23-1-2026-18-15-grifk-vs-grifk-young-ladies\/#article","isPartOf":{"@id":"https:\/\/grifk-handball.com\/naiset\/kausi-2025-26\/ennakot-2025-26\/suomen-cupin-valiera-23-1-2026-18-15-grifk-vs-grifk-young-ladies\/"},"author":{"name":"Ellen","@id":"https:\/\/grifk-handball.com\/naiset\/#\/schema\/person\/4ab70210cc3dec0bdbb99cc4d3388a15"},"headline":"Suomen Cupin v\u00e4lier\u00e4 23.1.2026 * 18.15 GrIFK vs GrIFK Young Ladies","datePublished":"2026-01-23T08:34:00+00:00","dateModified":"2026-01-23T08:42:24+00:00","mainEntityOfPage":{"@id":"https:\/\/grifk-handball.com\/naiset\/kausi-2025-26\/ennakot-2025-26\/suomen-cupin-valiera-23-1-2026-18-15-grifk-vs-grifk-young-ladies\/"},"wordCount":3006,"image":{"@id":"https:\/\/grifk-handball.com\/naiset\/kausi-2025-26\/ennakot-2025-26\/suomen-cupin-valiera-23-1-2026-18-15-grifk-vs-grifk-young-ladies\/#primaryimage"},"thumbnailUrl":"https:\/\/grifk-handball.com\/naiset\/wp-content\/uploads\/sites\/3\/2025\/09\/Louise-ennakko.png","keywords":["#Aktialiga","#aktialiiga","#Damernas Aktialiga","#GrIFKDamer","#GrIFKHandball","#Louise Heinonen","#Naisten Aktialiiga","#otteluennakko","Runkosarja"],"articleSection":["Ennakot 2025-26","Uutiset"],"inLanguage":"fi"},{"@type":"WebPage","@id":"https:\/\/grifk-handball.com\/naiset\/kausi-2025-26\/ennakot-2025-26\/suomen-cupin-valiera-23-1-2026-18-15-grifk-vs-grifk-young-ladies\/","url":"https:\/\/grifk-handball.com\/naiset\/kausi-2025-26\/ennakot-2025-26\/suomen-cupin-valiera-23-1-2026-18-15-grifk-vs-grifk-young-ladies\/","name":"Suomen Cupin v\u00e4lier\u00e4 23.1.2026 * 18.15 GrIFK vs GrIFK Young Ladies &#187; GrIFK K\u00e4sipallo Naiset","isPartOf":{"@id":"https:\/\/grifk-handball.com\/naiset\/#website"},"primaryImageOfPage":{"@id":"https:\/\/grifk-handball.com\/naiset\/kausi-2025-26\/ennakot-2025-26\/suomen-cupin-valiera-23-1-2026-18-15-grifk-vs-grifk-young-ladies\/#primaryimage"},"image":{"@id":"https:\/\/grifk-handball.com\/naiset\/kausi-2025-26\/ennakot-2025-26\/suomen-cupin-valiera-23-1-2026-18-15-grifk-vs-grifk-young-ladies\/#primaryimage"},"thumbnailUrl":"https:\/\/grifk-handball.com\/naiset\/wp-content\/uploads\/sites\/3\/2025\/09\/Louise-ennakko.png","datePublished":"2026-01-23T08:34:00+00:00","dateModified":"2026-01-23T08:42:24+00:00","author":{"@id":"https:\/\/grifk-handball.com\/naiset\/#\/schema\/person\/4ab70210cc3dec0bdbb99cc4d3388a15"},"breadcrumb":{"@id":"https:\/\/grifk-handball.com\/naiset\/kausi-2025-26\/ennakot-2025-26\/suomen-cupin-valiera-23-1-2026-18-15-grifk-vs-grifk-young-ladies\/#breadcrumb"},"inLanguage":"fi","potentialAction":[{"@type":"ReadAction","target":["https:\/\/grifk-handball.com\/naiset\/kausi-2025-26\/ennakot-2025-26\/suomen-cupin-valiera-23-1-2026-18-15-grifk-vs-grifk-young-ladies\/"]}]},{"@type":"ImageObject","inLanguage":"fi","@id":"https:\/\/grifk-handball.com\/naiset\/kausi-2025-26\/ennakot-2025-26\/suomen-cupin-valiera-23-1-2026-18-15-grifk-vs-grifk-young-ladies\/#primaryimage","url":"https:\/\/grifk-handball.com\/naiset\/wp-content\/uploads\/sites\/3\/2025\/09\/Louise-ennakko.png","contentUrl":"https:\/\/grifk-handball.com\/naiset\/wp-content\/uploads\/sites\/3\/2025\/09\/Louise-ennakko.png","width":1500,"height":1000},{"@type":"BreadcrumbList","@id":"https:\/\/grifk-handball.com\/naiset\/kausi-2025-26\/ennakot-2025-26\/suomen-cupin-valiera-23-1-2026-18-15-grifk-vs-grifk-young-ladies\/#breadcrumb","itemListElement":[{"@type":"ListItem","position":1,"name":"Home","item":"https:\/\/grifk-handball.com\/naiset\/etusivu-2\/"},{"@type":"ListItem","position":2,"name":"Suomen Cupin v\u00e4lier\u00e4 23.1.2026 * 18.15 GrIFK vs GrIFK Young Ladies"}]},{"@type":"WebSite","@id":"https:\/\/grifk-handball.com\/naiset\/#website","url":"https:\/\/grifk-handball.com\/naiset\/","name":"GrIFK K\u00e4sipallo Naiset","description":"GrIFK K\u00e4sipallo Naiset","potentialAction":[{"@type":"SearchAction","target":{"@type":"EntryPoint","urlTemplate":"https:\/\/grifk-handball.com\/naiset\/?s={search_term_string}"},"query-input":{"@type":"PropertyValueSpecification","valueRequired":true,"valueName":"search_term_string"}}],"inLanguage":"fi"},{"@type":"Person","@id":"https:\/\/grifk-handball.com\/naiset\/#\/schema\/person\/4ab70210cc3dec0bdbb99cc4d3388a15","name":"Ellen","image":{"@type":"ImageObject","inLanguage":"fi","@id":"https:\/\/secure.gravatar.com\/avatar\/396880c508552a2dd3d57b0f9a5f359464f2c496546a922dfec87788c1fa4504?s=96&d=mm&r=g","url":"https:\/\/secure.gravatar.com\/avatar\/396880c508552a2dd3d57b0f9a5f359464f2c496546a922dfec87788c1fa4504?s=96&d=mm&r=g","contentUrl":"https:\/\/secure.gravatar.com\/avatar\/396880c508552a2dd3d57b0f9a5f359464f2c496546a922dfec87788c1fa4504?s=96&d=mm&r=g","caption":"Ellen"},"url":"https:\/\/grifk-handball.com\/naiset\/author\/elleneskelin\/"}]}},"jetpack_featured_media_url":"https:\/\/grifk-handball.com\/naiset\/wp-content\/uploads\/sites\/3\/2025\/09\/Louise-ennakko.png","jetpack_sharing_enabled":true,"_links":{"self":[{"href":"https:\/\/grifk-handball.com\/naiset\/wp-json\/wp\/v2\/posts\/13903","targetHints":{"allow":["GET"]}}],"collection":[{"href":"https:\/\/grifk-handball.com\/naiset\/wp-json\/wp\/v2\/posts"}],"about":[{"href":"https:\/\/grifk-handball.com\/naiset\/wp-json\/wp\/v2\/types\/post"}],"author":[{"embeddable":true,"href":"https:\/\/grifk-handball.com\/naiset\/wp-json\/wp\/v2\/users\/12"}],"replies":[{"embeddable":true,"href":"https:\/\/grifk-handball.com\/naiset\/wp-json\/wp\/v2\/comments?post=13903"}],"version-history":[{"count":3,"href":"https:\/\/grifk-handball.com\/naiset\/wp-json\/wp\/v2\/posts\/13903\/revisions"}],"predecessor-version":[{"id":13911,"href":"https:\/\/grifk-handball.com\/naiset\/wp-json\/wp\/v2\/posts\/13903\/revisions\/13911"}],"wp:featuredmedia":[{"embeddable":true,"href":"https:\/\/grifk-handball.com\/naiset\/wp-json\/wp\/v2\/media\/13378"}],"wp:attachment":[{"href":"https:\/\/grifk-handball.com\/naiset\/wp-json\/wp\/v2\/media?parent=13903"}],"wp:term":[{"taxonomy":"category","embeddable":true,"href":"https:\/\/grifk-handball.com\/naiset\/wp-json\/wp\/v2\/categories?post=13903"},{"taxonomy":"post_tag","embeddable":true,"href":"https:\/\/grifk-handball.com\/naiset\/wp-json\/wp\/v2\/tags?post=13903"}],"curies":[{"name":"wp","href":"https:\/\/api.w.org\/{rel}","templated":true}]}}