{"id":13908,"date":"2026-01-23T10:41:47","date_gmt":"2026-01-23T08:41:47","guid":{"rendered":"https:\/\/grifk-handball.com\/naiset\/?p=13908"},"modified":"2026-01-23T10:41:47","modified_gmt":"2026-01-23T08:41:47","slug":"finska-cuppens-semifinal-23-1-2026-18-15-grifk-vs-grifk-young-ladies","status":"publish","type":"post","link":"https:\/\/grifk-handball.com\/naiset\/kausi-2025-26\/ennakot-2025-26\/finska-cuppens-semifinal-23-1-2026-18-15-grifk-vs-grifk-young-ladies\/","title":{"rendered":"Finska Cuppens semifinal 23.1.2026 * 18.15 GrIFK vs GrIFK Young Ladies"},"content":{"rendered":"<div  class='flex_column av-210l2gt-082b8a385ce5b8004aaae8e328149255 av_one_full  avia-builder-el-0  el_before_av_textblock  avia-builder-el-first  first flex_column_div  '     ><p>\n<style type=\"text\/css\" data-created_by=\"avia_inline_auto\" id=\"style-css-av-mk33tb7r-48a586bad355e79328b699acb3bae82e\">\n.avia-image-container.av-mk33tb7r-48a586bad355e79328b699acb3bae82e img.avia_image{\nbox-shadow:none;\n}\n.avia-image-container.av-mk33tb7r-48a586bad355e79328b699acb3bae82e .av-image-caption-overlay-center{\ncolor:#ffffff;\n}\n<\/style>\n<div  class='avia-image-container av-mk33tb7r-48a586bad355e79328b699acb3bae82e av-styling- avia-align-center  avia-builder-el-1  el_before_av_heading  avia-builder-el-first '   itemprop=\"image\" itemscope=\"itemscope\" itemtype=\"https:\/\/schema.org\/ImageObject\" ><div class=\"avia-image-container-inner\"><div class=\"avia-image-overlay-wrap\"><img decoding=\"async\" fetchpriority=\"high\" class='wp-image-13378 avia-img-lazy-loading-not-13378 avia_image ' src=\"https:\/\/grifk-handball.com\/naiset\/wp-content\/uploads\/sites\/3\/2025\/09\/Louise-ennakko-1030x687.png\" alt='' title='Louise ennakko'  height=\"687\" width=\"1030\"  itemprop=\"thumbnailUrl\" srcset=\"https:\/\/grifk-handball.com\/naiset\/wp-content\/uploads\/sites\/3\/2025\/09\/Louise-ennakko-1030x687.png 1030w, https:\/\/grifk-handball.com\/naiset\/wp-content\/uploads\/sites\/3\/2025\/09\/Louise-ennakko-300x200.png 300w, https:\/\/grifk-handball.com\/naiset\/wp-content\/uploads\/sites\/3\/2025\/09\/Louise-ennakko-768x512.png 768w, https:\/\/grifk-handball.com\/naiset\/wp-content\/uploads\/sites\/3\/2025\/09\/Louise-ennakko-705x470.png 705w, https:\/\/grifk-handball.com\/naiset\/wp-content\/uploads\/sites\/3\/2025\/09\/Louise-ennakko.png 1500w\" sizes=\"(max-width: 1030px) 100vw, 1030px\" \/><\/div><\/div><\/div><br \/>\n\n<style type=\"text\/css\" data-created_by=\"avia_inline_auto\" id=\"style-css-av-mk33tkch-e38598f9935d969dd1139c7cae2d3c1d\">\n#top .av-special-heading.av-mk33tkch-e38598f9935d969dd1139c7cae2d3c1d{\npadding-bottom:10px;\n}\nbody .av-special-heading.av-mk33tkch-e38598f9935d969dd1139c7cae2d3c1d .av-special-heading-tag .heading-char{\nfont-size:25px;\n}\n.av-special-heading.av-mk33tkch-e38598f9935d969dd1139c7cae2d3c1d .av-subheading{\nfont-size:15px;\n}\n<\/style>\n<div  class='av-special-heading av-mk33tkch-e38598f9935d969dd1139c7cae2d3c1d av-special-heading-h3  avia-builder-el-2  el_after_av_image  avia-builder-el-last '><h3 class='av-special-heading-tag '  itemprop=\"headline\"  >Finska Cuppens semifinal 23.1.2026 * 18.15 GrIFK vs GrIFK Young Ladies<\/h3><div class=\"special-heading-border\"><div class=\"special-heading-inner-border\"><\/div><\/div><\/div><\/p><\/div><section  class='av_textblock_section av-mk33tycb-3c9956056e6d11acb47e2959b93defc8 '   itemscope=\"itemscope\" itemtype=\"https:\/\/schema.org\/BlogPosting\" itemprop=\"blogPost\" ><div class='avia_textblock'  itemprop=\"text\" ><p>Efter en l\u00e5ng v\u00e4ntan \u00e4r det \u00e4ntligen dags f\u00f6r Finska Cupens semifinal! P\u00e5 fredagen m\u00f6ter vi division 1-laget GrIFK Young Ladies i en historisk semifinal p\u00e5 b\u00e5das hemmaplan i Grottan. Matchen visslas ig\u00e5ng kl. 18:15, men det l\u00f6nar sig att komma i tid d\u00e5 Maria Sandelin-Timmermans spelskjorta kommer att frysas och hissas upp i hallen f\u00f6re matchstart redan klockan 18:00!<\/p>\n<p>Young Ladies, \u201dYL\u201d, \u00e4r b\u00e5de ett bekant och ett obekant lag f\u00f6r oss. YL best\u00e5r av flera yngre spelare som spelar b\u00e5de i YL och i A-flickorna, och \u00e4r p\u00e5 s\u00e5 s\u00e4tt delvis ok\u00e4nda f\u00f6r oss, d\u00e5 det \u00e4r v\u00e4ldigt f\u00e5 av oss som har spelat med eller mot dem. Samtidigt \u00e4r de \u00e4ven bekanta spelare, eftersom flera av dem tr\u00e4nar med oss d\u00e5 och d\u00e5. En av v\u00e5ra mest ton givande f\u00f6rsvarsspelare fr\u00e5n f\u00f6rra s\u00e4songen, <strong>Fanny Reinikainen<\/strong> \u00e4r ocks\u00e5 ett bekant ansikte i YL.<\/p>\n<p>Dessutom har YL-spelarna <strong>Julianna R\u00e4s\u00e4nen, Sara Kulmala, Frida Ekman och Livia von Wendt<\/strong> nyligen l\u00e5nats ut till Cocks och har f\u00e5tt erfarenhet i Aktialigan och jag tror att de kommer ha stora roller i YL:s spel. En annan rolig grej i YL:s spel \u00e4r att v\u00e5r m\u00e5lvaktstr\u00e4nare <strong>Bianca Eklundh<\/strong> inte kommer att finnas p\u00e5 v\u00e5r b\u00e4nk f\u00f6r att guida v\u00e5ra m\u00e5lvakter d\u00e5 hon ist\u00e4llet kommer att vakta YL:s m\u00e5l.<\/p>\n<p>Det kommer att bli en super rolig match och jag hoppas s\u00e5 m\u00e5nga som m\u00f6jligt kan ta sig till hallen och heja fram ett av Grani lagen till Final!<\/p>\n<h4>Tre snabba med Louise<\/h4>\n<\/div><\/section><\/p>\n<div  class='flex_column av-1sy7yql-9673858f63f94c01fbccf8dff1301a02 av_one_third  avia-builder-el-4  el_after_av_textblock  el_before_av_one_third  first flex_column_div  column-top-margin'     ><section  class='av_textblock_section av-mk33vd76-ab675005d266322e912baf3ae2f01d3f '   itemscope=\"itemscope\" itemtype=\"https:\/\/schema.org\/BlogPosting\" itemprop=\"blogPost\" ><div class='avia_textblock'  itemprop=\"text\" ><h6><em>Vem hejar du p\u00e5 i herrarnas EM?<\/em><\/h6>\n<p>Jag hejar p\u00e5 Danmark.<\/p>\n<\/div><\/section><\/div><div  class='flex_column av-1728rlp-337d2a6a6612066a6e1e6b6ac9c43d22 av_one_third  avia-builder-el-6  el_after_av_one_third  el_before_av_one_third  flex_column_div  column-top-margin'     ><section  class='av_textblock_section av-mk33vot6-f7d1cc5e0844dbb84f4cafc71d4ab238 '   itemscope=\"itemscope\" itemtype=\"https:\/\/schema.org\/BlogPosting\" itemprop=\"blogPost\" ><div class='avia_textblock'  itemprop=\"text\" ><h6><em>Vem i laget skulle klara sig b\u00e4st i Selviytyj\u00e4t\/Robinson?<\/em><\/h6>\n<p>\u2060Jag tror inte n\u00e5n i laget sku klara sig j\u00e4ttebra men tror att <strong>Unni Laaksonen<\/strong> har mest koll p\u00e5 hur man vistas i naturen.<\/p>\n<\/div><\/section><\/div><div  class='flex_column av-puc8jh-e00341112c5823ef71b28d58732f6877 av_one_third  avia-builder-el-8  el_after_av_one_third  el_before_av_one_full  flex_column_div  column-top-margin'     ><section  class='av_textblock_section av-mk33w10s-a7a221554d5906324f1c72a7032bbcff '   itemscope=\"itemscope\" itemtype=\"https:\/\/schema.org\/BlogPosting\" itemprop=\"blogPost\" ><div class='avia_textblock'  itemprop=\"text\" ><h6><em>Finns det n\u00e5gon spelare i Aktialiigan som enligt dig \u00e4r underskattad?<\/em><\/h6>\n<p>De finns flera duktiga spelare som sku f\u00f6rtj\u00e4na mera uppm\u00e4rksamhet, men f\u00f6r att lyfta n\u00e5gra s\u00e5 v\u00e4ljer jag att lyfta SIF:s m\u00e5lvakt <strong>Roosa Penttinen<\/strong>, HIFK:s 9M-spelare <strong>Linda Juvala<\/strong> och v\u00e5r egna f\u00f6rsvargeneral <strong>Emily &#8221;Ymme&#8221; Johansson<\/strong>.<\/p>\n<\/div><\/section><\/div><div  class='flex_column av-jx71z1-e58fdc9581f45f3f081bb01ef283f200 av_one_full  avia-builder-el-10  el_after_av_one_third  avia-builder-el-last  first flex_column_div  column-top-margin'     ><section  class='av_textblock_section av-mk33yd32-24c9b8f4c2023ad652018a6737446d55 '   itemscope=\"itemscope\" itemtype=\"https:\/\/schema.org\/BlogPosting\" itemprop=\"blogPost\" ><div class='avia_textblock'  itemprop=\"text\" ><h3><strong>Kolla matchen p\u00e5 Handis-TV\u00a0<\/strong><\/h3>\n<p>Om du inte kan ta dig till Grottan kan du se matchen p\u00e5 <a href=\"https:\/\/handis.tv\/grifknaiset\">Handis-tv<\/a> f\u00f6r 6,90\u20ac\/match eller f\u00f6r 15\u20ac kan du se alla matcher i Finska Cuppens Final4. Int\u00e4ckterna g\u00e5r till GrIFK Young Ladies.<\/p>\n<h5><strong>F\u00f6lj oss g\u00e4rna!<\/strong><\/h5>\n<p>Facebook: <a href=\"https:\/\/www.facebook.com\/grifkdamer\">Grankulla IFK Handboll Damer<\/a><\/p>\n<p>Instagram: <a href=\"https:\/\/www.instagram.com\/grifkdamer\/\">@grifkdamer<\/a><\/p>\n<p>Text: Lousie Heinonen<br \/>\nFoto: aki_kuvaus<\/p>\n<\/div><\/section><\/div><\/p>\n","protected":false},"excerpt":{"rendered":"","protected":false},"author":12,"featured_media":13378,"comment_status":"closed","ping_status":"closed","sticky":false,"template":"","format":"standard","meta":{"_acf_changed":false,"jetpack_post_was_ever_published":false,"footnotes":""},"categories":[457,1],"tags":[413,411,409,181,26,387,407,218,37],"class_list":["post-13908","post","type-post","status-publish","format-standard","has-post-thumbnail","hentry","category-ennakot-2025-26","category-uutiset","tag-aktialiga","tag-aktialiiga","tag-damernas-aktialiga","tag-grifkdamer","tag-grifkhandball","tag-louise-heinonen","tag-naisten-aktialiiga","tag-otteluennakko","tag-runkosarja"],"acf":[],"yoast_head":"<!-- This site is optimized with the Yoast SEO plugin v27.5 - https:\/\/yoast.com\/product\/yoast-seo-wordpress\/ -->\n<title>Finska Cuppens semifinal 23.1.2026 * 18.15 GrIFK vs GrIFK Young Ladies &#187; GrIFK K\u00e4sipallo Naiset<\/title>\n<meta name=\"robots\" content=\"index, follow, max-snippet:-1, max-image-preview:large, max-video-preview:-1\" \/>\n<link rel=\"canonical\" href=\"https:\/\/grifk-handball.com\/naiset\/kausi-2025-26\/ennakot-2025-26\/finska-cuppens-semifinal-23-1-2026-18-15-grifk-vs-grifk-young-ladies\/\" \/>\n<meta property=\"og:locale\" content=\"fi_FI\" \/>\n<meta property=\"og:type\" content=\"article\" \/>\n<meta property=\"og:title\" content=\"Finska Cuppens semifinal 23.1.2026 * 18.15 GrIFK vs GrIFK Young Ladies &#187; GrIFK K\u00e4sipallo Naiset\" \/>\n<meta property=\"og:url\" content=\"https:\/\/grifk-handball.com\/naiset\/kausi-2025-26\/ennakot-2025-26\/finska-cuppens-semifinal-23-1-2026-18-15-grifk-vs-grifk-young-ladies\/\" \/>\n<meta property=\"og:site_name\" content=\"GrIFK K\u00e4sipallo Naiset\" \/>\n<meta property=\"article:publisher\" content=\"https:\/\/www.facebook.com\/532444520237680\" \/>\n<meta property=\"article:published_time\" content=\"2026-01-23T08:41:47+00:00\" \/>\n<meta property=\"og:image\" content=\"https:\/\/grifk-handball.com\/naiset\/wp-content\/uploads\/sites\/3\/2025\/09\/Louise-ennakko-1030x687.png\" \/>\n\t<meta property=\"og:image:width\" content=\"1030\" \/>\n\t<meta property=\"og:image:height\" content=\"687\" \/>\n\t<meta property=\"og:image:type\" content=\"image\/png\" \/>\n<meta name=\"author\" content=\"Ellen\" \/>\n<meta name=\"twitter:card\" content=\"summary_large_image\" \/>\n<meta name=\"twitter:label1\" content=\"Kirjoittanut\" \/>\n\t<meta name=\"twitter:data1\" content=\"Ellen\" \/>\n\t<meta name=\"twitter:label2\" content=\"Arvioitu lukuaika\" \/>\n\t<meta name=\"twitter:data2\" content=\"3 minuuttia\" \/>\n<script type=\"application\/ld+json\" class=\"yoast-schema-graph\">{\"@context\":\"https:\\\/\\\/schema.org\",\"@graph\":[{\"@type\":\"Article\",\"@id\":\"https:\\\/\\\/grifk-handball.com\\\/naiset\\\/kausi-2025-26\\\/ennakot-2025-26\\\/finska-cuppens-semifinal-23-1-2026-18-15-grifk-vs-grifk-young-ladies\\\/#article\",\"isPartOf\":{\"@id\":\"https:\\\/\\\/grifk-handball.com\\\/naiset\\\/kausi-2025-26\\\/ennakot-2025-26\\\/finska-cuppens-semifinal-23-1-2026-18-15-grifk-vs-grifk-young-ladies\\\/\"},\"author\":{\"name\":\"Ellen\",\"@id\":\"https:\\\/\\\/grifk-handball.com\\\/naiset\\\/#\\\/schema\\\/person\\\/4ab70210cc3dec0bdbb99cc4d3388a15\"},\"headline\":\"Finska Cuppens semifinal 23.1.2026 * 18.15 GrIFK vs GrIFK Young Ladies\",\"datePublished\":\"2026-01-23T08:41:47+00:00\",\"mainEntityOfPage\":{\"@id\":\"https:\\\/\\\/grifk-handball.com\\\/naiset\\\/kausi-2025-26\\\/ennakot-2025-26\\\/finska-cuppens-semifinal-23-1-2026-18-15-grifk-vs-grifk-young-ladies\\\/\"},\"wordCount\":3113,\"image\":{\"@id\":\"https:\\\/\\\/grifk-handball.com\\\/naiset\\\/kausi-2025-26\\\/ennakot-2025-26\\\/finska-cuppens-semifinal-23-1-2026-18-15-grifk-vs-grifk-young-ladies\\\/#primaryimage\"},\"thumbnailUrl\":\"https:\\\/\\\/grifk-handball.com\\\/naiset\\\/wp-content\\\/uploads\\\/sites\\\/3\\\/2025\\\/09\\\/Louise-ennakko.png\",\"keywords\":[\"#Aktialiga\",\"#aktialiiga\",\"#Damernas Aktialiga\",\"#GrIFKDamer\",\"#GrIFKHandball\",\"#Louise Heinonen\",\"#Naisten Aktialiiga\",\"#otteluennakko\",\"Runkosarja\"],\"articleSection\":[\"Ennakot 2025-26\",\"Uutiset\"],\"inLanguage\":\"fi\"},{\"@type\":\"WebPage\",\"@id\":\"https:\\\/\\\/grifk-handball.com\\\/naiset\\\/kausi-2025-26\\\/ennakot-2025-26\\\/finska-cuppens-semifinal-23-1-2026-18-15-grifk-vs-grifk-young-ladies\\\/\",\"url\":\"https:\\\/\\\/grifk-handball.com\\\/naiset\\\/kausi-2025-26\\\/ennakot-2025-26\\\/finska-cuppens-semifinal-23-1-2026-18-15-grifk-vs-grifk-young-ladies\\\/\",\"name\":\"Finska Cuppens semifinal 23.1.2026 * 18.15 GrIFK vs GrIFK Young Ladies &#187; GrIFK K\u00e4sipallo Naiset\",\"isPartOf\":{\"@id\":\"https:\\\/\\\/grifk-handball.com\\\/naiset\\\/#website\"},\"primaryImageOfPage\":{\"@id\":\"https:\\\/\\\/grifk-handball.com\\\/naiset\\\/kausi-2025-26\\\/ennakot-2025-26\\\/finska-cuppens-semifinal-23-1-2026-18-15-grifk-vs-grifk-young-ladies\\\/#primaryimage\"},\"image\":{\"@id\":\"https:\\\/\\\/grifk-handball.com\\\/naiset\\\/kausi-2025-26\\\/ennakot-2025-26\\\/finska-cuppens-semifinal-23-1-2026-18-15-grifk-vs-grifk-young-ladies\\\/#primaryimage\"},\"thumbnailUrl\":\"https:\\\/\\\/grifk-handball.com\\\/naiset\\\/wp-content\\\/uploads\\\/sites\\\/3\\\/2025\\\/09\\\/Louise-ennakko.png\",\"datePublished\":\"2026-01-23T08:41:47+00:00\",\"author\":{\"@id\":\"https:\\\/\\\/grifk-handball.com\\\/naiset\\\/#\\\/schema\\\/person\\\/4ab70210cc3dec0bdbb99cc4d3388a15\"},\"breadcrumb\":{\"@id\":\"https:\\\/\\\/grifk-handball.com\\\/naiset\\\/kausi-2025-26\\\/ennakot-2025-26\\\/finska-cuppens-semifinal-23-1-2026-18-15-grifk-vs-grifk-young-ladies\\\/#breadcrumb\"},\"inLanguage\":\"fi\",\"potentialAction\":[{\"@type\":\"ReadAction\",\"target\":[\"https:\\\/\\\/grifk-handball.com\\\/naiset\\\/kausi-2025-26\\\/ennakot-2025-26\\\/finska-cuppens-semifinal-23-1-2026-18-15-grifk-vs-grifk-young-ladies\\\/\"]}]},{\"@type\":\"ImageObject\",\"inLanguage\":\"fi\",\"@id\":\"https:\\\/\\\/grifk-handball.com\\\/naiset\\\/kausi-2025-26\\\/ennakot-2025-26\\\/finska-cuppens-semifinal-23-1-2026-18-15-grifk-vs-grifk-young-ladies\\\/#primaryimage\",\"url\":\"https:\\\/\\\/grifk-handball.com\\\/naiset\\\/wp-content\\\/uploads\\\/sites\\\/3\\\/2025\\\/09\\\/Louise-ennakko.png\",\"contentUrl\":\"https:\\\/\\\/grifk-handball.com\\\/naiset\\\/wp-content\\\/uploads\\\/sites\\\/3\\\/2025\\\/09\\\/Louise-ennakko.png\",\"width\":1500,\"height\":1000},{\"@type\":\"BreadcrumbList\",\"@id\":\"https:\\\/\\\/grifk-handball.com\\\/naiset\\\/kausi-2025-26\\\/ennakot-2025-26\\\/finska-cuppens-semifinal-23-1-2026-18-15-grifk-vs-grifk-young-ladies\\\/#breadcrumb\",\"itemListElement\":[{\"@type\":\"ListItem\",\"position\":1,\"name\":\"Home\",\"item\":\"https:\\\/\\\/grifk-handball.com\\\/naiset\\\/etusivu-2\\\/\"},{\"@type\":\"ListItem\",\"position\":2,\"name\":\"Finska Cuppens semifinal 23.1.2026 * 18.15 GrIFK vs GrIFK Young Ladies\"}]},{\"@type\":\"WebSite\",\"@id\":\"https:\\\/\\\/grifk-handball.com\\\/naiset\\\/#website\",\"url\":\"https:\\\/\\\/grifk-handball.com\\\/naiset\\\/\",\"name\":\"GrIFK K\u00e4sipallo Naiset\",\"description\":\"GrIFK K\u00e4sipallo Naiset\",\"potentialAction\":[{\"@type\":\"SearchAction\",\"target\":{\"@type\":\"EntryPoint\",\"urlTemplate\":\"https:\\\/\\\/grifk-handball.com\\\/naiset\\\/?s={search_term_string}\"},\"query-input\":{\"@type\":\"PropertyValueSpecification\",\"valueRequired\":true,\"valueName\":\"search_term_string\"}}],\"inLanguage\":\"fi\"},{\"@type\":\"Person\",\"@id\":\"https:\\\/\\\/grifk-handball.com\\\/naiset\\\/#\\\/schema\\\/person\\\/4ab70210cc3dec0bdbb99cc4d3388a15\",\"name\":\"Ellen\",\"image\":{\"@type\":\"ImageObject\",\"inLanguage\":\"fi\",\"@id\":\"https:\\\/\\\/secure.gravatar.com\\\/avatar\\\/396880c508552a2dd3d57b0f9a5f359464f2c496546a922dfec87788c1fa4504?s=96&d=mm&r=g\",\"url\":\"https:\\\/\\\/secure.gravatar.com\\\/avatar\\\/396880c508552a2dd3d57b0f9a5f359464f2c496546a922dfec87788c1fa4504?s=96&d=mm&r=g\",\"contentUrl\":\"https:\\\/\\\/secure.gravatar.com\\\/avatar\\\/396880c508552a2dd3d57b0f9a5f359464f2c496546a922dfec87788c1fa4504?s=96&d=mm&r=g\",\"caption\":\"Ellen\"},\"url\":\"https:\\\/\\\/grifk-handball.com\\\/naiset\\\/author\\\/elleneskelin\\\/\"}]}<\/script>\n<!-- \/ Yoast SEO plugin. -->","yoast_head_json":{"title":"Finska Cuppens semifinal 23.1.2026 * 18.15 GrIFK vs GrIFK Young Ladies &#187; GrIFK K\u00e4sipallo Naiset","robots":{"index":"index","follow":"follow","max-snippet":"max-snippet:-1","max-image-preview":"max-image-preview:large","max-video-preview":"max-video-preview:-1"},"canonical":"https:\/\/grifk-handball.com\/naiset\/kausi-2025-26\/ennakot-2025-26\/finska-cuppens-semifinal-23-1-2026-18-15-grifk-vs-grifk-young-ladies\/","og_locale":"fi_FI","og_type":"article","og_title":"Finska Cuppens semifinal 23.1.2026 * 18.15 GrIFK vs GrIFK Young Ladies &#187; GrIFK K\u00e4sipallo Naiset","og_url":"https:\/\/grifk-handball.com\/naiset\/kausi-2025-26\/ennakot-2025-26\/finska-cuppens-semifinal-23-1-2026-18-15-grifk-vs-grifk-young-ladies\/","og_site_name":"GrIFK K\u00e4sipallo Naiset","article_publisher":"https:\/\/www.facebook.com\/532444520237680","article_published_time":"2026-01-23T08:41:47+00:00","og_image":[{"width":1030,"height":687,"url":"https:\/\/grifk-handball.com\/naiset\/wp-content\/uploads\/sites\/3\/2025\/09\/Louise-ennakko-1030x687.png","type":"image\/png"}],"author":"Ellen","twitter_card":"summary_large_image","twitter_misc":{"Kirjoittanut":"Ellen","Arvioitu lukuaika":"3 minuuttia"},"schema":{"@context":"https:\/\/schema.org","@graph":[{"@type":"Article","@id":"https:\/\/grifk-handball.com\/naiset\/kausi-2025-26\/ennakot-2025-26\/finska-cuppens-semifinal-23-1-2026-18-15-grifk-vs-grifk-young-ladies\/#article","isPartOf":{"@id":"https:\/\/grifk-handball.com\/naiset\/kausi-2025-26\/ennakot-2025-26\/finska-cuppens-semifinal-23-1-2026-18-15-grifk-vs-grifk-young-ladies\/"},"author":{"name":"Ellen","@id":"https:\/\/grifk-handball.com\/naiset\/#\/schema\/person\/4ab70210cc3dec0bdbb99cc4d3388a15"},"headline":"Finska Cuppens semifinal 23.1.2026 * 18.15 GrIFK vs GrIFK Young Ladies","datePublished":"2026-01-23T08:41:47+00:00","mainEntityOfPage":{"@id":"https:\/\/grifk-handball.com\/naiset\/kausi-2025-26\/ennakot-2025-26\/finska-cuppens-semifinal-23-1-2026-18-15-grifk-vs-grifk-young-ladies\/"},"wordCount":3113,"image":{"@id":"https:\/\/grifk-handball.com\/naiset\/kausi-2025-26\/ennakot-2025-26\/finska-cuppens-semifinal-23-1-2026-18-15-grifk-vs-grifk-young-ladies\/#primaryimage"},"thumbnailUrl":"https:\/\/grifk-handball.com\/naiset\/wp-content\/uploads\/sites\/3\/2025\/09\/Louise-ennakko.png","keywords":["#Aktialiga","#aktialiiga","#Damernas Aktialiga","#GrIFKDamer","#GrIFKHandball","#Louise Heinonen","#Naisten Aktialiiga","#otteluennakko","Runkosarja"],"articleSection":["Ennakot 2025-26","Uutiset"],"inLanguage":"fi"},{"@type":"WebPage","@id":"https:\/\/grifk-handball.com\/naiset\/kausi-2025-26\/ennakot-2025-26\/finska-cuppens-semifinal-23-1-2026-18-15-grifk-vs-grifk-young-ladies\/","url":"https:\/\/grifk-handball.com\/naiset\/kausi-2025-26\/ennakot-2025-26\/finska-cuppens-semifinal-23-1-2026-18-15-grifk-vs-grifk-young-ladies\/","name":"Finska Cuppens semifinal 23.1.2026 * 18.15 GrIFK vs GrIFK Young Ladies &#187; GrIFK K\u00e4sipallo Naiset","isPartOf":{"@id":"https:\/\/grifk-handball.com\/naiset\/#website"},"primaryImageOfPage":{"@id":"https:\/\/grifk-handball.com\/naiset\/kausi-2025-26\/ennakot-2025-26\/finska-cuppens-semifinal-23-1-2026-18-15-grifk-vs-grifk-young-ladies\/#primaryimage"},"image":{"@id":"https:\/\/grifk-handball.com\/naiset\/kausi-2025-26\/ennakot-2025-26\/finska-cuppens-semifinal-23-1-2026-18-15-grifk-vs-grifk-young-ladies\/#primaryimage"},"thumbnailUrl":"https:\/\/grifk-handball.com\/naiset\/wp-content\/uploads\/sites\/3\/2025\/09\/Louise-ennakko.png","datePublished":"2026-01-23T08:41:47+00:00","author":{"@id":"https:\/\/grifk-handball.com\/naiset\/#\/schema\/person\/4ab70210cc3dec0bdbb99cc4d3388a15"},"breadcrumb":{"@id":"https:\/\/grifk-handball.com\/naiset\/kausi-2025-26\/ennakot-2025-26\/finska-cuppens-semifinal-23-1-2026-18-15-grifk-vs-grifk-young-ladies\/#breadcrumb"},"inLanguage":"fi","potentialAction":[{"@type":"ReadAction","target":["https:\/\/grifk-handball.com\/naiset\/kausi-2025-26\/ennakot-2025-26\/finska-cuppens-semifinal-23-1-2026-18-15-grifk-vs-grifk-young-ladies\/"]}]},{"@type":"ImageObject","inLanguage":"fi","@id":"https:\/\/grifk-handball.com\/naiset\/kausi-2025-26\/ennakot-2025-26\/finska-cuppens-semifinal-23-1-2026-18-15-grifk-vs-grifk-young-ladies\/#primaryimage","url":"https:\/\/grifk-handball.com\/naiset\/wp-content\/uploads\/sites\/3\/2025\/09\/Louise-ennakko.png","contentUrl":"https:\/\/grifk-handball.com\/naiset\/wp-content\/uploads\/sites\/3\/2025\/09\/Louise-ennakko.png","width":1500,"height":1000},{"@type":"BreadcrumbList","@id":"https:\/\/grifk-handball.com\/naiset\/kausi-2025-26\/ennakot-2025-26\/finska-cuppens-semifinal-23-1-2026-18-15-grifk-vs-grifk-young-ladies\/#breadcrumb","itemListElement":[{"@type":"ListItem","position":1,"name":"Home","item":"https:\/\/grifk-handball.com\/naiset\/etusivu-2\/"},{"@type":"ListItem","position":2,"name":"Finska Cuppens semifinal 23.1.2026 * 18.15 GrIFK vs GrIFK Young Ladies"}]},{"@type":"WebSite","@id":"https:\/\/grifk-handball.com\/naiset\/#website","url":"https:\/\/grifk-handball.com\/naiset\/","name":"GrIFK K\u00e4sipallo Naiset","description":"GrIFK K\u00e4sipallo Naiset","potentialAction":[{"@type":"SearchAction","target":{"@type":"EntryPoint","urlTemplate":"https:\/\/grifk-handball.com\/naiset\/?s={search_term_string}"},"query-input":{"@type":"PropertyValueSpecification","valueRequired":true,"valueName":"search_term_string"}}],"inLanguage":"fi"},{"@type":"Person","@id":"https:\/\/grifk-handball.com\/naiset\/#\/schema\/person\/4ab70210cc3dec0bdbb99cc4d3388a15","name":"Ellen","image":{"@type":"ImageObject","inLanguage":"fi","@id":"https:\/\/secure.gravatar.com\/avatar\/396880c508552a2dd3d57b0f9a5f359464f2c496546a922dfec87788c1fa4504?s=96&d=mm&r=g","url":"https:\/\/secure.gravatar.com\/avatar\/396880c508552a2dd3d57b0f9a5f359464f2c496546a922dfec87788c1fa4504?s=96&d=mm&r=g","contentUrl":"https:\/\/secure.gravatar.com\/avatar\/396880c508552a2dd3d57b0f9a5f359464f2c496546a922dfec87788c1fa4504?s=96&d=mm&r=g","caption":"Ellen"},"url":"https:\/\/grifk-handball.com\/naiset\/author\/elleneskelin\/"}]}},"jetpack_featured_media_url":"https:\/\/grifk-handball.com\/naiset\/wp-content\/uploads\/sites\/3\/2025\/09\/Louise-ennakko.png","jetpack_sharing_enabled":true,"_links":{"self":[{"href":"https:\/\/grifk-handball.com\/naiset\/wp-json\/wp\/v2\/posts\/13908","targetHints":{"allow":["GET"]}}],"collection":[{"href":"https:\/\/grifk-handball.com\/naiset\/wp-json\/wp\/v2\/posts"}],"about":[{"href":"https:\/\/grifk-handball.com\/naiset\/wp-json\/wp\/v2\/types\/post"}],"author":[{"embeddable":true,"href":"https:\/\/grifk-handball.com\/naiset\/wp-json\/wp\/v2\/users\/12"}],"replies":[{"embeddable":true,"href":"https:\/\/grifk-handball.com\/naiset\/wp-json\/wp\/v2\/comments?post=13908"}],"version-history":[{"count":2,"href":"https:\/\/grifk-handball.com\/naiset\/wp-json\/wp\/v2\/posts\/13908\/revisions"}],"predecessor-version":[{"id":13910,"href":"https:\/\/grifk-handball.com\/naiset\/wp-json\/wp\/v2\/posts\/13908\/revisions\/13910"}],"wp:featuredmedia":[{"embeddable":true,"href":"https:\/\/grifk-handball.com\/naiset\/wp-json\/wp\/v2\/media\/13378"}],"wp:attachment":[{"href":"https:\/\/grifk-handball.com\/naiset\/wp-json\/wp\/v2\/media?parent=13908"}],"wp:term":[{"taxonomy":"category","embeddable":true,"href":"https:\/\/grifk-handball.com\/naiset\/wp-json\/wp\/v2\/categories?post=13908"},{"taxonomy":"post_tag","embeddable":true,"href":"https:\/\/grifk-handball.com\/naiset\/wp-json\/wp\/v2\/tags?post=13908"}],"curies":[{"name":"wp","href":"https:\/\/api.w.org\/{rel}","templated":true}]}}