{"id":14125,"date":"2026-03-12T13:30:53","date_gmt":"2026-03-12T11:30:53","guid":{"rendered":"https:\/\/grifk-handball.com\/naiset\/?p=14125"},"modified":"2026-03-12T13:30:53","modified_gmt":"2026-03-12T11:30:53","slug":"25-2-bk-46-vs-grifk-32-17-14-9","status":"publish","type":"post","link":"https:\/\/grifk-handball.com\/naiset\/kausi-2025-26\/ottelut-2025-26\/25-2-bk-46-vs-grifk-32-17-14-9\/","title":{"rendered":"25.2 BK-46 vs GrIFK 32\u201317 (14\u20139)"},"content":{"rendered":"<article class=\"text-token-text-primary w-full focus:outline-none [--shadow-height:45px] has-data-writing-block:pointer-events-none has-data-writing-block:-mt-(--shadow-height) has-data-writing-block:pt-(--shadow-height) [&amp;:has([data-writing-block])&gt;*]:pointer-events-auto scroll-mt-(--header-height)\" dir=\"auto\" data-turn-id=\"9a66cb9c-adbd-4649-9181-2613eb71f8be\" data-testid=\"conversation-turn-1\" data-scroll-anchor=\"false\" data-turn=\"user\">\n<div class=\"text-base my-auto mx-auto pt-3 [--thread-content-margin:var(--thread-content-margin-xs,calc(var(--spacing)*4))] @w-sm\/main:[--thread-content-margin:var(--thread-content-margin-sm,calc(var(--spacing)*6))] @w-lg\/main:[--thread-content-margin:var(--thread-content-margin-lg,calc(var(--spacing)*16))] px-(--thread-content-margin)\">\n<div class=\"[--thread-content-max-width:40rem] @w-lg\/main:[--thread-content-max-width:48rem] mx-auto max-w-(--thread-content-max-width) flex-1 group\/turn-messages focus-visible:outline-hidden relative flex w-full min-w-0 flex-col\">\n<div class=\"z-0 flex justify-end\">\n<div class=\"text-base my-auto mx-auto pb-10 [--thread-content-margin:var(--thread-content-margin-xs,calc(var(--spacing)*4))] @w-sm\/main:[--thread-content-margin:var(--thread-content-margin-sm,calc(var(--spacing)*6))] @w-lg\/main:[--thread-content-margin:var(--thread-content-margin-lg,calc(var(--spacing)*16))] px-(--thread-content-margin)\">\n<div class=\"[--thread-content-max-width:40rem] @w-lg\/main:[--thread-content-max-width:48rem] mx-auto max-w-(--thread-content-max-width) flex-1 group\/turn-messages focus-visible:outline-hidden relative flex w-full min-w-0 flex-col agent-turn\">\n<div class=\"flex max-w-full flex-col gap-4 grow\">\n<div class=\"min-h-8 text-message relative flex w-full flex-col items-end gap-2 text-start break-words whitespace-normal [.text-message+&amp;]:mt-1\" dir=\"auto\" data-message-author-role=\"assistant\" data-message-id=\"5c38a77e-4b86-4a2e-bf87-1abf4dd724f1\" data-message-model-slug=\"gpt-5-3\">\n<div class=\"flex w-full flex-col gap-1 empty:hidden\">\n<div class=\"streaming-animation markdown prose dark:prose-invert w-full wrap-break-word light markdown-new-styling\">\n<p data-start=\"0\" data-end=\"272\">GrIFK joutui tyytym\u00e4\u00e4n tappioon BK-46:ta vastaan. Kauniaislaisten hy\u00f6kk\u00e4yspeli ei l\u00f6yt\u00e4nyt lainkaan rytmi\u00e4\u00e4n, ja vain 17 tehty\u00e4 maalia ei riitt\u00e4nyt voittoon. BK-46 hy\u00f6dynsi Granin tekniset virheet ja heikot viimeistelyt tehokkaasti ja nappasi ansaitun voiton ennen pudotuspelien alkua.<\/p>\n<\/div>\n<\/div>\n<\/div>\n<\/div>\n<\/div>\n<\/div>\n<\/div>\n<\/div>\n<\/div>\n<\/article>\n<h4>Valmentajien kommentit<\/h4>\n<p data-start=\"430\" data-end=\"539\">GrIFK:n p\u00e4\u00e4valmentaja <strong>Patrik Johanson<\/strong> ei peitellyt pettymyst\u00e4\u00e4n ottelun j\u00e4lkeen. H\u00e4nen mukaansa joukkue ei pystynyt esitt\u00e4m\u00e4\u00e4n parastaan:<\/p>\n<p data-start=\"439\" data-end=\"531\"><em>&#8221;Jos tekee vain 17 maalia, niin ei voi voittaa ottelu. Valitettavasti emme olleet t\u00e4n\u00e4\u00e4n lainkaan mukana peliss\u00e4. BK ansaitsi voiton sataprosenttisesti. Nyt pit\u00e4\u00e4 katsoa peiliin ja suunnata katse eteenp\u00e4in ja t\u00e4hd\u00e4t\u00e4 seuraavalle tasolle. J\u00e4\u00e4mme odottamaan puoliv\u00e4lierien tuloksia.&#8221;<\/em><\/p>\n<p data-start=\"814\" data-end=\"908\">BK:n p\u00e4\u00e4valmentaja <strong>Andreas R\u00f6nnberg<\/strong> puolestaan iloitsi joukkueensa esityksest\u00e4 sarjan k\u00e4rkijoukkuetta vastaan:<\/p>\n<p data-start=\"814\" data-end=\"908\"><em>&#8221;Olen eritt\u00e4in tyytyv\u00e4inen pelaajiin t\u00e4n\u00e4\u00e4n. Puolustuspelaaminen ja maalivahtipeli olivat hyvi\u00e4. Graniilta puuttuu muutama t\u00e4rke\u00e4 pelaaja, mutta n\u00e4ytimme hyv\u00e4\u00e4 asennetta ja halua voittaa.&#8221;<\/em><\/p>\n<h4>Ottelun parhaan pelaajan kommentti<\/h4>\n<div class=\"flex flex-col text-sm @w-xl\/main:pt-header-height pb-25\">\n<article class=\"text-token-text-primary w-full focus:outline-none [--shadow-height:45px] has-data-writing-block:pointer-events-none has-data-writing-block:-mt-(--shadow-height) has-data-writing-block:pt-(--shadow-height) [&amp;:has([data-writing-block])&gt;*]:pointer-events-auto scroll-mt-[calc(var(--header-height)+min(200px,max(70px,20svh)))]\" dir=\"auto\" data-turn-id=\"request-WEB:d517c4b2-7fc2-4081-9d44-cd7cba43a336-6\" data-testid=\"conversation-turn-14\" data-scroll-anchor=\"true\" data-turn=\"assistant\">\n<div class=\"text-base my-auto mx-auto pb-10 [--thread-content-margin:--spacing(4)] @w-sm\/main:[--thread-content-margin:--spacing(6)] @w-lg\/main:[--thread-content-margin:--spacing(16)] px-(--thread-content-margin)\">\n<div class=\"[--thread-content-max-width:40rem] @w-lg\/main:[--thread-content-max-width:48rem] mx-auto max-w-(--thread-content-max-width) flex-1 group\/turn-messages focus-visible:outline-hidden relative flex w-full min-w-0 flex-col agent-turn\">\n<div class=\"flex max-w-full flex-col grow\">\n<div class=\"min-h-8 text-message relative flex w-full flex-col items-end gap-2 text-start break-words whitespace-normal [.text-message+&amp;]:mt-1\" dir=\"auto\" data-message-author-role=\"assistant\" data-message-id=\"dc58a3b4-ab43-4e17-870d-0295d361e84b\" data-message-model-slug=\"gpt-5-2\">\n<div class=\"flex w-full flex-col gap-1 empty:hidden first:pt-[1px]\">\n<div class=\"markdown prose dark:prose-invert w-full break-words light markdown-new-styling\">\n<p data-start=\"0\" data-end=\"94\" data-is-last-node=\"\" data-is-only-node=\"\">Ottelun parhaana pelaajana palkittiin BK-46:n maalivahti <a class=\"ottelumedia\"><span class=\"ottelumediakuvaus\"><strong>Melanie Udd<\/strong>, joka oli tyytv\u00e4inen etenkin joukkueen puolustuspelaamiseen<\/span><\/a>:<\/p>\n<\/div>\n<\/div>\n<\/div>\n<\/div>\n<\/div>\n<\/div>\n<\/article>\n<\/div>\n<p><em><span class=\"ottelumediakuvaus\">&#8221;Hieno voitto. Puolustimme tiiviisti ja iskimme vastaanhy\u00f6kk\u00e4yksist\u00e4. T\u00e4rke\u00e4 voitto ennen pudotuspelej\u00e4. Kiitos Granille.&#8221;<\/span><\/em><\/p>\n<article class=\"text-token-text-primary w-full focus:outline-none [--shadow-height:45px] has-data-writing-block:pointer-events-none has-data-writing-block:-mt-(--shadow-height) has-data-writing-block:pt-(--shadow-height) [&amp;:has([data-writing-block])&gt;*]:pointer-events-auto [content-visibility:auto] supports-[content-visibility:auto]:[contain-intrinsic-size:auto_100lvh] scroll-mt-[calc(var(--header-height)+min(200px,max(70px,20svh)))]\" dir=\"auto\" data-turn-id=\"request-WEB:9900a99b-d0c5-497f-a733-1da476eba301-5\" data-testid=\"conversation-turn-12\" data-scroll-anchor=\"true\" data-turn=\"assistant\">\n<div class=\"text-base my-auto mx-auto pb-10 [--thread-content-margin:--spacing(4)] thread-sm:[--thread-content-margin:--spacing(6)] thread-lg:[--thread-content-margin:--spacing(16)] px-(--thread-content-margin)\">\n<div class=\"[--thread-content-max-width:40rem] thread-lg:[--thread-content-max-width:48rem] mx-auto max-w-(--thread-content-max-width) flex-1 group\/turn-messages focus-visible:outline-hidden relative flex w-full min-w-0 flex-col agent-turn\">\n<div class=\"flex max-w-full flex-col grow\">\n<div class=\"min-h-8 text-message relative flex w-full flex-col items-end gap-2 text-start break-words whitespace-normal [.text-message+&amp;]:mt-5\" dir=\"auto\" data-message-author-role=\"assistant\" data-message-id=\"177aa094-2c2f-428e-8de6-716f742f2d17\" data-message-model-slug=\"gpt-5\">\n<div class=\"flex w-full flex-col gap-1 empty:hidden first:pt-[1px]\">\n<div class=\"markdown prose dark:prose-invert w-full break-words light markdown-new-styling\">\n<article class=\"text-token-text-primary w-full focus:outline-none [--shadow-height:45px] has-data-writing-block:pointer-events-none has-data-writing-block:-mt-(--shadow-height) has-data-writing-block:pt-(--shadow-height) [&amp;:has([data-writing-block])&gt;*]:pointer-events-auto [content-visibility:auto] supports-[content-visibility:auto]:[contain-intrinsic-size:auto_100lvh] scroll-mt-[calc(var(--header-height)+min(200px,max(70px,20svh)))]\" dir=\"auto\" data-turn-id=\"fa570d2a-39d9-4ea5-b6f0-1adc9c155029\" data-testid=\"conversation-turn-2\" data-scroll-anchor=\"false\" data-turn=\"assistant\">\n<div class=\"text-base my-auto mx-auto [--thread-content-margin:--spacing(4)] thread-sm:[--thread-content-margin:--spacing(6)] thread-lg:[--thread-content-margin:--spacing(16)] px-(--thread-content-margin)\">\n<div class=\"[--thread-content-max-width:40rem] thread-lg:[--thread-content-max-width:48rem] mx-auto max-w-(--thread-content-max-width) flex-1 group\/turn-messages focus-visible:outline-hidden relative flex w-full min-w-0 flex-col agent-turn\">\n<div class=\"flex max-w-full flex-col grow\">\n<div class=\"min-h-8 text-message relative flex w-full flex-col items-end gap-2 text-start break-words whitespace-normal [.text-message+&amp;]:mt-1\" dir=\"auto\" data-message-author-role=\"assistant\" data-message-id=\"4f33b875-539c-46df-bc12-60b09276fc4e\" data-message-model-slug=\"gpt-5-1\">\n<div class=\"flex w-full flex-col gap-1 empty:hidden first:pt-[1px]\">\n<div class=\"markdown prose dark:prose-invert w-full break-words light markdown-new-styling\">\n<p data-start=\"1315\" data-end=\"1514\" data-is-last-node=\"\" data-is-only-node=\"\">Seuraavaksi GrIFK:lla on edess\u00e4\u00e4n vajaan kuukauden ottelutauko ennen v\u00e4lierien alkua 21. maaliskuuta. Vastustaja selvi\u00e4\u00e4 puoliv\u00e4lierist\u00e4, jotka k\u00e4ynnistyv\u00e4t 11. maaliskuuta. Puoliv\u00e4lier\u00e4pareina kohtaavat Cocks ja Dicken sek\u00e4 HIFK ja Atlas. GrIFK kohtaa v\u00e4lieriss\u00e4 runkosarjassa heikommin sijoittuneen jatkoon edenneen joukkueen.<\/p>\n<\/div>\n<\/div>\n<\/div>\n<\/div>\n<\/div>\n<\/div>\n<\/article>\n<\/div>\n<\/div>\n<\/div>\n<\/div>\n<\/div>\n<\/div>\n<\/article>\n","protected":false},"excerpt":{"rendered":"<p>GrIFK joutui tyytym\u00e4\u00e4n tappioon BK-46:ta vastaan. Kauniaislaisten hy\u00f6kk\u00e4yspeli ei l\u00f6yt\u00e4nyt lainkaan rytmi\u00e4\u00e4n, ja vain 17 tehty\u00e4 maalia ei riitt\u00e4nyt voittoon. BK-46 hy\u00f6dynsi Granin tekniset virheet ja heikot viimeistelyt tehokkaasti ja nappasi ansaitun voiton ennen pudotuspelien alkua. Valmentajien kommentit GrIFK:n p\u00e4\u00e4valmentaja Patrik Johanson ei peitellyt pettymyst\u00e4\u00e4n ottelun j\u00e4lkeen. H\u00e4nen mukaansa joukkue ei pystynyt esitt\u00e4m\u00e4\u00e4n parastaan: &#8221;Jos [&hellip;]<\/p>\n","protected":false},"author":12,"featured_media":14126,"comment_status":"closed","ping_status":"closed","sticky":false,"template":"","format":"standard","meta":{"_acf_changed":false,"jetpack_post_was_ever_published":false,"footnotes":""},"categories":[453,455,1],"tags":[413,411,409,181,26,407],"class_list":["post-14125","post","type-post","status-publish","format-standard","has-post-thumbnail","hentry","category-kausi-2025-26","category-ottelut-2025-26","category-uutiset","tag-aktialiga","tag-aktialiiga","tag-damernas-aktialiga","tag-grifkdamer","tag-grifkhandball","tag-naisten-aktialiiga"],"acf":[],"yoast_head":"<!-- This site is optimized with the Yoast SEO plugin v27.5 - https:\/\/yoast.com\/product\/yoast-seo-wordpress\/ -->\n<title>25.2 BK-46 vs GrIFK 32\u201317 (14\u20139) &#187; GrIFK K\u00e4sipallo Naiset<\/title>\n<meta name=\"robots\" content=\"index, follow, max-snippet:-1, max-image-preview:large, max-video-preview:-1\" \/>\n<link rel=\"canonical\" href=\"https:\/\/grifk-handball.com\/naiset\/kausi-2025-26\/ottelut-2025-26\/25-2-bk-46-vs-grifk-32-17-14-9\/\" \/>\n<meta property=\"og:locale\" content=\"fi_FI\" \/>\n<meta property=\"og:type\" content=\"article\" \/>\n<meta property=\"og:title\" content=\"25.2 BK-46 vs GrIFK 32\u201317 (14\u20139) &#187; GrIFK K\u00e4sipallo Naiset\" \/>\n<meta property=\"og:description\" content=\"GrIFK joutui tyytym\u00e4\u00e4n tappioon BK-46:ta vastaan. Kauniaislaisten hy\u00f6kk\u00e4yspeli ei l\u00f6yt\u00e4nyt lainkaan rytmi\u00e4\u00e4n, ja vain 17 tehty\u00e4 maalia ei riitt\u00e4nyt voittoon. BK-46 hy\u00f6dynsi Granin tekniset virheet ja heikot viimeistelyt tehokkaasti ja nappasi ansaitun voiton ennen pudotuspelien alkua. Valmentajien kommentit GrIFK:n p\u00e4\u00e4valmentaja Patrik Johanson ei peitellyt pettymyst\u00e4\u00e4n ottelun j\u00e4lkeen. H\u00e4nen mukaansa joukkue ei pystynyt esitt\u00e4m\u00e4\u00e4n parastaan: &#8221;Jos [&hellip;]\" \/>\n<meta property=\"og:url\" content=\"https:\/\/grifk-handball.com\/naiset\/kausi-2025-26\/ottelut-2025-26\/25-2-bk-46-vs-grifk-32-17-14-9\/\" \/>\n<meta property=\"og:site_name\" content=\"GrIFK K\u00e4sipallo Naiset\" \/>\n<meta property=\"article:publisher\" content=\"https:\/\/www.facebook.com\/532444520237680\" \/>\n<meta property=\"article:published_time\" content=\"2026-03-12T11:30:53+00:00\" \/>\n<meta property=\"og:image\" content=\"https:\/\/grifk-handball.com\/naiset\/wp-content\/uploads\/sites\/3\/2026\/03\/GB7A2649-1030x687.jpg\" \/>\n\t<meta property=\"og:image:width\" content=\"1030\" \/>\n\t<meta property=\"og:image:height\" content=\"687\" \/>\n\t<meta property=\"og:image:type\" content=\"image\/jpeg\" \/>\n<meta name=\"author\" content=\"Ellen\" \/>\n<meta name=\"twitter:card\" content=\"summary_large_image\" \/>\n<meta name=\"twitter:label1\" content=\"Kirjoittanut\" \/>\n\t<meta name=\"twitter:data1\" content=\"Ellen\" \/>\n\t<meta name=\"twitter:label2\" content=\"Arvioitu lukuaika\" \/>\n\t<meta name=\"twitter:data2\" content=\"2 minuuttia\" \/>\n<script type=\"application\/ld+json\" class=\"yoast-schema-graph\">{\"@context\":\"https:\\\/\\\/schema.org\",\"@graph\":[{\"@type\":\"Article\",\"@id\":\"https:\\\/\\\/grifk-handball.com\\\/naiset\\\/kausi-2025-26\\\/ottelut-2025-26\\\/25-2-bk-46-vs-grifk-32-17-14-9\\\/#article\",\"isPartOf\":{\"@id\":\"https:\\\/\\\/grifk-handball.com\\\/naiset\\\/kausi-2025-26\\\/ottelut-2025-26\\\/25-2-bk-46-vs-grifk-32-17-14-9\\\/\"},\"author\":{\"name\":\"Ellen\",\"@id\":\"https:\\\/\\\/grifk-handball.com\\\/naiset\\\/#\\\/schema\\\/person\\\/4ab70210cc3dec0bdbb99cc4d3388a15\"},\"headline\":\"25.2 BK-46 vs GrIFK 32\u201317 (14\u20139)\",\"datePublished\":\"2026-03-12T11:30:53+00:00\",\"mainEntityOfPage\":{\"@id\":\"https:\\\/\\\/grifk-handball.com\\\/naiset\\\/kausi-2025-26\\\/ottelut-2025-26\\\/25-2-bk-46-vs-grifk-32-17-14-9\\\/\"},\"wordCount\":238,\"image\":{\"@id\":\"https:\\\/\\\/grifk-handball.com\\\/naiset\\\/kausi-2025-26\\\/ottelut-2025-26\\\/25-2-bk-46-vs-grifk-32-17-14-9\\\/#primaryimage\"},\"thumbnailUrl\":\"https:\\\/\\\/grifk-handball.com\\\/naiset\\\/wp-content\\\/uploads\\\/sites\\\/3\\\/2026\\\/03\\\/GB7A2649-scaled.jpg\",\"keywords\":[\"#Aktialiga\",\"#aktialiiga\",\"#Damernas Aktialiga\",\"#GrIFKDamer\",\"#GrIFKHandball\",\"#Naisten Aktialiiga\"],\"articleSection\":[\"Kausi 2025-26\",\"Ottelut 2025-26\",\"Uutiset\"],\"inLanguage\":\"fi\"},{\"@type\":\"WebPage\",\"@id\":\"https:\\\/\\\/grifk-handball.com\\\/naiset\\\/kausi-2025-26\\\/ottelut-2025-26\\\/25-2-bk-46-vs-grifk-32-17-14-9\\\/\",\"url\":\"https:\\\/\\\/grifk-handball.com\\\/naiset\\\/kausi-2025-26\\\/ottelut-2025-26\\\/25-2-bk-46-vs-grifk-32-17-14-9\\\/\",\"name\":\"25.2 BK-46 vs GrIFK 32\u201317 (14\u20139) &#187; GrIFK K\u00e4sipallo Naiset\",\"isPartOf\":{\"@id\":\"https:\\\/\\\/grifk-handball.com\\\/naiset\\\/#website\"},\"primaryImageOfPage\":{\"@id\":\"https:\\\/\\\/grifk-handball.com\\\/naiset\\\/kausi-2025-26\\\/ottelut-2025-26\\\/25-2-bk-46-vs-grifk-32-17-14-9\\\/#primaryimage\"},\"image\":{\"@id\":\"https:\\\/\\\/grifk-handball.com\\\/naiset\\\/kausi-2025-26\\\/ottelut-2025-26\\\/25-2-bk-46-vs-grifk-32-17-14-9\\\/#primaryimage\"},\"thumbnailUrl\":\"https:\\\/\\\/grifk-handball.com\\\/naiset\\\/wp-content\\\/uploads\\\/sites\\\/3\\\/2026\\\/03\\\/GB7A2649-scaled.jpg\",\"datePublished\":\"2026-03-12T11:30:53+00:00\",\"author\":{\"@id\":\"https:\\\/\\\/grifk-handball.com\\\/naiset\\\/#\\\/schema\\\/person\\\/4ab70210cc3dec0bdbb99cc4d3388a15\"},\"breadcrumb\":{\"@id\":\"https:\\\/\\\/grifk-handball.com\\\/naiset\\\/kausi-2025-26\\\/ottelut-2025-26\\\/25-2-bk-46-vs-grifk-32-17-14-9\\\/#breadcrumb\"},\"inLanguage\":\"fi\",\"potentialAction\":[{\"@type\":\"ReadAction\",\"target\":[\"https:\\\/\\\/grifk-handball.com\\\/naiset\\\/kausi-2025-26\\\/ottelut-2025-26\\\/25-2-bk-46-vs-grifk-32-17-14-9\\\/\"]}]},{\"@type\":\"ImageObject\",\"inLanguage\":\"fi\",\"@id\":\"https:\\\/\\\/grifk-handball.com\\\/naiset\\\/kausi-2025-26\\\/ottelut-2025-26\\\/25-2-bk-46-vs-grifk-32-17-14-9\\\/#primaryimage\",\"url\":\"https:\\\/\\\/grifk-handball.com\\\/naiset\\\/wp-content\\\/uploads\\\/sites\\\/3\\\/2026\\\/03\\\/GB7A2649-scaled.jpg\",\"contentUrl\":\"https:\\\/\\\/grifk-handball.com\\\/naiset\\\/wp-content\\\/uploads\\\/sites\\\/3\\\/2026\\\/03\\\/GB7A2649-scaled.jpg\",\"width\":2560,\"height\":1707},{\"@type\":\"BreadcrumbList\",\"@id\":\"https:\\\/\\\/grifk-handball.com\\\/naiset\\\/kausi-2025-26\\\/ottelut-2025-26\\\/25-2-bk-46-vs-grifk-32-17-14-9\\\/#breadcrumb\",\"itemListElement\":[{\"@type\":\"ListItem\",\"position\":1,\"name\":\"Home\",\"item\":\"https:\\\/\\\/grifk-handball.com\\\/naiset\\\/etusivu-2\\\/\"},{\"@type\":\"ListItem\",\"position\":2,\"name\":\"25.2 BK-46 vs GrIFK 32\u201317 (14\u20139)\"}]},{\"@type\":\"WebSite\",\"@id\":\"https:\\\/\\\/grifk-handball.com\\\/naiset\\\/#website\",\"url\":\"https:\\\/\\\/grifk-handball.com\\\/naiset\\\/\",\"name\":\"GrIFK K\u00e4sipallo Naiset\",\"description\":\"GrIFK K\u00e4sipallo Naiset\",\"potentialAction\":[{\"@type\":\"SearchAction\",\"target\":{\"@type\":\"EntryPoint\",\"urlTemplate\":\"https:\\\/\\\/grifk-handball.com\\\/naiset\\\/?s={search_term_string}\"},\"query-input\":{\"@type\":\"PropertyValueSpecification\",\"valueRequired\":true,\"valueName\":\"search_term_string\"}}],\"inLanguage\":\"fi\"},{\"@type\":\"Person\",\"@id\":\"https:\\\/\\\/grifk-handball.com\\\/naiset\\\/#\\\/schema\\\/person\\\/4ab70210cc3dec0bdbb99cc4d3388a15\",\"name\":\"Ellen\",\"image\":{\"@type\":\"ImageObject\",\"inLanguage\":\"fi\",\"@id\":\"https:\\\/\\\/secure.gravatar.com\\\/avatar\\\/396880c508552a2dd3d57b0f9a5f359464f2c496546a922dfec87788c1fa4504?s=96&d=mm&r=g\",\"url\":\"https:\\\/\\\/secure.gravatar.com\\\/avatar\\\/396880c508552a2dd3d57b0f9a5f359464f2c496546a922dfec87788c1fa4504?s=96&d=mm&r=g\",\"contentUrl\":\"https:\\\/\\\/secure.gravatar.com\\\/avatar\\\/396880c508552a2dd3d57b0f9a5f359464f2c496546a922dfec87788c1fa4504?s=96&d=mm&r=g\",\"caption\":\"Ellen\"},\"url\":\"https:\\\/\\\/grifk-handball.com\\\/naiset\\\/author\\\/elleneskelin\\\/\"}]}<\/script>\n<!-- \/ Yoast SEO plugin. -->","yoast_head_json":{"title":"25.2 BK-46 vs GrIFK 32\u201317 (14\u20139) &#187; GrIFK K\u00e4sipallo Naiset","robots":{"index":"index","follow":"follow","max-snippet":"max-snippet:-1","max-image-preview":"max-image-preview:large","max-video-preview":"max-video-preview:-1"},"canonical":"https:\/\/grifk-handball.com\/naiset\/kausi-2025-26\/ottelut-2025-26\/25-2-bk-46-vs-grifk-32-17-14-9\/","og_locale":"fi_FI","og_type":"article","og_title":"25.2 BK-46 vs GrIFK 32\u201317 (14\u20139) &#187; GrIFK K\u00e4sipallo Naiset","og_description":"GrIFK joutui tyytym\u00e4\u00e4n tappioon BK-46:ta vastaan. Kauniaislaisten hy\u00f6kk\u00e4yspeli ei l\u00f6yt\u00e4nyt lainkaan rytmi\u00e4\u00e4n, ja vain 17 tehty\u00e4 maalia ei riitt\u00e4nyt voittoon. BK-46 hy\u00f6dynsi Granin tekniset virheet ja heikot viimeistelyt tehokkaasti ja nappasi ansaitun voiton ennen pudotuspelien alkua. Valmentajien kommentit GrIFK:n p\u00e4\u00e4valmentaja Patrik Johanson ei peitellyt pettymyst\u00e4\u00e4n ottelun j\u00e4lkeen. H\u00e4nen mukaansa joukkue ei pystynyt esitt\u00e4m\u00e4\u00e4n parastaan: &#8221;Jos [&hellip;]","og_url":"https:\/\/grifk-handball.com\/naiset\/kausi-2025-26\/ottelut-2025-26\/25-2-bk-46-vs-grifk-32-17-14-9\/","og_site_name":"GrIFK K\u00e4sipallo Naiset","article_publisher":"https:\/\/www.facebook.com\/532444520237680","article_published_time":"2026-03-12T11:30:53+00:00","og_image":[{"width":1030,"height":687,"url":"https:\/\/grifk-handball.com\/naiset\/wp-content\/uploads\/sites\/3\/2026\/03\/GB7A2649-1030x687.jpg","type":"image\/jpeg"}],"author":"Ellen","twitter_card":"summary_large_image","twitter_misc":{"Kirjoittanut":"Ellen","Arvioitu lukuaika":"2 minuuttia"},"schema":{"@context":"https:\/\/schema.org","@graph":[{"@type":"Article","@id":"https:\/\/grifk-handball.com\/naiset\/kausi-2025-26\/ottelut-2025-26\/25-2-bk-46-vs-grifk-32-17-14-9\/#article","isPartOf":{"@id":"https:\/\/grifk-handball.com\/naiset\/kausi-2025-26\/ottelut-2025-26\/25-2-bk-46-vs-grifk-32-17-14-9\/"},"author":{"name":"Ellen","@id":"https:\/\/grifk-handball.com\/naiset\/#\/schema\/person\/4ab70210cc3dec0bdbb99cc4d3388a15"},"headline":"25.2 BK-46 vs GrIFK 32\u201317 (14\u20139)","datePublished":"2026-03-12T11:30:53+00:00","mainEntityOfPage":{"@id":"https:\/\/grifk-handball.com\/naiset\/kausi-2025-26\/ottelut-2025-26\/25-2-bk-46-vs-grifk-32-17-14-9\/"},"wordCount":238,"image":{"@id":"https:\/\/grifk-handball.com\/naiset\/kausi-2025-26\/ottelut-2025-26\/25-2-bk-46-vs-grifk-32-17-14-9\/#primaryimage"},"thumbnailUrl":"https:\/\/grifk-handball.com\/naiset\/wp-content\/uploads\/sites\/3\/2026\/03\/GB7A2649-scaled.jpg","keywords":["#Aktialiga","#aktialiiga","#Damernas Aktialiga","#GrIFKDamer","#GrIFKHandball","#Naisten Aktialiiga"],"articleSection":["Kausi 2025-26","Ottelut 2025-26","Uutiset"],"inLanguage":"fi"},{"@type":"WebPage","@id":"https:\/\/grifk-handball.com\/naiset\/kausi-2025-26\/ottelut-2025-26\/25-2-bk-46-vs-grifk-32-17-14-9\/","url":"https:\/\/grifk-handball.com\/naiset\/kausi-2025-26\/ottelut-2025-26\/25-2-bk-46-vs-grifk-32-17-14-9\/","name":"25.2 BK-46 vs GrIFK 32\u201317 (14\u20139) &#187; GrIFK K\u00e4sipallo Naiset","isPartOf":{"@id":"https:\/\/grifk-handball.com\/naiset\/#website"},"primaryImageOfPage":{"@id":"https:\/\/grifk-handball.com\/naiset\/kausi-2025-26\/ottelut-2025-26\/25-2-bk-46-vs-grifk-32-17-14-9\/#primaryimage"},"image":{"@id":"https:\/\/grifk-handball.com\/naiset\/kausi-2025-26\/ottelut-2025-26\/25-2-bk-46-vs-grifk-32-17-14-9\/#primaryimage"},"thumbnailUrl":"https:\/\/grifk-handball.com\/naiset\/wp-content\/uploads\/sites\/3\/2026\/03\/GB7A2649-scaled.jpg","datePublished":"2026-03-12T11:30:53+00:00","author":{"@id":"https:\/\/grifk-handball.com\/naiset\/#\/schema\/person\/4ab70210cc3dec0bdbb99cc4d3388a15"},"breadcrumb":{"@id":"https:\/\/grifk-handball.com\/naiset\/kausi-2025-26\/ottelut-2025-26\/25-2-bk-46-vs-grifk-32-17-14-9\/#breadcrumb"},"inLanguage":"fi","potentialAction":[{"@type":"ReadAction","target":["https:\/\/grifk-handball.com\/naiset\/kausi-2025-26\/ottelut-2025-26\/25-2-bk-46-vs-grifk-32-17-14-9\/"]}]},{"@type":"ImageObject","inLanguage":"fi","@id":"https:\/\/grifk-handball.com\/naiset\/kausi-2025-26\/ottelut-2025-26\/25-2-bk-46-vs-grifk-32-17-14-9\/#primaryimage","url":"https:\/\/grifk-handball.com\/naiset\/wp-content\/uploads\/sites\/3\/2026\/03\/GB7A2649-scaled.jpg","contentUrl":"https:\/\/grifk-handball.com\/naiset\/wp-content\/uploads\/sites\/3\/2026\/03\/GB7A2649-scaled.jpg","width":2560,"height":1707},{"@type":"BreadcrumbList","@id":"https:\/\/grifk-handball.com\/naiset\/kausi-2025-26\/ottelut-2025-26\/25-2-bk-46-vs-grifk-32-17-14-9\/#breadcrumb","itemListElement":[{"@type":"ListItem","position":1,"name":"Home","item":"https:\/\/grifk-handball.com\/naiset\/etusivu-2\/"},{"@type":"ListItem","position":2,"name":"25.2 BK-46 vs GrIFK 32\u201317 (14\u20139)"}]},{"@type":"WebSite","@id":"https:\/\/grifk-handball.com\/naiset\/#website","url":"https:\/\/grifk-handball.com\/naiset\/","name":"GrIFK K\u00e4sipallo Naiset","description":"GrIFK K\u00e4sipallo Naiset","potentialAction":[{"@type":"SearchAction","target":{"@type":"EntryPoint","urlTemplate":"https:\/\/grifk-handball.com\/naiset\/?s={search_term_string}"},"query-input":{"@type":"PropertyValueSpecification","valueRequired":true,"valueName":"search_term_string"}}],"inLanguage":"fi"},{"@type":"Person","@id":"https:\/\/grifk-handball.com\/naiset\/#\/schema\/person\/4ab70210cc3dec0bdbb99cc4d3388a15","name":"Ellen","image":{"@type":"ImageObject","inLanguage":"fi","@id":"https:\/\/secure.gravatar.com\/avatar\/396880c508552a2dd3d57b0f9a5f359464f2c496546a922dfec87788c1fa4504?s=96&d=mm&r=g","url":"https:\/\/secure.gravatar.com\/avatar\/396880c508552a2dd3d57b0f9a5f359464f2c496546a922dfec87788c1fa4504?s=96&d=mm&r=g","contentUrl":"https:\/\/secure.gravatar.com\/avatar\/396880c508552a2dd3d57b0f9a5f359464f2c496546a922dfec87788c1fa4504?s=96&d=mm&r=g","caption":"Ellen"},"url":"https:\/\/grifk-handball.com\/naiset\/author\/elleneskelin\/"}]}},"jetpack_featured_media_url":"https:\/\/grifk-handball.com\/naiset\/wp-content\/uploads\/sites\/3\/2026\/03\/GB7A2649-scaled.jpg","jetpack_sharing_enabled":true,"_links":{"self":[{"href":"https:\/\/grifk-handball.com\/naiset\/wp-json\/wp\/v2\/posts\/14125","targetHints":{"allow":["GET"]}}],"collection":[{"href":"https:\/\/grifk-handball.com\/naiset\/wp-json\/wp\/v2\/posts"}],"about":[{"href":"https:\/\/grifk-handball.com\/naiset\/wp-json\/wp\/v2\/types\/post"}],"author":[{"embeddable":true,"href":"https:\/\/grifk-handball.com\/naiset\/wp-json\/wp\/v2\/users\/12"}],"replies":[{"embeddable":true,"href":"https:\/\/grifk-handball.com\/naiset\/wp-json\/wp\/v2\/comments?post=14125"}],"version-history":[{"count":2,"href":"https:\/\/grifk-handball.com\/naiset\/wp-json\/wp\/v2\/posts\/14125\/revisions"}],"predecessor-version":[{"id":14128,"href":"https:\/\/grifk-handball.com\/naiset\/wp-json\/wp\/v2\/posts\/14125\/revisions\/14128"}],"wp:featuredmedia":[{"embeddable":true,"href":"https:\/\/grifk-handball.com\/naiset\/wp-json\/wp\/v2\/media\/14126"}],"wp:attachment":[{"href":"https:\/\/grifk-handball.com\/naiset\/wp-json\/wp\/v2\/media?parent=14125"}],"wp:term":[{"taxonomy":"category","embeddable":true,"href":"https:\/\/grifk-handball.com\/naiset\/wp-json\/wp\/v2\/categories?post=14125"},{"taxonomy":"post_tag","embeddable":true,"href":"https:\/\/grifk-handball.com\/naiset\/wp-json\/wp\/v2\/tags?post=14125"}],"curies":[{"name":"wp","href":"https:\/\/api.w.org\/{rel}","templated":true}]}}