{"id":14129,"date":"2026-03-12T13:44:31","date_gmt":"2026-03-12T11:44:31","guid":{"rendered":"https:\/\/grifk-handball.com\/naiset\/?p=14129"},"modified":"2026-03-13T10:43:00","modified_gmt":"2026-03-13T08:43:00","slug":"lahtolaskenta-valieriin-on-alkanut","status":"publish","type":"post","link":"https:\/\/grifk-handball.com\/naiset\/kausi-2025-26\/lahtolaskenta-valieriin-on-alkanut\/","title":{"rendered":"L\u00e4ht\u00f6laskenta v\u00e4lieriin on alkanut!"},"content":{"rendered":"<h2>Luola t\u00e4yttyy kev\u00e4\u00e4n Aktialiigan huipennuksissa \u2013 varaa oma istumapaikkasi koko playoffien ajaksi!<\/h2>\n<p>K\u00e4sipallokauden kohokohta l\u00e4hestyy ja on aika valmistautua kauden parhaita pelej\u00e4 varten. Kauniaisten kotihalli on tunnetusti t\u00e4ynn\u00e4 energiaa, tunnelmaa, j\u00e4nnityst\u00e4 \u2013 ja ihmisi\u00e4! <strong>Granin naisten edustusjoukkue tarjoaa nyt 20 nopeimmalle mahdollisuuden ostaa itselleen omat vakioidut paikat<\/strong> kaikkiin loppukauden kotiotteluihin. N\u00e4in mahdut varmuudella Luolaan, v\u00e4lt\u00e4t jonottamista ja saat takuulla parhaat paikat A-katsomossa. Pelej\u00e4 on semit ja finaalit mukaan lukien maksimissaan 6, mutta m\u00e4\u00e4r\u00e4 saattaa olla pienempikin.<\/p>\n<p>Varaa itsellesi oma paikka kauden huipennukseen hintaan 150\u20ac (Mobilepay\u00a00400 881178\u00a0\/ Johan Hilli) ja\u00a0nimell\u00e4si merkitty paikka odottaa jo ensimm\u00e4isess\u00e4 semifinaalissa 21.3!<\/p>\n<h4 data-start=\"504\" data-end=\"528\"><strong data-start=\"504\" data-end=\"526\">N\u00e4in ostat oman istumapaikan:<\/strong><\/h4>\n<p data-start=\"530\" data-end=\"765\"><strong data-start=\"530\" data-end=\"540\">Hinta:<\/strong> 150 \u20ac \/ paikka<\/p>\n<p data-start=\"530\" data-end=\"765\"><strong data-start=\"558\" data-end=\"568\">Maksu:<\/strong> MobilePay, Johan Hilli 0400 8811 78<\/p>\n<p data-start=\"530\" data-end=\"765\"><strong data-start=\"607\" data-end=\"617\">Nouto:<\/strong> Nimell\u00e4si merkitty paikka odottaa jo ensimm\u00e4isess\u00e4 semifinaalissa 21.3! Lis\u00e4tietoa lipunmyynnist\u00e4.<\/p>\n<p data-start=\"530\" data-end=\"765\"><strong data-start=\"678\" data-end=\"691\">Sis\u00e4lt\u00e4\u00e4:<\/strong> Kaikki Aktialiigan playoffien kotiottelut<\/p>\n<p data-start=\"530\" data-end=\"765\">Lippuja voi my\u00f6s ostaa yksitt\u00e4iseen ootteluun tuttuun tapaan ovelta hintaan:<\/p>\n<ul>\n<li data-start=\"530\" data-end=\"765\">Aikuiset: 20\u20ac<\/li>\n<li data-start=\"530\" data-end=\"765\">Lapset, opiskelijat, el\u00e4kel\u00e4iset, ty\u00f6tt\u00f6m\u00e4t: 15\u20ac<\/li>\n<\/ul>\n<p data-start=\"767\" data-end=\"958\">Kiitos tuestasi jo etuk\u00e4teen! Odotamme innolla playoffien alkua. Toivottavasti n\u00e4emme Luolassa ensi viikolla\ud83d\udc9a<\/p>\n<h2>Grottan fylls under v\u00e5rens h\u00f6jdpunkt i Aktialiigan \u2013 boka din egen sittplats f\u00f6r hela slutspelet!<\/h2>\n<p>Handbollss\u00e4songens h\u00f6jdpunkt n\u00e4rmar sig och det \u00e4r dags att f\u00f6rbereda sig f\u00f6r s\u00e4songens b\u00e4sta matcher. Grankulla IFK\u2019s hemmahall \u00e4r k\u00e4nd f\u00f6r att vara fylld av energi, st\u00e4mning, sp\u00e4nning \u2013 och m\u00e4nniskor! <strong>Granis damlag erbjuder nu de 20 snabbaste m\u00f6jligheten att k\u00f6pa sina egna reserverade platser<\/strong> till alla \u00e5terst\u00e5ende hemmamatcher denna s\u00e4song. P\u00e5 s\u00e5 s\u00e4tt ryms du med s\u00e4kerhet in i Grottan, slipper k\u00f6a och f\u00e5r garanterat de b\u00e4sta platserna p\u00e5 A-l\u00e4ktaren. Matcher kan det bli upp till 6 stycken inklusive semifinaler och finaler, men antalet kan ocks\u00e5 bli mindre.<\/p>\n<p>Reservera din egen plats till s\u00e4songens h\u00f6jdpunkt f\u00f6r 150 \u20ac (Mobilepay\u00a00400 881178\u00a0\/ Johan Hilli), och en plats m\u00e4rkt med ditt namn v\u00e4ntar redan till den f\u00f6rsta semifinalen den 21.3!<\/p>\n<h4 data-start=\"504\" data-end=\"528\"><strong data-start=\"504\" data-end=\"526\">S\u00e5 h\u00e4r k\u00f6per du en sittplats:<\/strong><\/h4>\n<p data-start=\"530\" data-end=\"765\"><strong data-start=\"530\" data-end=\"540\">Pris:<\/strong> 150 \u20ac \/ plats<\/p>\n<p data-start=\"530\" data-end=\"765\"><strong data-start=\"558\" data-end=\"568\">Betalning:<\/strong> MobilePay, Johan Hilli 0400 8811 78<\/p>\n<p data-start=\"530\" data-end=\"765\"><strong data-start=\"607\" data-end=\"617\">Upph\u00e4mtning:<\/strong> En plats m\u00e4rkt med ditt namn v\u00e4ntar redan till den f\u00f6rsta semifinalen den 21.3! Vid fr\u00e5gor, v\u00e4nligen kontakta biljettf\u00f6rs\u00e4ljningen vid ing\u00e5ngen.<\/p>\n<p data-start=\"530\" data-end=\"765\"><strong data-start=\"678\" data-end=\"691\">Inkluderar:<\/strong> Alla damernas slutspelsmatcher som spelas i Grottan.<\/p>\n<p data-start=\"767\" data-end=\"958\">Biljetter till enskilda matcher kan som vanligt k\u00f6pas vid d\u00f6rren:<\/p>\n<ul>\n<li data-start=\"767\" data-end=\"958\">Vuxna: 20\u20ac<\/li>\n<li data-start=\"767\" data-end=\"958\">Barn, studerande, pension\u00e4rer, arbetsl\u00f6sa: 15\u20ac<\/li>\n<\/ul>\n<p>Tack f\u00f6r ditt st\u00f6d redan p\u00e5 f\u00f6rhand! Vi ser fram emot att slutspelen \u00e4ntligen b\u00f6rjar och f\u00f6rhoppningsvis ses vi i Grottan n\u00e4sta veckas l\u00f6rdag \ud83d\udc9a<\/p>\n","protected":false},"excerpt":{"rendered":"<p>Luola t\u00e4yttyy kev\u00e4\u00e4n Aktialiigan huipennuksissa \u2013 varaa oma istumapaikkasi koko playoffien ajaksi! K\u00e4sipallokauden kohokohta l\u00e4hestyy ja on aika valmistautua kauden parhaita pelej\u00e4 varten. Kauniaisten kotihalli on tunnetusti t\u00e4ynn\u00e4 energiaa, tunnelmaa, j\u00e4nnityst\u00e4 \u2013 ja ihmisi\u00e4! Granin naisten edustusjoukkue tarjoaa nyt 20 nopeimmalle mahdollisuuden ostaa itselleen omat vakioidut paikat kaikkiin loppukauden kotiotteluihin. N\u00e4in mahdut varmuudella Luolaan, v\u00e4lt\u00e4t [&hellip;]<\/p>\n","protected":false},"author":12,"featured_media":14135,"comment_status":"closed","ping_status":"closed","sticky":false,"template":"","format":"standard","meta":{"_acf_changed":false,"jetpack_post_was_ever_published":false,"footnotes":""},"categories":[453,1],"tags":[411,181,464,407,297,222,25,488],"class_list":["post-14129","post","type-post","status-publish","format-standard","has-post-thumbnail","hentry","category-kausi-2025-26","category-uutiset","tag-aktialiiga","tag-grifkdamer","tag-grifkhandboll","tag-naisten-aktialiiga","tag-playoff","tag-vispelarforgrankulla","tag-grifk","tag-vip"],"acf":[],"yoast_head":"<!-- This site is optimized with the Yoast SEO plugin v27.5 - https:\/\/yoast.com\/product\/yoast-seo-wordpress\/ -->\n<title>L\u00e4ht\u00f6laskenta v\u00e4lieriin on alkanut! &#187; GrIFK K\u00e4sipallo Naiset<\/title>\n<meta name=\"robots\" content=\"index, follow, max-snippet:-1, max-image-preview:large, max-video-preview:-1\" \/>\n<link rel=\"canonical\" href=\"https:\/\/grifk-handball.com\/naiset\/kausi-2025-26\/lahtolaskenta-valieriin-on-alkanut\/\" \/>\n<meta property=\"og:locale\" content=\"fi_FI\" \/>\n<meta property=\"og:type\" content=\"article\" \/>\n<meta property=\"og:title\" content=\"L\u00e4ht\u00f6laskenta v\u00e4lieriin on alkanut! &#187; GrIFK K\u00e4sipallo Naiset\" \/>\n<meta property=\"og:description\" content=\"Luola t\u00e4yttyy kev\u00e4\u00e4n Aktialiigan huipennuksissa \u2013 varaa oma istumapaikkasi koko playoffien ajaksi! K\u00e4sipallokauden kohokohta l\u00e4hestyy ja on aika valmistautua kauden parhaita pelej\u00e4 varten. Kauniaisten kotihalli on tunnetusti t\u00e4ynn\u00e4 energiaa, tunnelmaa, j\u00e4nnityst\u00e4 \u2013 ja ihmisi\u00e4! Granin naisten edustusjoukkue tarjoaa nyt 20 nopeimmalle mahdollisuuden ostaa itselleen omat vakioidut paikat kaikkiin loppukauden kotiotteluihin. N\u00e4in mahdut varmuudella Luolaan, v\u00e4lt\u00e4t [&hellip;]\" \/>\n<meta property=\"og:url\" content=\"https:\/\/grifk-handball.com\/naiset\/kausi-2025-26\/lahtolaskenta-valieriin-on-alkanut\/\" \/>\n<meta property=\"og:site_name\" content=\"GrIFK K\u00e4sipallo Naiset\" \/>\n<meta property=\"article:publisher\" content=\"https:\/\/www.facebook.com\/532444520237680\" \/>\n<meta property=\"article:published_time\" content=\"2026-03-12T11:44:31+00:00\" \/>\n<meta property=\"article:modified_time\" content=\"2026-03-13T08:43:00+00:00\" \/>\n<meta property=\"og:image\" content=\"https:\/\/grifk-handball.com\/naiset\/wp-content\/uploads\/sites\/3\/2026\/03\/Playoff-istumapaikat-1080-x-687-px-2.png\" \/>\n\t<meta property=\"og:image:width\" content=\"1080\" \/>\n\t<meta property=\"og:image:height\" content=\"687\" \/>\n\t<meta property=\"og:image:type\" content=\"image\/png\" \/>\n<meta name=\"author\" content=\"Ellen\" \/>\n<meta name=\"twitter:card\" content=\"summary_large_image\" \/>\n<meta name=\"twitter:label1\" content=\"Kirjoittanut\" \/>\n\t<meta name=\"twitter:data1\" content=\"Ellen\" \/>\n<script type=\"application\/ld+json\" class=\"yoast-schema-graph\">{\"@context\":\"https:\\\/\\\/schema.org\",\"@graph\":[{\"@type\":\"Article\",\"@id\":\"https:\\\/\\\/grifk-handball.com\\\/naiset\\\/kausi-2025-26\\\/lahtolaskenta-valieriin-on-alkanut\\\/#article\",\"isPartOf\":{\"@id\":\"https:\\\/\\\/grifk-handball.com\\\/naiset\\\/kausi-2025-26\\\/lahtolaskenta-valieriin-on-alkanut\\\/\"},\"author\":{\"name\":\"Ellen\",\"@id\":\"https:\\\/\\\/grifk-handball.com\\\/naiset\\\/#\\\/schema\\\/person\\\/4ab70210cc3dec0bdbb99cc4d3388a15\"},\"headline\":\"L\u00e4ht\u00f6laskenta v\u00e4lieriin on alkanut!\",\"datePublished\":\"2026-03-12T11:44:31+00:00\",\"dateModified\":\"2026-03-13T08:43:00+00:00\",\"mainEntityOfPage\":{\"@id\":\"https:\\\/\\\/grifk-handball.com\\\/naiset\\\/kausi-2025-26\\\/lahtolaskenta-valieriin-on-alkanut\\\/\"},\"wordCount\":435,\"image\":{\"@id\":\"https:\\\/\\\/grifk-handball.com\\\/naiset\\\/kausi-2025-26\\\/lahtolaskenta-valieriin-on-alkanut\\\/#primaryimage\"},\"thumbnailUrl\":\"https:\\\/\\\/grifk-handball.com\\\/naiset\\\/wp-content\\\/uploads\\\/sites\\\/3\\\/2026\\\/03\\\/Playoff-istumapaikat-1080-x-687-px-2.png\",\"keywords\":[\"#aktialiiga\",\"#GrIFKDamer\",\"#grifkhandboll\",\"#Naisten Aktialiiga\",\"#playoff\",\"#vispelarforgrankulla\",\"GrIFK\",\"VIP\"],\"articleSection\":[\"Kausi 2025-26\",\"Uutiset\"],\"inLanguage\":\"fi\"},{\"@type\":\"WebPage\",\"@id\":\"https:\\\/\\\/grifk-handball.com\\\/naiset\\\/kausi-2025-26\\\/lahtolaskenta-valieriin-on-alkanut\\\/\",\"url\":\"https:\\\/\\\/grifk-handball.com\\\/naiset\\\/kausi-2025-26\\\/lahtolaskenta-valieriin-on-alkanut\\\/\",\"name\":\"L\u00e4ht\u00f6laskenta v\u00e4lieriin on alkanut! &#187; GrIFK K\u00e4sipallo Naiset\",\"isPartOf\":{\"@id\":\"https:\\\/\\\/grifk-handball.com\\\/naiset\\\/#website\"},\"primaryImageOfPage\":{\"@id\":\"https:\\\/\\\/grifk-handball.com\\\/naiset\\\/kausi-2025-26\\\/lahtolaskenta-valieriin-on-alkanut\\\/#primaryimage\"},\"image\":{\"@id\":\"https:\\\/\\\/grifk-handball.com\\\/naiset\\\/kausi-2025-26\\\/lahtolaskenta-valieriin-on-alkanut\\\/#primaryimage\"},\"thumbnailUrl\":\"https:\\\/\\\/grifk-handball.com\\\/naiset\\\/wp-content\\\/uploads\\\/sites\\\/3\\\/2026\\\/03\\\/Playoff-istumapaikat-1080-x-687-px-2.png\",\"datePublished\":\"2026-03-12T11:44:31+00:00\",\"dateModified\":\"2026-03-13T08:43:00+00:00\",\"author\":{\"@id\":\"https:\\\/\\\/grifk-handball.com\\\/naiset\\\/#\\\/schema\\\/person\\\/4ab70210cc3dec0bdbb99cc4d3388a15\"},\"breadcrumb\":{\"@id\":\"https:\\\/\\\/grifk-handball.com\\\/naiset\\\/kausi-2025-26\\\/lahtolaskenta-valieriin-on-alkanut\\\/#breadcrumb\"},\"inLanguage\":\"fi\",\"potentialAction\":[{\"@type\":\"ReadAction\",\"target\":[\"https:\\\/\\\/grifk-handball.com\\\/naiset\\\/kausi-2025-26\\\/lahtolaskenta-valieriin-on-alkanut\\\/\"]}]},{\"@type\":\"ImageObject\",\"inLanguage\":\"fi\",\"@id\":\"https:\\\/\\\/grifk-handball.com\\\/naiset\\\/kausi-2025-26\\\/lahtolaskenta-valieriin-on-alkanut\\\/#primaryimage\",\"url\":\"https:\\\/\\\/grifk-handball.com\\\/naiset\\\/wp-content\\\/uploads\\\/sites\\\/3\\\/2026\\\/03\\\/Playoff-istumapaikat-1080-x-687-px-2.png\",\"contentUrl\":\"https:\\\/\\\/grifk-handball.com\\\/naiset\\\/wp-content\\\/uploads\\\/sites\\\/3\\\/2026\\\/03\\\/Playoff-istumapaikat-1080-x-687-px-2.png\",\"width\":1080,\"height\":687},{\"@type\":\"BreadcrumbList\",\"@id\":\"https:\\\/\\\/grifk-handball.com\\\/naiset\\\/kausi-2025-26\\\/lahtolaskenta-valieriin-on-alkanut\\\/#breadcrumb\",\"itemListElement\":[{\"@type\":\"ListItem\",\"position\":1,\"name\":\"Home\",\"item\":\"https:\\\/\\\/grifk-handball.com\\\/naiset\\\/etusivu-2\\\/\"},{\"@type\":\"ListItem\",\"position\":2,\"name\":\"L\u00e4ht\u00f6laskenta v\u00e4lieriin on alkanut!\"}]},{\"@type\":\"WebSite\",\"@id\":\"https:\\\/\\\/grifk-handball.com\\\/naiset\\\/#website\",\"url\":\"https:\\\/\\\/grifk-handball.com\\\/naiset\\\/\",\"name\":\"GrIFK K\u00e4sipallo Naiset\",\"description\":\"GrIFK K\u00e4sipallo Naiset\",\"potentialAction\":[{\"@type\":\"SearchAction\",\"target\":{\"@type\":\"EntryPoint\",\"urlTemplate\":\"https:\\\/\\\/grifk-handball.com\\\/naiset\\\/?s={search_term_string}\"},\"query-input\":{\"@type\":\"PropertyValueSpecification\",\"valueRequired\":true,\"valueName\":\"search_term_string\"}}],\"inLanguage\":\"fi\"},{\"@type\":\"Person\",\"@id\":\"https:\\\/\\\/grifk-handball.com\\\/naiset\\\/#\\\/schema\\\/person\\\/4ab70210cc3dec0bdbb99cc4d3388a15\",\"name\":\"Ellen\",\"image\":{\"@type\":\"ImageObject\",\"inLanguage\":\"fi\",\"@id\":\"https:\\\/\\\/secure.gravatar.com\\\/avatar\\\/396880c508552a2dd3d57b0f9a5f359464f2c496546a922dfec87788c1fa4504?s=96&d=mm&r=g\",\"url\":\"https:\\\/\\\/secure.gravatar.com\\\/avatar\\\/396880c508552a2dd3d57b0f9a5f359464f2c496546a922dfec87788c1fa4504?s=96&d=mm&r=g\",\"contentUrl\":\"https:\\\/\\\/secure.gravatar.com\\\/avatar\\\/396880c508552a2dd3d57b0f9a5f359464f2c496546a922dfec87788c1fa4504?s=96&d=mm&r=g\",\"caption\":\"Ellen\"},\"url\":\"https:\\\/\\\/grifk-handball.com\\\/naiset\\\/author\\\/elleneskelin\\\/\"}]}<\/script>\n<!-- \/ Yoast SEO plugin. -->","yoast_head_json":{"title":"L\u00e4ht\u00f6laskenta v\u00e4lieriin on alkanut! &#187; GrIFK K\u00e4sipallo Naiset","robots":{"index":"index","follow":"follow","max-snippet":"max-snippet:-1","max-image-preview":"max-image-preview:large","max-video-preview":"max-video-preview:-1"},"canonical":"https:\/\/grifk-handball.com\/naiset\/kausi-2025-26\/lahtolaskenta-valieriin-on-alkanut\/","og_locale":"fi_FI","og_type":"article","og_title":"L\u00e4ht\u00f6laskenta v\u00e4lieriin on alkanut! &#187; GrIFK K\u00e4sipallo Naiset","og_description":"Luola t\u00e4yttyy kev\u00e4\u00e4n Aktialiigan huipennuksissa \u2013 varaa oma istumapaikkasi koko playoffien ajaksi! K\u00e4sipallokauden kohokohta l\u00e4hestyy ja on aika valmistautua kauden parhaita pelej\u00e4 varten. Kauniaisten kotihalli on tunnetusti t\u00e4ynn\u00e4 energiaa, tunnelmaa, j\u00e4nnityst\u00e4 \u2013 ja ihmisi\u00e4! Granin naisten edustusjoukkue tarjoaa nyt 20 nopeimmalle mahdollisuuden ostaa itselleen omat vakioidut paikat kaikkiin loppukauden kotiotteluihin. N\u00e4in mahdut varmuudella Luolaan, v\u00e4lt\u00e4t [&hellip;]","og_url":"https:\/\/grifk-handball.com\/naiset\/kausi-2025-26\/lahtolaskenta-valieriin-on-alkanut\/","og_site_name":"GrIFK K\u00e4sipallo Naiset","article_publisher":"https:\/\/www.facebook.com\/532444520237680","article_published_time":"2026-03-12T11:44:31+00:00","article_modified_time":"2026-03-13T08:43:00+00:00","og_image":[{"width":1080,"height":687,"url":"https:\/\/grifk-handball.com\/naiset\/wp-content\/uploads\/sites\/3\/2026\/03\/Playoff-istumapaikat-1080-x-687-px-2.png","type":"image\/png"}],"author":"Ellen","twitter_card":"summary_large_image","twitter_misc":{"Kirjoittanut":"Ellen"},"schema":{"@context":"https:\/\/schema.org","@graph":[{"@type":"Article","@id":"https:\/\/grifk-handball.com\/naiset\/kausi-2025-26\/lahtolaskenta-valieriin-on-alkanut\/#article","isPartOf":{"@id":"https:\/\/grifk-handball.com\/naiset\/kausi-2025-26\/lahtolaskenta-valieriin-on-alkanut\/"},"author":{"name":"Ellen","@id":"https:\/\/grifk-handball.com\/naiset\/#\/schema\/person\/4ab70210cc3dec0bdbb99cc4d3388a15"},"headline":"L\u00e4ht\u00f6laskenta v\u00e4lieriin on alkanut!","datePublished":"2026-03-12T11:44:31+00:00","dateModified":"2026-03-13T08:43:00+00:00","mainEntityOfPage":{"@id":"https:\/\/grifk-handball.com\/naiset\/kausi-2025-26\/lahtolaskenta-valieriin-on-alkanut\/"},"wordCount":435,"image":{"@id":"https:\/\/grifk-handball.com\/naiset\/kausi-2025-26\/lahtolaskenta-valieriin-on-alkanut\/#primaryimage"},"thumbnailUrl":"https:\/\/grifk-handball.com\/naiset\/wp-content\/uploads\/sites\/3\/2026\/03\/Playoff-istumapaikat-1080-x-687-px-2.png","keywords":["#aktialiiga","#GrIFKDamer","#grifkhandboll","#Naisten Aktialiiga","#playoff","#vispelarforgrankulla","GrIFK","VIP"],"articleSection":["Kausi 2025-26","Uutiset"],"inLanguage":"fi"},{"@type":"WebPage","@id":"https:\/\/grifk-handball.com\/naiset\/kausi-2025-26\/lahtolaskenta-valieriin-on-alkanut\/","url":"https:\/\/grifk-handball.com\/naiset\/kausi-2025-26\/lahtolaskenta-valieriin-on-alkanut\/","name":"L\u00e4ht\u00f6laskenta v\u00e4lieriin on alkanut! &#187; GrIFK K\u00e4sipallo Naiset","isPartOf":{"@id":"https:\/\/grifk-handball.com\/naiset\/#website"},"primaryImageOfPage":{"@id":"https:\/\/grifk-handball.com\/naiset\/kausi-2025-26\/lahtolaskenta-valieriin-on-alkanut\/#primaryimage"},"image":{"@id":"https:\/\/grifk-handball.com\/naiset\/kausi-2025-26\/lahtolaskenta-valieriin-on-alkanut\/#primaryimage"},"thumbnailUrl":"https:\/\/grifk-handball.com\/naiset\/wp-content\/uploads\/sites\/3\/2026\/03\/Playoff-istumapaikat-1080-x-687-px-2.png","datePublished":"2026-03-12T11:44:31+00:00","dateModified":"2026-03-13T08:43:00+00:00","author":{"@id":"https:\/\/grifk-handball.com\/naiset\/#\/schema\/person\/4ab70210cc3dec0bdbb99cc4d3388a15"},"breadcrumb":{"@id":"https:\/\/grifk-handball.com\/naiset\/kausi-2025-26\/lahtolaskenta-valieriin-on-alkanut\/#breadcrumb"},"inLanguage":"fi","potentialAction":[{"@type":"ReadAction","target":["https:\/\/grifk-handball.com\/naiset\/kausi-2025-26\/lahtolaskenta-valieriin-on-alkanut\/"]}]},{"@type":"ImageObject","inLanguage":"fi","@id":"https:\/\/grifk-handball.com\/naiset\/kausi-2025-26\/lahtolaskenta-valieriin-on-alkanut\/#primaryimage","url":"https:\/\/grifk-handball.com\/naiset\/wp-content\/uploads\/sites\/3\/2026\/03\/Playoff-istumapaikat-1080-x-687-px-2.png","contentUrl":"https:\/\/grifk-handball.com\/naiset\/wp-content\/uploads\/sites\/3\/2026\/03\/Playoff-istumapaikat-1080-x-687-px-2.png","width":1080,"height":687},{"@type":"BreadcrumbList","@id":"https:\/\/grifk-handball.com\/naiset\/kausi-2025-26\/lahtolaskenta-valieriin-on-alkanut\/#breadcrumb","itemListElement":[{"@type":"ListItem","position":1,"name":"Home","item":"https:\/\/grifk-handball.com\/naiset\/etusivu-2\/"},{"@type":"ListItem","position":2,"name":"L\u00e4ht\u00f6laskenta v\u00e4lieriin on alkanut!"}]},{"@type":"WebSite","@id":"https:\/\/grifk-handball.com\/naiset\/#website","url":"https:\/\/grifk-handball.com\/naiset\/","name":"GrIFK K\u00e4sipallo Naiset","description":"GrIFK K\u00e4sipallo Naiset","potentialAction":[{"@type":"SearchAction","target":{"@type":"EntryPoint","urlTemplate":"https:\/\/grifk-handball.com\/naiset\/?s={search_term_string}"},"query-input":{"@type":"PropertyValueSpecification","valueRequired":true,"valueName":"search_term_string"}}],"inLanguage":"fi"},{"@type":"Person","@id":"https:\/\/grifk-handball.com\/naiset\/#\/schema\/person\/4ab70210cc3dec0bdbb99cc4d3388a15","name":"Ellen","image":{"@type":"ImageObject","inLanguage":"fi","@id":"https:\/\/secure.gravatar.com\/avatar\/396880c508552a2dd3d57b0f9a5f359464f2c496546a922dfec87788c1fa4504?s=96&d=mm&r=g","url":"https:\/\/secure.gravatar.com\/avatar\/396880c508552a2dd3d57b0f9a5f359464f2c496546a922dfec87788c1fa4504?s=96&d=mm&r=g","contentUrl":"https:\/\/secure.gravatar.com\/avatar\/396880c508552a2dd3d57b0f9a5f359464f2c496546a922dfec87788c1fa4504?s=96&d=mm&r=g","caption":"Ellen"},"url":"https:\/\/grifk-handball.com\/naiset\/author\/elleneskelin\/"}]}},"jetpack_featured_media_url":"https:\/\/grifk-handball.com\/naiset\/wp-content\/uploads\/sites\/3\/2026\/03\/Playoff-istumapaikat-1080-x-687-px-2.png","jetpack_sharing_enabled":true,"_links":{"self":[{"href":"https:\/\/grifk-handball.com\/naiset\/wp-json\/wp\/v2\/posts\/14129","targetHints":{"allow":["GET"]}}],"collection":[{"href":"https:\/\/grifk-handball.com\/naiset\/wp-json\/wp\/v2\/posts"}],"about":[{"href":"https:\/\/grifk-handball.com\/naiset\/wp-json\/wp\/v2\/types\/post"}],"author":[{"embeddable":true,"href":"https:\/\/grifk-handball.com\/naiset\/wp-json\/wp\/v2\/users\/12"}],"replies":[{"embeddable":true,"href":"https:\/\/grifk-handball.com\/naiset\/wp-json\/wp\/v2\/comments?post=14129"}],"version-history":[{"count":6,"href":"https:\/\/grifk-handball.com\/naiset\/wp-json\/wp\/v2\/posts\/14129\/revisions"}],"predecessor-version":[{"id":14133,"href":"https:\/\/grifk-handball.com\/naiset\/wp-json\/wp\/v2\/posts\/14129\/revisions\/14133"}],"wp:featuredmedia":[{"embeddable":true,"href":"https:\/\/grifk-handball.com\/naiset\/wp-json\/wp\/v2\/media\/14135"}],"wp:attachment":[{"href":"https:\/\/grifk-handball.com\/naiset\/wp-json\/wp\/v2\/media?parent=14129"}],"wp:term":[{"taxonomy":"category","embeddable":true,"href":"https:\/\/grifk-handball.com\/naiset\/wp-json\/wp\/v2\/categories?post=14129"},{"taxonomy":"post_tag","embeddable":true,"href":"https:\/\/grifk-handball.com\/naiset\/wp-json\/wp\/v2\/tags?post=14129"}],"curies":[{"name":"wp","href":"https:\/\/api.w.org\/{rel}","templated":true}]}}