{"id":14315,"date":"2026-04-30T09:10:22","date_gmt":"2026-04-30T06:10:22","guid":{"rendered":"https:\/\/grifk-handball.com\/naiset\/?p=14315"},"modified":"2026-04-30T09:10:22","modified_gmt":"2026-04-30T06:10:22","slug":"matchrapport-24-4-final-4-hifk-vs-grifk","status":"publish","type":"post","link":"https:\/\/grifk-handball.com\/naiset\/kausi-2025-26\/ottelut-2025-26\/matchrapport-24-4-final-4-hifk-vs-grifk\/","title":{"rendered":"Matchrapport 24.4 Final 4 HIFK vs GrIFK"},"content":{"rendered":"<p><strong>Som vi hoppats, tog finalserien slut p\u00e5 fredagen d\u00e5 vi efter en fin laginsats tog hem det fj\u00e4rde raka FM-guldet!\u00a0<\/strong><\/p>\n<p>Vi b\u00f6rjar matchen lite tr\u00f6gt, men kommer efter de f\u00f6rsta fem minuterna in i matchen. Vi f\u00e5r ett bra flyt fram\u00e5t och uppr\u00e4tth\u00e5ller v\u00e5rt aktiva f\u00f6rsvarsspel bak\u00e5t, dessutom h\u00e5ller vi oss borta fr\u00e5n on\u00f6diga tekniska fel, vilket ger oss en ledning p\u00e5 8 m\u00e5l d\u00e5 vi g\u00e5r in i den andra halvleken. I den andra halvleken forts\u00e4tter vi med samma goda inst\u00e4llning som vi b\u00f6rjade matchen med och lyckas h\u00e5lla ledningen \u00e4nda till slut.<\/p>\n<p>Som helhet har vi under hela finalserien g\u00e5tt mycket fram\u00e5t som lag och i denna sista final var en fin laginsats d\u00e4r alla kliver in och g\u00f6r sitt b\u00e4sta, vilket ger det resultat vi har jobbat f\u00f6r hela s\u00e4songen.<\/p>\n<p>Tack till alla som tog sig till UT p\u00e5 fredagen! \ud83d\udc9a Nu v\u00e4ntar s\u00e4songens sista matcher d\u00e5 vi \u00e5ker till Litauen f\u00f6r att spela final 4 i den baltiska ligan.<\/p>\n<h5><strong>F\u00f6lj oss g\u00e4rna!<\/strong><\/h5>\n<p>Facebook:\u00a0<a href=\"https:\/\/www.facebook.com\/grifkdamer\">Grankulla IFK Handboll Damer<\/a><\/p>\n<p>Instagram:\u00a0<a href=\"https:\/\/www.instagram.com\/grifkdamer\/\">@grifkdamer<\/a><\/p>\n<p>Text: Sandra Lundqvist<br \/>\nFoto: aki_kuvaus<\/p>\n","protected":false},"excerpt":{"rendered":"<p>Som vi hoppats, tog finalserien slut p\u00e5 fredagen d\u00e5 vi efter en fin laginsats tog hem det fj\u00e4rde raka FM-guldet!\u00a0 Vi b\u00f6rjar matchen lite tr\u00f6gt, men kommer efter de f\u00f6rsta fem minuterna in i matchen. Vi f\u00e5r ett bra flyt fram\u00e5t och uppr\u00e4tth\u00e5ller v\u00e5rt aktiva f\u00f6rsvarsspel bak\u00e5t, dessutom h\u00e5ller vi oss borta fr\u00e5n on\u00f6diga tekniska [&hellip;]<\/p>\n","protected":false},"author":12,"featured_media":14316,"comment_status":"closed","ping_status":"closed","sticky":false,"template":"","format":"standard","meta":{"_acf_changed":false,"jetpack_post_was_ever_published":false,"footnotes":""},"categories":[453,472,455,1],"tags":[413,411,409,427,259,181,26,407,297,435,474],"class_list":["post-14315","post","type-post","status-publish","format-standard","has-post-thumbnail","hentry","category-kausi-2025-26","category-otteluraportit-2025-226","category-ottelut-2025-26","category-uutiset","tag-aktialiga","tag-aktialiiga","tag-damernas-aktialiga","tag-final","tag-fm-final","tag-grifkdamer","tag-grifkhandball","tag-naisten-aktialiiga","tag-playoff","tag-sandra-lundqvist","tag-matchrapport"],"acf":[],"yoast_head":"<!-- This site is optimized with the Yoast SEO plugin v27.5 - https:\/\/yoast.com\/product\/yoast-seo-wordpress\/ -->\n<title>Matchrapport 24.4 Final 4 HIFK vs GrIFK &#187; GrIFK K\u00e4sipallo Naiset<\/title>\n<meta name=\"robots\" content=\"index, follow, max-snippet:-1, max-image-preview:large, max-video-preview:-1\" \/>\n<link rel=\"canonical\" href=\"https:\/\/grifk-handball.com\/naiset\/kausi-2025-26\/ottelut-2025-26\/matchrapport-24-4-final-4-hifk-vs-grifk\/\" \/>\n<meta property=\"og:locale\" content=\"fi_FI\" \/>\n<meta property=\"og:type\" content=\"article\" \/>\n<meta property=\"og:title\" content=\"Matchrapport 24.4 Final 4 HIFK vs GrIFK &#187; GrIFK K\u00e4sipallo Naiset\" \/>\n<meta property=\"og:description\" content=\"Som vi hoppats, tog finalserien slut p\u00e5 fredagen d\u00e5 vi efter en fin laginsats tog hem det fj\u00e4rde raka FM-guldet!\u00a0 Vi b\u00f6rjar matchen lite tr\u00f6gt, men kommer efter de f\u00f6rsta fem minuterna in i matchen. Vi f\u00e5r ett bra flyt fram\u00e5t och uppr\u00e4tth\u00e5ller v\u00e5rt aktiva f\u00f6rsvarsspel bak\u00e5t, dessutom h\u00e5ller vi oss borta fr\u00e5n on\u00f6diga tekniska [&hellip;]\" \/>\n<meta property=\"og:url\" content=\"https:\/\/grifk-handball.com\/naiset\/kausi-2025-26\/ottelut-2025-26\/matchrapport-24-4-final-4-hifk-vs-grifk\/\" \/>\n<meta property=\"og:site_name\" content=\"GrIFK K\u00e4sipallo Naiset\" \/>\n<meta property=\"article:publisher\" content=\"https:\/\/www.facebook.com\/532444520237680\" \/>\n<meta property=\"article:published_time\" content=\"2026-04-30T06:10:22+00:00\" \/>\n<meta property=\"og:image\" content=\"https:\/\/grifk-handball.com\/naiset\/wp-content\/uploads\/sites\/3\/2026\/04\/2I1A7211-1030x687.jpg\" \/>\n\t<meta property=\"og:image:width\" content=\"1030\" \/>\n\t<meta property=\"og:image:height\" content=\"687\" \/>\n\t<meta property=\"og:image:type\" content=\"image\/jpeg\" \/>\n<meta name=\"author\" content=\"Ellen\" \/>\n<meta name=\"twitter:card\" content=\"summary_large_image\" \/>\n<meta name=\"twitter:label1\" content=\"Kirjoittanut\" \/>\n\t<meta name=\"twitter:data1\" content=\"Ellen\" \/>\n\t<meta name=\"twitter:label2\" content=\"Arvioitu lukuaika\" \/>\n\t<meta name=\"twitter:data2\" content=\"2 minuuttia\" \/>\n<script type=\"application\/ld+json\" class=\"yoast-schema-graph\">{\"@context\":\"https:\\\/\\\/schema.org\",\"@graph\":[{\"@type\":\"Article\",\"@id\":\"https:\\\/\\\/grifk-handball.com\\\/naiset\\\/kausi-2025-26\\\/ottelut-2025-26\\\/matchrapport-24-4-final-4-hifk-vs-grifk\\\/#article\",\"isPartOf\":{\"@id\":\"https:\\\/\\\/grifk-handball.com\\\/naiset\\\/kausi-2025-26\\\/ottelut-2025-26\\\/matchrapport-24-4-final-4-hifk-vs-grifk\\\/\"},\"author\":{\"name\":\"Ellen\",\"@id\":\"https:\\\/\\\/grifk-handball.com\\\/naiset\\\/#\\\/schema\\\/person\\\/4ab70210cc3dec0bdbb99cc4d3388a15\"},\"headline\":\"Matchrapport 24.4 Final 4 HIFK vs GrIFK\",\"datePublished\":\"2026-04-30T06:10:22+00:00\",\"mainEntityOfPage\":{\"@id\":\"https:\\\/\\\/grifk-handball.com\\\/naiset\\\/kausi-2025-26\\\/ottelut-2025-26\\\/matchrapport-24-4-final-4-hifk-vs-grifk\\\/\"},\"wordCount\":213,\"image\":{\"@id\":\"https:\\\/\\\/grifk-handball.com\\\/naiset\\\/kausi-2025-26\\\/ottelut-2025-26\\\/matchrapport-24-4-final-4-hifk-vs-grifk\\\/#primaryimage\"},\"thumbnailUrl\":\"https:\\\/\\\/grifk-handball.com\\\/naiset\\\/wp-content\\\/uploads\\\/sites\\\/3\\\/2026\\\/04\\\/2I1A7211-scaled.jpg\",\"keywords\":[\"#Aktialiga\",\"#aktialiiga\",\"#Damernas Aktialiga\",\"#final\",\"#FM-final\",\"#GrIFKDamer\",\"#GrIFKHandball\",\"#Naisten Aktialiiga\",\"#playoff\",\"#Sandra Lundqvist\",\"matchrapport\"],\"articleSection\":[\"Kausi 2025-26\",\"Otteluraportit 2025-26\",\"Ottelut 2025-26\",\"Uutiset\"],\"inLanguage\":\"fi\"},{\"@type\":\"WebPage\",\"@id\":\"https:\\\/\\\/grifk-handball.com\\\/naiset\\\/kausi-2025-26\\\/ottelut-2025-26\\\/matchrapport-24-4-final-4-hifk-vs-grifk\\\/\",\"url\":\"https:\\\/\\\/grifk-handball.com\\\/naiset\\\/kausi-2025-26\\\/ottelut-2025-26\\\/matchrapport-24-4-final-4-hifk-vs-grifk\\\/\",\"name\":\"Matchrapport 24.4 Final 4 HIFK vs GrIFK &#187; GrIFK K\u00e4sipallo Naiset\",\"isPartOf\":{\"@id\":\"https:\\\/\\\/grifk-handball.com\\\/naiset\\\/#website\"},\"primaryImageOfPage\":{\"@id\":\"https:\\\/\\\/grifk-handball.com\\\/naiset\\\/kausi-2025-26\\\/ottelut-2025-26\\\/matchrapport-24-4-final-4-hifk-vs-grifk\\\/#primaryimage\"},\"image\":{\"@id\":\"https:\\\/\\\/grifk-handball.com\\\/naiset\\\/kausi-2025-26\\\/ottelut-2025-26\\\/matchrapport-24-4-final-4-hifk-vs-grifk\\\/#primaryimage\"},\"thumbnailUrl\":\"https:\\\/\\\/grifk-handball.com\\\/naiset\\\/wp-content\\\/uploads\\\/sites\\\/3\\\/2026\\\/04\\\/2I1A7211-scaled.jpg\",\"datePublished\":\"2026-04-30T06:10:22+00:00\",\"author\":{\"@id\":\"https:\\\/\\\/grifk-handball.com\\\/naiset\\\/#\\\/schema\\\/person\\\/4ab70210cc3dec0bdbb99cc4d3388a15\"},\"breadcrumb\":{\"@id\":\"https:\\\/\\\/grifk-handball.com\\\/naiset\\\/kausi-2025-26\\\/ottelut-2025-26\\\/matchrapport-24-4-final-4-hifk-vs-grifk\\\/#breadcrumb\"},\"inLanguage\":\"fi\",\"potentialAction\":[{\"@type\":\"ReadAction\",\"target\":[\"https:\\\/\\\/grifk-handball.com\\\/naiset\\\/kausi-2025-26\\\/ottelut-2025-26\\\/matchrapport-24-4-final-4-hifk-vs-grifk\\\/\"]}]},{\"@type\":\"ImageObject\",\"inLanguage\":\"fi\",\"@id\":\"https:\\\/\\\/grifk-handball.com\\\/naiset\\\/kausi-2025-26\\\/ottelut-2025-26\\\/matchrapport-24-4-final-4-hifk-vs-grifk\\\/#primaryimage\",\"url\":\"https:\\\/\\\/grifk-handball.com\\\/naiset\\\/wp-content\\\/uploads\\\/sites\\\/3\\\/2026\\\/04\\\/2I1A7211-scaled.jpg\",\"contentUrl\":\"https:\\\/\\\/grifk-handball.com\\\/naiset\\\/wp-content\\\/uploads\\\/sites\\\/3\\\/2026\\\/04\\\/2I1A7211-scaled.jpg\",\"width\":2560,\"height\":1707},{\"@type\":\"BreadcrumbList\",\"@id\":\"https:\\\/\\\/grifk-handball.com\\\/naiset\\\/kausi-2025-26\\\/ottelut-2025-26\\\/matchrapport-24-4-final-4-hifk-vs-grifk\\\/#breadcrumb\",\"itemListElement\":[{\"@type\":\"ListItem\",\"position\":1,\"name\":\"Home\",\"item\":\"https:\\\/\\\/grifk-handball.com\\\/naiset\\\/etusivu-2\\\/\"},{\"@type\":\"ListItem\",\"position\":2,\"name\":\"Matchrapport 24.4 Final 4 HIFK vs GrIFK\"}]},{\"@type\":\"WebSite\",\"@id\":\"https:\\\/\\\/grifk-handball.com\\\/naiset\\\/#website\",\"url\":\"https:\\\/\\\/grifk-handball.com\\\/naiset\\\/\",\"name\":\"GrIFK K\u00e4sipallo Naiset\",\"description\":\"GrIFK K\u00e4sipallo Naiset\",\"potentialAction\":[{\"@type\":\"SearchAction\",\"target\":{\"@type\":\"EntryPoint\",\"urlTemplate\":\"https:\\\/\\\/grifk-handball.com\\\/naiset\\\/?s={search_term_string}\"},\"query-input\":{\"@type\":\"PropertyValueSpecification\",\"valueRequired\":true,\"valueName\":\"search_term_string\"}}],\"inLanguage\":\"fi\"},{\"@type\":\"Person\",\"@id\":\"https:\\\/\\\/grifk-handball.com\\\/naiset\\\/#\\\/schema\\\/person\\\/4ab70210cc3dec0bdbb99cc4d3388a15\",\"name\":\"Ellen\",\"image\":{\"@type\":\"ImageObject\",\"inLanguage\":\"fi\",\"@id\":\"https:\\\/\\\/secure.gravatar.com\\\/avatar\\\/396880c508552a2dd3d57b0f9a5f359464f2c496546a922dfec87788c1fa4504?s=96&d=mm&r=g\",\"url\":\"https:\\\/\\\/secure.gravatar.com\\\/avatar\\\/396880c508552a2dd3d57b0f9a5f359464f2c496546a922dfec87788c1fa4504?s=96&d=mm&r=g\",\"contentUrl\":\"https:\\\/\\\/secure.gravatar.com\\\/avatar\\\/396880c508552a2dd3d57b0f9a5f359464f2c496546a922dfec87788c1fa4504?s=96&d=mm&r=g\",\"caption\":\"Ellen\"},\"url\":\"https:\\\/\\\/grifk-handball.com\\\/naiset\\\/author\\\/elleneskelin\\\/\"}]}<\/script>\n<!-- \/ Yoast SEO plugin. -->","yoast_head_json":{"title":"Matchrapport 24.4 Final 4 HIFK vs GrIFK &#187; GrIFK K\u00e4sipallo Naiset","robots":{"index":"index","follow":"follow","max-snippet":"max-snippet:-1","max-image-preview":"max-image-preview:large","max-video-preview":"max-video-preview:-1"},"canonical":"https:\/\/grifk-handball.com\/naiset\/kausi-2025-26\/ottelut-2025-26\/matchrapport-24-4-final-4-hifk-vs-grifk\/","og_locale":"fi_FI","og_type":"article","og_title":"Matchrapport 24.4 Final 4 HIFK vs GrIFK &#187; GrIFK K\u00e4sipallo Naiset","og_description":"Som vi hoppats, tog finalserien slut p\u00e5 fredagen d\u00e5 vi efter en fin laginsats tog hem det fj\u00e4rde raka FM-guldet!\u00a0 Vi b\u00f6rjar matchen lite tr\u00f6gt, men kommer efter de f\u00f6rsta fem minuterna in i matchen. Vi f\u00e5r ett bra flyt fram\u00e5t och uppr\u00e4tth\u00e5ller v\u00e5rt aktiva f\u00f6rsvarsspel bak\u00e5t, dessutom h\u00e5ller vi oss borta fr\u00e5n on\u00f6diga tekniska [&hellip;]","og_url":"https:\/\/grifk-handball.com\/naiset\/kausi-2025-26\/ottelut-2025-26\/matchrapport-24-4-final-4-hifk-vs-grifk\/","og_site_name":"GrIFK K\u00e4sipallo Naiset","article_publisher":"https:\/\/www.facebook.com\/532444520237680","article_published_time":"2026-04-30T06:10:22+00:00","og_image":[{"width":1030,"height":687,"url":"https:\/\/grifk-handball.com\/naiset\/wp-content\/uploads\/sites\/3\/2026\/04\/2I1A7211-1030x687.jpg","type":"image\/jpeg"}],"author":"Ellen","twitter_card":"summary_large_image","twitter_misc":{"Kirjoittanut":"Ellen","Arvioitu lukuaika":"2 minuuttia"},"schema":{"@context":"https:\/\/schema.org","@graph":[{"@type":"Article","@id":"https:\/\/grifk-handball.com\/naiset\/kausi-2025-26\/ottelut-2025-26\/matchrapport-24-4-final-4-hifk-vs-grifk\/#article","isPartOf":{"@id":"https:\/\/grifk-handball.com\/naiset\/kausi-2025-26\/ottelut-2025-26\/matchrapport-24-4-final-4-hifk-vs-grifk\/"},"author":{"name":"Ellen","@id":"https:\/\/grifk-handball.com\/naiset\/#\/schema\/person\/4ab70210cc3dec0bdbb99cc4d3388a15"},"headline":"Matchrapport 24.4 Final 4 HIFK vs GrIFK","datePublished":"2026-04-30T06:10:22+00:00","mainEntityOfPage":{"@id":"https:\/\/grifk-handball.com\/naiset\/kausi-2025-26\/ottelut-2025-26\/matchrapport-24-4-final-4-hifk-vs-grifk\/"},"wordCount":213,"image":{"@id":"https:\/\/grifk-handball.com\/naiset\/kausi-2025-26\/ottelut-2025-26\/matchrapport-24-4-final-4-hifk-vs-grifk\/#primaryimage"},"thumbnailUrl":"https:\/\/grifk-handball.com\/naiset\/wp-content\/uploads\/sites\/3\/2026\/04\/2I1A7211-scaled.jpg","keywords":["#Aktialiga","#aktialiiga","#Damernas Aktialiga","#final","#FM-final","#GrIFKDamer","#GrIFKHandball","#Naisten Aktialiiga","#playoff","#Sandra Lundqvist","matchrapport"],"articleSection":["Kausi 2025-26","Otteluraportit 2025-26","Ottelut 2025-26","Uutiset"],"inLanguage":"fi"},{"@type":"WebPage","@id":"https:\/\/grifk-handball.com\/naiset\/kausi-2025-26\/ottelut-2025-26\/matchrapport-24-4-final-4-hifk-vs-grifk\/","url":"https:\/\/grifk-handball.com\/naiset\/kausi-2025-26\/ottelut-2025-26\/matchrapport-24-4-final-4-hifk-vs-grifk\/","name":"Matchrapport 24.4 Final 4 HIFK vs GrIFK &#187; GrIFK K\u00e4sipallo Naiset","isPartOf":{"@id":"https:\/\/grifk-handball.com\/naiset\/#website"},"primaryImageOfPage":{"@id":"https:\/\/grifk-handball.com\/naiset\/kausi-2025-26\/ottelut-2025-26\/matchrapport-24-4-final-4-hifk-vs-grifk\/#primaryimage"},"image":{"@id":"https:\/\/grifk-handball.com\/naiset\/kausi-2025-26\/ottelut-2025-26\/matchrapport-24-4-final-4-hifk-vs-grifk\/#primaryimage"},"thumbnailUrl":"https:\/\/grifk-handball.com\/naiset\/wp-content\/uploads\/sites\/3\/2026\/04\/2I1A7211-scaled.jpg","datePublished":"2026-04-30T06:10:22+00:00","author":{"@id":"https:\/\/grifk-handball.com\/naiset\/#\/schema\/person\/4ab70210cc3dec0bdbb99cc4d3388a15"},"breadcrumb":{"@id":"https:\/\/grifk-handball.com\/naiset\/kausi-2025-26\/ottelut-2025-26\/matchrapport-24-4-final-4-hifk-vs-grifk\/#breadcrumb"},"inLanguage":"fi","potentialAction":[{"@type":"ReadAction","target":["https:\/\/grifk-handball.com\/naiset\/kausi-2025-26\/ottelut-2025-26\/matchrapport-24-4-final-4-hifk-vs-grifk\/"]}]},{"@type":"ImageObject","inLanguage":"fi","@id":"https:\/\/grifk-handball.com\/naiset\/kausi-2025-26\/ottelut-2025-26\/matchrapport-24-4-final-4-hifk-vs-grifk\/#primaryimage","url":"https:\/\/grifk-handball.com\/naiset\/wp-content\/uploads\/sites\/3\/2026\/04\/2I1A7211-scaled.jpg","contentUrl":"https:\/\/grifk-handball.com\/naiset\/wp-content\/uploads\/sites\/3\/2026\/04\/2I1A7211-scaled.jpg","width":2560,"height":1707},{"@type":"BreadcrumbList","@id":"https:\/\/grifk-handball.com\/naiset\/kausi-2025-26\/ottelut-2025-26\/matchrapport-24-4-final-4-hifk-vs-grifk\/#breadcrumb","itemListElement":[{"@type":"ListItem","position":1,"name":"Home","item":"https:\/\/grifk-handball.com\/naiset\/etusivu-2\/"},{"@type":"ListItem","position":2,"name":"Matchrapport 24.4 Final 4 HIFK vs GrIFK"}]},{"@type":"WebSite","@id":"https:\/\/grifk-handball.com\/naiset\/#website","url":"https:\/\/grifk-handball.com\/naiset\/","name":"GrIFK K\u00e4sipallo Naiset","description":"GrIFK K\u00e4sipallo Naiset","potentialAction":[{"@type":"SearchAction","target":{"@type":"EntryPoint","urlTemplate":"https:\/\/grifk-handball.com\/naiset\/?s={search_term_string}"},"query-input":{"@type":"PropertyValueSpecification","valueRequired":true,"valueName":"search_term_string"}}],"inLanguage":"fi"},{"@type":"Person","@id":"https:\/\/grifk-handball.com\/naiset\/#\/schema\/person\/4ab70210cc3dec0bdbb99cc4d3388a15","name":"Ellen","image":{"@type":"ImageObject","inLanguage":"fi","@id":"https:\/\/secure.gravatar.com\/avatar\/396880c508552a2dd3d57b0f9a5f359464f2c496546a922dfec87788c1fa4504?s=96&d=mm&r=g","url":"https:\/\/secure.gravatar.com\/avatar\/396880c508552a2dd3d57b0f9a5f359464f2c496546a922dfec87788c1fa4504?s=96&d=mm&r=g","contentUrl":"https:\/\/secure.gravatar.com\/avatar\/396880c508552a2dd3d57b0f9a5f359464f2c496546a922dfec87788c1fa4504?s=96&d=mm&r=g","caption":"Ellen"},"url":"https:\/\/grifk-handball.com\/naiset\/author\/elleneskelin\/"}]}},"jetpack_featured_media_url":"https:\/\/grifk-handball.com\/naiset\/wp-content\/uploads\/sites\/3\/2026\/04\/2I1A7211-scaled.jpg","jetpack_sharing_enabled":true,"_links":{"self":[{"href":"https:\/\/grifk-handball.com\/naiset\/wp-json\/wp\/v2\/posts\/14315","targetHints":{"allow":["GET"]}}],"collection":[{"href":"https:\/\/grifk-handball.com\/naiset\/wp-json\/wp\/v2\/posts"}],"about":[{"href":"https:\/\/grifk-handball.com\/naiset\/wp-json\/wp\/v2\/types\/post"}],"author":[{"embeddable":true,"href":"https:\/\/grifk-handball.com\/naiset\/wp-json\/wp\/v2\/users\/12"}],"replies":[{"embeddable":true,"href":"https:\/\/grifk-handball.com\/naiset\/wp-json\/wp\/v2\/comments?post=14315"}],"version-history":[{"count":2,"href":"https:\/\/grifk-handball.com\/naiset\/wp-json\/wp\/v2\/posts\/14315\/revisions"}],"predecessor-version":[{"id":14318,"href":"https:\/\/grifk-handball.com\/naiset\/wp-json\/wp\/v2\/posts\/14315\/revisions\/14318"}],"wp:featuredmedia":[{"embeddable":true,"href":"https:\/\/grifk-handball.com\/naiset\/wp-json\/wp\/v2\/media\/14316"}],"wp:attachment":[{"href":"https:\/\/grifk-handball.com\/naiset\/wp-json\/wp\/v2\/media?parent=14315"}],"wp:term":[{"taxonomy":"category","embeddable":true,"href":"https:\/\/grifk-handball.com\/naiset\/wp-json\/wp\/v2\/categories?post=14315"},{"taxonomy":"post_tag","embeddable":true,"href":"https:\/\/grifk-handball.com\/naiset\/wp-json\/wp\/v2\/tags?post=14315"}],"curies":[{"name":"wp","href":"https:\/\/api.w.org\/{rel}","templated":true}]}}