{"id":14505,"date":"2026-09-03T13:33:49","date_gmt":"2026-09-03T10:33:49","guid":{"rendered":"https:\/\/grifk-handball.com\/naiset\/?p=14505"},"modified":"2026-09-03T14:46:48","modified_gmt":"2026-09-03T11:46:48","slug":"kohti-jannittavaa-kautta","status":"publish","type":"post","link":"https:\/\/grifk-handball.com\/naiset\/kausi-2026-27\/ennakot-kausi-2026-27\/kohti-jannittavaa-kautta\/","title":{"rendered":"Kohti uutta ja j\u00e4nnitt\u00e4v\u00e4\u00e4 kautta"},"content":{"rendered":"<p>Nelj\u00e4n\u00e4 edelliskautena mestaruuden voittanut GrIFK on j\u00e4lleen vahva mestarikandidaatti, mutta se joutuu tekem\u00e4\u00e4n tosissaan t\u00f6it\u00e4 asemansa s\u00e4ilytt\u00e4miseksi.<\/p>\n<p>GrIFK oli viime kaudella j\u00e4lleen omaa luokkaansa ja pystyi klaaraamaan itselleen mestaruuden, vaikka maalitykki Johanna Svanb\u00e4ck oli sivussa pelikentilt\u00e4 tammikuun lopusta l\u00e4htien. H\u00e4nen ollessaan sivussa Isabel Larsson ja Louise Heinonen ottivat vastuuta maalinteosta. Kumpaakaan ei tosin t\u00e4ll\u00e4 kaudella Granin riveiss\u00e4 n\u00e4hd\u00e4, vaan molemmat suuntasivat Italiaan.<\/p>\n<p>Kaksikon l\u00e4hd\u00f6n my\u00f6t\u00e4 GrIFK:lle j\u00e4\u00e4 paikattavaksi 222 maalin aukko. Cecilia Heinrich puolestaan l\u00e4hti Norjaan. Tulopuolen merkitt\u00e4vin vahvistus on Corinna Jensen, joka palaa tuttuun seuraan.<\/p>\n<p>Vaikka joukkueesta on poistunut kokemusta ja tulivoimaa, niin joka vuosi esiin on noussut uusia vastuunkantajia. Patrik Johanson on tehnyt Granin per\u00e4simess\u00e4 pitk\u00e4aikaista ja vahvaa ty\u00f6t\u00e4, mutta siit\u00e4 huolimatta nyt ollaan v\u00e4h\u00e4n uuden \u00e4\u00e4rell\u00e4.<\/p>\n<p>\u2013 T\u00e4m\u00e4 on meille j\u00e4nnitt\u00e4v\u00e4 kausi. Olemme keskell\u00e4 sukupolvenvaihdosta ja on j\u00e4nnitt\u00e4v\u00e4\u00e4 n\u00e4hd\u00e4, miten joukkue ja pelaajat kehittyv\u00e4t kauden aikana. T\u00e4rkeint\u00e4 on taistella j\u00e4lleen kultamitalista, Johanson miettii kauden asetelmia.<\/p>\n<p>\u2013 Joukkueessamme on paljon muutoksia, ja osa on siirtynyt ulkomaille ja osa on lopettanut tai pit\u00e4nyt taukoa. Olemme kasvattaneet monia omia nuoria lahjakkaita junioreitamme, jotka nousevat kauden edetess\u00e4, ruotsalaisvalmentaja jatkaa.<\/p>\n<p>Muutoksista huolimatta Johansonilla on vahva luotto omaan joukkueeseen.<\/p>\n<p>\u2013 Meill\u00e4 on hyv\u00e4 joukkuehenki ja olemme rakentaneet kulttuurin, jossa annamme kaikkemme kaikesta huolimatta.<\/p>\n<p>Johansonin mukaan joukkue on mennyt kes\u00e4ll\u00e4 kovaa.<\/p>\n<p>\u2013 Kes\u00e4n aikana on ty\u00f6skennellyt useiden asioiden parissa. T\u00e4rkeint\u00e4 on tietysti ollut pelin fyysisen kunnon parantaminen.<\/p>\n<p>Vaihtuvuus tuo luonnollisesti muutoksia, mutta GrIFK on luonut vuosien varrella oman tunnusomaisen peli-identiteettns\u00e4 eik\u00e4 siihen ole tulossa muutosta.<\/p>\n<p>\u2013 Haluamme pelata kovaa, aggressiivista ja aktiivista puolustuspeli\u00e4 yhdess\u00e4 rohkean, nopean ja luovan hy\u00f6kk\u00e4yspelin kanssa.<\/p>\n<p>GrIFK aloittaa mestaruutensa puolustamisen lauantaina 5.9., kun Cocks matkaa Kauniaisiin.<\/p>\n<p>L\u00e4hde: K\u00e4sipalloliitto<\/p>\n<div class='avia-iframe-wrap'>\n<blockquote class=\"wp-embedded-content\" data-secret=\"0dFmXvULkg\"><p><a href=\"https:\/\/aktialiiga.fi\/naiset\/2026-2027\/kohti-kautta\/kohti-kautta-grifk-12\/\">Kohti kautta: GrIFK<\/a><\/p><\/blockquote>\n<p><iframe loading=\"lazy\" class=\"wp-embedded-content\" sandbox=\"allow-scripts\" security=\"restricted\" style=\"position: absolute; visibility: hidden;\" title=\"\u201dKohti kautta: GrIFK\u201d \u2014 K\u00e4sipallon naisten Aktialiiga\" src=\"https:\/\/aktialiiga.fi\/naiset\/2026-2027\/kohti-kautta\/kohti-kautta-grifk-12\/embed\/#?secret=Haz8AReljx#?secret=0dFmXvULkg\" data-secret=\"0dFmXvULkg\" width=\"600\" height=\"338\" frameborder=\"0\" marginwidth=\"0\" marginheight=\"0\" scrolling=\"no\"><\/iframe><\/div>\n","protected":false},"excerpt":{"rendered":"<p>Nelj\u00e4n\u00e4 edelliskautena mestaruuden voittanut GrIFK on j\u00e4lleen vahva mestarikandidaatti, mutta se joutuu tekem\u00e4\u00e4n tosissaan t\u00f6it\u00e4 asemansa s\u00e4ilytt\u00e4miseksi. GrIFK oli viime kaudella j\u00e4lleen omaa luokkaansa ja pystyi klaaraamaan itselleen mestaruuden, vaikka maalitykki Johanna Svanb\u00e4ck oli sivussa pelikentilt\u00e4 tammikuun lopusta l\u00e4htien. H\u00e4nen ollessaan sivussa Isabel Larsson ja Louise Heinonen ottivat vastuuta maalinteosta. Kumpaakaan ei tosin t\u00e4ll\u00e4 kaudella [&hellip;]<\/p>\n","protected":false},"author":6,"featured_media":14506,"comment_status":"closed","ping_status":"closed","sticky":false,"template":"","format":"standard","meta":{"_acf_changed":false,"footnotes":"","jetpack_post_was_ever_published":false,"_members_access_role":[],"_members_access_error":""},"categories":[497,1],"tags":[413,411,181],"class_list":["post-14505","post","type-post","status-publish","format-standard","has-post-thumbnail","hentry","category-ennakot-kausi-2026-27","category-uutiset","tag-aktialiga","tag-aktialiiga","tag-grifkdamer"],"acf":[],"yoast_head":"<!-- This site is optimized with the Yoast SEO plugin v28.4 - https:\/\/yoast.com\/product\/yoast-seo-wordpress\/ -->\n<title>Kohti uutta ja j\u00e4nnitt\u00e4v\u00e4\u00e4 kautta &#187; GrIFK K\u00e4sipallo Naiset<\/title>\n<meta name=\"robots\" content=\"index, follow, max-snippet:-1, max-image-preview:large, max-video-preview:-1\" \/>\n<link rel=\"canonical\" href=\"https:\/\/grifk-handball.com\/naiset\/kausi-2026-27\/ennakot-kausi-2026-27\/kohti-jannittavaa-kautta\/\" \/>\n<meta property=\"og:locale\" content=\"fi_FI\" \/>\n<meta property=\"og:type\" content=\"article\" \/>\n<meta property=\"og:title\" content=\"Kohti uutta ja j\u00e4nnitt\u00e4v\u00e4\u00e4 kautta &#187; GrIFK K\u00e4sipallo Naiset\" \/>\n<meta property=\"og:description\" content=\"Nelj\u00e4n\u00e4 edelliskautena mestaruuden voittanut GrIFK on j\u00e4lleen vahva mestarikandidaatti, mutta se joutuu tekem\u00e4\u00e4n tosissaan t\u00f6it\u00e4 asemansa s\u00e4ilytt\u00e4miseksi. GrIFK oli viime kaudella j\u00e4lleen omaa luokkaansa ja pystyi klaaraamaan itselleen mestaruuden, vaikka maalitykki Johanna Svanb\u00e4ck oli sivussa pelikentilt\u00e4 tammikuun lopusta l\u00e4htien. H\u00e4nen ollessaan sivussa Isabel Larsson ja Louise Heinonen ottivat vastuuta maalinteosta. Kumpaakaan ei tosin t\u00e4ll\u00e4 kaudella [&hellip;]\" \/>\n<meta property=\"og:url\" content=\"https:\/\/grifk-handball.com\/naiset\/kausi-2026-27\/ennakot-kausi-2026-27\/kohti-jannittavaa-kautta\/\" \/>\n<meta property=\"og:site_name\" content=\"GrIFK K\u00e4sipallo Naiset\" \/>\n<meta property=\"article:publisher\" content=\"https:\/\/www.facebook.com\/532444520237680\" \/>\n<meta property=\"article:published_time\" content=\"2026-09-03T10:33:49+00:00\" \/>\n<meta property=\"article:modified_time\" content=\"2026-09-03T11:46:48+00:00\" \/>\n<meta property=\"og:image\" content=\"https:\/\/grifk-handball.com\/naiset\/wp-content\/uploads\/sites\/3\/2026\/09\/Guldbild-2025-26.jpg\" \/>\n\t<meta property=\"og:image:width\" content=\"2048\" \/>\n\t<meta property=\"og:image:height\" content=\"1365\" \/>\n\t<meta property=\"og:image:type\" content=\"image\/jpeg\" \/>\n<meta name=\"author\" content=\"irajessica\" \/>\n<meta name=\"twitter:card\" content=\"summary_large_image\" \/>\n<meta name=\"twitter:label1\" content=\"Kirjoittanut\" \/>\n\t<meta name=\"twitter:data1\" content=\"irajessica\" \/>\n\t<meta name=\"twitter:label2\" content=\"Arvioitu lukuaika\" \/>\n\t<meta name=\"twitter:data2\" content=\"2 minuuttia\" \/>\n<script type=\"application\/ld+json\" class=\"yoast-schema-graph\">{\"@context\":\"https:\\\/\\\/schema.org\",\"@graph\":[{\"@type\":\"Article\",\"@id\":\"https:\\\/\\\/grifk-handball.com\\\/naiset\\\/kausi-2026-27\\\/ennakot-kausi-2026-27\\\/kohti-jannittavaa-kautta\\\/#article\",\"isPartOf\":{\"@id\":\"https:\\\/\\\/grifk-handball.com\\\/naiset\\\/kausi-2026-27\\\/ennakot-kausi-2026-27\\\/kohti-jannittavaa-kautta\\\/\"},\"author\":{\"name\":\"irajessica\",\"@id\":\"https:\\\/\\\/grifk-handball.com\\\/naiset\\\/#\\\/schema\\\/person\\\/833a8047457c3e753cf474b171cc90f9\"},\"headline\":\"Kohti uutta ja j\u00e4nnitt\u00e4v\u00e4\u00e4 kautta\",\"datePublished\":\"2026-09-03T10:33:49+00:00\",\"dateModified\":\"2026-09-03T11:46:48+00:00\",\"mainEntityOfPage\":{\"@id\":\"https:\\\/\\\/grifk-handball.com\\\/naiset\\\/kausi-2026-27\\\/ennakot-kausi-2026-27\\\/kohti-jannittavaa-kautta\\\/\"},\"wordCount\":316,\"image\":{\"@id\":\"https:\\\/\\\/grifk-handball.com\\\/naiset\\\/kausi-2026-27\\\/ennakot-kausi-2026-27\\\/kohti-jannittavaa-kautta\\\/#primaryimage\"},\"thumbnailUrl\":\"https:\\\/\\\/grifk-handball.com\\\/naiset\\\/wp-content\\\/uploads\\\/sites\\\/3\\\/2026\\\/09\\\/Guldbild-2025-26.jpg\",\"keywords\":[\"#Aktialiga\",\"#aktialiiga\",\"#GrIFKDamer\"],\"articleSection\":[\"Ennakot 2026-27\",\"Uutiset\"],\"inLanguage\":\"fi\"},{\"@type\":\"WebPage\",\"@id\":\"https:\\\/\\\/grifk-handball.com\\\/naiset\\\/kausi-2026-27\\\/ennakot-kausi-2026-27\\\/kohti-jannittavaa-kautta\\\/\",\"url\":\"https:\\\/\\\/grifk-handball.com\\\/naiset\\\/kausi-2026-27\\\/ennakot-kausi-2026-27\\\/kohti-jannittavaa-kautta\\\/\",\"name\":\"Kohti uutta ja j\u00e4nnitt\u00e4v\u00e4\u00e4 kautta &#187; GrIFK K\u00e4sipallo Naiset\",\"isPartOf\":{\"@id\":\"https:\\\/\\\/grifk-handball.com\\\/naiset\\\/#website\"},\"primaryImageOfPage\":{\"@id\":\"https:\\\/\\\/grifk-handball.com\\\/naiset\\\/kausi-2026-27\\\/ennakot-kausi-2026-27\\\/kohti-jannittavaa-kautta\\\/#primaryimage\"},\"image\":{\"@id\":\"https:\\\/\\\/grifk-handball.com\\\/naiset\\\/kausi-2026-27\\\/ennakot-kausi-2026-27\\\/kohti-jannittavaa-kautta\\\/#primaryimage\"},\"thumbnailUrl\":\"https:\\\/\\\/grifk-handball.com\\\/naiset\\\/wp-content\\\/uploads\\\/sites\\\/3\\\/2026\\\/09\\\/Guldbild-2025-26.jpg\",\"datePublished\":\"2026-09-03T10:33:49+00:00\",\"dateModified\":\"2026-09-03T11:46:48+00:00\",\"author\":{\"@id\":\"https:\\\/\\\/grifk-handball.com\\\/naiset\\\/#\\\/schema\\\/person\\\/833a8047457c3e753cf474b171cc90f9\"},\"breadcrumb\":{\"@id\":\"https:\\\/\\\/grifk-handball.com\\\/naiset\\\/kausi-2026-27\\\/ennakot-kausi-2026-27\\\/kohti-jannittavaa-kautta\\\/#breadcrumb\"},\"inLanguage\":\"fi\",\"potentialAction\":[{\"@type\":\"ReadAction\",\"target\":[\"https:\\\/\\\/grifk-handball.com\\\/naiset\\\/kausi-2026-27\\\/ennakot-kausi-2026-27\\\/kohti-jannittavaa-kautta\\\/\"]}]},{\"@type\":\"ImageObject\",\"inLanguage\":\"fi\",\"@id\":\"https:\\\/\\\/grifk-handball.com\\\/naiset\\\/kausi-2026-27\\\/ennakot-kausi-2026-27\\\/kohti-jannittavaa-kautta\\\/#primaryimage\",\"url\":\"https:\\\/\\\/grifk-handball.com\\\/naiset\\\/wp-content\\\/uploads\\\/sites\\\/3\\\/2026\\\/09\\\/Guldbild-2025-26.jpg\",\"contentUrl\":\"https:\\\/\\\/grifk-handball.com\\\/naiset\\\/wp-content\\\/uploads\\\/sites\\\/3\\\/2026\\\/09\\\/Guldbild-2025-26.jpg\",\"width\":2048,\"height\":1365},{\"@type\":\"BreadcrumbList\",\"@id\":\"https:\\\/\\\/grifk-handball.com\\\/naiset\\\/kausi-2026-27\\\/ennakot-kausi-2026-27\\\/kohti-jannittavaa-kautta\\\/#breadcrumb\",\"itemListElement\":[{\"@type\":\"ListItem\",\"position\":1,\"name\":\"Home\",\"item\":\"https:\\\/\\\/grifk-handball.com\\\/naiset\\\/etusivu-2\\\/\"},{\"@type\":\"ListItem\",\"position\":2,\"name\":\"Kohti uutta ja j\u00e4nnitt\u00e4v\u00e4\u00e4 kautta\"}]},{\"@type\":\"WebSite\",\"@id\":\"https:\\\/\\\/grifk-handball.com\\\/naiset\\\/#website\",\"url\":\"https:\\\/\\\/grifk-handball.com\\\/naiset\\\/\",\"name\":\"GrIFK K\u00e4sipallo Naiset\",\"description\":\"GrIFK K\u00e4sipallo Naiset\",\"potentialAction\":[{\"@type\":\"SearchAction\",\"target\":{\"@type\":\"EntryPoint\",\"urlTemplate\":\"https:\\\/\\\/grifk-handball.com\\\/naiset\\\/?s={search_term_string}\"},\"query-input\":{\"@type\":\"PropertyValueSpecification\",\"valueRequired\":true,\"valueName\":\"search_term_string\"}}],\"inLanguage\":\"fi\"},{\"@type\":\"Person\",\"@id\":\"https:\\\/\\\/grifk-handball.com\\\/naiset\\\/#\\\/schema\\\/person\\\/833a8047457c3e753cf474b171cc90f9\",\"name\":\"irajessica\",\"image\":{\"@type\":\"ImageObject\",\"inLanguage\":\"fi\",\"@id\":\"https:\\\/\\\/secure.gravatar.com\\\/avatar\\\/a5f2f279937493405b86bf6f3fc4a412ab182fdfc4897be279322d112f394088?s=96&d=mm&r=g\",\"url\":\"https:\\\/\\\/secure.gravatar.com\\\/avatar\\\/a5f2f279937493405b86bf6f3fc4a412ab182fdfc4897be279322d112f394088?s=96&d=mm&r=g\",\"contentUrl\":\"https:\\\/\\\/secure.gravatar.com\\\/avatar\\\/a5f2f279937493405b86bf6f3fc4a412ab182fdfc4897be279322d112f394088?s=96&d=mm&r=g\",\"caption\":\"irajessica\"},\"url\":\"https:\\\/\\\/grifk-handball.com\\\/naiset\\\/author\\\/irajessica\\\/\"}]}<\/script>\n<!-- \/ Yoast SEO plugin. -->","yoast_head_json":{"title":"Kohti uutta ja j\u00e4nnitt\u00e4v\u00e4\u00e4 kautta &#187; GrIFK K\u00e4sipallo Naiset","robots":{"index":"index","follow":"follow","max-snippet":"max-snippet:-1","max-image-preview":"max-image-preview:large","max-video-preview":"max-video-preview:-1"},"canonical":"https:\/\/grifk-handball.com\/naiset\/kausi-2026-27\/ennakot-kausi-2026-27\/kohti-jannittavaa-kautta\/","og_locale":"fi_FI","og_type":"article","og_title":"Kohti uutta ja j\u00e4nnitt\u00e4v\u00e4\u00e4 kautta &#187; GrIFK K\u00e4sipallo Naiset","og_description":"Nelj\u00e4n\u00e4 edelliskautena mestaruuden voittanut GrIFK on j\u00e4lleen vahva mestarikandidaatti, mutta se joutuu tekem\u00e4\u00e4n tosissaan t\u00f6it\u00e4 asemansa s\u00e4ilytt\u00e4miseksi. GrIFK oli viime kaudella j\u00e4lleen omaa luokkaansa ja pystyi klaaraamaan itselleen mestaruuden, vaikka maalitykki Johanna Svanb\u00e4ck oli sivussa pelikentilt\u00e4 tammikuun lopusta l\u00e4htien. H\u00e4nen ollessaan sivussa Isabel Larsson ja Louise Heinonen ottivat vastuuta maalinteosta. Kumpaakaan ei tosin t\u00e4ll\u00e4 kaudella [&hellip;]","og_url":"https:\/\/grifk-handball.com\/naiset\/kausi-2026-27\/ennakot-kausi-2026-27\/kohti-jannittavaa-kautta\/","og_site_name":"GrIFK K\u00e4sipallo Naiset","article_publisher":"https:\/\/www.facebook.com\/532444520237680","article_published_time":"2026-09-03T10:33:49+00:00","article_modified_time":"2026-09-03T11:46:48+00:00","og_image":[{"width":2048,"height":1365,"url":"https:\/\/grifk-handball.com\/naiset\/wp-content\/uploads\/sites\/3\/2026\/09\/Guldbild-2025-26.jpg","type":"image\/jpeg"}],"author":"irajessica","twitter_card":"summary_large_image","twitter_misc":{"Kirjoittanut":"irajessica","Arvioitu lukuaika":"2 minuuttia"},"schema":{"@context":"https:\/\/schema.org","@graph":[{"@type":"Article","@id":"https:\/\/grifk-handball.com\/naiset\/kausi-2026-27\/ennakot-kausi-2026-27\/kohti-jannittavaa-kautta\/#article","isPartOf":{"@id":"https:\/\/grifk-handball.com\/naiset\/kausi-2026-27\/ennakot-kausi-2026-27\/kohti-jannittavaa-kautta\/"},"author":{"name":"irajessica","@id":"https:\/\/grifk-handball.com\/naiset\/#\/schema\/person\/833a8047457c3e753cf474b171cc90f9"},"headline":"Kohti uutta ja j\u00e4nnitt\u00e4v\u00e4\u00e4 kautta","datePublished":"2026-09-03T10:33:49+00:00","dateModified":"2026-09-03T11:46:48+00:00","mainEntityOfPage":{"@id":"https:\/\/grifk-handball.com\/naiset\/kausi-2026-27\/ennakot-kausi-2026-27\/kohti-jannittavaa-kautta\/"},"wordCount":316,"image":{"@id":"https:\/\/grifk-handball.com\/naiset\/kausi-2026-27\/ennakot-kausi-2026-27\/kohti-jannittavaa-kautta\/#primaryimage"},"thumbnailUrl":"https:\/\/grifk-handball.com\/naiset\/wp-content\/uploads\/sites\/3\/2026\/09\/Guldbild-2025-26.jpg","keywords":["#Aktialiga","#aktialiiga","#GrIFKDamer"],"articleSection":["Ennakot 2026-27","Uutiset"],"inLanguage":"fi"},{"@type":"WebPage","@id":"https:\/\/grifk-handball.com\/naiset\/kausi-2026-27\/ennakot-kausi-2026-27\/kohti-jannittavaa-kautta\/","url":"https:\/\/grifk-handball.com\/naiset\/kausi-2026-27\/ennakot-kausi-2026-27\/kohti-jannittavaa-kautta\/","name":"Kohti uutta ja j\u00e4nnitt\u00e4v\u00e4\u00e4 kautta &#187; GrIFK K\u00e4sipallo Naiset","isPartOf":{"@id":"https:\/\/grifk-handball.com\/naiset\/#website"},"primaryImageOfPage":{"@id":"https:\/\/grifk-handball.com\/naiset\/kausi-2026-27\/ennakot-kausi-2026-27\/kohti-jannittavaa-kautta\/#primaryimage"},"image":{"@id":"https:\/\/grifk-handball.com\/naiset\/kausi-2026-27\/ennakot-kausi-2026-27\/kohti-jannittavaa-kautta\/#primaryimage"},"thumbnailUrl":"https:\/\/grifk-handball.com\/naiset\/wp-content\/uploads\/sites\/3\/2026\/09\/Guldbild-2025-26.jpg","datePublished":"2026-09-03T10:33:49+00:00","dateModified":"2026-09-03T11:46:48+00:00","author":{"@id":"https:\/\/grifk-handball.com\/naiset\/#\/schema\/person\/833a8047457c3e753cf474b171cc90f9"},"breadcrumb":{"@id":"https:\/\/grifk-handball.com\/naiset\/kausi-2026-27\/ennakot-kausi-2026-27\/kohti-jannittavaa-kautta\/#breadcrumb"},"inLanguage":"fi","potentialAction":[{"@type":"ReadAction","target":["https:\/\/grifk-handball.com\/naiset\/kausi-2026-27\/ennakot-kausi-2026-27\/kohti-jannittavaa-kautta\/"]}]},{"@type":"ImageObject","inLanguage":"fi","@id":"https:\/\/grifk-handball.com\/naiset\/kausi-2026-27\/ennakot-kausi-2026-27\/kohti-jannittavaa-kautta\/#primaryimage","url":"https:\/\/grifk-handball.com\/naiset\/wp-content\/uploads\/sites\/3\/2026\/09\/Guldbild-2025-26.jpg","contentUrl":"https:\/\/grifk-handball.com\/naiset\/wp-content\/uploads\/sites\/3\/2026\/09\/Guldbild-2025-26.jpg","width":2048,"height":1365},{"@type":"BreadcrumbList","@id":"https:\/\/grifk-handball.com\/naiset\/kausi-2026-27\/ennakot-kausi-2026-27\/kohti-jannittavaa-kautta\/#breadcrumb","itemListElement":[{"@type":"ListItem","position":1,"name":"Home","item":"https:\/\/grifk-handball.com\/naiset\/etusivu-2\/"},{"@type":"ListItem","position":2,"name":"Kohti uutta ja j\u00e4nnitt\u00e4v\u00e4\u00e4 kautta"}]},{"@type":"WebSite","@id":"https:\/\/grifk-handball.com\/naiset\/#website","url":"https:\/\/grifk-handball.com\/naiset\/","name":"GrIFK K\u00e4sipallo Naiset","description":"GrIFK K\u00e4sipallo Naiset","potentialAction":[{"@type":"SearchAction","target":{"@type":"EntryPoint","urlTemplate":"https:\/\/grifk-handball.com\/naiset\/?s={search_term_string}"},"query-input":{"@type":"PropertyValueSpecification","valueRequired":true,"valueName":"search_term_string"}}],"inLanguage":"fi"},{"@type":"Person","@id":"https:\/\/grifk-handball.com\/naiset\/#\/schema\/person\/833a8047457c3e753cf474b171cc90f9","name":"irajessica","image":{"@type":"ImageObject","inLanguage":"fi","@id":"https:\/\/secure.gravatar.com\/avatar\/a5f2f279937493405b86bf6f3fc4a412ab182fdfc4897be279322d112f394088?s=96&d=mm&r=g","url":"https:\/\/secure.gravatar.com\/avatar\/a5f2f279937493405b86bf6f3fc4a412ab182fdfc4897be279322d112f394088?s=96&d=mm&r=g","contentUrl":"https:\/\/secure.gravatar.com\/avatar\/a5f2f279937493405b86bf6f3fc4a412ab182fdfc4897be279322d112f394088?s=96&d=mm&r=g","caption":"irajessica"},"url":"https:\/\/grifk-handball.com\/naiset\/author\/irajessica\/"}]}},"jetpack_sharing_enabled":true,"jetpack_featured_media_url":"https:\/\/grifk-handball.com\/naiset\/wp-content\/uploads\/sites\/3\/2026\/09\/Guldbild-2025-26.jpg","_links":{"self":[{"href":"https:\/\/grifk-handball.com\/naiset\/wp-json\/wp\/v2\/posts\/14505","targetHints":{"allow":["GET"]}}],"collection":[{"href":"https:\/\/grifk-handball.com\/naiset\/wp-json\/wp\/v2\/posts"}],"about":[{"href":"https:\/\/grifk-handball.com\/naiset\/wp-json\/wp\/v2\/types\/post"}],"author":[{"embeddable":true,"href":"https:\/\/grifk-handball.com\/naiset\/wp-json\/wp\/v2\/users\/6"}],"replies":[{"embeddable":true,"href":"https:\/\/grifk-handball.com\/naiset\/wp-json\/wp\/v2\/comments?post=14505"}],"version-history":[{"count":1,"href":"https:\/\/grifk-handball.com\/naiset\/wp-json\/wp\/v2\/posts\/14505\/revisions"}],"predecessor-version":[{"id":14507,"href":"https:\/\/grifk-handball.com\/naiset\/wp-json\/wp\/v2\/posts\/14505\/revisions\/14507"}],"wp:featuredmedia":[{"embeddable":true,"href":"https:\/\/grifk-handball.com\/naiset\/wp-json\/wp\/v2\/media\/14506"}],"wp:attachment":[{"href":"https:\/\/grifk-handball.com\/naiset\/wp-json\/wp\/v2\/media?parent=14505"}],"wp:term":[{"taxonomy":"category","embeddable":true,"href":"https:\/\/grifk-handball.com\/naiset\/wp-json\/wp\/v2\/categories?post=14505"},{"taxonomy":"post_tag","embeddable":true,"href":"https:\/\/grifk-handball.com\/naiset\/wp-json\/wp\/v2\/tags?post=14505"}],"curies":[{"name":"wp","href":"https:\/\/api.w.org\/{rel}","templated":true}]}}