{"id":14522,"date":"2026-09-03T14:57:10","date_gmt":"2026-09-03T11:57:10","guid":{"rendered":"https:\/\/grifk-handball.com\/naiset\/?p=14522"},"modified":"2026-09-03T14:57:10","modified_gmt":"2026-09-03T11:57:10","slug":"mot-en-ny-och-spannande-sasong","status":"publish","type":"post","link":"https:\/\/grifk-handball.com\/naiset\/kausi-2026-27\/ennakot-kausi-2026-27\/mot-en-ny-och-spannande-sasong\/","title":{"rendered":"Mot en ny och sp\u00e4nnande s\u00e4song"},"content":{"rendered":"<p class=\"isSelectedEnd\">GrIFK, som har vunnit m\u00e4sterskapet de fyra senaste s\u00e4songerna, \u00e4r \u00e5terigen en stark guldkandidat. Men f\u00f6r att beh\u00e5lla sin position m\u00e5ste laget jobba h\u00e5rt.<\/p>\n<p class=\"isSelectedEnd\">GrIFK var \u00e4nnu en g\u00e5ng i en klass f\u00f6r sig f\u00f6rra s\u00e4songen och kunde spela hem m\u00e4sterskapet trots att m\u00e5lsprutan Johanna Svanb\u00e4ck varit borta fr\u00e5n spel sedan slutet av januari. I hennes fr\u00e5nvaro tog Isabel Larsson och Louise Heinonen ansvar f\u00f6r m\u00e5lskyttet. Ingen av dem spelar dock i Grani den h\u00e4r s\u00e4songen, eftersom b\u00e5da har flyttat till Italien.<\/p>\n<p class=\"isSelectedEnd\">Efter duons avsked beh\u00f6ver GrIFK ers\u00e4tta h\u00e5let p\u00e5 222 m\u00e5l. \u00c4ven Cecilia Heinrich har l\u00e4mnat laget och flyttat till Norge. Den mest meriterade nyf\u00f6rv\u00e4rvet \u00e4r Corinna Jensen, som \u00e5terv\u00e4nder till sin moderklubb.<\/p>\n<p class=\"isSelectedEnd\">Trots att laget har g\u00e5tt miste om b\u00e5de erfarenhet och kraft stiger nya spelare fram och tar ansvar varje \u00e5r. Patrik Johanson har gjort ett l\u00e5ngsiktigt och starkt jobb som tr\u00e4nare f\u00f6r Grani, trots det st\u00e5r laget inf\u00f6r en ny situation.<\/p>\n<p class=\"isSelectedEnd\">\u2013 Det h\u00e4r \u00e4r en sp\u00e4nnande s\u00e4song f\u00f6r oss. Vi befinner oss mitt i ett generationsskifte och det ska bli intressant att se hur laget och spelarna utvecklas under s\u00e4songen. Det viktigaste \u00e4r att \u00e5terigen att k\u00e4mpa om guldmedaljen, s\u00e4ger Johanson om s\u00e4songens utg\u00e5ngsl\u00e4ge.<\/p>\n<p class=\"isSelectedEnd\">\u2013 Vi har gjort m\u00e5nga f\u00f6r\u00e4ndringar i laget. En del spelare har flyttat utomlands, medan andra har slutat eller tagit en paus. Samtidigt har vi lyft upp m\u00e5nga av v\u00e5ra egna unga och talangfulla juniorer, som kommer att f\u00e5 st\u00f6rre roll under s\u00e4songens g\u00e5ng, forts\u00e4tter den svenske tr\u00e4naren.<\/p>\n<p class=\"isSelectedEnd\">Trots f\u00f6r\u00e4ndringarna har Johanson stort f\u00f6rtroende f\u00f6r sitt lag.<\/p>\n<p class=\"isSelectedEnd\">\u2013 Vi har en bra laganda och har byggt en kultur d\u00e4r vi ger allt, oavsett omst\u00e4ndigheterna.<\/p>\n<p class=\"isSelectedEnd\">Enligt Johanson har laget tr\u00e4nat h\u00e5rt under sommaren.<\/p>\n<p class=\"isSelectedEnd\">\u2013 Under sommaren har vi arbetat med flera olika delar. Det viktigaste har f\u00f6rst\u00e5s varit att f\u00f6rb\u00e4ttra v\u00e5r fysiska kapacitet.<\/p>\n<p class=\"isSelectedEnd\">Oms\u00e4ttningen i truppen inneb\u00e4r naturligtvis f\u00f6r\u00e4ndringar, men GrIFK har under \u00e5rens lopp skapat en egen tydlig spelidentitet som inte kommer att f\u00f6r\u00e4ndras.<\/p>\n<p class=\"isSelectedEnd\">\u2013 Vi vill spela ett tufft, aggressivt och aktivt f\u00f6rsvarsspel tillsammans med ett modigt, snabbt och kreativt anfallsspel.<\/p>\n<p class=\"isSelectedEnd\">GrIFK inleder jakten p\u00e5 ett nytt m\u00e4sterskap l\u00f6rdagen den 5 september, d\u00e5 Cocks kommer p\u00e5 bes\u00f6k till Grankulla.<\/p>\n<p>K\u00e4lla: Finlands Handbollf\u00f6rbund<\/p>\n<div class='avia-iframe-wrap'>\n<blockquote class=\"wp-embedded-content\" data-secret=\"0dFmXvULkg\"><p><a href=\"https:\/\/aktialiiga.fi\/naiset\/2026-2027\/kohti-kautta\/kohti-kautta-grifk-12\/\">Kohti kautta: GrIFK<\/a><\/p><\/blockquote>\n<p><iframe loading=\"lazy\" class=\"wp-embedded-content\" sandbox=\"allow-scripts\" security=\"restricted\" style=\"position: absolute; visibility: hidden;\" title=\"\u201dKohti kautta: GrIFK\u201d \u2014 K\u00e4sipallon naisten Aktialiiga\" src=\"https:\/\/aktialiiga.fi\/naiset\/2026-2027\/kohti-kautta\/kohti-kautta-grifk-12\/embed\/#?secret=Haz8AReljx#?secret=0dFmXvULkg\" data-secret=\"0dFmXvULkg\" width=\"600\" height=\"338\" frameborder=\"0\" marginwidth=\"0\" marginheight=\"0\" scrolling=\"no\"><\/iframe><\/div>\n","protected":false},"excerpt":{"rendered":"<p>GrIFK, som har vunnit m\u00e4sterskapet de fyra senaste s\u00e4songerna, \u00e4r \u00e5terigen en stark guldkandidat. Men f\u00f6r att beh\u00e5lla sin position m\u00e5ste laget jobba h\u00e5rt. GrIFK var \u00e4nnu en g\u00e5ng i en klass f\u00f6r sig f\u00f6rra s\u00e4songen och kunde spela hem m\u00e4sterskapet trots att m\u00e5lsprutan Johanna Svanb\u00e4ck varit borta fr\u00e5n spel sedan slutet av januari. I [&hellip;]<\/p>\n","protected":false},"author":6,"featured_media":14506,"comment_status":"closed","ping_status":"closed","sticky":false,"template":"","format":"standard","meta":{"_acf_changed":false,"footnotes":"","jetpack_post_was_ever_published":false,"_members_access_role":[],"_members_access_error":""},"categories":[497,1],"tags":[413,411,181],"class_list":["post-14522","post","type-post","status-publish","format-standard","has-post-thumbnail","hentry","category-ennakot-kausi-2026-27","category-uutiset","tag-aktialiga","tag-aktialiiga","tag-grifkdamer"],"acf":[],"yoast_head":"<!-- This site is optimized with the Yoast SEO plugin v28.4 - https:\/\/yoast.com\/product\/yoast-seo-wordpress\/ -->\n<title>Mot en ny och sp\u00e4nnande s\u00e4song &#187; GrIFK K\u00e4sipallo Naiset<\/title>\n<meta name=\"robots\" content=\"index, follow, max-snippet:-1, max-image-preview:large, max-video-preview:-1\" \/>\n<link rel=\"canonical\" href=\"https:\/\/grifk-handball.com\/naiset\/kausi-2026-27\/ennakot-kausi-2026-27\/mot-en-ny-och-spannande-sasong\/\" \/>\n<meta property=\"og:locale\" content=\"fi_FI\" \/>\n<meta property=\"og:type\" content=\"article\" \/>\n<meta property=\"og:title\" content=\"Mot en ny och sp\u00e4nnande s\u00e4song &#187; GrIFK K\u00e4sipallo Naiset\" \/>\n<meta property=\"og:description\" content=\"GrIFK, som har vunnit m\u00e4sterskapet de fyra senaste s\u00e4songerna, \u00e4r \u00e5terigen en stark guldkandidat. Men f\u00f6r att beh\u00e5lla sin position m\u00e5ste laget jobba h\u00e5rt. GrIFK var \u00e4nnu en g\u00e5ng i en klass f\u00f6r sig f\u00f6rra s\u00e4songen och kunde spela hem m\u00e4sterskapet trots att m\u00e5lsprutan Johanna Svanb\u00e4ck varit borta fr\u00e5n spel sedan slutet av januari. I [&hellip;]\" \/>\n<meta property=\"og:url\" content=\"https:\/\/grifk-handball.com\/naiset\/kausi-2026-27\/ennakot-kausi-2026-27\/mot-en-ny-och-spannande-sasong\/\" \/>\n<meta property=\"og:site_name\" content=\"GrIFK K\u00e4sipallo Naiset\" \/>\n<meta property=\"article:publisher\" content=\"https:\/\/www.facebook.com\/532444520237680\" \/>\n<meta property=\"article:published_time\" content=\"2026-09-03T11:57:10+00:00\" \/>\n<meta property=\"og:image\" content=\"https:\/\/grifk-handball.com\/naiset\/wp-content\/uploads\/sites\/3\/2026\/09\/Guldbild-2025-26.jpg\" \/>\n\t<meta property=\"og:image:width\" content=\"2048\" \/>\n\t<meta property=\"og:image:height\" content=\"1365\" \/>\n\t<meta property=\"og:image:type\" content=\"image\/jpeg\" \/>\n<meta name=\"author\" content=\"irajessica\" \/>\n<meta name=\"twitter:card\" content=\"summary_large_image\" \/>\n<meta name=\"twitter:label1\" content=\"Kirjoittanut\" \/>\n\t<meta name=\"twitter:data1\" content=\"irajessica\" \/>\n\t<meta name=\"twitter:label2\" content=\"Arvioitu lukuaika\" \/>\n\t<meta name=\"twitter:data2\" content=\"3 minuuttia\" \/>\n<script type=\"application\/ld+json\" class=\"yoast-schema-graph\">{\"@context\":\"https:\\\/\\\/schema.org\",\"@graph\":[{\"@type\":\"Article\",\"@id\":\"https:\\\/\\\/grifk-handball.com\\\/naiset\\\/kausi-2026-27\\\/ennakot-kausi-2026-27\\\/mot-en-ny-och-spannande-sasong\\\/#article\",\"isPartOf\":{\"@id\":\"https:\\\/\\\/grifk-handball.com\\\/naiset\\\/kausi-2026-27\\\/ennakot-kausi-2026-27\\\/mot-en-ny-och-spannande-sasong\\\/\"},\"author\":{\"name\":\"irajessica\",\"@id\":\"https:\\\/\\\/grifk-handball.com\\\/naiset\\\/#\\\/schema\\\/person\\\/833a8047457c3e753cf474b171cc90f9\"},\"headline\":\"Mot en ny och sp\u00e4nnande s\u00e4song\",\"datePublished\":\"2026-09-03T11:57:10+00:00\",\"mainEntityOfPage\":{\"@id\":\"https:\\\/\\\/grifk-handball.com\\\/naiset\\\/kausi-2026-27\\\/ennakot-kausi-2026-27\\\/mot-en-ny-och-spannande-sasong\\\/\"},\"wordCount\":450,\"image\":{\"@id\":\"https:\\\/\\\/grifk-handball.com\\\/naiset\\\/kausi-2026-27\\\/ennakot-kausi-2026-27\\\/mot-en-ny-och-spannande-sasong\\\/#primaryimage\"},\"thumbnailUrl\":\"https:\\\/\\\/grifk-handball.com\\\/naiset\\\/wp-content\\\/uploads\\\/sites\\\/3\\\/2026\\\/09\\\/Guldbild-2025-26.jpg\",\"keywords\":[\"#Aktialiga\",\"#aktialiiga\",\"#GrIFKDamer\"],\"articleSection\":[\"Ennakot 2026-27\",\"Uutiset\"],\"inLanguage\":\"fi\"},{\"@type\":\"WebPage\",\"@id\":\"https:\\\/\\\/grifk-handball.com\\\/naiset\\\/kausi-2026-27\\\/ennakot-kausi-2026-27\\\/mot-en-ny-och-spannande-sasong\\\/\",\"url\":\"https:\\\/\\\/grifk-handball.com\\\/naiset\\\/kausi-2026-27\\\/ennakot-kausi-2026-27\\\/mot-en-ny-och-spannande-sasong\\\/\",\"name\":\"Mot en ny och sp\u00e4nnande s\u00e4song &#187; GrIFK K\u00e4sipallo Naiset\",\"isPartOf\":{\"@id\":\"https:\\\/\\\/grifk-handball.com\\\/naiset\\\/#website\"},\"primaryImageOfPage\":{\"@id\":\"https:\\\/\\\/grifk-handball.com\\\/naiset\\\/kausi-2026-27\\\/ennakot-kausi-2026-27\\\/mot-en-ny-och-spannande-sasong\\\/#primaryimage\"},\"image\":{\"@id\":\"https:\\\/\\\/grifk-handball.com\\\/naiset\\\/kausi-2026-27\\\/ennakot-kausi-2026-27\\\/mot-en-ny-och-spannande-sasong\\\/#primaryimage\"},\"thumbnailUrl\":\"https:\\\/\\\/grifk-handball.com\\\/naiset\\\/wp-content\\\/uploads\\\/sites\\\/3\\\/2026\\\/09\\\/Guldbild-2025-26.jpg\",\"datePublished\":\"2026-09-03T11:57:10+00:00\",\"author\":{\"@id\":\"https:\\\/\\\/grifk-handball.com\\\/naiset\\\/#\\\/schema\\\/person\\\/833a8047457c3e753cf474b171cc90f9\"},\"breadcrumb\":{\"@id\":\"https:\\\/\\\/grifk-handball.com\\\/naiset\\\/kausi-2026-27\\\/ennakot-kausi-2026-27\\\/mot-en-ny-och-spannande-sasong\\\/#breadcrumb\"},\"inLanguage\":\"fi\",\"potentialAction\":[{\"@type\":\"ReadAction\",\"target\":[\"https:\\\/\\\/grifk-handball.com\\\/naiset\\\/kausi-2026-27\\\/ennakot-kausi-2026-27\\\/mot-en-ny-och-spannande-sasong\\\/\"]}]},{\"@type\":\"ImageObject\",\"inLanguage\":\"fi\",\"@id\":\"https:\\\/\\\/grifk-handball.com\\\/naiset\\\/kausi-2026-27\\\/ennakot-kausi-2026-27\\\/mot-en-ny-och-spannande-sasong\\\/#primaryimage\",\"url\":\"https:\\\/\\\/grifk-handball.com\\\/naiset\\\/wp-content\\\/uploads\\\/sites\\\/3\\\/2026\\\/09\\\/Guldbild-2025-26.jpg\",\"contentUrl\":\"https:\\\/\\\/grifk-handball.com\\\/naiset\\\/wp-content\\\/uploads\\\/sites\\\/3\\\/2026\\\/09\\\/Guldbild-2025-26.jpg\",\"width\":2048,\"height\":1365},{\"@type\":\"BreadcrumbList\",\"@id\":\"https:\\\/\\\/grifk-handball.com\\\/naiset\\\/kausi-2026-27\\\/ennakot-kausi-2026-27\\\/mot-en-ny-och-spannande-sasong\\\/#breadcrumb\",\"itemListElement\":[{\"@type\":\"ListItem\",\"position\":1,\"name\":\"Home\",\"item\":\"https:\\\/\\\/grifk-handball.com\\\/naiset\\\/etusivu-2\\\/\"},{\"@type\":\"ListItem\",\"position\":2,\"name\":\"Mot en ny och sp\u00e4nnande s\u00e4song\"}]},{\"@type\":\"WebSite\",\"@id\":\"https:\\\/\\\/grifk-handball.com\\\/naiset\\\/#website\",\"url\":\"https:\\\/\\\/grifk-handball.com\\\/naiset\\\/\",\"name\":\"GrIFK K\u00e4sipallo Naiset\",\"description\":\"GrIFK K\u00e4sipallo Naiset\",\"potentialAction\":[{\"@type\":\"SearchAction\",\"target\":{\"@type\":\"EntryPoint\",\"urlTemplate\":\"https:\\\/\\\/grifk-handball.com\\\/naiset\\\/?s={search_term_string}\"},\"query-input\":{\"@type\":\"PropertyValueSpecification\",\"valueRequired\":true,\"valueName\":\"search_term_string\"}}],\"inLanguage\":\"fi\"},{\"@type\":\"Person\",\"@id\":\"https:\\\/\\\/grifk-handball.com\\\/naiset\\\/#\\\/schema\\\/person\\\/833a8047457c3e753cf474b171cc90f9\",\"name\":\"irajessica\",\"image\":{\"@type\":\"ImageObject\",\"inLanguage\":\"fi\",\"@id\":\"https:\\\/\\\/secure.gravatar.com\\\/avatar\\\/a5f2f279937493405b86bf6f3fc4a412ab182fdfc4897be279322d112f394088?s=96&d=mm&r=g\",\"url\":\"https:\\\/\\\/secure.gravatar.com\\\/avatar\\\/a5f2f279937493405b86bf6f3fc4a412ab182fdfc4897be279322d112f394088?s=96&d=mm&r=g\",\"contentUrl\":\"https:\\\/\\\/secure.gravatar.com\\\/avatar\\\/a5f2f279937493405b86bf6f3fc4a412ab182fdfc4897be279322d112f394088?s=96&d=mm&r=g\",\"caption\":\"irajessica\"},\"url\":\"https:\\\/\\\/grifk-handball.com\\\/naiset\\\/author\\\/irajessica\\\/\"}]}<\/script>\n<!-- \/ Yoast SEO plugin. -->","yoast_head_json":{"title":"Mot en ny och sp\u00e4nnande s\u00e4song &#187; GrIFK K\u00e4sipallo Naiset","robots":{"index":"index","follow":"follow","max-snippet":"max-snippet:-1","max-image-preview":"max-image-preview:large","max-video-preview":"max-video-preview:-1"},"canonical":"https:\/\/grifk-handball.com\/naiset\/kausi-2026-27\/ennakot-kausi-2026-27\/mot-en-ny-och-spannande-sasong\/","og_locale":"fi_FI","og_type":"article","og_title":"Mot en ny och sp\u00e4nnande s\u00e4song &#187; GrIFK K\u00e4sipallo Naiset","og_description":"GrIFK, som har vunnit m\u00e4sterskapet de fyra senaste s\u00e4songerna, \u00e4r \u00e5terigen en stark guldkandidat. Men f\u00f6r att beh\u00e5lla sin position m\u00e5ste laget jobba h\u00e5rt. GrIFK var \u00e4nnu en g\u00e5ng i en klass f\u00f6r sig f\u00f6rra s\u00e4songen och kunde spela hem m\u00e4sterskapet trots att m\u00e5lsprutan Johanna Svanb\u00e4ck varit borta fr\u00e5n spel sedan slutet av januari. I [&hellip;]","og_url":"https:\/\/grifk-handball.com\/naiset\/kausi-2026-27\/ennakot-kausi-2026-27\/mot-en-ny-och-spannande-sasong\/","og_site_name":"GrIFK K\u00e4sipallo Naiset","article_publisher":"https:\/\/www.facebook.com\/532444520237680","article_published_time":"2026-09-03T11:57:10+00:00","og_image":[{"width":2048,"height":1365,"url":"https:\/\/grifk-handball.com\/naiset\/wp-content\/uploads\/sites\/3\/2026\/09\/Guldbild-2025-26.jpg","type":"image\/jpeg"}],"author":"irajessica","twitter_card":"summary_large_image","twitter_misc":{"Kirjoittanut":"irajessica","Arvioitu lukuaika":"3 minuuttia"},"schema":{"@context":"https:\/\/schema.org","@graph":[{"@type":"Article","@id":"https:\/\/grifk-handball.com\/naiset\/kausi-2026-27\/ennakot-kausi-2026-27\/mot-en-ny-och-spannande-sasong\/#article","isPartOf":{"@id":"https:\/\/grifk-handball.com\/naiset\/kausi-2026-27\/ennakot-kausi-2026-27\/mot-en-ny-och-spannande-sasong\/"},"author":{"name":"irajessica","@id":"https:\/\/grifk-handball.com\/naiset\/#\/schema\/person\/833a8047457c3e753cf474b171cc90f9"},"headline":"Mot en ny och sp\u00e4nnande s\u00e4song","datePublished":"2026-09-03T11:57:10+00:00","mainEntityOfPage":{"@id":"https:\/\/grifk-handball.com\/naiset\/kausi-2026-27\/ennakot-kausi-2026-27\/mot-en-ny-och-spannande-sasong\/"},"wordCount":450,"image":{"@id":"https:\/\/grifk-handball.com\/naiset\/kausi-2026-27\/ennakot-kausi-2026-27\/mot-en-ny-och-spannande-sasong\/#primaryimage"},"thumbnailUrl":"https:\/\/grifk-handball.com\/naiset\/wp-content\/uploads\/sites\/3\/2026\/09\/Guldbild-2025-26.jpg","keywords":["#Aktialiga","#aktialiiga","#GrIFKDamer"],"articleSection":["Ennakot 2026-27","Uutiset"],"inLanguage":"fi"},{"@type":"WebPage","@id":"https:\/\/grifk-handball.com\/naiset\/kausi-2026-27\/ennakot-kausi-2026-27\/mot-en-ny-och-spannande-sasong\/","url":"https:\/\/grifk-handball.com\/naiset\/kausi-2026-27\/ennakot-kausi-2026-27\/mot-en-ny-och-spannande-sasong\/","name":"Mot en ny och sp\u00e4nnande s\u00e4song &#187; GrIFK K\u00e4sipallo Naiset","isPartOf":{"@id":"https:\/\/grifk-handball.com\/naiset\/#website"},"primaryImageOfPage":{"@id":"https:\/\/grifk-handball.com\/naiset\/kausi-2026-27\/ennakot-kausi-2026-27\/mot-en-ny-och-spannande-sasong\/#primaryimage"},"image":{"@id":"https:\/\/grifk-handball.com\/naiset\/kausi-2026-27\/ennakot-kausi-2026-27\/mot-en-ny-och-spannande-sasong\/#primaryimage"},"thumbnailUrl":"https:\/\/grifk-handball.com\/naiset\/wp-content\/uploads\/sites\/3\/2026\/09\/Guldbild-2025-26.jpg","datePublished":"2026-09-03T11:57:10+00:00","author":{"@id":"https:\/\/grifk-handball.com\/naiset\/#\/schema\/person\/833a8047457c3e753cf474b171cc90f9"},"breadcrumb":{"@id":"https:\/\/grifk-handball.com\/naiset\/kausi-2026-27\/ennakot-kausi-2026-27\/mot-en-ny-och-spannande-sasong\/#breadcrumb"},"inLanguage":"fi","potentialAction":[{"@type":"ReadAction","target":["https:\/\/grifk-handball.com\/naiset\/kausi-2026-27\/ennakot-kausi-2026-27\/mot-en-ny-och-spannande-sasong\/"]}]},{"@type":"ImageObject","inLanguage":"fi","@id":"https:\/\/grifk-handball.com\/naiset\/kausi-2026-27\/ennakot-kausi-2026-27\/mot-en-ny-och-spannande-sasong\/#primaryimage","url":"https:\/\/grifk-handball.com\/naiset\/wp-content\/uploads\/sites\/3\/2026\/09\/Guldbild-2025-26.jpg","contentUrl":"https:\/\/grifk-handball.com\/naiset\/wp-content\/uploads\/sites\/3\/2026\/09\/Guldbild-2025-26.jpg","width":2048,"height":1365},{"@type":"BreadcrumbList","@id":"https:\/\/grifk-handball.com\/naiset\/kausi-2026-27\/ennakot-kausi-2026-27\/mot-en-ny-och-spannande-sasong\/#breadcrumb","itemListElement":[{"@type":"ListItem","position":1,"name":"Home","item":"https:\/\/grifk-handball.com\/naiset\/etusivu-2\/"},{"@type":"ListItem","position":2,"name":"Mot en ny och sp\u00e4nnande s\u00e4song"}]},{"@type":"WebSite","@id":"https:\/\/grifk-handball.com\/naiset\/#website","url":"https:\/\/grifk-handball.com\/naiset\/","name":"GrIFK K\u00e4sipallo Naiset","description":"GrIFK K\u00e4sipallo Naiset","potentialAction":[{"@type":"SearchAction","target":{"@type":"EntryPoint","urlTemplate":"https:\/\/grifk-handball.com\/naiset\/?s={search_term_string}"},"query-input":{"@type":"PropertyValueSpecification","valueRequired":true,"valueName":"search_term_string"}}],"inLanguage":"fi"},{"@type":"Person","@id":"https:\/\/grifk-handball.com\/naiset\/#\/schema\/person\/833a8047457c3e753cf474b171cc90f9","name":"irajessica","image":{"@type":"ImageObject","inLanguage":"fi","@id":"https:\/\/secure.gravatar.com\/avatar\/a5f2f279937493405b86bf6f3fc4a412ab182fdfc4897be279322d112f394088?s=96&d=mm&r=g","url":"https:\/\/secure.gravatar.com\/avatar\/a5f2f279937493405b86bf6f3fc4a412ab182fdfc4897be279322d112f394088?s=96&d=mm&r=g","contentUrl":"https:\/\/secure.gravatar.com\/avatar\/a5f2f279937493405b86bf6f3fc4a412ab182fdfc4897be279322d112f394088?s=96&d=mm&r=g","caption":"irajessica"},"url":"https:\/\/grifk-handball.com\/naiset\/author\/irajessica\/"}]}},"jetpack_sharing_enabled":true,"jetpack_featured_media_url":"https:\/\/grifk-handball.com\/naiset\/wp-content\/uploads\/sites\/3\/2026\/09\/Guldbild-2025-26.jpg","_links":{"self":[{"href":"https:\/\/grifk-handball.com\/naiset\/wp-json\/wp\/v2\/posts\/14522","targetHints":{"allow":["GET"]}}],"collection":[{"href":"https:\/\/grifk-handball.com\/naiset\/wp-json\/wp\/v2\/posts"}],"about":[{"href":"https:\/\/grifk-handball.com\/naiset\/wp-json\/wp\/v2\/types\/post"}],"author":[{"embeddable":true,"href":"https:\/\/grifk-handball.com\/naiset\/wp-json\/wp\/v2\/users\/6"}],"replies":[{"embeddable":true,"href":"https:\/\/grifk-handball.com\/naiset\/wp-json\/wp\/v2\/comments?post=14522"}],"version-history":[{"count":2,"href":"https:\/\/grifk-handball.com\/naiset\/wp-json\/wp\/v2\/posts\/14522\/revisions"}],"predecessor-version":[{"id":14524,"href":"https:\/\/grifk-handball.com\/naiset\/wp-json\/wp\/v2\/posts\/14522\/revisions\/14524"}],"wp:featuredmedia":[{"embeddable":true,"href":"https:\/\/grifk-handball.com\/naiset\/wp-json\/wp\/v2\/media\/14506"}],"wp:attachment":[{"href":"https:\/\/grifk-handball.com\/naiset\/wp-json\/wp\/v2\/media?parent=14522"}],"wp:term":[{"taxonomy":"category","embeddable":true,"href":"https:\/\/grifk-handball.com\/naiset\/wp-json\/wp\/v2\/categories?post=14522"},{"taxonomy":"post_tag","embeddable":true,"href":"https:\/\/grifk-handball.com\/naiset\/wp-json\/wp\/v2\/tags?post=14522"}],"curies":[{"name":"wp","href":"https:\/\/api.w.org\/{rel}","templated":true}]}}