{"id":14526,"date":"2026-09-04T15:48:51","date_gmt":"2026-09-04T12:48:51","guid":{"rendered":"https:\/\/grifk-handball.com\/naiset\/?p=14526"},"modified":"2026-09-04T15:49:42","modified_gmt":"2026-09-04T12:49:42","slug":"antligen-dags-for-sasongsstart","status":"publish","type":"post","link":"https:\/\/grifk-handball.com\/naiset\/kausi-2026-27\/ennakot-kausi-2026-27\/antligen-dags-for-sasongsstart\/","title":{"rendered":"\u00c4ntligen dags f\u00f6r s\u00e4songsstart"},"content":{"rendered":"<p><strong>Veckans r\u00f6da tr\u00e5d<\/strong><\/p>\n<p>P\u00e5 l\u00f6rdag 5.9 kl. 15.00 k\u00f6r s\u00e4songen ig\u00e5ng med hemmamatch mot Cocks. Vi har m\u00f6tt Cocks i en tr\u00e4ningsmatch f\u00f6r n\u00e5gra veckor sen, och ser fram emot att visa ett b\u00e4ttre spel \u00e4n senast. Vi har mest fokuserat p\u00e5 att hitta matchflyt och f\u00e5 samspelet att fungera, d\u00e5 vi har m\u00e5nga nya med i truppen i \u00e5r. Dessutom har vi jobbat p\u00e5 f\u00f6rsvarstuffheten, som saknades under v\u00e5r f\u00f6rsta tr\u00e4ningsmatch mot Cocks.<\/p>\n<p><strong>Matchen genom mina \u00f6gon<\/strong><\/p>\n<p>Min spontana k\u00e4nsla inf\u00f6r matchen \u00e4r att det kommer bli tufft och sp\u00e4nnande att m\u00f6ta ett ganska nytt Cocks lag. De har speciellt en duktig spelare v\u00e4rvad fr\u00e5n Frankrike, som vi beh\u00f6ver vara extra uppm\u00e4rksamma p\u00e5! Hon \u00e4r explosiv, klurig och snabb!<\/p>\n<p>Ifall man vill se n\u00e5gra snygga snurrfinter, l\u00f6nar det sig att h\u00e5lla koll p\u00e5 v\u00e5r egna Julianna \u201dBebbe\u201d R\u00e4s\u00e4nen. Hon \u00e4r ny spelare f\u00f6r oss, som redan spelade lite i Cocks f\u00f6rra \u00e5ret. Hon \u00e4r snabb och har ett riktigt sn\u00e4rtigt skott!<\/p>\n<p><strong>Vad kommer att vara avg\u00f6rande<\/strong><\/p>\n<p>F\u00f6r oss kommer det vara essentiellt att f\u00e5 v\u00e5rt f\u00f6rsvarsspel att fungera, s\u00e5 att m\u00e5lvakterna lyckas. Vi beh\u00f6ver s\u00e4tta stopp f\u00f6r deras duktiga genombrottsspelare och v\u00e5ga l\u00f6pa varje g\u00e5ng vi lyckas vinna bollen! Publiken kan f\u00f6rv\u00e4nta sig en sp\u00e4nnande, tuff och underh\u00e5llande match!<\/p>\n<p><strong>Bakom kulisserna<\/strong><\/p>\n<p>Under preseason i Sverige har vi verkligen f\u00e5tt chansen att l\u00e4ra k\u00e4nna varandra \u2013 genom diverse mer eller mindre seri\u00f6sa utmaningar p\u00e5 b\u00e5ten, mycket h\u00e4ng och en hel del skratt.<\/p>\n<p>Som 28-\u00e5ring har jag under preseason f\u00e5tt en crash course i ungdomskultur. Jag har l\u00e4rt mig ord som \u201dAura\u201d och \u201dLaura\u201d, och mina kunskaper inom TikTok-dans har g\u00e5tt fr\u00e5n obefintliga till\u2026 ja, fortfarande ganska obefintliga, men med ett betydligt b\u00e4ttre sj\u00e4lvf\u00f6rtroende!<\/p>\n<p>Hoppas alla kommer till hallen p\u00e5 l\u00f6rdagen d\u00e5 vi m\u00f6ter Cocks! \ud83e\udd0d\ud83d\udc9a<\/p>\n<p>Text: Greta Wir\u00e9n<\/p>\n","protected":false},"excerpt":{"rendered":"<p>Veckans r\u00f6da tr\u00e5d P\u00e5 l\u00f6rdag 5.9 kl. 15.00 k\u00f6r s\u00e4songen ig\u00e5ng med hemmamatch mot Cocks. Vi har m\u00f6tt Cocks i en tr\u00e4ningsmatch f\u00f6r n\u00e5gra veckor sen, och ser fram emot att visa ett b\u00e4ttre spel \u00e4n senast. Vi har mest fokuserat p\u00e5 att hitta matchflyt och f\u00e5 samspelet att fungera, d\u00e5 vi har m\u00e5nga nya [&hellip;]<\/p>\n","protected":false},"author":6,"featured_media":14527,"comment_status":"closed","ping_status":"closed","sticky":false,"template":"","format":"standard","meta":{"_acf_changed":false,"footnotes":"","jetpack_post_was_ever_published":false,"_members_access_role":[],"_members_access_error":""},"categories":[497],"tags":[409,353,181,407,359],"class_list":["post-14526","post","type-post","status-publish","format-standard","has-post-thumbnail","hentry","category-ennakot-kausi-2026-27","tag-damernas-aktialiga","tag-greta-wiren","tag-grifkdamer","tag-naisten-aktialiiga","tag-cocks"],"acf":[],"yoast_head":"<!-- This site is optimized with the Yoast SEO plugin v28.4 - https:\/\/yoast.com\/product\/yoast-seo-wordpress\/ -->\n<title>\u00c4ntligen dags f\u00f6r s\u00e4songsstart &#187; GrIFK K\u00e4sipallo Naiset<\/title>\n<meta name=\"robots\" content=\"index, follow, max-snippet:-1, max-image-preview:large, max-video-preview:-1\" \/>\n<link rel=\"canonical\" href=\"https:\/\/grifk-handball.com\/naiset\/kausi-2026-27\/ennakot-kausi-2026-27\/antligen-dags-for-sasongsstart\/\" \/>\n<meta property=\"og:locale\" content=\"fi_FI\" \/>\n<meta property=\"og:type\" content=\"article\" \/>\n<meta property=\"og:title\" content=\"\u00c4ntligen dags f\u00f6r s\u00e4songsstart &#187; GrIFK K\u00e4sipallo Naiset\" \/>\n<meta property=\"og:description\" content=\"Veckans r\u00f6da tr\u00e5d P\u00e5 l\u00f6rdag 5.9 kl. 15.00 k\u00f6r s\u00e4songen ig\u00e5ng med hemmamatch mot Cocks. Vi har m\u00f6tt Cocks i en tr\u00e4ningsmatch f\u00f6r n\u00e5gra veckor sen, och ser fram emot att visa ett b\u00e4ttre spel \u00e4n senast. Vi har mest fokuserat p\u00e5 att hitta matchflyt och f\u00e5 samspelet att fungera, d\u00e5 vi har m\u00e5nga nya [&hellip;]\" \/>\n<meta property=\"og:url\" content=\"https:\/\/grifk-handball.com\/naiset\/kausi-2026-27\/ennakot-kausi-2026-27\/antligen-dags-for-sasongsstart\/\" \/>\n<meta property=\"og:site_name\" content=\"GrIFK K\u00e4sipallo Naiset\" \/>\n<meta property=\"article:publisher\" content=\"https:\/\/www.facebook.com\/532444520237680\" \/>\n<meta property=\"article:published_time\" content=\"2026-09-04T12:48:51+00:00\" \/>\n<meta property=\"article:modified_time\" content=\"2026-09-04T12:49:42+00:00\" \/>\n<meta property=\"og:image\" content=\"https:\/\/grifk-handball.com\/naiset\/wp-content\/uploads\/sites\/3\/2026\/09\/GrIFK-vs-Cocks-2026-01-07-003-e1788526172653.jpg\" \/>\n\t<meta property=\"og:image:width\" content=\"1707\" \/>\n\t<meta property=\"og:image:height\" content=\"1143\" \/>\n\t<meta property=\"og:image:type\" content=\"image\/jpeg\" \/>\n<meta name=\"author\" content=\"irajessica\" \/>\n<meta name=\"twitter:card\" content=\"summary_large_image\" \/>\n<meta name=\"twitter:label1\" content=\"Kirjoittanut\" \/>\n\t<meta name=\"twitter:data1\" content=\"irajessica\" \/>\n\t<meta name=\"twitter:label2\" content=\"Arvioitu lukuaika\" \/>\n\t<meta name=\"twitter:data2\" content=\"2 minuuttia\" \/>\n<script type=\"application\/ld+json\" class=\"yoast-schema-graph\">{\"@context\":\"https:\\\/\\\/schema.org\",\"@graph\":[{\"@type\":\"Article\",\"@id\":\"https:\\\/\\\/grifk-handball.com\\\/naiset\\\/kausi-2026-27\\\/ennakot-kausi-2026-27\\\/antligen-dags-for-sasongsstart\\\/#article\",\"isPartOf\":{\"@id\":\"https:\\\/\\\/grifk-handball.com\\\/naiset\\\/kausi-2026-27\\\/ennakot-kausi-2026-27\\\/antligen-dags-for-sasongsstart\\\/\"},\"author\":{\"name\":\"irajessica\",\"@id\":\"https:\\\/\\\/grifk-handball.com\\\/naiset\\\/#\\\/schema\\\/person\\\/833a8047457c3e753cf474b171cc90f9\"},\"headline\":\"\u00c4ntligen dags f\u00f6r s\u00e4songsstart\",\"datePublished\":\"2026-09-04T12:48:51+00:00\",\"dateModified\":\"2026-09-04T12:49:42+00:00\",\"mainEntityOfPage\":{\"@id\":\"https:\\\/\\\/grifk-handball.com\\\/naiset\\\/kausi-2026-27\\\/ennakot-kausi-2026-27\\\/antligen-dags-for-sasongsstart\\\/\"},\"wordCount\":365,\"image\":{\"@id\":\"https:\\\/\\\/grifk-handball.com\\\/naiset\\\/kausi-2026-27\\\/ennakot-kausi-2026-27\\\/antligen-dags-for-sasongsstart\\\/#primaryimage\"},\"thumbnailUrl\":\"https:\\\/\\\/grifk-handball.com\\\/naiset\\\/wp-content\\\/uploads\\\/sites\\\/3\\\/2026\\\/09\\\/GrIFK-vs-Cocks-2026-01-07-003-e1788526172653.jpg\",\"keywords\":[\"#Damernas Aktialiga\",\"#Greta Wir\u00e9n\",\"#GrIFKDamer\",\"#Naisten Aktialiiga\",\"Cocks\"],\"articleSection\":[\"Ennakot 2026-27\"],\"inLanguage\":\"fi\"},{\"@type\":\"WebPage\",\"@id\":\"https:\\\/\\\/grifk-handball.com\\\/naiset\\\/kausi-2026-27\\\/ennakot-kausi-2026-27\\\/antligen-dags-for-sasongsstart\\\/\",\"url\":\"https:\\\/\\\/grifk-handball.com\\\/naiset\\\/kausi-2026-27\\\/ennakot-kausi-2026-27\\\/antligen-dags-for-sasongsstart\\\/\",\"name\":\"\u00c4ntligen dags f\u00f6r s\u00e4songsstart &#187; GrIFK K\u00e4sipallo Naiset\",\"isPartOf\":{\"@id\":\"https:\\\/\\\/grifk-handball.com\\\/naiset\\\/#website\"},\"primaryImageOfPage\":{\"@id\":\"https:\\\/\\\/grifk-handball.com\\\/naiset\\\/kausi-2026-27\\\/ennakot-kausi-2026-27\\\/antligen-dags-for-sasongsstart\\\/#primaryimage\"},\"image\":{\"@id\":\"https:\\\/\\\/grifk-handball.com\\\/naiset\\\/kausi-2026-27\\\/ennakot-kausi-2026-27\\\/antligen-dags-for-sasongsstart\\\/#primaryimage\"},\"thumbnailUrl\":\"https:\\\/\\\/grifk-handball.com\\\/naiset\\\/wp-content\\\/uploads\\\/sites\\\/3\\\/2026\\\/09\\\/GrIFK-vs-Cocks-2026-01-07-003-e1788526172653.jpg\",\"datePublished\":\"2026-09-04T12:48:51+00:00\",\"dateModified\":\"2026-09-04T12:49:42+00:00\",\"author\":{\"@id\":\"https:\\\/\\\/grifk-handball.com\\\/naiset\\\/#\\\/schema\\\/person\\\/833a8047457c3e753cf474b171cc90f9\"},\"breadcrumb\":{\"@id\":\"https:\\\/\\\/grifk-handball.com\\\/naiset\\\/kausi-2026-27\\\/ennakot-kausi-2026-27\\\/antligen-dags-for-sasongsstart\\\/#breadcrumb\"},\"inLanguage\":\"fi\",\"potentialAction\":[{\"@type\":\"ReadAction\",\"target\":[\"https:\\\/\\\/grifk-handball.com\\\/naiset\\\/kausi-2026-27\\\/ennakot-kausi-2026-27\\\/antligen-dags-for-sasongsstart\\\/\"]}]},{\"@type\":\"ImageObject\",\"inLanguage\":\"fi\",\"@id\":\"https:\\\/\\\/grifk-handball.com\\\/naiset\\\/kausi-2026-27\\\/ennakot-kausi-2026-27\\\/antligen-dags-for-sasongsstart\\\/#primaryimage\",\"url\":\"https:\\\/\\\/grifk-handball.com\\\/naiset\\\/wp-content\\\/uploads\\\/sites\\\/3\\\/2026\\\/09\\\/GrIFK-vs-Cocks-2026-01-07-003-e1788526172653.jpg\",\"contentUrl\":\"https:\\\/\\\/grifk-handball.com\\\/naiset\\\/wp-content\\\/uploads\\\/sites\\\/3\\\/2026\\\/09\\\/GrIFK-vs-Cocks-2026-01-07-003-e1788526172653.jpg\",\"width\":1707,\"height\":1143},{\"@type\":\"BreadcrumbList\",\"@id\":\"https:\\\/\\\/grifk-handball.com\\\/naiset\\\/kausi-2026-27\\\/ennakot-kausi-2026-27\\\/antligen-dags-for-sasongsstart\\\/#breadcrumb\",\"itemListElement\":[{\"@type\":\"ListItem\",\"position\":1,\"name\":\"Home\",\"item\":\"https:\\\/\\\/grifk-handball.com\\\/naiset\\\/etusivu-2\\\/\"},{\"@type\":\"ListItem\",\"position\":2,\"name\":\"\u00c4ntligen dags f\u00f6r s\u00e4songsstart\"}]},{\"@type\":\"WebSite\",\"@id\":\"https:\\\/\\\/grifk-handball.com\\\/naiset\\\/#website\",\"url\":\"https:\\\/\\\/grifk-handball.com\\\/naiset\\\/\",\"name\":\"GrIFK K\u00e4sipallo Naiset\",\"description\":\"GrIFK K\u00e4sipallo Naiset\",\"potentialAction\":[{\"@type\":\"SearchAction\",\"target\":{\"@type\":\"EntryPoint\",\"urlTemplate\":\"https:\\\/\\\/grifk-handball.com\\\/naiset\\\/?s={search_term_string}\"},\"query-input\":{\"@type\":\"PropertyValueSpecification\",\"valueRequired\":true,\"valueName\":\"search_term_string\"}}],\"inLanguage\":\"fi\"},{\"@type\":\"Person\",\"@id\":\"https:\\\/\\\/grifk-handball.com\\\/naiset\\\/#\\\/schema\\\/person\\\/833a8047457c3e753cf474b171cc90f9\",\"name\":\"irajessica\",\"image\":{\"@type\":\"ImageObject\",\"inLanguage\":\"fi\",\"@id\":\"https:\\\/\\\/secure.gravatar.com\\\/avatar\\\/a5f2f279937493405b86bf6f3fc4a412ab182fdfc4897be279322d112f394088?s=96&d=mm&r=g\",\"url\":\"https:\\\/\\\/secure.gravatar.com\\\/avatar\\\/a5f2f279937493405b86bf6f3fc4a412ab182fdfc4897be279322d112f394088?s=96&d=mm&r=g\",\"contentUrl\":\"https:\\\/\\\/secure.gravatar.com\\\/avatar\\\/a5f2f279937493405b86bf6f3fc4a412ab182fdfc4897be279322d112f394088?s=96&d=mm&r=g\",\"caption\":\"irajessica\"},\"url\":\"https:\\\/\\\/grifk-handball.com\\\/naiset\\\/author\\\/irajessica\\\/\"}]}<\/script>\n<!-- \/ Yoast SEO plugin. -->","yoast_head_json":{"title":"\u00c4ntligen dags f\u00f6r s\u00e4songsstart &#187; GrIFK K\u00e4sipallo Naiset","robots":{"index":"index","follow":"follow","max-snippet":"max-snippet:-1","max-image-preview":"max-image-preview:large","max-video-preview":"max-video-preview:-1"},"canonical":"https:\/\/grifk-handball.com\/naiset\/kausi-2026-27\/ennakot-kausi-2026-27\/antligen-dags-for-sasongsstart\/","og_locale":"fi_FI","og_type":"article","og_title":"\u00c4ntligen dags f\u00f6r s\u00e4songsstart &#187; GrIFK K\u00e4sipallo Naiset","og_description":"Veckans r\u00f6da tr\u00e5d P\u00e5 l\u00f6rdag 5.9 kl. 15.00 k\u00f6r s\u00e4songen ig\u00e5ng med hemmamatch mot Cocks. Vi har m\u00f6tt Cocks i en tr\u00e4ningsmatch f\u00f6r n\u00e5gra veckor sen, och ser fram emot att visa ett b\u00e4ttre spel \u00e4n senast. Vi har mest fokuserat p\u00e5 att hitta matchflyt och f\u00e5 samspelet att fungera, d\u00e5 vi har m\u00e5nga nya [&hellip;]","og_url":"https:\/\/grifk-handball.com\/naiset\/kausi-2026-27\/ennakot-kausi-2026-27\/antligen-dags-for-sasongsstart\/","og_site_name":"GrIFK K\u00e4sipallo Naiset","article_publisher":"https:\/\/www.facebook.com\/532444520237680","article_published_time":"2026-09-04T12:48:51+00:00","article_modified_time":"2026-09-04T12:49:42+00:00","og_image":[{"width":1707,"height":1143,"url":"https:\/\/grifk-handball.com\/naiset\/wp-content\/uploads\/sites\/3\/2026\/09\/GrIFK-vs-Cocks-2026-01-07-003-e1788526172653.jpg","type":"image\/jpeg"}],"author":"irajessica","twitter_card":"summary_large_image","twitter_misc":{"Kirjoittanut":"irajessica","Arvioitu lukuaika":"2 minuuttia"},"schema":{"@context":"https:\/\/schema.org","@graph":[{"@type":"Article","@id":"https:\/\/grifk-handball.com\/naiset\/kausi-2026-27\/ennakot-kausi-2026-27\/antligen-dags-for-sasongsstart\/#article","isPartOf":{"@id":"https:\/\/grifk-handball.com\/naiset\/kausi-2026-27\/ennakot-kausi-2026-27\/antligen-dags-for-sasongsstart\/"},"author":{"name":"irajessica","@id":"https:\/\/grifk-handball.com\/naiset\/#\/schema\/person\/833a8047457c3e753cf474b171cc90f9"},"headline":"\u00c4ntligen dags f\u00f6r s\u00e4songsstart","datePublished":"2026-09-04T12:48:51+00:00","dateModified":"2026-09-04T12:49:42+00:00","mainEntityOfPage":{"@id":"https:\/\/grifk-handball.com\/naiset\/kausi-2026-27\/ennakot-kausi-2026-27\/antligen-dags-for-sasongsstart\/"},"wordCount":365,"image":{"@id":"https:\/\/grifk-handball.com\/naiset\/kausi-2026-27\/ennakot-kausi-2026-27\/antligen-dags-for-sasongsstart\/#primaryimage"},"thumbnailUrl":"https:\/\/grifk-handball.com\/naiset\/wp-content\/uploads\/sites\/3\/2026\/09\/GrIFK-vs-Cocks-2026-01-07-003-e1788526172653.jpg","keywords":["#Damernas Aktialiga","#Greta Wir\u00e9n","#GrIFKDamer","#Naisten Aktialiiga","Cocks"],"articleSection":["Ennakot 2026-27"],"inLanguage":"fi"},{"@type":"WebPage","@id":"https:\/\/grifk-handball.com\/naiset\/kausi-2026-27\/ennakot-kausi-2026-27\/antligen-dags-for-sasongsstart\/","url":"https:\/\/grifk-handball.com\/naiset\/kausi-2026-27\/ennakot-kausi-2026-27\/antligen-dags-for-sasongsstart\/","name":"\u00c4ntligen dags f\u00f6r s\u00e4songsstart &#187; GrIFK K\u00e4sipallo Naiset","isPartOf":{"@id":"https:\/\/grifk-handball.com\/naiset\/#website"},"primaryImageOfPage":{"@id":"https:\/\/grifk-handball.com\/naiset\/kausi-2026-27\/ennakot-kausi-2026-27\/antligen-dags-for-sasongsstart\/#primaryimage"},"image":{"@id":"https:\/\/grifk-handball.com\/naiset\/kausi-2026-27\/ennakot-kausi-2026-27\/antligen-dags-for-sasongsstart\/#primaryimage"},"thumbnailUrl":"https:\/\/grifk-handball.com\/naiset\/wp-content\/uploads\/sites\/3\/2026\/09\/GrIFK-vs-Cocks-2026-01-07-003-e1788526172653.jpg","datePublished":"2026-09-04T12:48:51+00:00","dateModified":"2026-09-04T12:49:42+00:00","author":{"@id":"https:\/\/grifk-handball.com\/naiset\/#\/schema\/person\/833a8047457c3e753cf474b171cc90f9"},"breadcrumb":{"@id":"https:\/\/grifk-handball.com\/naiset\/kausi-2026-27\/ennakot-kausi-2026-27\/antligen-dags-for-sasongsstart\/#breadcrumb"},"inLanguage":"fi","potentialAction":[{"@type":"ReadAction","target":["https:\/\/grifk-handball.com\/naiset\/kausi-2026-27\/ennakot-kausi-2026-27\/antligen-dags-for-sasongsstart\/"]}]},{"@type":"ImageObject","inLanguage":"fi","@id":"https:\/\/grifk-handball.com\/naiset\/kausi-2026-27\/ennakot-kausi-2026-27\/antligen-dags-for-sasongsstart\/#primaryimage","url":"https:\/\/grifk-handball.com\/naiset\/wp-content\/uploads\/sites\/3\/2026\/09\/GrIFK-vs-Cocks-2026-01-07-003-e1788526172653.jpg","contentUrl":"https:\/\/grifk-handball.com\/naiset\/wp-content\/uploads\/sites\/3\/2026\/09\/GrIFK-vs-Cocks-2026-01-07-003-e1788526172653.jpg","width":1707,"height":1143},{"@type":"BreadcrumbList","@id":"https:\/\/grifk-handball.com\/naiset\/kausi-2026-27\/ennakot-kausi-2026-27\/antligen-dags-for-sasongsstart\/#breadcrumb","itemListElement":[{"@type":"ListItem","position":1,"name":"Home","item":"https:\/\/grifk-handball.com\/naiset\/etusivu-2\/"},{"@type":"ListItem","position":2,"name":"\u00c4ntligen dags f\u00f6r s\u00e4songsstart"}]},{"@type":"WebSite","@id":"https:\/\/grifk-handball.com\/naiset\/#website","url":"https:\/\/grifk-handball.com\/naiset\/","name":"GrIFK K\u00e4sipallo Naiset","description":"GrIFK K\u00e4sipallo Naiset","potentialAction":[{"@type":"SearchAction","target":{"@type":"EntryPoint","urlTemplate":"https:\/\/grifk-handball.com\/naiset\/?s={search_term_string}"},"query-input":{"@type":"PropertyValueSpecification","valueRequired":true,"valueName":"search_term_string"}}],"inLanguage":"fi"},{"@type":"Person","@id":"https:\/\/grifk-handball.com\/naiset\/#\/schema\/person\/833a8047457c3e753cf474b171cc90f9","name":"irajessica","image":{"@type":"ImageObject","inLanguage":"fi","@id":"https:\/\/secure.gravatar.com\/avatar\/a5f2f279937493405b86bf6f3fc4a412ab182fdfc4897be279322d112f394088?s=96&d=mm&r=g","url":"https:\/\/secure.gravatar.com\/avatar\/a5f2f279937493405b86bf6f3fc4a412ab182fdfc4897be279322d112f394088?s=96&d=mm&r=g","contentUrl":"https:\/\/secure.gravatar.com\/avatar\/a5f2f279937493405b86bf6f3fc4a412ab182fdfc4897be279322d112f394088?s=96&d=mm&r=g","caption":"irajessica"},"url":"https:\/\/grifk-handball.com\/naiset\/author\/irajessica\/"}]}},"jetpack_sharing_enabled":true,"jetpack_featured_media_url":"https:\/\/grifk-handball.com\/naiset\/wp-content\/uploads\/sites\/3\/2026\/09\/GrIFK-vs-Cocks-2026-01-07-003-e1788526172653.jpg","_links":{"self":[{"href":"https:\/\/grifk-handball.com\/naiset\/wp-json\/wp\/v2\/posts\/14526","targetHints":{"allow":["GET"]}}],"collection":[{"href":"https:\/\/grifk-handball.com\/naiset\/wp-json\/wp\/v2\/posts"}],"about":[{"href":"https:\/\/grifk-handball.com\/naiset\/wp-json\/wp\/v2\/types\/post"}],"author":[{"embeddable":true,"href":"https:\/\/grifk-handball.com\/naiset\/wp-json\/wp\/v2\/users\/6"}],"replies":[{"embeddable":true,"href":"https:\/\/grifk-handball.com\/naiset\/wp-json\/wp\/v2\/comments?post=14526"}],"version-history":[{"count":1,"href":"https:\/\/grifk-handball.com\/naiset\/wp-json\/wp\/v2\/posts\/14526\/revisions"}],"predecessor-version":[{"id":14528,"href":"https:\/\/grifk-handball.com\/naiset\/wp-json\/wp\/v2\/posts\/14526\/revisions\/14528"}],"wp:featuredmedia":[{"embeddable":true,"href":"https:\/\/grifk-handball.com\/naiset\/wp-json\/wp\/v2\/media\/14527"}],"wp:attachment":[{"href":"https:\/\/grifk-handball.com\/naiset\/wp-json\/wp\/v2\/media?parent=14526"}],"wp:term":[{"taxonomy":"category","embeddable":true,"href":"https:\/\/grifk-handball.com\/naiset\/wp-json\/wp\/v2\/categories?post=14526"},{"taxonomy":"post_tag","embeddable":true,"href":"https:\/\/grifk-handball.com\/naiset\/wp-json\/wp\/v2\/tags?post=14526"}],"curies":[{"name":"wp","href":"https:\/\/api.w.org\/{rel}","templated":true}]}}