{"id":14530,"date":"2026-09-04T15:51:49","date_gmt":"2026-09-04T12:51:49","guid":{"rendered":"https:\/\/grifk-handball.com\/naiset\/?p=14530"},"modified":"2026-09-04T15:51:49","modified_gmt":"2026-09-04T12:51:49","slug":"vihdoin-kausi-alkaa","status":"publish","type":"post","link":"https:\/\/grifk-handball.com\/naiset\/kausi-2026-27\/ennakot-kausi-2026-27\/vihdoin-kausi-alkaa\/","title":{"rendered":"Vihdoin kausi alkaa"},"content":{"rendered":"<p class=\"isSelectedEnd\"><strong>Viikon punainen lanka<\/strong><\/p>\n<p class=\"isSelectedEnd\">Lauantaina 5.9. klo 15.00 kausi py\u00f6r\u00e4ht\u00e4\u00e4 k\u00e4yntiin kotiottelulla Cocksi\u00e4 vastaan. Kohtasimme Cocksin harjoitusottelussa muutama viikko sitten, ja nyt odotamme innolla, ett\u00e4 p\u00e4\u00e4semme n\u00e4ytt\u00e4m\u00e4\u00e4n parempaa peli\u00e4 kuin viimeksi. Olemme keskittyneet erityisesti pelituntuman l\u00f6yt\u00e4miseen ja yhteispelin hiomiseen, sill\u00e4 joukkueessamme on t\u00e4n\u00e4 vuonna paljon uusia pelaajia. Lis\u00e4ksi olemme panostaneet puolustuspelaamisen kovuuteen, joka puuttui ensimm\u00e4isest\u00e4 Cocksia vastaan pelatusta harjoitusottelustamme.<\/p>\n<p class=\"isSelectedEnd\"><strong>Ottelu minun silmin<\/strong><\/p>\n<p class=\"isSelectedEnd\">Ensimm\u00e4inen fiilikseni ottelusta on, ett\u00e4 luvassa on kova ja j\u00e4nnitt\u00e4v\u00e4 peli melko uudistunutta Cocksia vastaan. Heill\u00e4 on etenkin yksi Ranskasta hankittu taitava pelaaja, johon meid\u00e4n pit\u00e4\u00e4 kiinnitt\u00e4\u00e4 erityist\u00e4 huomiota! H\u00e4n on r\u00e4j\u00e4ht\u00e4v\u00e4, ovela ja nopea!<\/p>\n<p class=\"isSelectedEnd\">Jos haluaa n\u00e4hd\u00e4 hienoja py\u00f6r\u00e4hdysfeikkej\u00e4, kannattaa pit\u00e4\u00e4 silm\u00e4ll\u00e4 meid\u00e4n omaa Julianna \u201dBebbe\u201d R\u00e4s\u00e4st\u00e4. H\u00e4n on meille uusi pelaaja, joka pelasi viime vuonna jonkin verran Cocksissa. H\u00e4n on nopea ja h\u00e4nen heittonsa l\u00e4htee todella ter\u00e4v\u00e4sti!<\/p>\n<p class=\"isSelectedEnd\"><strong>Mik\u00e4 ratkaisee<\/strong><\/p>\n<p class=\"isSelectedEnd\">Meille on ensiarvoisen t\u00e4rke\u00e4\u00e4 saada puolustuspeli toimimaan, jotta maalivahdit p\u00e4\u00e4sev\u00e4t loistamaan. Meid\u00e4n pit\u00e4\u00e4 pys\u00e4ytt\u00e4\u00e4 heid\u00e4n taitavat l\u00e4pimurtopelaajansa ja uskaltaa juosta joka kerta, kun onnistumme riist\u00e4m\u00e4\u00e4n pallon! Yleis\u00f6 voi odottaa j\u00e4nnitt\u00e4v\u00e4\u00e4, kovaa ja viihdytt\u00e4v\u00e4\u00e4 ottelua!<\/p>\n<p class=\"isSelectedEnd\"><strong>Kulissien takana<\/strong><\/p>\n<p class=\"isSelectedEnd\">Ruotsissa viett\u00e4m\u00e4mme preseasonin aikana olemme todella saaneet mahdollisuuden tutustua toisiimme \u2013 erilaisten, enemm\u00e4n tai v\u00e4hemm\u00e4n vakavien laivalla j\u00e4rjestettyjen haasteiden, yhdess\u00e4 vietetyn ajan ja naurun t\u00e4ytt\u00e4mien hetkien kautta.<\/p>\n<p class=\"isSelectedEnd\">28-vuotiaana olen saanut preseasonin aikana pikakurssin nuorisokulttuuriin. Olen oppinut sanoja kuten \u201dAura\u201d ja \u201dLaura\u201d, ja TikTok-tanssitaitoni ovat kehittyneet olemattomasta\u2026 no, edelleen melko olemattomiksi, mutta itsevarmuuteni on ainakin kasvanut huomattavasti!<\/p>\n<p class=\"isSelectedEnd\">Toivottavasti kaikki l\u00f6yt\u00e4v\u00e4t lauantaina hallille, kun kohtaamme Cocksin! \ud83e\udd0d\ud83d\udc9a<\/p>\n<p>Teksti: Greta Wir\u00e9n<\/p>\n","protected":false},"excerpt":{"rendered":"<p>Viikon punainen lanka Lauantaina 5.9. klo 15.00 kausi py\u00f6r\u00e4ht\u00e4\u00e4 k\u00e4yntiin kotiottelulla Cocksi\u00e4 vastaan. Kohtasimme Cocksin harjoitusottelussa muutama viikko sitten, ja nyt odotamme innolla, ett\u00e4 p\u00e4\u00e4semme n\u00e4ytt\u00e4m\u00e4\u00e4n parempaa peli\u00e4 kuin viimeksi. Olemme keskittyneet erityisesti pelituntuman l\u00f6yt\u00e4miseen ja yhteispelin hiomiseen, sill\u00e4 joukkueessamme on t\u00e4n\u00e4 vuonna paljon uusia pelaajia. Lis\u00e4ksi olemme panostaneet puolustuspelaamisen kovuuteen, joka puuttui ensimm\u00e4isest\u00e4 Cocksia [&hellip;]<\/p>\n","protected":false},"author":6,"featured_media":14527,"comment_status":"closed","ping_status":"closed","sticky":false,"template":"","format":"standard","meta":{"_acf_changed":false,"footnotes":"","jetpack_post_was_ever_published":false,"_members_access_role":[],"_members_access_error":""},"categories":[497],"tags":[409,353,181,407,359],"class_list":["post-14530","post","type-post","status-publish","format-standard","has-post-thumbnail","hentry","category-ennakot-kausi-2026-27","tag-damernas-aktialiga","tag-greta-wiren","tag-grifkdamer","tag-naisten-aktialiiga","tag-cocks"],"acf":[],"yoast_head":"<!-- This site is optimized with the Yoast SEO plugin v28.4 - https:\/\/yoast.com\/product\/yoast-seo-wordpress\/ -->\n<title>Vihdoin kausi alkaa &#187; GrIFK K\u00e4sipallo Naiset<\/title>\n<meta name=\"robots\" content=\"index, follow, max-snippet:-1, max-image-preview:large, max-video-preview:-1\" \/>\n<link rel=\"canonical\" href=\"https:\/\/grifk-handball.com\/naiset\/kausi-2026-27\/ennakot-kausi-2026-27\/vihdoin-kausi-alkaa\/\" \/>\n<meta property=\"og:locale\" content=\"fi_FI\" \/>\n<meta property=\"og:type\" content=\"article\" \/>\n<meta property=\"og:title\" content=\"Vihdoin kausi alkaa &#187; GrIFK K\u00e4sipallo Naiset\" \/>\n<meta property=\"og:description\" content=\"Viikon punainen lanka Lauantaina 5.9. klo 15.00 kausi py\u00f6r\u00e4ht\u00e4\u00e4 k\u00e4yntiin kotiottelulla Cocksi\u00e4 vastaan. Kohtasimme Cocksin harjoitusottelussa muutama viikko sitten, ja nyt odotamme innolla, ett\u00e4 p\u00e4\u00e4semme n\u00e4ytt\u00e4m\u00e4\u00e4n parempaa peli\u00e4 kuin viimeksi. Olemme keskittyneet erityisesti pelituntuman l\u00f6yt\u00e4miseen ja yhteispelin hiomiseen, sill\u00e4 joukkueessamme on t\u00e4n\u00e4 vuonna paljon uusia pelaajia. Lis\u00e4ksi olemme panostaneet puolustuspelaamisen kovuuteen, joka puuttui ensimm\u00e4isest\u00e4 Cocksia [&hellip;]\" \/>\n<meta property=\"og:url\" content=\"https:\/\/grifk-handball.com\/naiset\/kausi-2026-27\/ennakot-kausi-2026-27\/vihdoin-kausi-alkaa\/\" \/>\n<meta property=\"og:site_name\" content=\"GrIFK K\u00e4sipallo Naiset\" \/>\n<meta property=\"article:publisher\" content=\"https:\/\/www.facebook.com\/532444520237680\" \/>\n<meta property=\"article:published_time\" content=\"2026-09-04T12:51:49+00:00\" \/>\n<meta property=\"og:image\" content=\"https:\/\/grifk-handball.com\/naiset\/wp-content\/uploads\/sites\/3\/2026\/09\/GrIFK-vs-Cocks-2026-01-07-003-e1788526172653.jpg\" \/>\n\t<meta property=\"og:image:width\" content=\"1707\" \/>\n\t<meta property=\"og:image:height\" content=\"1143\" \/>\n\t<meta property=\"og:image:type\" content=\"image\/jpeg\" \/>\n<meta name=\"author\" content=\"irajessica\" \/>\n<meta name=\"twitter:card\" content=\"summary_large_image\" \/>\n<meta name=\"twitter:label1\" content=\"Kirjoittanut\" \/>\n\t<meta name=\"twitter:data1\" content=\"irajessica\" \/>\n\t<meta name=\"twitter:label2\" content=\"Arvioitu lukuaika\" \/>\n\t<meta name=\"twitter:data2\" content=\"2 minuuttia\" \/>\n<script type=\"application\/ld+json\" class=\"yoast-schema-graph\">{\"@context\":\"https:\\\/\\\/schema.org\",\"@graph\":[{\"@type\":\"Article\",\"@id\":\"https:\\\/\\\/grifk-handball.com\\\/naiset\\\/kausi-2026-27\\\/ennakot-kausi-2026-27\\\/vihdoin-kausi-alkaa\\\/#article\",\"isPartOf\":{\"@id\":\"https:\\\/\\\/grifk-handball.com\\\/naiset\\\/kausi-2026-27\\\/ennakot-kausi-2026-27\\\/vihdoin-kausi-alkaa\\\/\"},\"author\":{\"name\":\"irajessica\",\"@id\":\"https:\\\/\\\/grifk-handball.com\\\/naiset\\\/#\\\/schema\\\/person\\\/833a8047457c3e753cf474b171cc90f9\"},\"headline\":\"Vihdoin kausi alkaa\",\"datePublished\":\"2026-09-04T12:51:49+00:00\",\"mainEntityOfPage\":{\"@id\":\"https:\\\/\\\/grifk-handball.com\\\/naiset\\\/kausi-2026-27\\\/ennakot-kausi-2026-27\\\/vihdoin-kausi-alkaa\\\/\"},\"wordCount\":292,\"image\":{\"@id\":\"https:\\\/\\\/grifk-handball.com\\\/naiset\\\/kausi-2026-27\\\/ennakot-kausi-2026-27\\\/vihdoin-kausi-alkaa\\\/#primaryimage\"},\"thumbnailUrl\":\"https:\\\/\\\/grifk-handball.com\\\/naiset\\\/wp-content\\\/uploads\\\/sites\\\/3\\\/2026\\\/09\\\/GrIFK-vs-Cocks-2026-01-07-003-e1788526172653.jpg\",\"keywords\":[\"#Damernas Aktialiga\",\"#Greta Wir\u00e9n\",\"#GrIFKDamer\",\"#Naisten Aktialiiga\",\"Cocks\"],\"articleSection\":[\"Ennakot 2026-27\"],\"inLanguage\":\"fi\"},{\"@type\":\"WebPage\",\"@id\":\"https:\\\/\\\/grifk-handball.com\\\/naiset\\\/kausi-2026-27\\\/ennakot-kausi-2026-27\\\/vihdoin-kausi-alkaa\\\/\",\"url\":\"https:\\\/\\\/grifk-handball.com\\\/naiset\\\/kausi-2026-27\\\/ennakot-kausi-2026-27\\\/vihdoin-kausi-alkaa\\\/\",\"name\":\"Vihdoin kausi alkaa &#187; GrIFK K\u00e4sipallo Naiset\",\"isPartOf\":{\"@id\":\"https:\\\/\\\/grifk-handball.com\\\/naiset\\\/#website\"},\"primaryImageOfPage\":{\"@id\":\"https:\\\/\\\/grifk-handball.com\\\/naiset\\\/kausi-2026-27\\\/ennakot-kausi-2026-27\\\/vihdoin-kausi-alkaa\\\/#primaryimage\"},\"image\":{\"@id\":\"https:\\\/\\\/grifk-handball.com\\\/naiset\\\/kausi-2026-27\\\/ennakot-kausi-2026-27\\\/vihdoin-kausi-alkaa\\\/#primaryimage\"},\"thumbnailUrl\":\"https:\\\/\\\/grifk-handball.com\\\/naiset\\\/wp-content\\\/uploads\\\/sites\\\/3\\\/2026\\\/09\\\/GrIFK-vs-Cocks-2026-01-07-003-e1788526172653.jpg\",\"datePublished\":\"2026-09-04T12:51:49+00:00\",\"author\":{\"@id\":\"https:\\\/\\\/grifk-handball.com\\\/naiset\\\/#\\\/schema\\\/person\\\/833a8047457c3e753cf474b171cc90f9\"},\"breadcrumb\":{\"@id\":\"https:\\\/\\\/grifk-handball.com\\\/naiset\\\/kausi-2026-27\\\/ennakot-kausi-2026-27\\\/vihdoin-kausi-alkaa\\\/#breadcrumb\"},\"inLanguage\":\"fi\",\"potentialAction\":[{\"@type\":\"ReadAction\",\"target\":[\"https:\\\/\\\/grifk-handball.com\\\/naiset\\\/kausi-2026-27\\\/ennakot-kausi-2026-27\\\/vihdoin-kausi-alkaa\\\/\"]}]},{\"@type\":\"ImageObject\",\"inLanguage\":\"fi\",\"@id\":\"https:\\\/\\\/grifk-handball.com\\\/naiset\\\/kausi-2026-27\\\/ennakot-kausi-2026-27\\\/vihdoin-kausi-alkaa\\\/#primaryimage\",\"url\":\"https:\\\/\\\/grifk-handball.com\\\/naiset\\\/wp-content\\\/uploads\\\/sites\\\/3\\\/2026\\\/09\\\/GrIFK-vs-Cocks-2026-01-07-003-e1788526172653.jpg\",\"contentUrl\":\"https:\\\/\\\/grifk-handball.com\\\/naiset\\\/wp-content\\\/uploads\\\/sites\\\/3\\\/2026\\\/09\\\/GrIFK-vs-Cocks-2026-01-07-003-e1788526172653.jpg\",\"width\":1707,\"height\":1143},{\"@type\":\"BreadcrumbList\",\"@id\":\"https:\\\/\\\/grifk-handball.com\\\/naiset\\\/kausi-2026-27\\\/ennakot-kausi-2026-27\\\/vihdoin-kausi-alkaa\\\/#breadcrumb\",\"itemListElement\":[{\"@type\":\"ListItem\",\"position\":1,\"name\":\"Home\",\"item\":\"https:\\\/\\\/grifk-handball.com\\\/naiset\\\/etusivu-2\\\/\"},{\"@type\":\"ListItem\",\"position\":2,\"name\":\"Vihdoin kausi alkaa\"}]},{\"@type\":\"WebSite\",\"@id\":\"https:\\\/\\\/grifk-handball.com\\\/naiset\\\/#website\",\"url\":\"https:\\\/\\\/grifk-handball.com\\\/naiset\\\/\",\"name\":\"GrIFK K\u00e4sipallo Naiset\",\"description\":\"GrIFK K\u00e4sipallo Naiset\",\"potentialAction\":[{\"@type\":\"SearchAction\",\"target\":{\"@type\":\"EntryPoint\",\"urlTemplate\":\"https:\\\/\\\/grifk-handball.com\\\/naiset\\\/?s={search_term_string}\"},\"query-input\":{\"@type\":\"PropertyValueSpecification\",\"valueRequired\":true,\"valueName\":\"search_term_string\"}}],\"inLanguage\":\"fi\"},{\"@type\":\"Person\",\"@id\":\"https:\\\/\\\/grifk-handball.com\\\/naiset\\\/#\\\/schema\\\/person\\\/833a8047457c3e753cf474b171cc90f9\",\"name\":\"irajessica\",\"image\":{\"@type\":\"ImageObject\",\"inLanguage\":\"fi\",\"@id\":\"https:\\\/\\\/secure.gravatar.com\\\/avatar\\\/a5f2f279937493405b86bf6f3fc4a412ab182fdfc4897be279322d112f394088?s=96&d=mm&r=g\",\"url\":\"https:\\\/\\\/secure.gravatar.com\\\/avatar\\\/a5f2f279937493405b86bf6f3fc4a412ab182fdfc4897be279322d112f394088?s=96&d=mm&r=g\",\"contentUrl\":\"https:\\\/\\\/secure.gravatar.com\\\/avatar\\\/a5f2f279937493405b86bf6f3fc4a412ab182fdfc4897be279322d112f394088?s=96&d=mm&r=g\",\"caption\":\"irajessica\"},\"url\":\"https:\\\/\\\/grifk-handball.com\\\/naiset\\\/author\\\/irajessica\\\/\"}]}<\/script>\n<!-- \/ Yoast SEO plugin. -->","yoast_head_json":{"title":"Vihdoin kausi alkaa &#187; GrIFK K\u00e4sipallo Naiset","robots":{"index":"index","follow":"follow","max-snippet":"max-snippet:-1","max-image-preview":"max-image-preview:large","max-video-preview":"max-video-preview:-1"},"canonical":"https:\/\/grifk-handball.com\/naiset\/kausi-2026-27\/ennakot-kausi-2026-27\/vihdoin-kausi-alkaa\/","og_locale":"fi_FI","og_type":"article","og_title":"Vihdoin kausi alkaa &#187; GrIFK K\u00e4sipallo Naiset","og_description":"Viikon punainen lanka Lauantaina 5.9. klo 15.00 kausi py\u00f6r\u00e4ht\u00e4\u00e4 k\u00e4yntiin kotiottelulla Cocksi\u00e4 vastaan. Kohtasimme Cocksin harjoitusottelussa muutama viikko sitten, ja nyt odotamme innolla, ett\u00e4 p\u00e4\u00e4semme n\u00e4ytt\u00e4m\u00e4\u00e4n parempaa peli\u00e4 kuin viimeksi. Olemme keskittyneet erityisesti pelituntuman l\u00f6yt\u00e4miseen ja yhteispelin hiomiseen, sill\u00e4 joukkueessamme on t\u00e4n\u00e4 vuonna paljon uusia pelaajia. Lis\u00e4ksi olemme panostaneet puolustuspelaamisen kovuuteen, joka puuttui ensimm\u00e4isest\u00e4 Cocksia [&hellip;]","og_url":"https:\/\/grifk-handball.com\/naiset\/kausi-2026-27\/ennakot-kausi-2026-27\/vihdoin-kausi-alkaa\/","og_site_name":"GrIFK K\u00e4sipallo Naiset","article_publisher":"https:\/\/www.facebook.com\/532444520237680","article_published_time":"2026-09-04T12:51:49+00:00","og_image":[{"width":1707,"height":1143,"url":"https:\/\/grifk-handball.com\/naiset\/wp-content\/uploads\/sites\/3\/2026\/09\/GrIFK-vs-Cocks-2026-01-07-003-e1788526172653.jpg","type":"image\/jpeg"}],"author":"irajessica","twitter_card":"summary_large_image","twitter_misc":{"Kirjoittanut":"irajessica","Arvioitu lukuaika":"2 minuuttia"},"schema":{"@context":"https:\/\/schema.org","@graph":[{"@type":"Article","@id":"https:\/\/grifk-handball.com\/naiset\/kausi-2026-27\/ennakot-kausi-2026-27\/vihdoin-kausi-alkaa\/#article","isPartOf":{"@id":"https:\/\/grifk-handball.com\/naiset\/kausi-2026-27\/ennakot-kausi-2026-27\/vihdoin-kausi-alkaa\/"},"author":{"name":"irajessica","@id":"https:\/\/grifk-handball.com\/naiset\/#\/schema\/person\/833a8047457c3e753cf474b171cc90f9"},"headline":"Vihdoin kausi alkaa","datePublished":"2026-09-04T12:51:49+00:00","mainEntityOfPage":{"@id":"https:\/\/grifk-handball.com\/naiset\/kausi-2026-27\/ennakot-kausi-2026-27\/vihdoin-kausi-alkaa\/"},"wordCount":292,"image":{"@id":"https:\/\/grifk-handball.com\/naiset\/kausi-2026-27\/ennakot-kausi-2026-27\/vihdoin-kausi-alkaa\/#primaryimage"},"thumbnailUrl":"https:\/\/grifk-handball.com\/naiset\/wp-content\/uploads\/sites\/3\/2026\/09\/GrIFK-vs-Cocks-2026-01-07-003-e1788526172653.jpg","keywords":["#Damernas Aktialiga","#Greta Wir\u00e9n","#GrIFKDamer","#Naisten Aktialiiga","Cocks"],"articleSection":["Ennakot 2026-27"],"inLanguage":"fi"},{"@type":"WebPage","@id":"https:\/\/grifk-handball.com\/naiset\/kausi-2026-27\/ennakot-kausi-2026-27\/vihdoin-kausi-alkaa\/","url":"https:\/\/grifk-handball.com\/naiset\/kausi-2026-27\/ennakot-kausi-2026-27\/vihdoin-kausi-alkaa\/","name":"Vihdoin kausi alkaa &#187; GrIFK K\u00e4sipallo Naiset","isPartOf":{"@id":"https:\/\/grifk-handball.com\/naiset\/#website"},"primaryImageOfPage":{"@id":"https:\/\/grifk-handball.com\/naiset\/kausi-2026-27\/ennakot-kausi-2026-27\/vihdoin-kausi-alkaa\/#primaryimage"},"image":{"@id":"https:\/\/grifk-handball.com\/naiset\/kausi-2026-27\/ennakot-kausi-2026-27\/vihdoin-kausi-alkaa\/#primaryimage"},"thumbnailUrl":"https:\/\/grifk-handball.com\/naiset\/wp-content\/uploads\/sites\/3\/2026\/09\/GrIFK-vs-Cocks-2026-01-07-003-e1788526172653.jpg","datePublished":"2026-09-04T12:51:49+00:00","author":{"@id":"https:\/\/grifk-handball.com\/naiset\/#\/schema\/person\/833a8047457c3e753cf474b171cc90f9"},"breadcrumb":{"@id":"https:\/\/grifk-handball.com\/naiset\/kausi-2026-27\/ennakot-kausi-2026-27\/vihdoin-kausi-alkaa\/#breadcrumb"},"inLanguage":"fi","potentialAction":[{"@type":"ReadAction","target":["https:\/\/grifk-handball.com\/naiset\/kausi-2026-27\/ennakot-kausi-2026-27\/vihdoin-kausi-alkaa\/"]}]},{"@type":"ImageObject","inLanguage":"fi","@id":"https:\/\/grifk-handball.com\/naiset\/kausi-2026-27\/ennakot-kausi-2026-27\/vihdoin-kausi-alkaa\/#primaryimage","url":"https:\/\/grifk-handball.com\/naiset\/wp-content\/uploads\/sites\/3\/2026\/09\/GrIFK-vs-Cocks-2026-01-07-003-e1788526172653.jpg","contentUrl":"https:\/\/grifk-handball.com\/naiset\/wp-content\/uploads\/sites\/3\/2026\/09\/GrIFK-vs-Cocks-2026-01-07-003-e1788526172653.jpg","width":1707,"height":1143},{"@type":"BreadcrumbList","@id":"https:\/\/grifk-handball.com\/naiset\/kausi-2026-27\/ennakot-kausi-2026-27\/vihdoin-kausi-alkaa\/#breadcrumb","itemListElement":[{"@type":"ListItem","position":1,"name":"Home","item":"https:\/\/grifk-handball.com\/naiset\/etusivu-2\/"},{"@type":"ListItem","position":2,"name":"Vihdoin kausi alkaa"}]},{"@type":"WebSite","@id":"https:\/\/grifk-handball.com\/naiset\/#website","url":"https:\/\/grifk-handball.com\/naiset\/","name":"GrIFK K\u00e4sipallo Naiset","description":"GrIFK K\u00e4sipallo Naiset","potentialAction":[{"@type":"SearchAction","target":{"@type":"EntryPoint","urlTemplate":"https:\/\/grifk-handball.com\/naiset\/?s={search_term_string}"},"query-input":{"@type":"PropertyValueSpecification","valueRequired":true,"valueName":"search_term_string"}}],"inLanguage":"fi"},{"@type":"Person","@id":"https:\/\/grifk-handball.com\/naiset\/#\/schema\/person\/833a8047457c3e753cf474b171cc90f9","name":"irajessica","image":{"@type":"ImageObject","inLanguage":"fi","@id":"https:\/\/secure.gravatar.com\/avatar\/a5f2f279937493405b86bf6f3fc4a412ab182fdfc4897be279322d112f394088?s=96&d=mm&r=g","url":"https:\/\/secure.gravatar.com\/avatar\/a5f2f279937493405b86bf6f3fc4a412ab182fdfc4897be279322d112f394088?s=96&d=mm&r=g","contentUrl":"https:\/\/secure.gravatar.com\/avatar\/a5f2f279937493405b86bf6f3fc4a412ab182fdfc4897be279322d112f394088?s=96&d=mm&r=g","caption":"irajessica"},"url":"https:\/\/grifk-handball.com\/naiset\/author\/irajessica\/"}]}},"jetpack_sharing_enabled":true,"jetpack_featured_media_url":"https:\/\/grifk-handball.com\/naiset\/wp-content\/uploads\/sites\/3\/2026\/09\/GrIFK-vs-Cocks-2026-01-07-003-e1788526172653.jpg","_links":{"self":[{"href":"https:\/\/grifk-handball.com\/naiset\/wp-json\/wp\/v2\/posts\/14530","targetHints":{"allow":["GET"]}}],"collection":[{"href":"https:\/\/grifk-handball.com\/naiset\/wp-json\/wp\/v2\/posts"}],"about":[{"href":"https:\/\/grifk-handball.com\/naiset\/wp-json\/wp\/v2\/types\/post"}],"author":[{"embeddable":true,"href":"https:\/\/grifk-handball.com\/naiset\/wp-json\/wp\/v2\/users\/6"}],"replies":[{"embeddable":true,"href":"https:\/\/grifk-handball.com\/naiset\/wp-json\/wp\/v2\/comments?post=14530"}],"version-history":[{"count":2,"href":"https:\/\/grifk-handball.com\/naiset\/wp-json\/wp\/v2\/posts\/14530\/revisions"}],"predecessor-version":[{"id":14532,"href":"https:\/\/grifk-handball.com\/naiset\/wp-json\/wp\/v2\/posts\/14530\/revisions\/14532"}],"wp:featuredmedia":[{"embeddable":true,"href":"https:\/\/grifk-handball.com\/naiset\/wp-json\/wp\/v2\/media\/14527"}],"wp:attachment":[{"href":"https:\/\/grifk-handball.com\/naiset\/wp-json\/wp\/v2\/media?parent=14530"}],"wp:term":[{"taxonomy":"category","embeddable":true,"href":"https:\/\/grifk-handball.com\/naiset\/wp-json\/wp\/v2\/categories?post=14530"},{"taxonomy":"post_tag","embeddable":true,"href":"https:\/\/grifk-handball.com\/naiset\/wp-json\/wp\/v2\/tags?post=14530"}],"curies":[{"name":"wp","href":"https:\/\/api.w.org\/{rel}","templated":true}]}}