{"id":7914,"date":"2019-10-17T14:23:48","date_gmt":"2019-10-17T11:23:48","guid":{"rendered":"https:\/\/grifk-handball.com\/naiset\/?p=7914"},"modified":"2019-10-17T14:23:48","modified_gmt":"2019-10-17T11:23:48","slug":"valkommen-till-grifk-damer-mathilda-sandblom","status":"publish","type":"post","link":"https:\/\/grifk-handball.com\/naiset\/kausi-2019-20\/valkommen-till-grifk-damer-mathilda-sandblom\/","title":{"rendered":"V\u00e4lkommen till GrIFK Damer Mathilda Sandblom"},"content":{"rendered":"<div dir=\"auto\">\n<div dir=\"auto\">Pelipaikka: v9\/k9\/09<\/div>\n<div dir=\"auto\">Syntym\u00e4p\u00e4iv\u00e4: 10.03.2000<\/div>\n<\/div>\n<div dir=\"auto\"><\/div>\n<div dir=\"auto\"><em>&#8221;Jag heter Mathilda Sandblom, kallas Lillis &#8211; och \u00e4r 19 \u00e5r gammal.\u00a0<\/em><\/div>\n<div dir=\"auto\"><em>Som b\u00e4st h\u00e5ller jag ett mellan\u00e5r och n\u00e4r jag inte spelar handboll jobbar jag i Hang\u00f6.<\/em><\/div>\n<div><em>Innan jag b\u00f6rjade spela handboll sysslade jag l\u00e4nge med friidrott. Handbollen b\u00f6rjade med i 9-10-\u00e5rs\u00e5ldern, i HC HIK. \u00c5r 2017 flyttade jag till BK-46:s damlag d\u00e4r jag hann spela tv\u00e5 s\u00e4songer innan jag flyttade till GrIFK Damer.\u00a0<\/em><\/div>\n<div><em>Under min tid i Grani hoppas jag kunna utvecklas och bli en m\u00e5ngsidigare spelare. De andra i laget \u00e4r trevliga och hittills har jag trivts v\u00e4ldigt bra. Jag ser fram emot roliga och givande tr\u00e4ningar.&#8221;<\/em><\/div>\n","protected":false},"excerpt":{"rendered":"<p>Pelipaikka: v9\/k9\/09 Syntym\u00e4p\u00e4iv\u00e4: 10.03.2000 &#8221;Jag heter Mathilda Sandblom, kallas Lillis &#8211; och \u00e4r 19 \u00e5r gammal.\u00a0 Som b\u00e4st h\u00e5ller jag ett mellan\u00e5r och n\u00e4r jag inte spelar handboll jobbar jag i Hang\u00f6. Innan jag b\u00f6rjade spela handboll sysslade jag l\u00e4nge med friidrott. Handbollen b\u00f6rjade med i 9-10-\u00e5rs\u00e5ldern, i HC HIK. \u00c5r 2017 flyttade jag till [&hellip;]<\/p>\n","protected":false},"author":6,"featured_media":7910,"comment_status":"closed","ping_status":"closed","sticky":false,"template":"","format":"standard","meta":{"_acf_changed":false,"jetpack_post_was_ever_published":false,"footnotes":""},"categories":[173,1],"tags":[181,26],"class_list":["post-7914","post","type-post","status-publish","format-standard","has-post-thumbnail","hentry","category-kausi-2019-20","category-uutiset","tag-grifkdamer","tag-grifkhandball"],"acf":[],"yoast_head":"<!-- This site is optimized with the Yoast SEO plugin v27.5 - https:\/\/yoast.com\/product\/yoast-seo-wordpress\/ -->\n<title>V\u00e4lkommen till GrIFK Damer Mathilda Sandblom &#187; GrIFK K\u00e4sipallo Naiset<\/title>\n<meta name=\"robots\" content=\"index, follow, max-snippet:-1, max-image-preview:large, max-video-preview:-1\" \/>\n<link rel=\"canonical\" href=\"https:\/\/grifk-handball.com\/naiset\/kausi-2019-20\/valkommen-till-grifk-damer-mathilda-sandblom\/\" \/>\n<meta property=\"og:locale\" content=\"fi_FI\" \/>\n<meta property=\"og:type\" content=\"article\" \/>\n<meta property=\"og:title\" content=\"V\u00e4lkommen till GrIFK Damer Mathilda Sandblom &#187; GrIFK K\u00e4sipallo Naiset\" \/>\n<meta property=\"og:description\" content=\"Pelipaikka: v9\/k9\/09 Syntym\u00e4p\u00e4iv\u00e4: 10.03.2000 &#8221;Jag heter Mathilda Sandblom, kallas Lillis &#8211; och \u00e4r 19 \u00e5r gammal.\u00a0 Som b\u00e4st h\u00e5ller jag ett mellan\u00e5r och n\u00e4r jag inte spelar handboll jobbar jag i Hang\u00f6. Innan jag b\u00f6rjade spela handboll sysslade jag l\u00e4nge med friidrott. Handbollen b\u00f6rjade med i 9-10-\u00e5rs\u00e5ldern, i HC HIK. \u00c5r 2017 flyttade jag till [&hellip;]\" \/>\n<meta property=\"og:url\" content=\"https:\/\/grifk-handball.com\/naiset\/kausi-2019-20\/valkommen-till-grifk-damer-mathilda-sandblom\/\" \/>\n<meta property=\"og:site_name\" content=\"GrIFK K\u00e4sipallo Naiset\" \/>\n<meta property=\"article:publisher\" content=\"https:\/\/www.facebook.com\/532444520237680\" \/>\n<meta property=\"article:published_time\" content=\"2019-10-17T11:23:48+00:00\" \/>\n<meta property=\"og:image\" content=\"https:\/\/grifk-handball.com\/naiset\/wp-content\/uploads\/sites\/3\/2019\/10\/WhatsApp-Image-2019-10-11-at-20.30.30.jpeg\" \/>\n\t<meta property=\"og:image:width\" content=\"1582\" \/>\n\t<meta property=\"og:image:height\" content=\"1504\" \/>\n\t<meta property=\"og:image:type\" content=\"image\/jpeg\" \/>\n<meta name=\"author\" content=\"irajessica\" \/>\n<meta name=\"twitter:card\" content=\"summary_large_image\" \/>\n<meta name=\"twitter:label1\" content=\"Kirjoittanut\" \/>\n\t<meta name=\"twitter:data1\" content=\"irajessica\" \/>\n\t<meta name=\"twitter:label2\" content=\"Arvioitu lukuaika\" \/>\n\t<meta name=\"twitter:data2\" content=\"1 minuutti\" \/>\n<script type=\"application\/ld+json\" class=\"yoast-schema-graph\">{\"@context\":\"https:\\\/\\\/schema.org\",\"@graph\":[{\"@type\":\"Article\",\"@id\":\"https:\\\/\\\/grifk-handball.com\\\/naiset\\\/kausi-2019-20\\\/valkommen-till-grifk-damer-mathilda-sandblom\\\/#article\",\"isPartOf\":{\"@id\":\"https:\\\/\\\/grifk-handball.com\\\/naiset\\\/kausi-2019-20\\\/valkommen-till-grifk-damer-mathilda-sandblom\\\/\"},\"author\":{\"name\":\"irajessica\",\"@id\":\"https:\\\/\\\/grifk-handball.com\\\/naiset\\\/#\\\/schema\\\/person\\\/833a8047457c3e753cf474b171cc90f9\"},\"headline\":\"V\u00e4lkommen till GrIFK Damer Mathilda Sandblom\",\"datePublished\":\"2019-10-17T11:23:48+00:00\",\"mainEntityOfPage\":{\"@id\":\"https:\\\/\\\/grifk-handball.com\\\/naiset\\\/kausi-2019-20\\\/valkommen-till-grifk-damer-mathilda-sandblom\\\/\"},\"wordCount\":127,\"image\":{\"@id\":\"https:\\\/\\\/grifk-handball.com\\\/naiset\\\/kausi-2019-20\\\/valkommen-till-grifk-damer-mathilda-sandblom\\\/#primaryimage\"},\"thumbnailUrl\":\"https:\\\/\\\/grifk-handball.com\\\/naiset\\\/wp-content\\\/uploads\\\/sites\\\/3\\\/2019\\\/10\\\/WhatsApp-Image-2019-10-11-at-20.30.30.jpeg\",\"keywords\":[\"#GrIFKDamer\",\"#GrIFKHandball\"],\"articleSection\":[\"Kausi 2019-20\",\"Uutiset\"],\"inLanguage\":\"fi\"},{\"@type\":\"WebPage\",\"@id\":\"https:\\\/\\\/grifk-handball.com\\\/naiset\\\/kausi-2019-20\\\/valkommen-till-grifk-damer-mathilda-sandblom\\\/\",\"url\":\"https:\\\/\\\/grifk-handball.com\\\/naiset\\\/kausi-2019-20\\\/valkommen-till-grifk-damer-mathilda-sandblom\\\/\",\"name\":\"V\u00e4lkommen till GrIFK Damer Mathilda Sandblom &#187; GrIFK K\u00e4sipallo Naiset\",\"isPartOf\":{\"@id\":\"https:\\\/\\\/grifk-handball.com\\\/naiset\\\/#website\"},\"primaryImageOfPage\":{\"@id\":\"https:\\\/\\\/grifk-handball.com\\\/naiset\\\/kausi-2019-20\\\/valkommen-till-grifk-damer-mathilda-sandblom\\\/#primaryimage\"},\"image\":{\"@id\":\"https:\\\/\\\/grifk-handball.com\\\/naiset\\\/kausi-2019-20\\\/valkommen-till-grifk-damer-mathilda-sandblom\\\/#primaryimage\"},\"thumbnailUrl\":\"https:\\\/\\\/grifk-handball.com\\\/naiset\\\/wp-content\\\/uploads\\\/sites\\\/3\\\/2019\\\/10\\\/WhatsApp-Image-2019-10-11-at-20.30.30.jpeg\",\"datePublished\":\"2019-10-17T11:23:48+00:00\",\"author\":{\"@id\":\"https:\\\/\\\/grifk-handball.com\\\/naiset\\\/#\\\/schema\\\/person\\\/833a8047457c3e753cf474b171cc90f9\"},\"breadcrumb\":{\"@id\":\"https:\\\/\\\/grifk-handball.com\\\/naiset\\\/kausi-2019-20\\\/valkommen-till-grifk-damer-mathilda-sandblom\\\/#breadcrumb\"},\"inLanguage\":\"fi\",\"potentialAction\":[{\"@type\":\"ReadAction\",\"target\":[\"https:\\\/\\\/grifk-handball.com\\\/naiset\\\/kausi-2019-20\\\/valkommen-till-grifk-damer-mathilda-sandblom\\\/\"]}]},{\"@type\":\"ImageObject\",\"inLanguage\":\"fi\",\"@id\":\"https:\\\/\\\/grifk-handball.com\\\/naiset\\\/kausi-2019-20\\\/valkommen-till-grifk-damer-mathilda-sandblom\\\/#primaryimage\",\"url\":\"https:\\\/\\\/grifk-handball.com\\\/naiset\\\/wp-content\\\/uploads\\\/sites\\\/3\\\/2019\\\/10\\\/WhatsApp-Image-2019-10-11-at-20.30.30.jpeg\",\"contentUrl\":\"https:\\\/\\\/grifk-handball.com\\\/naiset\\\/wp-content\\\/uploads\\\/sites\\\/3\\\/2019\\\/10\\\/WhatsApp-Image-2019-10-11-at-20.30.30.jpeg\",\"width\":1582,\"height\":1504},{\"@type\":\"BreadcrumbList\",\"@id\":\"https:\\\/\\\/grifk-handball.com\\\/naiset\\\/kausi-2019-20\\\/valkommen-till-grifk-damer-mathilda-sandblom\\\/#breadcrumb\",\"itemListElement\":[{\"@type\":\"ListItem\",\"position\":1,\"name\":\"Home\",\"item\":\"https:\\\/\\\/grifk-handball.com\\\/naiset\\\/etusivu-2\\\/\"},{\"@type\":\"ListItem\",\"position\":2,\"name\":\"V\u00e4lkommen till GrIFK Damer Mathilda Sandblom\"}]},{\"@type\":\"WebSite\",\"@id\":\"https:\\\/\\\/grifk-handball.com\\\/naiset\\\/#website\",\"url\":\"https:\\\/\\\/grifk-handball.com\\\/naiset\\\/\",\"name\":\"GrIFK K\u00e4sipallo Naiset\",\"description\":\"GrIFK K\u00e4sipallo Naiset\",\"potentialAction\":[{\"@type\":\"SearchAction\",\"target\":{\"@type\":\"EntryPoint\",\"urlTemplate\":\"https:\\\/\\\/grifk-handball.com\\\/naiset\\\/?s={search_term_string}\"},\"query-input\":{\"@type\":\"PropertyValueSpecification\",\"valueRequired\":true,\"valueName\":\"search_term_string\"}}],\"inLanguage\":\"fi\"},{\"@type\":\"Person\",\"@id\":\"https:\\\/\\\/grifk-handball.com\\\/naiset\\\/#\\\/schema\\\/person\\\/833a8047457c3e753cf474b171cc90f9\",\"name\":\"irajessica\",\"image\":{\"@type\":\"ImageObject\",\"inLanguage\":\"fi\",\"@id\":\"https:\\\/\\\/secure.gravatar.com\\\/avatar\\\/a5f2f279937493405b86bf6f3fc4a412ab182fdfc4897be279322d112f394088?s=96&d=mm&r=g\",\"url\":\"https:\\\/\\\/secure.gravatar.com\\\/avatar\\\/a5f2f279937493405b86bf6f3fc4a412ab182fdfc4897be279322d112f394088?s=96&d=mm&r=g\",\"contentUrl\":\"https:\\\/\\\/secure.gravatar.com\\\/avatar\\\/a5f2f279937493405b86bf6f3fc4a412ab182fdfc4897be279322d112f394088?s=96&d=mm&r=g\",\"caption\":\"irajessica\"},\"url\":\"https:\\\/\\\/grifk-handball.com\\\/naiset\\\/author\\\/irajessica\\\/\"}]}<\/script>\n<!-- \/ Yoast SEO plugin. -->","yoast_head_json":{"title":"V\u00e4lkommen till GrIFK Damer Mathilda Sandblom &#187; GrIFK K\u00e4sipallo Naiset","robots":{"index":"index","follow":"follow","max-snippet":"max-snippet:-1","max-image-preview":"max-image-preview:large","max-video-preview":"max-video-preview:-1"},"canonical":"https:\/\/grifk-handball.com\/naiset\/kausi-2019-20\/valkommen-till-grifk-damer-mathilda-sandblom\/","og_locale":"fi_FI","og_type":"article","og_title":"V\u00e4lkommen till GrIFK Damer Mathilda Sandblom &#187; GrIFK K\u00e4sipallo Naiset","og_description":"Pelipaikka: v9\/k9\/09 Syntym\u00e4p\u00e4iv\u00e4: 10.03.2000 &#8221;Jag heter Mathilda Sandblom, kallas Lillis &#8211; och \u00e4r 19 \u00e5r gammal.\u00a0 Som b\u00e4st h\u00e5ller jag ett mellan\u00e5r och n\u00e4r jag inte spelar handboll jobbar jag i Hang\u00f6. Innan jag b\u00f6rjade spela handboll sysslade jag l\u00e4nge med friidrott. Handbollen b\u00f6rjade med i 9-10-\u00e5rs\u00e5ldern, i HC HIK. \u00c5r 2017 flyttade jag till [&hellip;]","og_url":"https:\/\/grifk-handball.com\/naiset\/kausi-2019-20\/valkommen-till-grifk-damer-mathilda-sandblom\/","og_site_name":"GrIFK K\u00e4sipallo Naiset","article_publisher":"https:\/\/www.facebook.com\/532444520237680","article_published_time":"2019-10-17T11:23:48+00:00","og_image":[{"width":1582,"height":1504,"url":"https:\/\/grifk-handball.com\/naiset\/wp-content\/uploads\/sites\/3\/2019\/10\/WhatsApp-Image-2019-10-11-at-20.30.30.jpeg","type":"image\/jpeg"}],"author":"irajessica","twitter_card":"summary_large_image","twitter_misc":{"Kirjoittanut":"irajessica","Arvioitu lukuaika":"1 minuutti"},"schema":{"@context":"https:\/\/schema.org","@graph":[{"@type":"Article","@id":"https:\/\/grifk-handball.com\/naiset\/kausi-2019-20\/valkommen-till-grifk-damer-mathilda-sandblom\/#article","isPartOf":{"@id":"https:\/\/grifk-handball.com\/naiset\/kausi-2019-20\/valkommen-till-grifk-damer-mathilda-sandblom\/"},"author":{"name":"irajessica","@id":"https:\/\/grifk-handball.com\/naiset\/#\/schema\/person\/833a8047457c3e753cf474b171cc90f9"},"headline":"V\u00e4lkommen till GrIFK Damer Mathilda Sandblom","datePublished":"2019-10-17T11:23:48+00:00","mainEntityOfPage":{"@id":"https:\/\/grifk-handball.com\/naiset\/kausi-2019-20\/valkommen-till-grifk-damer-mathilda-sandblom\/"},"wordCount":127,"image":{"@id":"https:\/\/grifk-handball.com\/naiset\/kausi-2019-20\/valkommen-till-grifk-damer-mathilda-sandblom\/#primaryimage"},"thumbnailUrl":"https:\/\/grifk-handball.com\/naiset\/wp-content\/uploads\/sites\/3\/2019\/10\/WhatsApp-Image-2019-10-11-at-20.30.30.jpeg","keywords":["#GrIFKDamer","#GrIFKHandball"],"articleSection":["Kausi 2019-20","Uutiset"],"inLanguage":"fi"},{"@type":"WebPage","@id":"https:\/\/grifk-handball.com\/naiset\/kausi-2019-20\/valkommen-till-grifk-damer-mathilda-sandblom\/","url":"https:\/\/grifk-handball.com\/naiset\/kausi-2019-20\/valkommen-till-grifk-damer-mathilda-sandblom\/","name":"V\u00e4lkommen till GrIFK Damer Mathilda Sandblom &#187; GrIFK K\u00e4sipallo Naiset","isPartOf":{"@id":"https:\/\/grifk-handball.com\/naiset\/#website"},"primaryImageOfPage":{"@id":"https:\/\/grifk-handball.com\/naiset\/kausi-2019-20\/valkommen-till-grifk-damer-mathilda-sandblom\/#primaryimage"},"image":{"@id":"https:\/\/grifk-handball.com\/naiset\/kausi-2019-20\/valkommen-till-grifk-damer-mathilda-sandblom\/#primaryimage"},"thumbnailUrl":"https:\/\/grifk-handball.com\/naiset\/wp-content\/uploads\/sites\/3\/2019\/10\/WhatsApp-Image-2019-10-11-at-20.30.30.jpeg","datePublished":"2019-10-17T11:23:48+00:00","author":{"@id":"https:\/\/grifk-handball.com\/naiset\/#\/schema\/person\/833a8047457c3e753cf474b171cc90f9"},"breadcrumb":{"@id":"https:\/\/grifk-handball.com\/naiset\/kausi-2019-20\/valkommen-till-grifk-damer-mathilda-sandblom\/#breadcrumb"},"inLanguage":"fi","potentialAction":[{"@type":"ReadAction","target":["https:\/\/grifk-handball.com\/naiset\/kausi-2019-20\/valkommen-till-grifk-damer-mathilda-sandblom\/"]}]},{"@type":"ImageObject","inLanguage":"fi","@id":"https:\/\/grifk-handball.com\/naiset\/kausi-2019-20\/valkommen-till-grifk-damer-mathilda-sandblom\/#primaryimage","url":"https:\/\/grifk-handball.com\/naiset\/wp-content\/uploads\/sites\/3\/2019\/10\/WhatsApp-Image-2019-10-11-at-20.30.30.jpeg","contentUrl":"https:\/\/grifk-handball.com\/naiset\/wp-content\/uploads\/sites\/3\/2019\/10\/WhatsApp-Image-2019-10-11-at-20.30.30.jpeg","width":1582,"height":1504},{"@type":"BreadcrumbList","@id":"https:\/\/grifk-handball.com\/naiset\/kausi-2019-20\/valkommen-till-grifk-damer-mathilda-sandblom\/#breadcrumb","itemListElement":[{"@type":"ListItem","position":1,"name":"Home","item":"https:\/\/grifk-handball.com\/naiset\/etusivu-2\/"},{"@type":"ListItem","position":2,"name":"V\u00e4lkommen till GrIFK Damer Mathilda Sandblom"}]},{"@type":"WebSite","@id":"https:\/\/grifk-handball.com\/naiset\/#website","url":"https:\/\/grifk-handball.com\/naiset\/","name":"GrIFK K\u00e4sipallo Naiset","description":"GrIFK K\u00e4sipallo Naiset","potentialAction":[{"@type":"SearchAction","target":{"@type":"EntryPoint","urlTemplate":"https:\/\/grifk-handball.com\/naiset\/?s={search_term_string}"},"query-input":{"@type":"PropertyValueSpecification","valueRequired":true,"valueName":"search_term_string"}}],"inLanguage":"fi"},{"@type":"Person","@id":"https:\/\/grifk-handball.com\/naiset\/#\/schema\/person\/833a8047457c3e753cf474b171cc90f9","name":"irajessica","image":{"@type":"ImageObject","inLanguage":"fi","@id":"https:\/\/secure.gravatar.com\/avatar\/a5f2f279937493405b86bf6f3fc4a412ab182fdfc4897be279322d112f394088?s=96&d=mm&r=g","url":"https:\/\/secure.gravatar.com\/avatar\/a5f2f279937493405b86bf6f3fc4a412ab182fdfc4897be279322d112f394088?s=96&d=mm&r=g","contentUrl":"https:\/\/secure.gravatar.com\/avatar\/a5f2f279937493405b86bf6f3fc4a412ab182fdfc4897be279322d112f394088?s=96&d=mm&r=g","caption":"irajessica"},"url":"https:\/\/grifk-handball.com\/naiset\/author\/irajessica\/"}]}},"jetpack_featured_media_url":"https:\/\/grifk-handball.com\/naiset\/wp-content\/uploads\/sites\/3\/2019\/10\/WhatsApp-Image-2019-10-11-at-20.30.30.jpeg","jetpack_sharing_enabled":true,"_links":{"self":[{"href":"https:\/\/grifk-handball.com\/naiset\/wp-json\/wp\/v2\/posts\/7914","targetHints":{"allow":["GET"]}}],"collection":[{"href":"https:\/\/grifk-handball.com\/naiset\/wp-json\/wp\/v2\/posts"}],"about":[{"href":"https:\/\/grifk-handball.com\/naiset\/wp-json\/wp\/v2\/types\/post"}],"author":[{"embeddable":true,"href":"https:\/\/grifk-handball.com\/naiset\/wp-json\/wp\/v2\/users\/6"}],"replies":[{"embeddable":true,"href":"https:\/\/grifk-handball.com\/naiset\/wp-json\/wp\/v2\/comments?post=7914"}],"version-history":[{"count":2,"href":"https:\/\/grifk-handball.com\/naiset\/wp-json\/wp\/v2\/posts\/7914\/revisions"}],"predecessor-version":[{"id":7920,"href":"https:\/\/grifk-handball.com\/naiset\/wp-json\/wp\/v2\/posts\/7914\/revisions\/7920"}],"wp:featuredmedia":[{"embeddable":true,"href":"https:\/\/grifk-handball.com\/naiset\/wp-json\/wp\/v2\/media\/7910"}],"wp:attachment":[{"href":"https:\/\/grifk-handball.com\/naiset\/wp-json\/wp\/v2\/media?parent=7914"}],"wp:term":[{"taxonomy":"category","embeddable":true,"href":"https:\/\/grifk-handball.com\/naiset\/wp-json\/wp\/v2\/categories?post=7914"},{"taxonomy":"post_tag","embeddable":true,"href":"https:\/\/grifk-handball.com\/naiset\/wp-json\/wp\/v2\/tags?post=7914"}],"curies":[{"name":"wp","href":"https:\/\/api.w.org\/{rel}","templated":true}]}}