{"id":8091,"date":"2019-12-27T18:35:30","date_gmt":"2019-12-27T16:35:30","guid":{"rendered":"https:\/\/grifk-handball.com\/naiset\/?p=8091"},"modified":"2019-12-27T18:35:30","modified_gmt":"2019-12-27T16:35:30","slug":"nytt-ar-nya-kampatag","status":"publish","type":"post","link":"https:\/\/grifk-handball.com\/naiset\/uutiset\/nytt-ar-nya-kampatag\/","title":{"rendered":"Nytt \u00e5r &#8211; nya k\u00e4mpatag!"},"content":{"rendered":"<p>Efter en kort och v\u00e4lf\u00f6rtj\u00e4nt ledighet \u00e4r vi tillbaka!<\/p>\n<p>H\u00f6stens andra omg\u00e5ng blev en kopia av omg\u00e5ng 1 (\u00e5tminstone resultatm\u00e4ssigt). V\u00e5rt m\u00e5l var att kunna utmana de starkare lagen (HIFK, Dicken och SIF) b\u00e4ttre \u00e4n i f\u00f6rsta omg\u00e5ngen och f\u00e5 po\u00e4ng med oss hem fr\u00e5n matcherna. Men, v\u00e5rt spel har \u00e4nd\u00e5 utvecklats och vi g\u00e5r i r\u00e4tt riktning. Laget har jobbat bra, flickorna har tr\u00e4nat h\u00e5rt och nu ser vi fram emot omg\u00e5ng 3.<\/p>\n<p>V\u00e5ra m\u00e5l f\u00f6r omg\u00e5ng 3 \u00e4r att f\u00e5 ihop v\u00e5rt spel s\u00e5 att vi kan utmana ocks\u00e5 de b\u00e4ttre lagen.\u00a0 Vi ska anv\u00e4nda v\u00e5rt snabba spel under hela matchen, f\u00e5 \u00e4nnu mera bredd i spelet och kunna spela smart och klokt. Under 3 omg\u00e5ngen f\u00e5r vi dessutom Ingrid Lindholm med i truppen,\u00a0 s\u00e5 det kommer att bli sp\u00e4nnande att se hur hon v\u00e5gar ta f\u00f6r sig och kommer in i sitt nya lag.<\/p>\n<p><strong>Cupfinalen<\/strong><\/p>\n<p>H\u00f6sten kulminerade i cupfinalen p\u00e5 l\u00f6rdag 21.12 d\u00e4r vi s\u00e5g ett taggat GrIFK m\u00f6ta m\u00e4starna HIFK. Tack flickor f\u00f6r den otroliga k\u00e4mpainsatsen d\u00e4r vi l\u00e4mnade allt p\u00e5 planen. Vi f\u00f6rlorade mot det b\u00e4ttre laget och gratulerar HIFK till vinsten. Men med denna gl\u00f6d och inst\u00e4llning under v\u00e5ren har vi m\u00f6jligheten att utmana alla lag i serien.<\/p>\n<p>Tack f\u00f6r det fina st\u00f6det vi f\u00e5tt under h\u00f6sts\u00e4songen! Vi hoppas att det forts\u00e4tter under v\u00e5ren.<\/p>\n<p>Ses den 8.1.2020 i Grottan d\u00e5 serien forts\u00e4tter mot Atlas!<\/p>\n<p>Coacharna Gutte &amp; Ankan<\/p>\n","protected":false},"excerpt":{"rendered":"<p>Efter en kort och v\u00e4lf\u00f6rtj\u00e4nt ledighet \u00e4r vi tillbaka! H\u00f6stens andra omg\u00e5ng blev en kopia av omg\u00e5ng 1 (\u00e5tminstone resultatm\u00e4ssigt). V\u00e5rt m\u00e5l var att kunna utmana de starkare lagen (HIFK, Dicken och SIF) b\u00e4ttre \u00e4n i f\u00f6rsta omg\u00e5ngen och f\u00e5 po\u00e4ng med oss hem fr\u00e5n matcherna. Men, v\u00e5rt spel har \u00e4nd\u00e5 utvecklats och vi g\u00e5r [&hellip;]<\/p>\n","protected":false},"author":6,"featured_media":8092,"comment_status":"closed","ping_status":"closed","sticky":false,"template":"","format":"standard","meta":{"_acf_changed":false,"jetpack_post_was_ever_published":false,"footnotes":""},"categories":[1],"tags":[196,183,181,26,185,25],"class_list":["post-8091","post","type-post","status-publish","format-standard","has-post-thumbnail","hentry","category-uutiset","tag-coachanka","tag-coachgutte","tag-grifkdamer","tag-grifkhandball","tag-sm-runkosarja","tag-grifk"],"acf":[],"yoast_head":"<!-- This site is optimized with the Yoast SEO plugin v27.5 - https:\/\/yoast.com\/product\/yoast-seo-wordpress\/ -->\n<title>Nytt \u00e5r - nya k\u00e4mpatag! &#187; GrIFK K\u00e4sipallo Naiset<\/title>\n<meta name=\"robots\" content=\"index, follow, max-snippet:-1, max-image-preview:large, max-video-preview:-1\" \/>\n<link rel=\"canonical\" href=\"https:\/\/grifk-handball.com\/naiset\/uutiset\/nytt-ar-nya-kampatag\/\" \/>\n<meta property=\"og:locale\" content=\"fi_FI\" \/>\n<meta property=\"og:type\" content=\"article\" \/>\n<meta property=\"og:title\" content=\"Nytt \u00e5r - nya k\u00e4mpatag! &#187; GrIFK K\u00e4sipallo Naiset\" \/>\n<meta property=\"og:description\" content=\"Efter en kort och v\u00e4lf\u00f6rtj\u00e4nt ledighet \u00e4r vi tillbaka! H\u00f6stens andra omg\u00e5ng blev en kopia av omg\u00e5ng 1 (\u00e5tminstone resultatm\u00e4ssigt). V\u00e5rt m\u00e5l var att kunna utmana de starkare lagen (HIFK, Dicken och SIF) b\u00e4ttre \u00e4n i f\u00f6rsta omg\u00e5ngen och f\u00e5 po\u00e4ng med oss hem fr\u00e5n matcherna. Men, v\u00e5rt spel har \u00e4nd\u00e5 utvecklats och vi g\u00e5r [&hellip;]\" \/>\n<meta property=\"og:url\" content=\"https:\/\/grifk-handball.com\/naiset\/uutiset\/nytt-ar-nya-kampatag\/\" \/>\n<meta property=\"og:site_name\" content=\"GrIFK K\u00e4sipallo Naiset\" \/>\n<meta property=\"article:publisher\" content=\"https:\/\/www.facebook.com\/532444520237680\" \/>\n<meta property=\"article:published_time\" content=\"2019-12-27T16:35:30+00:00\" \/>\n<meta property=\"og:image\" content=\"https:\/\/grifk-handball.com\/naiset\/wp-content\/uploads\/sites\/3\/2019\/12\/20190909-191252-GrIFK-Naiset-0376.jpg\" \/>\n\t<meta property=\"og:image:width\" content=\"2048\" \/>\n\t<meta property=\"og:image:height\" content=\"1365\" \/>\n\t<meta property=\"og:image:type\" content=\"image\/jpeg\" \/>\n<meta name=\"author\" content=\"irajessica\" \/>\n<meta name=\"twitter:card\" content=\"summary_large_image\" \/>\n<meta name=\"twitter:label1\" content=\"Kirjoittanut\" \/>\n\t<meta name=\"twitter:data1\" content=\"irajessica\" \/>\n\t<meta name=\"twitter:label2\" content=\"Arvioitu lukuaika\" \/>\n\t<meta name=\"twitter:data2\" content=\"1 minuutti\" \/>\n<script type=\"application\/ld+json\" class=\"yoast-schema-graph\">{\"@context\":\"https:\\\/\\\/schema.org\",\"@graph\":[{\"@type\":\"Article\",\"@id\":\"https:\\\/\\\/grifk-handball.com\\\/naiset\\\/uutiset\\\/nytt-ar-nya-kampatag\\\/#article\",\"isPartOf\":{\"@id\":\"https:\\\/\\\/grifk-handball.com\\\/naiset\\\/uutiset\\\/nytt-ar-nya-kampatag\\\/\"},\"author\":{\"name\":\"irajessica\",\"@id\":\"https:\\\/\\\/grifk-handball.com\\\/naiset\\\/#\\\/schema\\\/person\\\/833a8047457c3e753cf474b171cc90f9\"},\"headline\":\"Nytt \u00e5r &#8211; nya k\u00e4mpatag!\",\"datePublished\":\"2019-12-27T16:35:30+00:00\",\"mainEntityOfPage\":{\"@id\":\"https:\\\/\\\/grifk-handball.com\\\/naiset\\\/uutiset\\\/nytt-ar-nya-kampatag\\\/\"},\"wordCount\":291,\"image\":{\"@id\":\"https:\\\/\\\/grifk-handball.com\\\/naiset\\\/uutiset\\\/nytt-ar-nya-kampatag\\\/#primaryimage\"},\"thumbnailUrl\":\"https:\\\/\\\/grifk-handball.com\\\/naiset\\\/wp-content\\\/uploads\\\/sites\\\/3\\\/2019\\\/12\\\/20190909-191252-GrIFK-Naiset-0376.jpg\",\"keywords\":[\"#CoachAnka\",\"#CoachGutte\",\"#GrIFKDamer\",\"#GrIFKHandball\",\"#SM-runkosarja\",\"GrIFK\"],\"articleSection\":[\"Uutiset\"],\"inLanguage\":\"fi\"},{\"@type\":\"WebPage\",\"@id\":\"https:\\\/\\\/grifk-handball.com\\\/naiset\\\/uutiset\\\/nytt-ar-nya-kampatag\\\/\",\"url\":\"https:\\\/\\\/grifk-handball.com\\\/naiset\\\/uutiset\\\/nytt-ar-nya-kampatag\\\/\",\"name\":\"Nytt \u00e5r - nya k\u00e4mpatag! &#187; GrIFK K\u00e4sipallo Naiset\",\"isPartOf\":{\"@id\":\"https:\\\/\\\/grifk-handball.com\\\/naiset\\\/#website\"},\"primaryImageOfPage\":{\"@id\":\"https:\\\/\\\/grifk-handball.com\\\/naiset\\\/uutiset\\\/nytt-ar-nya-kampatag\\\/#primaryimage\"},\"image\":{\"@id\":\"https:\\\/\\\/grifk-handball.com\\\/naiset\\\/uutiset\\\/nytt-ar-nya-kampatag\\\/#primaryimage\"},\"thumbnailUrl\":\"https:\\\/\\\/grifk-handball.com\\\/naiset\\\/wp-content\\\/uploads\\\/sites\\\/3\\\/2019\\\/12\\\/20190909-191252-GrIFK-Naiset-0376.jpg\",\"datePublished\":\"2019-12-27T16:35:30+00:00\",\"author\":{\"@id\":\"https:\\\/\\\/grifk-handball.com\\\/naiset\\\/#\\\/schema\\\/person\\\/833a8047457c3e753cf474b171cc90f9\"},\"breadcrumb\":{\"@id\":\"https:\\\/\\\/grifk-handball.com\\\/naiset\\\/uutiset\\\/nytt-ar-nya-kampatag\\\/#breadcrumb\"},\"inLanguage\":\"fi\",\"potentialAction\":[{\"@type\":\"ReadAction\",\"target\":[\"https:\\\/\\\/grifk-handball.com\\\/naiset\\\/uutiset\\\/nytt-ar-nya-kampatag\\\/\"]}]},{\"@type\":\"ImageObject\",\"inLanguage\":\"fi\",\"@id\":\"https:\\\/\\\/grifk-handball.com\\\/naiset\\\/uutiset\\\/nytt-ar-nya-kampatag\\\/#primaryimage\",\"url\":\"https:\\\/\\\/grifk-handball.com\\\/naiset\\\/wp-content\\\/uploads\\\/sites\\\/3\\\/2019\\\/12\\\/20190909-191252-GrIFK-Naiset-0376.jpg\",\"contentUrl\":\"https:\\\/\\\/grifk-handball.com\\\/naiset\\\/wp-content\\\/uploads\\\/sites\\\/3\\\/2019\\\/12\\\/20190909-191252-GrIFK-Naiset-0376.jpg\",\"width\":2048,\"height\":1365},{\"@type\":\"BreadcrumbList\",\"@id\":\"https:\\\/\\\/grifk-handball.com\\\/naiset\\\/uutiset\\\/nytt-ar-nya-kampatag\\\/#breadcrumb\",\"itemListElement\":[{\"@type\":\"ListItem\",\"position\":1,\"name\":\"Home\",\"item\":\"https:\\\/\\\/grifk-handball.com\\\/naiset\\\/etusivu-2\\\/\"},{\"@type\":\"ListItem\",\"position\":2,\"name\":\"Nytt \u00e5r &#8211; nya k\u00e4mpatag!\"}]},{\"@type\":\"WebSite\",\"@id\":\"https:\\\/\\\/grifk-handball.com\\\/naiset\\\/#website\",\"url\":\"https:\\\/\\\/grifk-handball.com\\\/naiset\\\/\",\"name\":\"GrIFK K\u00e4sipallo Naiset\",\"description\":\"GrIFK K\u00e4sipallo Naiset\",\"potentialAction\":[{\"@type\":\"SearchAction\",\"target\":{\"@type\":\"EntryPoint\",\"urlTemplate\":\"https:\\\/\\\/grifk-handball.com\\\/naiset\\\/?s={search_term_string}\"},\"query-input\":{\"@type\":\"PropertyValueSpecification\",\"valueRequired\":true,\"valueName\":\"search_term_string\"}}],\"inLanguage\":\"fi\"},{\"@type\":\"Person\",\"@id\":\"https:\\\/\\\/grifk-handball.com\\\/naiset\\\/#\\\/schema\\\/person\\\/833a8047457c3e753cf474b171cc90f9\",\"name\":\"irajessica\",\"image\":{\"@type\":\"ImageObject\",\"inLanguage\":\"fi\",\"@id\":\"https:\\\/\\\/secure.gravatar.com\\\/avatar\\\/a5f2f279937493405b86bf6f3fc4a412ab182fdfc4897be279322d112f394088?s=96&d=mm&r=g\",\"url\":\"https:\\\/\\\/secure.gravatar.com\\\/avatar\\\/a5f2f279937493405b86bf6f3fc4a412ab182fdfc4897be279322d112f394088?s=96&d=mm&r=g\",\"contentUrl\":\"https:\\\/\\\/secure.gravatar.com\\\/avatar\\\/a5f2f279937493405b86bf6f3fc4a412ab182fdfc4897be279322d112f394088?s=96&d=mm&r=g\",\"caption\":\"irajessica\"},\"url\":\"https:\\\/\\\/grifk-handball.com\\\/naiset\\\/author\\\/irajessica\\\/\"}]}<\/script>\n<!-- \/ Yoast SEO plugin. -->","yoast_head_json":{"title":"Nytt \u00e5r - nya k\u00e4mpatag! &#187; GrIFK K\u00e4sipallo Naiset","robots":{"index":"index","follow":"follow","max-snippet":"max-snippet:-1","max-image-preview":"max-image-preview:large","max-video-preview":"max-video-preview:-1"},"canonical":"https:\/\/grifk-handball.com\/naiset\/uutiset\/nytt-ar-nya-kampatag\/","og_locale":"fi_FI","og_type":"article","og_title":"Nytt \u00e5r - nya k\u00e4mpatag! &#187; GrIFK K\u00e4sipallo Naiset","og_description":"Efter en kort och v\u00e4lf\u00f6rtj\u00e4nt ledighet \u00e4r vi tillbaka! H\u00f6stens andra omg\u00e5ng blev en kopia av omg\u00e5ng 1 (\u00e5tminstone resultatm\u00e4ssigt). V\u00e5rt m\u00e5l var att kunna utmana de starkare lagen (HIFK, Dicken och SIF) b\u00e4ttre \u00e4n i f\u00f6rsta omg\u00e5ngen och f\u00e5 po\u00e4ng med oss hem fr\u00e5n matcherna. Men, v\u00e5rt spel har \u00e4nd\u00e5 utvecklats och vi g\u00e5r [&hellip;]","og_url":"https:\/\/grifk-handball.com\/naiset\/uutiset\/nytt-ar-nya-kampatag\/","og_site_name":"GrIFK K\u00e4sipallo Naiset","article_publisher":"https:\/\/www.facebook.com\/532444520237680","article_published_time":"2019-12-27T16:35:30+00:00","og_image":[{"width":2048,"height":1365,"url":"https:\/\/grifk-handball.com\/naiset\/wp-content\/uploads\/sites\/3\/2019\/12\/20190909-191252-GrIFK-Naiset-0376.jpg","type":"image\/jpeg"}],"author":"irajessica","twitter_card":"summary_large_image","twitter_misc":{"Kirjoittanut":"irajessica","Arvioitu lukuaika":"1 minuutti"},"schema":{"@context":"https:\/\/schema.org","@graph":[{"@type":"Article","@id":"https:\/\/grifk-handball.com\/naiset\/uutiset\/nytt-ar-nya-kampatag\/#article","isPartOf":{"@id":"https:\/\/grifk-handball.com\/naiset\/uutiset\/nytt-ar-nya-kampatag\/"},"author":{"name":"irajessica","@id":"https:\/\/grifk-handball.com\/naiset\/#\/schema\/person\/833a8047457c3e753cf474b171cc90f9"},"headline":"Nytt \u00e5r &#8211; nya k\u00e4mpatag!","datePublished":"2019-12-27T16:35:30+00:00","mainEntityOfPage":{"@id":"https:\/\/grifk-handball.com\/naiset\/uutiset\/nytt-ar-nya-kampatag\/"},"wordCount":291,"image":{"@id":"https:\/\/grifk-handball.com\/naiset\/uutiset\/nytt-ar-nya-kampatag\/#primaryimage"},"thumbnailUrl":"https:\/\/grifk-handball.com\/naiset\/wp-content\/uploads\/sites\/3\/2019\/12\/20190909-191252-GrIFK-Naiset-0376.jpg","keywords":["#CoachAnka","#CoachGutte","#GrIFKDamer","#GrIFKHandball","#SM-runkosarja","GrIFK"],"articleSection":["Uutiset"],"inLanguage":"fi"},{"@type":"WebPage","@id":"https:\/\/grifk-handball.com\/naiset\/uutiset\/nytt-ar-nya-kampatag\/","url":"https:\/\/grifk-handball.com\/naiset\/uutiset\/nytt-ar-nya-kampatag\/","name":"Nytt \u00e5r - nya k\u00e4mpatag! &#187; GrIFK K\u00e4sipallo Naiset","isPartOf":{"@id":"https:\/\/grifk-handball.com\/naiset\/#website"},"primaryImageOfPage":{"@id":"https:\/\/grifk-handball.com\/naiset\/uutiset\/nytt-ar-nya-kampatag\/#primaryimage"},"image":{"@id":"https:\/\/grifk-handball.com\/naiset\/uutiset\/nytt-ar-nya-kampatag\/#primaryimage"},"thumbnailUrl":"https:\/\/grifk-handball.com\/naiset\/wp-content\/uploads\/sites\/3\/2019\/12\/20190909-191252-GrIFK-Naiset-0376.jpg","datePublished":"2019-12-27T16:35:30+00:00","author":{"@id":"https:\/\/grifk-handball.com\/naiset\/#\/schema\/person\/833a8047457c3e753cf474b171cc90f9"},"breadcrumb":{"@id":"https:\/\/grifk-handball.com\/naiset\/uutiset\/nytt-ar-nya-kampatag\/#breadcrumb"},"inLanguage":"fi","potentialAction":[{"@type":"ReadAction","target":["https:\/\/grifk-handball.com\/naiset\/uutiset\/nytt-ar-nya-kampatag\/"]}]},{"@type":"ImageObject","inLanguage":"fi","@id":"https:\/\/grifk-handball.com\/naiset\/uutiset\/nytt-ar-nya-kampatag\/#primaryimage","url":"https:\/\/grifk-handball.com\/naiset\/wp-content\/uploads\/sites\/3\/2019\/12\/20190909-191252-GrIFK-Naiset-0376.jpg","contentUrl":"https:\/\/grifk-handball.com\/naiset\/wp-content\/uploads\/sites\/3\/2019\/12\/20190909-191252-GrIFK-Naiset-0376.jpg","width":2048,"height":1365},{"@type":"BreadcrumbList","@id":"https:\/\/grifk-handball.com\/naiset\/uutiset\/nytt-ar-nya-kampatag\/#breadcrumb","itemListElement":[{"@type":"ListItem","position":1,"name":"Home","item":"https:\/\/grifk-handball.com\/naiset\/etusivu-2\/"},{"@type":"ListItem","position":2,"name":"Nytt \u00e5r &#8211; nya k\u00e4mpatag!"}]},{"@type":"WebSite","@id":"https:\/\/grifk-handball.com\/naiset\/#website","url":"https:\/\/grifk-handball.com\/naiset\/","name":"GrIFK K\u00e4sipallo Naiset","description":"GrIFK K\u00e4sipallo Naiset","potentialAction":[{"@type":"SearchAction","target":{"@type":"EntryPoint","urlTemplate":"https:\/\/grifk-handball.com\/naiset\/?s={search_term_string}"},"query-input":{"@type":"PropertyValueSpecification","valueRequired":true,"valueName":"search_term_string"}}],"inLanguage":"fi"},{"@type":"Person","@id":"https:\/\/grifk-handball.com\/naiset\/#\/schema\/person\/833a8047457c3e753cf474b171cc90f9","name":"irajessica","image":{"@type":"ImageObject","inLanguage":"fi","@id":"https:\/\/secure.gravatar.com\/avatar\/a5f2f279937493405b86bf6f3fc4a412ab182fdfc4897be279322d112f394088?s=96&d=mm&r=g","url":"https:\/\/secure.gravatar.com\/avatar\/a5f2f279937493405b86bf6f3fc4a412ab182fdfc4897be279322d112f394088?s=96&d=mm&r=g","contentUrl":"https:\/\/secure.gravatar.com\/avatar\/a5f2f279937493405b86bf6f3fc4a412ab182fdfc4897be279322d112f394088?s=96&d=mm&r=g","caption":"irajessica"},"url":"https:\/\/grifk-handball.com\/naiset\/author\/irajessica\/"}]}},"jetpack_featured_media_url":"https:\/\/grifk-handball.com\/naiset\/wp-content\/uploads\/sites\/3\/2019\/12\/20190909-191252-GrIFK-Naiset-0376.jpg","jetpack_sharing_enabled":true,"_links":{"self":[{"href":"https:\/\/grifk-handball.com\/naiset\/wp-json\/wp\/v2\/posts\/8091","targetHints":{"allow":["GET"]}}],"collection":[{"href":"https:\/\/grifk-handball.com\/naiset\/wp-json\/wp\/v2\/posts"}],"about":[{"href":"https:\/\/grifk-handball.com\/naiset\/wp-json\/wp\/v2\/types\/post"}],"author":[{"embeddable":true,"href":"https:\/\/grifk-handball.com\/naiset\/wp-json\/wp\/v2\/users\/6"}],"replies":[{"embeddable":true,"href":"https:\/\/grifk-handball.com\/naiset\/wp-json\/wp\/v2\/comments?post=8091"}],"version-history":[{"count":2,"href":"https:\/\/grifk-handball.com\/naiset\/wp-json\/wp\/v2\/posts\/8091\/revisions"}],"predecessor-version":[{"id":8094,"href":"https:\/\/grifk-handball.com\/naiset\/wp-json\/wp\/v2\/posts\/8091\/revisions\/8094"}],"wp:featuredmedia":[{"embeddable":true,"href":"https:\/\/grifk-handball.com\/naiset\/wp-json\/wp\/v2\/media\/8092"}],"wp:attachment":[{"href":"https:\/\/grifk-handball.com\/naiset\/wp-json\/wp\/v2\/media?parent=8091"}],"wp:term":[{"taxonomy":"category","embeddable":true,"href":"https:\/\/grifk-handball.com\/naiset\/wp-json\/wp\/v2\/categories?post=8091"},{"taxonomy":"post_tag","embeddable":true,"href":"https:\/\/grifk-handball.com\/naiset\/wp-json\/wp\/v2\/tags?post=8091"}],"curies":[{"name":"wp","href":"https:\/\/api.w.org\/{rel}","templated":true}]}}