{"id":8231,"date":"2020-06-13T10:00:22","date_gmt":"2020-06-13T07:00:22","guid":{"rendered":"https:\/\/grifk-handball.com\/naiset\/?p=8231"},"modified":"2020-06-14T11:13:24","modified_gmt":"2020-06-14T08:13:24","slug":"johanna-hilli-flyttar-hem-till-grifk","status":"publish","type":"post","link":"https:\/\/grifk-handball.com\/naiset\/uutiset\/johanna-hilli-flyttar-hem-till-grifk\/","title":{"rendered":"Johanna Hilli flyttar hem till GrIFK"},"content":{"rendered":"<p><i><span style=\"font-weight: 400\">GrIFK st\u00e4rker sitt lag inf\u00f6r kommande s\u00e4song med en av FM-seriens\u00a0 mest lyskraftiga stj\u00e4rnor,\u00a0 landslagsspelaren <\/span><\/i><b><i>Johanna Hilli<\/i><\/b><i><span style=\"font-weight: 400\">.\u00a0<\/span><\/i><\/p>\n<p><span style=\"font-weight: 400\">&#8211; Det k\u00e4nns roligt att vara tillbaka och spela f\u00f6r min fostrarf\u00f6rening, s\u00e4ger Johanna Hilli. Pl\u00f6tsligt f\u00e5r jag en helt ny roll, som en av de \u00e4ldsta i laget.<\/span><\/p>\n<p><span style=\"font-weight: 400\">26-\u00e5riga mittnian Johanna Hilli inledde sin handbollskarri\u00e4r i Grankulla IFK n\u00e4r hon var sju \u00e5r gammal. \u00c5r 2013 avslutade GrIFK s\u00e4songen med silver, med <\/span><b>Gutte Ahlroos <\/b><span style=\"font-weight: 400\">och <\/span><b>Birgitta Lindholm<\/b><span style=\"font-weight: 400\"> som tr\u00e4nare. Ocks\u00e5 <\/span><b>Carolina Rehnberg <\/b><span style=\"font-weight: 400\">var med i silverlaget.<\/span> <span style=\"font-weight: 400\">Inf\u00f6r s\u00e4songen 2013-2014 \u00e5kte Johanna Hilli till Sverige f\u00f6r att spela handboll i Allsvenskan.<\/span><\/p>\n<p><span style=\"font-weight: 400\">&#8211; Jag hade precis g\u00e5tt ut gymnasiet och ville prova p\u00e5 nya utmaningar, s\u00e4ger Hilli.<\/span><\/p>\n<p><span style=\"font-weight: 400\">N\u00e4r hon kom tillbaka till Finland s\u00e4songen 2015-2016 hade GrIFK inget eget damlag. Hilli b\u00f6rjade i HIFK, d\u00e4r hon hann spela fyra s\u00e4songer innan det bar av till Sverige igen. S\u00e4songen 2018-2019 spelade Hilli i svenska Elitserien och f\u00f6rra s\u00e4songen spelade hon igen f\u00f6r HIFK. Nu \u00e4r hon tillbaka i Grankulla IFK.<\/span><\/p>\n<p><span style=\"font-weight: 400\">&#8211; Jag fick ett lockande erbjudande att \u00e5terv\u00e4nda till Grani. F\u00f6reningen s\u00f6kte ny verksamhetsledare och jag fick jobbet. <\/span><span style=\"font-weight: 400\">D\u00e4rf\u00f6r blev det ocks\u00e5 naturligt att spela i GrIFK Damer.<\/span><\/p>\n<p><span style=\"font-weight: 400\">Johanna Hilli har otaliga meriter i bagaget. Med sina 196 spelade FM-matcher och \u00f6ver 1200 m\u00e5l \u00e4r hon ett erfaret och starkt tillskott i laget. Hon var \u00f6verl\u00e4gsen etta i FM-seriens skytteliga, med 170 m\u00e5l och 39 sjumetersm\u00e5l n\u00e4r s\u00e4songen 2019-2020 avbr\u00f6ts. Hon valdes till <\/span><i><span style=\"font-weight: 400\">All Stars <\/span><\/i><span style=\"font-weight: 400\">mittnia<\/span> <span style=\"font-weight: 400\">med \u00f6ver 50 procent av r\u00f6sterna<\/span><i><span style=\"font-weight: 400\">,<\/span><\/i><span style=\"font-weight: 400\"> uts\u00e5gs till <\/span><i><span style=\"font-weight: 400\">L\u00e4hiTapiolas stj\u00e4rnspelare <\/span><\/i><span style=\"font-weight: 400\">med \u00f6verl\u00e4gsna 41 stj\u00e4rnor och har varit en av HIFK:s ledande spelare i flera \u00e5r.<\/span> <span style=\"font-weight: 400\">Hilli tog plats i landslaget redan \u00e5r 2010.<\/span><\/p>\n<p><b>Ungt och tr\u00e4ningsvilligt lag<\/b><\/p>\n<p><span style=\"font-weight: 400\">Efter en l\u00e5ng v\u00e5r av individuell tr\u00e4ning har Granidamerna b\u00f6rjat tr\u00e4na tillsammans igen. Ocks\u00e5 Hilli har hunnit vara med p\u00e5 n\u00e5gra tr\u00e4ningar.<\/span><\/p>\n<p><span style=\"font-weight: 400\">&#8211; Det h\u00e4r \u00e4r en rolig och utmanande upplevelse, s\u00e4ger Hilli. <\/span><span style=\"font-weight: 400\">Jag var glatt \u00f6verraskad \u00f6ver att se hur j\u00e4mn och bra fysik spelarna har. Det \u00e4r ett tr\u00e4ningsvilligt lag<\/span><span style=\"font-weight: 400\">.<\/span><\/p>\n<p><span style=\"font-weight: 400\">Hon k\u00e4nner en del av laget, eftersom hon har tr\u00e4nat 99-01 -f\u00f6dda spelare. Dessutom har hon spelat med Carolina Rehnberg tidigare.<\/span><\/p>\n<p><span style=\"font-weight: 400\">&#8211; Grani \u00e4r ett relativt ungt lag, som spelar med h\u00f6gt tempo. Bara vi hinner f\u00e5 lite mera tid tillsammans och f\u00e5r alla bollar och sitta kommer vi att utmana de andra lagen, s\u00e4ger Hilli.<\/span><\/p>\n<p><b>GrIFK Damers huvudtr\u00e4nare Gustaf \u201cGutte\u201d Ahlroos \u00e4r n\u00f6jd<\/b><\/p>\n<p><span style=\"font-weight: 400\">&#8211; Jag k\u00e4nner ju Johanna v\u00e4ldigt bra, jag tr\u00e4nade henne s\u00e5 gott som alla hennes junior\u00e5r i Grani. Hon tillf\u00f6r massor av rutin, fler m\u00f6jligheter i anfallet och hon \u00e4r en stark m\u00e5lg\u00f6rare, s\u00e4ger <\/span><b>Gutte Ahlroos<\/b><span style=\"font-weight: 400\">.\u00a0<\/span><\/p>\n<p><span style=\"font-weight: 400\">Han ser fram emot den kommande s\u00e4songen.<\/span><\/p>\n<p><span style=\"font-weight: 400\">&#8211; Det ska bli roligt att se hur Johannas erfarenhet p\u00e5verkar laget. Under f\u00f6rra s\u00e4songen blev matcherna j\u00e4mnare an efter som s\u00e4songen fortskred.<\/span><\/p>\n<p><span style=\"font-weight: 400\">N\u00e4r f\u00f6rra s\u00e4songen avslutades i f\u00f6rtid, l\u00e5g GrIFK p\u00e5 fj\u00e4rde plats i FM-serien. Lagets spelgl\u00e4dje och utveckling reflekterades ocks\u00e5 i publikm\u00e4ngden, GrIFK Damer har n\u00e4stan dubbelt s\u00e5 h\u00f6ga publiksiffror som hela damserien i medeltal.<\/span><\/p>\n<p><b>Mera info<\/b><span style=\"font-weight: 400\">: Lagledare <\/span><span style=\"font-weight: 400\">Jan-Erik Sandelin, tfn 050 436 5567, <\/span><a href=\"mailto:janne.sandelin@gmail.com\"><span style=\"font-weight: 400\">janne.sandelin@gmail.com<\/span> <\/a><\/p>\n","protected":false},"excerpt":{"rendered":"<p>GrIFK st\u00e4rker sitt lag inf\u00f6r kommande s\u00e4song med en av FM-seriens\u00a0 mest lyskraftiga stj\u00e4rnor,\u00a0 landslagsspelaren Johanna Hilli.\u00a0 &#8211; Det k\u00e4nns roligt att vara tillbaka och spela f\u00f6r min fostrarf\u00f6rening, s\u00e4ger Johanna Hilli. Pl\u00f6tsligt f\u00e5r jag en helt ny roll, som en av de \u00e4ldsta i laget. 26-\u00e5riga mittnian Johanna Hilli inledde sin handbollskarri\u00e4r i Grankulla [&hellip;]<\/p>\n","protected":false},"author":6,"featured_media":8232,"comment_status":"closed","ping_status":"closed","sticky":false,"template":"","format":"standard","meta":{"_acf_changed":false,"jetpack_post_was_ever_published":false,"footnotes":""},"categories":[1],"tags":[183,181,26,206],"class_list":["post-8231","post","type-post","status-publish","format-standard","has-post-thumbnail","hentry","category-uutiset","tag-coachgutte","tag-grifkdamer","tag-grifkhandball","tag-johannahilli"],"acf":[],"yoast_head":"<!-- This site is optimized with the Yoast SEO plugin v27.5 - https:\/\/yoast.com\/product\/yoast-seo-wordpress\/ -->\n<title>Johanna Hilli flyttar hem till GrIFK &#187; GrIFK K\u00e4sipallo Naiset<\/title>\n<meta name=\"robots\" content=\"index, follow, max-snippet:-1, max-image-preview:large, max-video-preview:-1\" \/>\n<link rel=\"canonical\" href=\"https:\/\/grifk-handball.com\/naiset\/uutiset\/johanna-hilli-flyttar-hem-till-grifk\/\" \/>\n<meta property=\"og:locale\" content=\"fi_FI\" \/>\n<meta property=\"og:type\" content=\"article\" \/>\n<meta property=\"og:title\" content=\"Johanna Hilli flyttar hem till GrIFK &#187; GrIFK K\u00e4sipallo Naiset\" \/>\n<meta property=\"og:description\" content=\"GrIFK st\u00e4rker sitt lag inf\u00f6r kommande s\u00e4song med en av FM-seriens\u00a0 mest lyskraftiga stj\u00e4rnor,\u00a0 landslagsspelaren Johanna Hilli.\u00a0 &#8211; Det k\u00e4nns roligt att vara tillbaka och spela f\u00f6r min fostrarf\u00f6rening, s\u00e4ger Johanna Hilli. Pl\u00f6tsligt f\u00e5r jag en helt ny roll, som en av de \u00e4ldsta i laget. 26-\u00e5riga mittnian Johanna Hilli inledde sin handbollskarri\u00e4r i Grankulla [&hellip;]\" \/>\n<meta property=\"og:url\" content=\"https:\/\/grifk-handball.com\/naiset\/uutiset\/johanna-hilli-flyttar-hem-till-grifk\/\" \/>\n<meta property=\"og:site_name\" content=\"GrIFK K\u00e4sipallo Naiset\" \/>\n<meta property=\"article:publisher\" content=\"https:\/\/www.facebook.com\/532444520237680\" \/>\n<meta property=\"article:published_time\" content=\"2020-06-13T07:00:22+00:00\" \/>\n<meta property=\"article:modified_time\" content=\"2020-06-14T08:13:24+00:00\" \/>\n<meta property=\"og:image\" content=\"https:\/\/grifk-handball.com\/naiset\/wp-content\/uploads\/sites\/3\/2020\/06\/Johanna-Hilli.jpg\" \/>\n\t<meta property=\"og:image:width\" content=\"1066\" \/>\n\t<meta property=\"og:image:height\" content=\"1600\" \/>\n\t<meta property=\"og:image:type\" content=\"image\/jpeg\" \/>\n<meta name=\"author\" content=\"irajessica\" \/>\n<meta name=\"twitter:card\" content=\"summary_large_image\" \/>\n<meta name=\"twitter:label1\" content=\"Kirjoittanut\" \/>\n\t<meta name=\"twitter:data1\" content=\"irajessica\" \/>\n\t<meta name=\"twitter:label2\" content=\"Arvioitu lukuaika\" \/>\n\t<meta name=\"twitter:data2\" content=\"3 minuuttia\" \/>\n<script type=\"application\/ld+json\" class=\"yoast-schema-graph\">{\"@context\":\"https:\\\/\\\/schema.org\",\"@graph\":[{\"@type\":\"Article\",\"@id\":\"https:\\\/\\\/grifk-handball.com\\\/naiset\\\/uutiset\\\/johanna-hilli-flyttar-hem-till-grifk\\\/#article\",\"isPartOf\":{\"@id\":\"https:\\\/\\\/grifk-handball.com\\\/naiset\\\/uutiset\\\/johanna-hilli-flyttar-hem-till-grifk\\\/\"},\"author\":{\"name\":\"irajessica\",\"@id\":\"https:\\\/\\\/grifk-handball.com\\\/naiset\\\/#\\\/schema\\\/person\\\/833a8047457c3e753cf474b171cc90f9\"},\"headline\":\"Johanna Hilli flyttar hem till GrIFK\",\"datePublished\":\"2020-06-13T07:00:22+00:00\",\"dateModified\":\"2020-06-14T08:13:24+00:00\",\"mainEntityOfPage\":{\"@id\":\"https:\\\/\\\/grifk-handball.com\\\/naiset\\\/uutiset\\\/johanna-hilli-flyttar-hem-till-grifk\\\/\"},\"wordCount\":595,\"image\":{\"@id\":\"https:\\\/\\\/grifk-handball.com\\\/naiset\\\/uutiset\\\/johanna-hilli-flyttar-hem-till-grifk\\\/#primaryimage\"},\"thumbnailUrl\":\"https:\\\/\\\/grifk-handball.com\\\/naiset\\\/wp-content\\\/uploads\\\/sites\\\/3\\\/2020\\\/06\\\/Johanna-Hilli.jpg\",\"keywords\":[\"#CoachGutte\",\"#GrIFKDamer\",\"#GrIFKHandball\",\"#JohannaHilli\"],\"articleSection\":[\"Uutiset\"],\"inLanguage\":\"fi\"},{\"@type\":\"WebPage\",\"@id\":\"https:\\\/\\\/grifk-handball.com\\\/naiset\\\/uutiset\\\/johanna-hilli-flyttar-hem-till-grifk\\\/\",\"url\":\"https:\\\/\\\/grifk-handball.com\\\/naiset\\\/uutiset\\\/johanna-hilli-flyttar-hem-till-grifk\\\/\",\"name\":\"Johanna Hilli flyttar hem till GrIFK &#187; GrIFK K\u00e4sipallo Naiset\",\"isPartOf\":{\"@id\":\"https:\\\/\\\/grifk-handball.com\\\/naiset\\\/#website\"},\"primaryImageOfPage\":{\"@id\":\"https:\\\/\\\/grifk-handball.com\\\/naiset\\\/uutiset\\\/johanna-hilli-flyttar-hem-till-grifk\\\/#primaryimage\"},\"image\":{\"@id\":\"https:\\\/\\\/grifk-handball.com\\\/naiset\\\/uutiset\\\/johanna-hilli-flyttar-hem-till-grifk\\\/#primaryimage\"},\"thumbnailUrl\":\"https:\\\/\\\/grifk-handball.com\\\/naiset\\\/wp-content\\\/uploads\\\/sites\\\/3\\\/2020\\\/06\\\/Johanna-Hilli.jpg\",\"datePublished\":\"2020-06-13T07:00:22+00:00\",\"dateModified\":\"2020-06-14T08:13:24+00:00\",\"author\":{\"@id\":\"https:\\\/\\\/grifk-handball.com\\\/naiset\\\/#\\\/schema\\\/person\\\/833a8047457c3e753cf474b171cc90f9\"},\"breadcrumb\":{\"@id\":\"https:\\\/\\\/grifk-handball.com\\\/naiset\\\/uutiset\\\/johanna-hilli-flyttar-hem-till-grifk\\\/#breadcrumb\"},\"inLanguage\":\"fi\",\"potentialAction\":[{\"@type\":\"ReadAction\",\"target\":[\"https:\\\/\\\/grifk-handball.com\\\/naiset\\\/uutiset\\\/johanna-hilli-flyttar-hem-till-grifk\\\/\"]}]},{\"@type\":\"ImageObject\",\"inLanguage\":\"fi\",\"@id\":\"https:\\\/\\\/grifk-handball.com\\\/naiset\\\/uutiset\\\/johanna-hilli-flyttar-hem-till-grifk\\\/#primaryimage\",\"url\":\"https:\\\/\\\/grifk-handball.com\\\/naiset\\\/wp-content\\\/uploads\\\/sites\\\/3\\\/2020\\\/06\\\/Johanna-Hilli.jpg\",\"contentUrl\":\"https:\\\/\\\/grifk-handball.com\\\/naiset\\\/wp-content\\\/uploads\\\/sites\\\/3\\\/2020\\\/06\\\/Johanna-Hilli.jpg\",\"width\":1066,\"height\":1600},{\"@type\":\"BreadcrumbList\",\"@id\":\"https:\\\/\\\/grifk-handball.com\\\/naiset\\\/uutiset\\\/johanna-hilli-flyttar-hem-till-grifk\\\/#breadcrumb\",\"itemListElement\":[{\"@type\":\"ListItem\",\"position\":1,\"name\":\"Home\",\"item\":\"https:\\\/\\\/grifk-handball.com\\\/naiset\\\/etusivu-2\\\/\"},{\"@type\":\"ListItem\",\"position\":2,\"name\":\"Johanna Hilli flyttar hem till GrIFK\"}]},{\"@type\":\"WebSite\",\"@id\":\"https:\\\/\\\/grifk-handball.com\\\/naiset\\\/#website\",\"url\":\"https:\\\/\\\/grifk-handball.com\\\/naiset\\\/\",\"name\":\"GrIFK K\u00e4sipallo Naiset\",\"description\":\"GrIFK K\u00e4sipallo Naiset\",\"potentialAction\":[{\"@type\":\"SearchAction\",\"target\":{\"@type\":\"EntryPoint\",\"urlTemplate\":\"https:\\\/\\\/grifk-handball.com\\\/naiset\\\/?s={search_term_string}\"},\"query-input\":{\"@type\":\"PropertyValueSpecification\",\"valueRequired\":true,\"valueName\":\"search_term_string\"}}],\"inLanguage\":\"fi\"},{\"@type\":\"Person\",\"@id\":\"https:\\\/\\\/grifk-handball.com\\\/naiset\\\/#\\\/schema\\\/person\\\/833a8047457c3e753cf474b171cc90f9\",\"name\":\"irajessica\",\"image\":{\"@type\":\"ImageObject\",\"inLanguage\":\"fi\",\"@id\":\"https:\\\/\\\/secure.gravatar.com\\\/avatar\\\/a5f2f279937493405b86bf6f3fc4a412ab182fdfc4897be279322d112f394088?s=96&d=mm&r=g\",\"url\":\"https:\\\/\\\/secure.gravatar.com\\\/avatar\\\/a5f2f279937493405b86bf6f3fc4a412ab182fdfc4897be279322d112f394088?s=96&d=mm&r=g\",\"contentUrl\":\"https:\\\/\\\/secure.gravatar.com\\\/avatar\\\/a5f2f279937493405b86bf6f3fc4a412ab182fdfc4897be279322d112f394088?s=96&d=mm&r=g\",\"caption\":\"irajessica\"},\"url\":\"https:\\\/\\\/grifk-handball.com\\\/naiset\\\/author\\\/irajessica\\\/\"}]}<\/script>\n<!-- \/ Yoast SEO plugin. -->","yoast_head_json":{"title":"Johanna Hilli flyttar hem till GrIFK &#187; GrIFK K\u00e4sipallo Naiset","robots":{"index":"index","follow":"follow","max-snippet":"max-snippet:-1","max-image-preview":"max-image-preview:large","max-video-preview":"max-video-preview:-1"},"canonical":"https:\/\/grifk-handball.com\/naiset\/uutiset\/johanna-hilli-flyttar-hem-till-grifk\/","og_locale":"fi_FI","og_type":"article","og_title":"Johanna Hilli flyttar hem till GrIFK &#187; GrIFK K\u00e4sipallo Naiset","og_description":"GrIFK st\u00e4rker sitt lag inf\u00f6r kommande s\u00e4song med en av FM-seriens\u00a0 mest lyskraftiga stj\u00e4rnor,\u00a0 landslagsspelaren Johanna Hilli.\u00a0 &#8211; Det k\u00e4nns roligt att vara tillbaka och spela f\u00f6r min fostrarf\u00f6rening, s\u00e4ger Johanna Hilli. Pl\u00f6tsligt f\u00e5r jag en helt ny roll, som en av de \u00e4ldsta i laget. 26-\u00e5riga mittnian Johanna Hilli inledde sin handbollskarri\u00e4r i Grankulla [&hellip;]","og_url":"https:\/\/grifk-handball.com\/naiset\/uutiset\/johanna-hilli-flyttar-hem-till-grifk\/","og_site_name":"GrIFK K\u00e4sipallo Naiset","article_publisher":"https:\/\/www.facebook.com\/532444520237680","article_published_time":"2020-06-13T07:00:22+00:00","article_modified_time":"2020-06-14T08:13:24+00:00","og_image":[{"width":1066,"height":1600,"url":"https:\/\/grifk-handball.com\/naiset\/wp-content\/uploads\/sites\/3\/2020\/06\/Johanna-Hilli.jpg","type":"image\/jpeg"}],"author":"irajessica","twitter_card":"summary_large_image","twitter_misc":{"Kirjoittanut":"irajessica","Arvioitu lukuaika":"3 minuuttia"},"schema":{"@context":"https:\/\/schema.org","@graph":[{"@type":"Article","@id":"https:\/\/grifk-handball.com\/naiset\/uutiset\/johanna-hilli-flyttar-hem-till-grifk\/#article","isPartOf":{"@id":"https:\/\/grifk-handball.com\/naiset\/uutiset\/johanna-hilli-flyttar-hem-till-grifk\/"},"author":{"name":"irajessica","@id":"https:\/\/grifk-handball.com\/naiset\/#\/schema\/person\/833a8047457c3e753cf474b171cc90f9"},"headline":"Johanna Hilli flyttar hem till GrIFK","datePublished":"2020-06-13T07:00:22+00:00","dateModified":"2020-06-14T08:13:24+00:00","mainEntityOfPage":{"@id":"https:\/\/grifk-handball.com\/naiset\/uutiset\/johanna-hilli-flyttar-hem-till-grifk\/"},"wordCount":595,"image":{"@id":"https:\/\/grifk-handball.com\/naiset\/uutiset\/johanna-hilli-flyttar-hem-till-grifk\/#primaryimage"},"thumbnailUrl":"https:\/\/grifk-handball.com\/naiset\/wp-content\/uploads\/sites\/3\/2020\/06\/Johanna-Hilli.jpg","keywords":["#CoachGutte","#GrIFKDamer","#GrIFKHandball","#JohannaHilli"],"articleSection":["Uutiset"],"inLanguage":"fi"},{"@type":"WebPage","@id":"https:\/\/grifk-handball.com\/naiset\/uutiset\/johanna-hilli-flyttar-hem-till-grifk\/","url":"https:\/\/grifk-handball.com\/naiset\/uutiset\/johanna-hilli-flyttar-hem-till-grifk\/","name":"Johanna Hilli flyttar hem till GrIFK &#187; GrIFK K\u00e4sipallo Naiset","isPartOf":{"@id":"https:\/\/grifk-handball.com\/naiset\/#website"},"primaryImageOfPage":{"@id":"https:\/\/grifk-handball.com\/naiset\/uutiset\/johanna-hilli-flyttar-hem-till-grifk\/#primaryimage"},"image":{"@id":"https:\/\/grifk-handball.com\/naiset\/uutiset\/johanna-hilli-flyttar-hem-till-grifk\/#primaryimage"},"thumbnailUrl":"https:\/\/grifk-handball.com\/naiset\/wp-content\/uploads\/sites\/3\/2020\/06\/Johanna-Hilli.jpg","datePublished":"2020-06-13T07:00:22+00:00","dateModified":"2020-06-14T08:13:24+00:00","author":{"@id":"https:\/\/grifk-handball.com\/naiset\/#\/schema\/person\/833a8047457c3e753cf474b171cc90f9"},"breadcrumb":{"@id":"https:\/\/grifk-handball.com\/naiset\/uutiset\/johanna-hilli-flyttar-hem-till-grifk\/#breadcrumb"},"inLanguage":"fi","potentialAction":[{"@type":"ReadAction","target":["https:\/\/grifk-handball.com\/naiset\/uutiset\/johanna-hilli-flyttar-hem-till-grifk\/"]}]},{"@type":"ImageObject","inLanguage":"fi","@id":"https:\/\/grifk-handball.com\/naiset\/uutiset\/johanna-hilli-flyttar-hem-till-grifk\/#primaryimage","url":"https:\/\/grifk-handball.com\/naiset\/wp-content\/uploads\/sites\/3\/2020\/06\/Johanna-Hilli.jpg","contentUrl":"https:\/\/grifk-handball.com\/naiset\/wp-content\/uploads\/sites\/3\/2020\/06\/Johanna-Hilli.jpg","width":1066,"height":1600},{"@type":"BreadcrumbList","@id":"https:\/\/grifk-handball.com\/naiset\/uutiset\/johanna-hilli-flyttar-hem-till-grifk\/#breadcrumb","itemListElement":[{"@type":"ListItem","position":1,"name":"Home","item":"https:\/\/grifk-handball.com\/naiset\/etusivu-2\/"},{"@type":"ListItem","position":2,"name":"Johanna Hilli flyttar hem till GrIFK"}]},{"@type":"WebSite","@id":"https:\/\/grifk-handball.com\/naiset\/#website","url":"https:\/\/grifk-handball.com\/naiset\/","name":"GrIFK K\u00e4sipallo Naiset","description":"GrIFK K\u00e4sipallo Naiset","potentialAction":[{"@type":"SearchAction","target":{"@type":"EntryPoint","urlTemplate":"https:\/\/grifk-handball.com\/naiset\/?s={search_term_string}"},"query-input":{"@type":"PropertyValueSpecification","valueRequired":true,"valueName":"search_term_string"}}],"inLanguage":"fi"},{"@type":"Person","@id":"https:\/\/grifk-handball.com\/naiset\/#\/schema\/person\/833a8047457c3e753cf474b171cc90f9","name":"irajessica","image":{"@type":"ImageObject","inLanguage":"fi","@id":"https:\/\/secure.gravatar.com\/avatar\/a5f2f279937493405b86bf6f3fc4a412ab182fdfc4897be279322d112f394088?s=96&d=mm&r=g","url":"https:\/\/secure.gravatar.com\/avatar\/a5f2f279937493405b86bf6f3fc4a412ab182fdfc4897be279322d112f394088?s=96&d=mm&r=g","contentUrl":"https:\/\/secure.gravatar.com\/avatar\/a5f2f279937493405b86bf6f3fc4a412ab182fdfc4897be279322d112f394088?s=96&d=mm&r=g","caption":"irajessica"},"url":"https:\/\/grifk-handball.com\/naiset\/author\/irajessica\/"}]}},"jetpack_featured_media_url":"https:\/\/grifk-handball.com\/naiset\/wp-content\/uploads\/sites\/3\/2020\/06\/Johanna-Hilli.jpg","jetpack_sharing_enabled":true,"_links":{"self":[{"href":"https:\/\/grifk-handball.com\/naiset\/wp-json\/wp\/v2\/posts\/8231","targetHints":{"allow":["GET"]}}],"collection":[{"href":"https:\/\/grifk-handball.com\/naiset\/wp-json\/wp\/v2\/posts"}],"about":[{"href":"https:\/\/grifk-handball.com\/naiset\/wp-json\/wp\/v2\/types\/post"}],"author":[{"embeddable":true,"href":"https:\/\/grifk-handball.com\/naiset\/wp-json\/wp\/v2\/users\/6"}],"replies":[{"embeddable":true,"href":"https:\/\/grifk-handball.com\/naiset\/wp-json\/wp\/v2\/comments?post=8231"}],"version-history":[{"count":4,"href":"https:\/\/grifk-handball.com\/naiset\/wp-json\/wp\/v2\/posts\/8231\/revisions"}],"predecessor-version":[{"id":8243,"href":"https:\/\/grifk-handball.com\/naiset\/wp-json\/wp\/v2\/posts\/8231\/revisions\/8243"}],"wp:featuredmedia":[{"embeddable":true,"href":"https:\/\/grifk-handball.com\/naiset\/wp-json\/wp\/v2\/media\/8232"}],"wp:attachment":[{"href":"https:\/\/grifk-handball.com\/naiset\/wp-json\/wp\/v2\/media?parent=8231"}],"wp:term":[{"taxonomy":"category","embeddable":true,"href":"https:\/\/grifk-handball.com\/naiset\/wp-json\/wp\/v2\/categories?post=8231"},{"taxonomy":"post_tag","embeddable":true,"href":"https:\/\/grifk-handball.com\/naiset\/wp-json\/wp\/v2\/tags?post=8231"}],"curies":[{"name":"wp","href":"https:\/\/api.w.org\/{rel}","templated":true}]}}