{"id":8966,"date":"2021-02-27T18:13:43","date_gmt":"2021-02-27T16:13:43","guid":{"rendered":"https:\/\/grifk-handball.com\/naiset\/?p=8966"},"modified":"2021-03-13T09:45:51","modified_gmt":"2021-03-13T07:45:51","slug":"sm-runkosarja-27-2-grifk-dicken-23-19","status":"publish","type":"post","link":"https:\/\/grifk-handball.com\/naiset\/kausi-2020-21\/ottelut-2020-21\/sm-runkosarja-27-2-grifk-dicken-23-19\/","title":{"rendered":"NSM runkosarja 27.2. GrIFK-Dicken 23-19!"},"content":{"rendered":"<p><strong><span class=\"ottelumediaotsikko\">Valmentajan kommentit GrIFK<\/span><\/strong><\/p>\n<p><em><span class=\"ottelumediakuvaus\">Jag \u00e4r n\u00f6jd \u00f6ver att vi vann serieledarna och speciellt fint \u00e4r det eftersom de har s\u00e5 m\u00e5nga landslagsspelare. Vi jobbar bra tillsammans i f\u00f6rsvaret. Sara (Sandelin) och Mato (Ohvo) gjorde ett str\u00e5lande jobb som ettor i f\u00f6rsvaret. De st\u00f6rde Dickens spel och vi fick l\u00e4ttare bort bollen fr\u00e5n dem. Hela laget g\u00f6r ett bra jobb. M\u00e5lvakterna spelade bra. <\/span><\/em><\/p>\n<p><em><span class=\"ottelumediakuvaus\">Olen tyytyv\u00e4inen, ett\u00e4 voitimme sarjanjohtajat ja varsinkin, kun heill\u00e4 on niin monta maajoukkuepelaajaa. Teemme hyvin yhdess\u00e4 t\u00f6it\u00e4 puolustuksessa. Sara (Sandelin) ja Mato (Ohvo) tekiv\u00e4t todella hyv\u00e4\u00e4 ty\u00f6t\u00e4 puolustuksessa ja h\u00e4iritsev\u00e4t Dickenin hy\u00f6kk\u00e4yst\u00e4, jotta saadaan helposti heilt\u00e4 palloja pois. Koko joukkue tekee hyv\u00e4\u00e4 ty\u00f6t\u00e4. Maalivahdit pelasivat hyvin.<\/span><\/em><\/p>\n<p>&#8211; Valmentaja Gutte Ahlroos<\/p>\n<p>&nbsp;<\/p>\n<p><span class=\"ottelumediaotsikko\"><strong>Vakuuttavimman pelaajan kommentit<\/strong><br \/>\n<\/span><br \/>\n<span class=\"ottelumediakuvaus\">Vi krigade fullt i f\u00f6rsvaret genom hela matchen och vi hade bra fiilis. <\/span><\/p>\n<p><span class=\"ottelumediakuvaus\">Taistelimme t\u00e4ysill\u00e4 puolustuksessa l\u00e4pi koko ottelun ja meill\u00e4 oli hyv\u00e4 fiilis.<\/span><a class=\"ottelumedia\" href=\"https:\/\/tulospalvelu.finnhandball.net\/taso\/ottelu.php?otteluid=479009\"><br \/>\n<\/a><\/p>\n<p><span class=\"ottelumediakuvaus\">&#8211; Moa Sj\u00f6lund, GrIFK<\/span><\/p>\n","protected":false},"excerpt":{"rendered":"<p>Valmentajan kommentit GrIFK Jag \u00e4r n\u00f6jd \u00f6ver att vi vann serieledarna och speciellt fint \u00e4r det eftersom de har s\u00e5 m\u00e5nga landslagsspelare. Vi jobbar bra tillsammans i f\u00f6rsvaret. Sara (Sandelin) och Mato (Ohvo) gjorde ett str\u00e5lande jobb som ettor i f\u00f6rsvaret. De st\u00f6rde Dickens spel och vi fick l\u00e4ttare bort bollen fr\u00e5n dem. Hela laget [&hellip;]<\/p>\n","protected":false},"author":6,"featured_media":8968,"comment_status":"closed","ping_status":"closed","sticky":false,"template":"","format":"standard","meta":{"_acf_changed":false,"jetpack_post_was_ever_published":false,"footnotes":""},"categories":[212],"tags":[196,183,192,181,26,185,222],"class_list":["post-8966","post","type-post","status-publish","format-standard","has-post-thumbnail","hentry","category-ottelut-2020-21","tag-coachanka","tag-coachgutte","tag-gograni","tag-grifkdamer","tag-grifkhandball","tag-sm-runkosarja","tag-vispelarforgrankulla"],"acf":[],"yoast_head":"<!-- This site is optimized with the Yoast SEO plugin v27.5 - https:\/\/yoast.com\/product\/yoast-seo-wordpress\/ -->\n<title>NSM runkosarja 27.2. GrIFK-Dicken 23-19! &#187; GrIFK K\u00e4sipallo Naiset<\/title>\n<meta name=\"robots\" content=\"index, follow, max-snippet:-1, max-image-preview:large, max-video-preview:-1\" \/>\n<link rel=\"canonical\" href=\"https:\/\/grifk-handball.com\/naiset\/kausi-2020-21\/ottelut-2020-21\/sm-runkosarja-27-2-grifk-dicken-23-19\/\" \/>\n<meta property=\"og:locale\" content=\"fi_FI\" \/>\n<meta property=\"og:type\" content=\"article\" \/>\n<meta property=\"og:title\" content=\"NSM runkosarja 27.2. GrIFK-Dicken 23-19! &#187; GrIFK K\u00e4sipallo Naiset\" \/>\n<meta property=\"og:description\" content=\"Valmentajan kommentit GrIFK Jag \u00e4r n\u00f6jd \u00f6ver att vi vann serieledarna och speciellt fint \u00e4r det eftersom de har s\u00e5 m\u00e5nga landslagsspelare. Vi jobbar bra tillsammans i f\u00f6rsvaret. Sara (Sandelin) och Mato (Ohvo) gjorde ett str\u00e5lande jobb som ettor i f\u00f6rsvaret. De st\u00f6rde Dickens spel och vi fick l\u00e4ttare bort bollen fr\u00e5n dem. Hela laget [&hellip;]\" \/>\n<meta property=\"og:url\" content=\"https:\/\/grifk-handball.com\/naiset\/kausi-2020-21\/ottelut-2020-21\/sm-runkosarja-27-2-grifk-dicken-23-19\/\" \/>\n<meta property=\"og:site_name\" content=\"GrIFK K\u00e4sipallo Naiset\" \/>\n<meta property=\"article:publisher\" content=\"https:\/\/www.facebook.com\/532444520237680\" \/>\n<meta property=\"article:published_time\" content=\"2021-02-27T16:13:43+00:00\" \/>\n<meta property=\"article:modified_time\" content=\"2021-03-13T07:45:51+00:00\" \/>\n<meta property=\"og:image\" content=\"https:\/\/grifk-handball.com\/naiset\/wp-content\/uploads\/sites\/3\/2021\/02\/IMG_2901-scaled-e1614442410858.jpg\" \/>\n\t<meta property=\"og:image:width\" content=\"741\" \/>\n\t<meta property=\"og:image:height\" content=\"476\" \/>\n\t<meta property=\"og:image:type\" content=\"image\/jpeg\" \/>\n<meta name=\"author\" content=\"irajessica\" \/>\n<meta name=\"twitter:card\" content=\"summary_large_image\" \/>\n<meta name=\"twitter:label1\" content=\"Kirjoittanut\" \/>\n\t<meta name=\"twitter:data1\" content=\"irajessica\" \/>\n\t<meta name=\"twitter:label2\" content=\"Arvioitu lukuaika\" \/>\n\t<meta name=\"twitter:data2\" content=\"1 minuutti\" \/>\n<script type=\"application\/ld+json\" class=\"yoast-schema-graph\">{\"@context\":\"https:\\\/\\\/schema.org\",\"@graph\":[{\"@type\":\"Article\",\"@id\":\"https:\\\/\\\/grifk-handball.com\\\/naiset\\\/kausi-2020-21\\\/ottelut-2020-21\\\/sm-runkosarja-27-2-grifk-dicken-23-19\\\/#article\",\"isPartOf\":{\"@id\":\"https:\\\/\\\/grifk-handball.com\\\/naiset\\\/kausi-2020-21\\\/ottelut-2020-21\\\/sm-runkosarja-27-2-grifk-dicken-23-19\\\/\"},\"author\":{\"name\":\"irajessica\",\"@id\":\"https:\\\/\\\/grifk-handball.com\\\/naiset\\\/#\\\/schema\\\/person\\\/833a8047457c3e753cf474b171cc90f9\"},\"headline\":\"NSM runkosarja 27.2. GrIFK-Dicken 23-19!\",\"datePublished\":\"2021-02-27T16:13:43+00:00\",\"dateModified\":\"2021-03-13T07:45:51+00:00\",\"mainEntityOfPage\":{\"@id\":\"https:\\\/\\\/grifk-handball.com\\\/naiset\\\/kausi-2020-21\\\/ottelut-2020-21\\\/sm-runkosarja-27-2-grifk-dicken-23-19\\\/\"},\"wordCount\":171,\"image\":{\"@id\":\"https:\\\/\\\/grifk-handball.com\\\/naiset\\\/kausi-2020-21\\\/ottelut-2020-21\\\/sm-runkosarja-27-2-grifk-dicken-23-19\\\/#primaryimage\"},\"thumbnailUrl\":\"https:\\\/\\\/grifk-handball.com\\\/naiset\\\/wp-content\\\/uploads\\\/sites\\\/3\\\/2021\\\/02\\\/IMG_2901-scaled-e1614442410858.jpg\",\"keywords\":[\"#CoachAnka\",\"#CoachGutte\",\"#gograni\",\"#GrIFKDamer\",\"#GrIFKHandball\",\"#SM-runkosarja\",\"#vispelarforgrankulla\"],\"articleSection\":[\"Ottelut\"],\"inLanguage\":\"fi\"},{\"@type\":\"WebPage\",\"@id\":\"https:\\\/\\\/grifk-handball.com\\\/naiset\\\/kausi-2020-21\\\/ottelut-2020-21\\\/sm-runkosarja-27-2-grifk-dicken-23-19\\\/\",\"url\":\"https:\\\/\\\/grifk-handball.com\\\/naiset\\\/kausi-2020-21\\\/ottelut-2020-21\\\/sm-runkosarja-27-2-grifk-dicken-23-19\\\/\",\"name\":\"NSM runkosarja 27.2. GrIFK-Dicken 23-19! &#187; GrIFK K\u00e4sipallo Naiset\",\"isPartOf\":{\"@id\":\"https:\\\/\\\/grifk-handball.com\\\/naiset\\\/#website\"},\"primaryImageOfPage\":{\"@id\":\"https:\\\/\\\/grifk-handball.com\\\/naiset\\\/kausi-2020-21\\\/ottelut-2020-21\\\/sm-runkosarja-27-2-grifk-dicken-23-19\\\/#primaryimage\"},\"image\":{\"@id\":\"https:\\\/\\\/grifk-handball.com\\\/naiset\\\/kausi-2020-21\\\/ottelut-2020-21\\\/sm-runkosarja-27-2-grifk-dicken-23-19\\\/#primaryimage\"},\"thumbnailUrl\":\"https:\\\/\\\/grifk-handball.com\\\/naiset\\\/wp-content\\\/uploads\\\/sites\\\/3\\\/2021\\\/02\\\/IMG_2901-scaled-e1614442410858.jpg\",\"datePublished\":\"2021-02-27T16:13:43+00:00\",\"dateModified\":\"2021-03-13T07:45:51+00:00\",\"author\":{\"@id\":\"https:\\\/\\\/grifk-handball.com\\\/naiset\\\/#\\\/schema\\\/person\\\/833a8047457c3e753cf474b171cc90f9\"},\"breadcrumb\":{\"@id\":\"https:\\\/\\\/grifk-handball.com\\\/naiset\\\/kausi-2020-21\\\/ottelut-2020-21\\\/sm-runkosarja-27-2-grifk-dicken-23-19\\\/#breadcrumb\"},\"inLanguage\":\"fi\",\"potentialAction\":[{\"@type\":\"ReadAction\",\"target\":[\"https:\\\/\\\/grifk-handball.com\\\/naiset\\\/kausi-2020-21\\\/ottelut-2020-21\\\/sm-runkosarja-27-2-grifk-dicken-23-19\\\/\"]}]},{\"@type\":\"ImageObject\",\"inLanguage\":\"fi\",\"@id\":\"https:\\\/\\\/grifk-handball.com\\\/naiset\\\/kausi-2020-21\\\/ottelut-2020-21\\\/sm-runkosarja-27-2-grifk-dicken-23-19\\\/#primaryimage\",\"url\":\"https:\\\/\\\/grifk-handball.com\\\/naiset\\\/wp-content\\\/uploads\\\/sites\\\/3\\\/2021\\\/02\\\/IMG_2901-scaled-e1614442410858.jpg\",\"contentUrl\":\"https:\\\/\\\/grifk-handball.com\\\/naiset\\\/wp-content\\\/uploads\\\/sites\\\/3\\\/2021\\\/02\\\/IMG_2901-scaled-e1614442410858.jpg\",\"width\":741,\"height\":476},{\"@type\":\"BreadcrumbList\",\"@id\":\"https:\\\/\\\/grifk-handball.com\\\/naiset\\\/kausi-2020-21\\\/ottelut-2020-21\\\/sm-runkosarja-27-2-grifk-dicken-23-19\\\/#breadcrumb\",\"itemListElement\":[{\"@type\":\"ListItem\",\"position\":1,\"name\":\"Home\",\"item\":\"https:\\\/\\\/grifk-handball.com\\\/naiset\\\/etusivu-2\\\/\"},{\"@type\":\"ListItem\",\"position\":2,\"name\":\"NSM runkosarja 27.2. GrIFK-Dicken 23-19!\"}]},{\"@type\":\"WebSite\",\"@id\":\"https:\\\/\\\/grifk-handball.com\\\/naiset\\\/#website\",\"url\":\"https:\\\/\\\/grifk-handball.com\\\/naiset\\\/\",\"name\":\"GrIFK K\u00e4sipallo Naiset\",\"description\":\"GrIFK K\u00e4sipallo Naiset\",\"potentialAction\":[{\"@type\":\"SearchAction\",\"target\":{\"@type\":\"EntryPoint\",\"urlTemplate\":\"https:\\\/\\\/grifk-handball.com\\\/naiset\\\/?s={search_term_string}\"},\"query-input\":{\"@type\":\"PropertyValueSpecification\",\"valueRequired\":true,\"valueName\":\"search_term_string\"}}],\"inLanguage\":\"fi\"},{\"@type\":\"Person\",\"@id\":\"https:\\\/\\\/grifk-handball.com\\\/naiset\\\/#\\\/schema\\\/person\\\/833a8047457c3e753cf474b171cc90f9\",\"name\":\"irajessica\",\"image\":{\"@type\":\"ImageObject\",\"inLanguage\":\"fi\",\"@id\":\"https:\\\/\\\/secure.gravatar.com\\\/avatar\\\/a5f2f279937493405b86bf6f3fc4a412ab182fdfc4897be279322d112f394088?s=96&d=mm&r=g\",\"url\":\"https:\\\/\\\/secure.gravatar.com\\\/avatar\\\/a5f2f279937493405b86bf6f3fc4a412ab182fdfc4897be279322d112f394088?s=96&d=mm&r=g\",\"contentUrl\":\"https:\\\/\\\/secure.gravatar.com\\\/avatar\\\/a5f2f279937493405b86bf6f3fc4a412ab182fdfc4897be279322d112f394088?s=96&d=mm&r=g\",\"caption\":\"irajessica\"},\"url\":\"https:\\\/\\\/grifk-handball.com\\\/naiset\\\/author\\\/irajessica\\\/\"}]}<\/script>\n<!-- \/ Yoast SEO plugin. -->","yoast_head_json":{"title":"NSM runkosarja 27.2. GrIFK-Dicken 23-19! &#187; GrIFK K\u00e4sipallo Naiset","robots":{"index":"index","follow":"follow","max-snippet":"max-snippet:-1","max-image-preview":"max-image-preview:large","max-video-preview":"max-video-preview:-1"},"canonical":"https:\/\/grifk-handball.com\/naiset\/kausi-2020-21\/ottelut-2020-21\/sm-runkosarja-27-2-grifk-dicken-23-19\/","og_locale":"fi_FI","og_type":"article","og_title":"NSM runkosarja 27.2. GrIFK-Dicken 23-19! &#187; GrIFK K\u00e4sipallo Naiset","og_description":"Valmentajan kommentit GrIFK Jag \u00e4r n\u00f6jd \u00f6ver att vi vann serieledarna och speciellt fint \u00e4r det eftersom de har s\u00e5 m\u00e5nga landslagsspelare. Vi jobbar bra tillsammans i f\u00f6rsvaret. Sara (Sandelin) och Mato (Ohvo) gjorde ett str\u00e5lande jobb som ettor i f\u00f6rsvaret. De st\u00f6rde Dickens spel och vi fick l\u00e4ttare bort bollen fr\u00e5n dem. Hela laget [&hellip;]","og_url":"https:\/\/grifk-handball.com\/naiset\/kausi-2020-21\/ottelut-2020-21\/sm-runkosarja-27-2-grifk-dicken-23-19\/","og_site_name":"GrIFK K\u00e4sipallo Naiset","article_publisher":"https:\/\/www.facebook.com\/532444520237680","article_published_time":"2021-02-27T16:13:43+00:00","article_modified_time":"2021-03-13T07:45:51+00:00","og_image":[{"width":741,"height":476,"url":"https:\/\/grifk-handball.com\/naiset\/wp-content\/uploads\/sites\/3\/2021\/02\/IMG_2901-scaled-e1614442410858.jpg","type":"image\/jpeg"}],"author":"irajessica","twitter_card":"summary_large_image","twitter_misc":{"Kirjoittanut":"irajessica","Arvioitu lukuaika":"1 minuutti"},"schema":{"@context":"https:\/\/schema.org","@graph":[{"@type":"Article","@id":"https:\/\/grifk-handball.com\/naiset\/kausi-2020-21\/ottelut-2020-21\/sm-runkosarja-27-2-grifk-dicken-23-19\/#article","isPartOf":{"@id":"https:\/\/grifk-handball.com\/naiset\/kausi-2020-21\/ottelut-2020-21\/sm-runkosarja-27-2-grifk-dicken-23-19\/"},"author":{"name":"irajessica","@id":"https:\/\/grifk-handball.com\/naiset\/#\/schema\/person\/833a8047457c3e753cf474b171cc90f9"},"headline":"NSM runkosarja 27.2. GrIFK-Dicken 23-19!","datePublished":"2021-02-27T16:13:43+00:00","dateModified":"2021-03-13T07:45:51+00:00","mainEntityOfPage":{"@id":"https:\/\/grifk-handball.com\/naiset\/kausi-2020-21\/ottelut-2020-21\/sm-runkosarja-27-2-grifk-dicken-23-19\/"},"wordCount":171,"image":{"@id":"https:\/\/grifk-handball.com\/naiset\/kausi-2020-21\/ottelut-2020-21\/sm-runkosarja-27-2-grifk-dicken-23-19\/#primaryimage"},"thumbnailUrl":"https:\/\/grifk-handball.com\/naiset\/wp-content\/uploads\/sites\/3\/2021\/02\/IMG_2901-scaled-e1614442410858.jpg","keywords":["#CoachAnka","#CoachGutte","#gograni","#GrIFKDamer","#GrIFKHandball","#SM-runkosarja","#vispelarforgrankulla"],"articleSection":["Ottelut"],"inLanguage":"fi"},{"@type":"WebPage","@id":"https:\/\/grifk-handball.com\/naiset\/kausi-2020-21\/ottelut-2020-21\/sm-runkosarja-27-2-grifk-dicken-23-19\/","url":"https:\/\/grifk-handball.com\/naiset\/kausi-2020-21\/ottelut-2020-21\/sm-runkosarja-27-2-grifk-dicken-23-19\/","name":"NSM runkosarja 27.2. GrIFK-Dicken 23-19! &#187; GrIFK K\u00e4sipallo Naiset","isPartOf":{"@id":"https:\/\/grifk-handball.com\/naiset\/#website"},"primaryImageOfPage":{"@id":"https:\/\/grifk-handball.com\/naiset\/kausi-2020-21\/ottelut-2020-21\/sm-runkosarja-27-2-grifk-dicken-23-19\/#primaryimage"},"image":{"@id":"https:\/\/grifk-handball.com\/naiset\/kausi-2020-21\/ottelut-2020-21\/sm-runkosarja-27-2-grifk-dicken-23-19\/#primaryimage"},"thumbnailUrl":"https:\/\/grifk-handball.com\/naiset\/wp-content\/uploads\/sites\/3\/2021\/02\/IMG_2901-scaled-e1614442410858.jpg","datePublished":"2021-02-27T16:13:43+00:00","dateModified":"2021-03-13T07:45:51+00:00","author":{"@id":"https:\/\/grifk-handball.com\/naiset\/#\/schema\/person\/833a8047457c3e753cf474b171cc90f9"},"breadcrumb":{"@id":"https:\/\/grifk-handball.com\/naiset\/kausi-2020-21\/ottelut-2020-21\/sm-runkosarja-27-2-grifk-dicken-23-19\/#breadcrumb"},"inLanguage":"fi","potentialAction":[{"@type":"ReadAction","target":["https:\/\/grifk-handball.com\/naiset\/kausi-2020-21\/ottelut-2020-21\/sm-runkosarja-27-2-grifk-dicken-23-19\/"]}]},{"@type":"ImageObject","inLanguage":"fi","@id":"https:\/\/grifk-handball.com\/naiset\/kausi-2020-21\/ottelut-2020-21\/sm-runkosarja-27-2-grifk-dicken-23-19\/#primaryimage","url":"https:\/\/grifk-handball.com\/naiset\/wp-content\/uploads\/sites\/3\/2021\/02\/IMG_2901-scaled-e1614442410858.jpg","contentUrl":"https:\/\/grifk-handball.com\/naiset\/wp-content\/uploads\/sites\/3\/2021\/02\/IMG_2901-scaled-e1614442410858.jpg","width":741,"height":476},{"@type":"BreadcrumbList","@id":"https:\/\/grifk-handball.com\/naiset\/kausi-2020-21\/ottelut-2020-21\/sm-runkosarja-27-2-grifk-dicken-23-19\/#breadcrumb","itemListElement":[{"@type":"ListItem","position":1,"name":"Home","item":"https:\/\/grifk-handball.com\/naiset\/etusivu-2\/"},{"@type":"ListItem","position":2,"name":"NSM runkosarja 27.2. GrIFK-Dicken 23-19!"}]},{"@type":"WebSite","@id":"https:\/\/grifk-handball.com\/naiset\/#website","url":"https:\/\/grifk-handball.com\/naiset\/","name":"GrIFK K\u00e4sipallo Naiset","description":"GrIFK K\u00e4sipallo Naiset","potentialAction":[{"@type":"SearchAction","target":{"@type":"EntryPoint","urlTemplate":"https:\/\/grifk-handball.com\/naiset\/?s={search_term_string}"},"query-input":{"@type":"PropertyValueSpecification","valueRequired":true,"valueName":"search_term_string"}}],"inLanguage":"fi"},{"@type":"Person","@id":"https:\/\/grifk-handball.com\/naiset\/#\/schema\/person\/833a8047457c3e753cf474b171cc90f9","name":"irajessica","image":{"@type":"ImageObject","inLanguage":"fi","@id":"https:\/\/secure.gravatar.com\/avatar\/a5f2f279937493405b86bf6f3fc4a412ab182fdfc4897be279322d112f394088?s=96&d=mm&r=g","url":"https:\/\/secure.gravatar.com\/avatar\/a5f2f279937493405b86bf6f3fc4a412ab182fdfc4897be279322d112f394088?s=96&d=mm&r=g","contentUrl":"https:\/\/secure.gravatar.com\/avatar\/a5f2f279937493405b86bf6f3fc4a412ab182fdfc4897be279322d112f394088?s=96&d=mm&r=g","caption":"irajessica"},"url":"https:\/\/grifk-handball.com\/naiset\/author\/irajessica\/"}]}},"jetpack_featured_media_url":"https:\/\/grifk-handball.com\/naiset\/wp-content\/uploads\/sites\/3\/2021\/02\/IMG_2901-scaled-e1614442410858.jpg","jetpack_sharing_enabled":true,"_links":{"self":[{"href":"https:\/\/grifk-handball.com\/naiset\/wp-json\/wp\/v2\/posts\/8966","targetHints":{"allow":["GET"]}}],"collection":[{"href":"https:\/\/grifk-handball.com\/naiset\/wp-json\/wp\/v2\/posts"}],"about":[{"href":"https:\/\/grifk-handball.com\/naiset\/wp-json\/wp\/v2\/types\/post"}],"author":[{"embeddable":true,"href":"https:\/\/grifk-handball.com\/naiset\/wp-json\/wp\/v2\/users\/6"}],"replies":[{"embeddable":true,"href":"https:\/\/grifk-handball.com\/naiset\/wp-json\/wp\/v2\/comments?post=8966"}],"version-history":[{"count":3,"href":"https:\/\/grifk-handball.com\/naiset\/wp-json\/wp\/v2\/posts\/8966\/revisions"}],"predecessor-version":[{"id":8995,"href":"https:\/\/grifk-handball.com\/naiset\/wp-json\/wp\/v2\/posts\/8966\/revisions\/8995"}],"wp:featuredmedia":[{"embeddable":true,"href":"https:\/\/grifk-handball.com\/naiset\/wp-json\/wp\/v2\/media\/8968"}],"wp:attachment":[{"href":"https:\/\/grifk-handball.com\/naiset\/wp-json\/wp\/v2\/media?parent=8966"}],"wp:term":[{"taxonomy":"category","embeddable":true,"href":"https:\/\/grifk-handball.com\/naiset\/wp-json\/wp\/v2\/categories?post=8966"},{"taxonomy":"post_tag","embeddable":true,"href":"https:\/\/grifk-handball.com\/naiset\/wp-json\/wp\/v2\/tags?post=8966"}],"curies":[{"name":"wp","href":"https:\/\/api.w.org\/{rel}","templated":true}]}}