{"id":9396,"date":"2021-09-28T18:56:41","date_gmt":"2021-09-28T15:56:41","guid":{"rendered":"https:\/\/grifk-handball.com\/naiset\/?p=9396"},"modified":"2021-09-29T09:28:45","modified_gmt":"2021-09-29T06:28:45","slug":"grifk-kyif-29-9-kl-19-00","status":"publish","type":"post","link":"https:\/\/grifk-handball.com\/naiset\/kausi-2021-22\/ennakot-2021-22\/grifk-kyif-29-9-kl-19-00\/","title":{"rendered":"Otteluennakko GrIFK-KyIF 29.9 kl. 19.00"},"content":{"rendered":"<p><em>Vi fick en bra start p\u00e5 s\u00e4songen d\u00e5 vi vann \u00f6ver SIF p\u00e5 bortaplan. I s\u00e4songens andra match p\u00e5 onsdag m\u00f6ter vi ett hungrigt KyIF, som liksom vi siktar p\u00e5 en medaljplacering i v\u00e5r. Det kommer att bli en tajt match d\u00e4r alla situationer \u00e4r viktiga. B\u00e5da lagen s\u00f6ker sin plats i serien s\u00e5 insatserna \u00e4r h\u00f6ga!\u00a0<\/em><\/p>\n<p>F\u00f6rra matchen gjorde vi en stark insats genom 60 minuter och visade att vi h\u00e5ller en h\u00f6g niv\u00e5. Vi vet vilka v\u00e5ra styrkor \u00e4r och vad vi ska jobba vidare p\u00e5. Vi kommer till s\u00e4songens andra match med bra vind i seglen. Vi har jobbat vidare p\u00e5 anfallet och g\u00e5tt igenom prioriteringarna mot KyIF.<\/p>\n<p>KyIF har en stark f\u00f6rs\u00e4song bakom sig och har visat att de har ett brett material att jobba med. KyIF har en bra blandning av unga hungriga spelare och n\u00e5gra mer rutinerade spelare. KyIF:s tr\u00e4nare Birgitta &#8221;Bigo&#8221; Lindholm har fortsatt med samma tankes\u00e4tt som f\u00f6rra \u00e5ret, att &#8221;skynda l\u00e5ngsamt&#8221;, vilket \u00e4r en bra grund att st\u00e5 p\u00e5 d\u00e5 KyIF har som m\u00e5l att strida om de h\u00f6gsta placeringarna i serien.<\/p>\n<p>Vi hoppas att v\u00e5ra fans hittar till Granigrottan f\u00f6r att st\u00f6da damerna. Vi har tagit stora steg fram\u00e5t och skulle g\u00e4rna visa vad vi g\u00e5r f\u00f6r! Tyv\u00e4rr har vi n\u00e5gra spelare borta, men kan \u00e4nd\u00e5 st\u00e4lla upp med ett starkt manskap. Vi kommer att visa upp ett fartfyllt spel d\u00e4r vi sm\u00e4ller p\u00e5 i f\u00f6rsvaret och s\u00e4tter fart p\u00e5 bollen och spelarna i kontringarna. \u00a0Man kan ocks\u00e5 se alla matcher via Solidsport f\u00f6r 9,90\u20ac\/m\u00e5n. <u><a href=\"https:\/\/solidsport.com\/grifknaiset\">https:\/\/solidsport.com\/grifknaiset<\/a><\/u> och underst\u00f6da damerna den v\u00e4gen.<\/p>\n<p>F\u00f6lj oss g\u00e4rna!<\/p>\n<p>Facebook: Grankulla IFK Damhandboll<br \/>\nInstagram: @grifkdamer<br \/>\nWebbsida:\u00a0<a href=\"https:\/\/grifk-handball.com\/naiset\/\">https:\/\/grifk-handball.com\/naiset\/<\/a><\/p>\n<p>Vi ses i hallen! Kom ih\u00e5g munskydden.<\/p>\n<p>Coach Pava och Anka<\/p>\n<p>Obs! I september kostar s\u00e4songskorten 50 euro\/st., fr\u00e5n 1.10 kostar de 80 euro. Du kan best\u00e4lla s\u00e4songskorten per e-post:\u00a0<span class=\"qu\" role=\"gridcell\"><span class=\"go\">grifkhandbollsdamer(at)gmail.com eller k\u00f6pa dem i Grottan f\u00f6re matchen. Kom g\u00e4rna i god tid!<\/span><\/span><\/p>\n","protected":false},"excerpt":{"rendered":"<p>Vi fick en bra start p\u00e5 s\u00e4songen d\u00e5 vi vann \u00f6ver SIF p\u00e5 bortaplan. I s\u00e4songens andra match p\u00e5 onsdag m\u00f6ter vi ett hungrigt KyIF, som liksom vi siktar p\u00e5 en medaljplacering i v\u00e5r. Det kommer att bli en tajt match d\u00e4r alla situationer \u00e4r viktiga. B\u00e5da lagen s\u00f6ker sin plats i serien s\u00e5 insatserna [&hellip;]<\/p>\n","protected":false},"author":6,"featured_media":9398,"comment_status":"closed","ping_status":"closed","sticky":false,"template":"","format":"standard","meta":{"_acf_changed":false,"jetpack_post_was_ever_published":false,"footnotes":""},"categories":[235],"tags":[196,231,192,181,26,222],"class_list":["post-9396","post","type-post","status-publish","format-standard","has-post-thumbnail","hentry","category-ennakot-2021-22","tag-coachanka","tag-coachpava","tag-gograni","tag-grifkdamer","tag-grifkhandball","tag-vispelarforgrankulla"],"acf":[],"yoast_head":"<!-- This site is optimized with the Yoast SEO plugin v27.5 - https:\/\/yoast.com\/product\/yoast-seo-wordpress\/ -->\n<title>Otteluennakko GrIFK-KyIF 29.9 kl. 19.00 &#187; GrIFK K\u00e4sipallo Naiset<\/title>\n<meta name=\"robots\" content=\"index, follow, max-snippet:-1, max-image-preview:large, max-video-preview:-1\" \/>\n<link rel=\"canonical\" href=\"https:\/\/grifk-handball.com\/naiset\/kausi-2021-22\/ennakot-2021-22\/grifk-kyif-29-9-kl-19-00\/\" \/>\n<meta property=\"og:locale\" content=\"fi_FI\" \/>\n<meta property=\"og:type\" content=\"article\" \/>\n<meta property=\"og:title\" content=\"Otteluennakko GrIFK-KyIF 29.9 kl. 19.00 &#187; GrIFK K\u00e4sipallo Naiset\" \/>\n<meta property=\"og:description\" content=\"Vi fick en bra start p\u00e5 s\u00e4songen d\u00e5 vi vann \u00f6ver SIF p\u00e5 bortaplan. I s\u00e4songens andra match p\u00e5 onsdag m\u00f6ter vi ett hungrigt KyIF, som liksom vi siktar p\u00e5 en medaljplacering i v\u00e5r. Det kommer att bli en tajt match d\u00e4r alla situationer \u00e4r viktiga. B\u00e5da lagen s\u00f6ker sin plats i serien s\u00e5 insatserna [&hellip;]\" \/>\n<meta property=\"og:url\" content=\"https:\/\/grifk-handball.com\/naiset\/kausi-2021-22\/ennakot-2021-22\/grifk-kyif-29-9-kl-19-00\/\" \/>\n<meta property=\"og:site_name\" content=\"GrIFK K\u00e4sipallo Naiset\" \/>\n<meta property=\"article:publisher\" content=\"https:\/\/www.facebook.com\/532444520237680\" \/>\n<meta property=\"article:published_time\" content=\"2021-09-28T15:56:41+00:00\" \/>\n<meta property=\"article:modified_time\" content=\"2021-09-29T06:28:45+00:00\" \/>\n<meta property=\"og:image\" content=\"https:\/\/grifk-handball.com\/naiset\/wp-content\/uploads\/sites\/3\/2021\/09\/Maskikuva-GrIFK-Naiset.jpg\" \/>\n\t<meta property=\"og:image:width\" content=\"2048\" \/>\n\t<meta property=\"og:image:height\" content=\"1151\" \/>\n\t<meta property=\"og:image:type\" content=\"image\/jpeg\" \/>\n<meta name=\"author\" content=\"irajessica\" \/>\n<meta name=\"twitter:card\" content=\"summary_large_image\" \/>\n<meta name=\"twitter:label1\" content=\"Kirjoittanut\" \/>\n\t<meta name=\"twitter:data1\" content=\"irajessica\" \/>\n\t<meta name=\"twitter:label2\" content=\"Arvioitu lukuaika\" \/>\n\t<meta name=\"twitter:data2\" content=\"2 minuuttia\" \/>\n<script type=\"application\/ld+json\" class=\"yoast-schema-graph\">{\"@context\":\"https:\\\/\\\/schema.org\",\"@graph\":[{\"@type\":\"Article\",\"@id\":\"https:\\\/\\\/grifk-handball.com\\\/naiset\\\/kausi-2021-22\\\/ennakot-2021-22\\\/grifk-kyif-29-9-kl-19-00\\\/#article\",\"isPartOf\":{\"@id\":\"https:\\\/\\\/grifk-handball.com\\\/naiset\\\/kausi-2021-22\\\/ennakot-2021-22\\\/grifk-kyif-29-9-kl-19-00\\\/\"},\"author\":{\"name\":\"irajessica\",\"@id\":\"https:\\\/\\\/grifk-handball.com\\\/naiset\\\/#\\\/schema\\\/person\\\/833a8047457c3e753cf474b171cc90f9\"},\"headline\":\"Otteluennakko GrIFK-KyIF 29.9 kl. 19.00\",\"datePublished\":\"2021-09-28T15:56:41+00:00\",\"dateModified\":\"2021-09-29T06:28:45+00:00\",\"mainEntityOfPage\":{\"@id\":\"https:\\\/\\\/grifk-handball.com\\\/naiset\\\/kausi-2021-22\\\/ennakot-2021-22\\\/grifk-kyif-29-9-kl-19-00\\\/\"},\"wordCount\":376,\"image\":{\"@id\":\"https:\\\/\\\/grifk-handball.com\\\/naiset\\\/kausi-2021-22\\\/ennakot-2021-22\\\/grifk-kyif-29-9-kl-19-00\\\/#primaryimage\"},\"thumbnailUrl\":\"https:\\\/\\\/grifk-handball.com\\\/naiset\\\/wp-content\\\/uploads\\\/sites\\\/3\\\/2021\\\/09\\\/Maskikuva-GrIFK-Naiset.jpg\",\"keywords\":[\"#CoachAnka\",\"#CoachPava\",\"#gograni\",\"#GrIFKDamer\",\"#GrIFKHandball\",\"#vispelarforgrankulla\"],\"articleSection\":[\"Ennakot\"],\"inLanguage\":\"fi\"},{\"@type\":\"WebPage\",\"@id\":\"https:\\\/\\\/grifk-handball.com\\\/naiset\\\/kausi-2021-22\\\/ennakot-2021-22\\\/grifk-kyif-29-9-kl-19-00\\\/\",\"url\":\"https:\\\/\\\/grifk-handball.com\\\/naiset\\\/kausi-2021-22\\\/ennakot-2021-22\\\/grifk-kyif-29-9-kl-19-00\\\/\",\"name\":\"Otteluennakko GrIFK-KyIF 29.9 kl. 19.00 &#187; GrIFK K\u00e4sipallo Naiset\",\"isPartOf\":{\"@id\":\"https:\\\/\\\/grifk-handball.com\\\/naiset\\\/#website\"},\"primaryImageOfPage\":{\"@id\":\"https:\\\/\\\/grifk-handball.com\\\/naiset\\\/kausi-2021-22\\\/ennakot-2021-22\\\/grifk-kyif-29-9-kl-19-00\\\/#primaryimage\"},\"image\":{\"@id\":\"https:\\\/\\\/grifk-handball.com\\\/naiset\\\/kausi-2021-22\\\/ennakot-2021-22\\\/grifk-kyif-29-9-kl-19-00\\\/#primaryimage\"},\"thumbnailUrl\":\"https:\\\/\\\/grifk-handball.com\\\/naiset\\\/wp-content\\\/uploads\\\/sites\\\/3\\\/2021\\\/09\\\/Maskikuva-GrIFK-Naiset.jpg\",\"datePublished\":\"2021-09-28T15:56:41+00:00\",\"dateModified\":\"2021-09-29T06:28:45+00:00\",\"author\":{\"@id\":\"https:\\\/\\\/grifk-handball.com\\\/naiset\\\/#\\\/schema\\\/person\\\/833a8047457c3e753cf474b171cc90f9\"},\"breadcrumb\":{\"@id\":\"https:\\\/\\\/grifk-handball.com\\\/naiset\\\/kausi-2021-22\\\/ennakot-2021-22\\\/grifk-kyif-29-9-kl-19-00\\\/#breadcrumb\"},\"inLanguage\":\"fi\",\"potentialAction\":[{\"@type\":\"ReadAction\",\"target\":[\"https:\\\/\\\/grifk-handball.com\\\/naiset\\\/kausi-2021-22\\\/ennakot-2021-22\\\/grifk-kyif-29-9-kl-19-00\\\/\"]}]},{\"@type\":\"ImageObject\",\"inLanguage\":\"fi\",\"@id\":\"https:\\\/\\\/grifk-handball.com\\\/naiset\\\/kausi-2021-22\\\/ennakot-2021-22\\\/grifk-kyif-29-9-kl-19-00\\\/#primaryimage\",\"url\":\"https:\\\/\\\/grifk-handball.com\\\/naiset\\\/wp-content\\\/uploads\\\/sites\\\/3\\\/2021\\\/09\\\/Maskikuva-GrIFK-Naiset.jpg\",\"contentUrl\":\"https:\\\/\\\/grifk-handball.com\\\/naiset\\\/wp-content\\\/uploads\\\/sites\\\/3\\\/2021\\\/09\\\/Maskikuva-GrIFK-Naiset.jpg\",\"width\":2048,\"height\":1151},{\"@type\":\"BreadcrumbList\",\"@id\":\"https:\\\/\\\/grifk-handball.com\\\/naiset\\\/kausi-2021-22\\\/ennakot-2021-22\\\/grifk-kyif-29-9-kl-19-00\\\/#breadcrumb\",\"itemListElement\":[{\"@type\":\"ListItem\",\"position\":1,\"name\":\"Home\",\"item\":\"https:\\\/\\\/grifk-handball.com\\\/naiset\\\/etusivu-2\\\/\"},{\"@type\":\"ListItem\",\"position\":2,\"name\":\"Otteluennakko GrIFK-KyIF 29.9 kl. 19.00\"}]},{\"@type\":\"WebSite\",\"@id\":\"https:\\\/\\\/grifk-handball.com\\\/naiset\\\/#website\",\"url\":\"https:\\\/\\\/grifk-handball.com\\\/naiset\\\/\",\"name\":\"GrIFK K\u00e4sipallo Naiset\",\"description\":\"GrIFK K\u00e4sipallo Naiset\",\"potentialAction\":[{\"@type\":\"SearchAction\",\"target\":{\"@type\":\"EntryPoint\",\"urlTemplate\":\"https:\\\/\\\/grifk-handball.com\\\/naiset\\\/?s={search_term_string}\"},\"query-input\":{\"@type\":\"PropertyValueSpecification\",\"valueRequired\":true,\"valueName\":\"search_term_string\"}}],\"inLanguage\":\"fi\"},{\"@type\":\"Person\",\"@id\":\"https:\\\/\\\/grifk-handball.com\\\/naiset\\\/#\\\/schema\\\/person\\\/833a8047457c3e753cf474b171cc90f9\",\"name\":\"irajessica\",\"image\":{\"@type\":\"ImageObject\",\"inLanguage\":\"fi\",\"@id\":\"https:\\\/\\\/secure.gravatar.com\\\/avatar\\\/a5f2f279937493405b86bf6f3fc4a412ab182fdfc4897be279322d112f394088?s=96&d=mm&r=g\",\"url\":\"https:\\\/\\\/secure.gravatar.com\\\/avatar\\\/a5f2f279937493405b86bf6f3fc4a412ab182fdfc4897be279322d112f394088?s=96&d=mm&r=g\",\"contentUrl\":\"https:\\\/\\\/secure.gravatar.com\\\/avatar\\\/a5f2f279937493405b86bf6f3fc4a412ab182fdfc4897be279322d112f394088?s=96&d=mm&r=g\",\"caption\":\"irajessica\"},\"url\":\"https:\\\/\\\/grifk-handball.com\\\/naiset\\\/author\\\/irajessica\\\/\"}]}<\/script>\n<!-- \/ Yoast SEO plugin. -->","yoast_head_json":{"title":"Otteluennakko GrIFK-KyIF 29.9 kl. 19.00 &#187; GrIFK K\u00e4sipallo Naiset","robots":{"index":"index","follow":"follow","max-snippet":"max-snippet:-1","max-image-preview":"max-image-preview:large","max-video-preview":"max-video-preview:-1"},"canonical":"https:\/\/grifk-handball.com\/naiset\/kausi-2021-22\/ennakot-2021-22\/grifk-kyif-29-9-kl-19-00\/","og_locale":"fi_FI","og_type":"article","og_title":"Otteluennakko GrIFK-KyIF 29.9 kl. 19.00 &#187; GrIFK K\u00e4sipallo Naiset","og_description":"Vi fick en bra start p\u00e5 s\u00e4songen d\u00e5 vi vann \u00f6ver SIF p\u00e5 bortaplan. I s\u00e4songens andra match p\u00e5 onsdag m\u00f6ter vi ett hungrigt KyIF, som liksom vi siktar p\u00e5 en medaljplacering i v\u00e5r. Det kommer att bli en tajt match d\u00e4r alla situationer \u00e4r viktiga. B\u00e5da lagen s\u00f6ker sin plats i serien s\u00e5 insatserna [&hellip;]","og_url":"https:\/\/grifk-handball.com\/naiset\/kausi-2021-22\/ennakot-2021-22\/grifk-kyif-29-9-kl-19-00\/","og_site_name":"GrIFK K\u00e4sipallo Naiset","article_publisher":"https:\/\/www.facebook.com\/532444520237680","article_published_time":"2021-09-28T15:56:41+00:00","article_modified_time":"2021-09-29T06:28:45+00:00","og_image":[{"width":2048,"height":1151,"url":"https:\/\/grifk-handball.com\/naiset\/wp-content\/uploads\/sites\/3\/2021\/09\/Maskikuva-GrIFK-Naiset.jpg","type":"image\/jpeg"}],"author":"irajessica","twitter_card":"summary_large_image","twitter_misc":{"Kirjoittanut":"irajessica","Arvioitu lukuaika":"2 minuuttia"},"schema":{"@context":"https:\/\/schema.org","@graph":[{"@type":"Article","@id":"https:\/\/grifk-handball.com\/naiset\/kausi-2021-22\/ennakot-2021-22\/grifk-kyif-29-9-kl-19-00\/#article","isPartOf":{"@id":"https:\/\/grifk-handball.com\/naiset\/kausi-2021-22\/ennakot-2021-22\/grifk-kyif-29-9-kl-19-00\/"},"author":{"name":"irajessica","@id":"https:\/\/grifk-handball.com\/naiset\/#\/schema\/person\/833a8047457c3e753cf474b171cc90f9"},"headline":"Otteluennakko GrIFK-KyIF 29.9 kl. 19.00","datePublished":"2021-09-28T15:56:41+00:00","dateModified":"2021-09-29T06:28:45+00:00","mainEntityOfPage":{"@id":"https:\/\/grifk-handball.com\/naiset\/kausi-2021-22\/ennakot-2021-22\/grifk-kyif-29-9-kl-19-00\/"},"wordCount":376,"image":{"@id":"https:\/\/grifk-handball.com\/naiset\/kausi-2021-22\/ennakot-2021-22\/grifk-kyif-29-9-kl-19-00\/#primaryimage"},"thumbnailUrl":"https:\/\/grifk-handball.com\/naiset\/wp-content\/uploads\/sites\/3\/2021\/09\/Maskikuva-GrIFK-Naiset.jpg","keywords":["#CoachAnka","#CoachPava","#gograni","#GrIFKDamer","#GrIFKHandball","#vispelarforgrankulla"],"articleSection":["Ennakot"],"inLanguage":"fi"},{"@type":"WebPage","@id":"https:\/\/grifk-handball.com\/naiset\/kausi-2021-22\/ennakot-2021-22\/grifk-kyif-29-9-kl-19-00\/","url":"https:\/\/grifk-handball.com\/naiset\/kausi-2021-22\/ennakot-2021-22\/grifk-kyif-29-9-kl-19-00\/","name":"Otteluennakko GrIFK-KyIF 29.9 kl. 19.00 &#187; GrIFK K\u00e4sipallo Naiset","isPartOf":{"@id":"https:\/\/grifk-handball.com\/naiset\/#website"},"primaryImageOfPage":{"@id":"https:\/\/grifk-handball.com\/naiset\/kausi-2021-22\/ennakot-2021-22\/grifk-kyif-29-9-kl-19-00\/#primaryimage"},"image":{"@id":"https:\/\/grifk-handball.com\/naiset\/kausi-2021-22\/ennakot-2021-22\/grifk-kyif-29-9-kl-19-00\/#primaryimage"},"thumbnailUrl":"https:\/\/grifk-handball.com\/naiset\/wp-content\/uploads\/sites\/3\/2021\/09\/Maskikuva-GrIFK-Naiset.jpg","datePublished":"2021-09-28T15:56:41+00:00","dateModified":"2021-09-29T06:28:45+00:00","author":{"@id":"https:\/\/grifk-handball.com\/naiset\/#\/schema\/person\/833a8047457c3e753cf474b171cc90f9"},"breadcrumb":{"@id":"https:\/\/grifk-handball.com\/naiset\/kausi-2021-22\/ennakot-2021-22\/grifk-kyif-29-9-kl-19-00\/#breadcrumb"},"inLanguage":"fi","potentialAction":[{"@type":"ReadAction","target":["https:\/\/grifk-handball.com\/naiset\/kausi-2021-22\/ennakot-2021-22\/grifk-kyif-29-9-kl-19-00\/"]}]},{"@type":"ImageObject","inLanguage":"fi","@id":"https:\/\/grifk-handball.com\/naiset\/kausi-2021-22\/ennakot-2021-22\/grifk-kyif-29-9-kl-19-00\/#primaryimage","url":"https:\/\/grifk-handball.com\/naiset\/wp-content\/uploads\/sites\/3\/2021\/09\/Maskikuva-GrIFK-Naiset.jpg","contentUrl":"https:\/\/grifk-handball.com\/naiset\/wp-content\/uploads\/sites\/3\/2021\/09\/Maskikuva-GrIFK-Naiset.jpg","width":2048,"height":1151},{"@type":"BreadcrumbList","@id":"https:\/\/grifk-handball.com\/naiset\/kausi-2021-22\/ennakot-2021-22\/grifk-kyif-29-9-kl-19-00\/#breadcrumb","itemListElement":[{"@type":"ListItem","position":1,"name":"Home","item":"https:\/\/grifk-handball.com\/naiset\/etusivu-2\/"},{"@type":"ListItem","position":2,"name":"Otteluennakko GrIFK-KyIF 29.9 kl. 19.00"}]},{"@type":"WebSite","@id":"https:\/\/grifk-handball.com\/naiset\/#website","url":"https:\/\/grifk-handball.com\/naiset\/","name":"GrIFK K\u00e4sipallo Naiset","description":"GrIFK K\u00e4sipallo Naiset","potentialAction":[{"@type":"SearchAction","target":{"@type":"EntryPoint","urlTemplate":"https:\/\/grifk-handball.com\/naiset\/?s={search_term_string}"},"query-input":{"@type":"PropertyValueSpecification","valueRequired":true,"valueName":"search_term_string"}}],"inLanguage":"fi"},{"@type":"Person","@id":"https:\/\/grifk-handball.com\/naiset\/#\/schema\/person\/833a8047457c3e753cf474b171cc90f9","name":"irajessica","image":{"@type":"ImageObject","inLanguage":"fi","@id":"https:\/\/secure.gravatar.com\/avatar\/a5f2f279937493405b86bf6f3fc4a412ab182fdfc4897be279322d112f394088?s=96&d=mm&r=g","url":"https:\/\/secure.gravatar.com\/avatar\/a5f2f279937493405b86bf6f3fc4a412ab182fdfc4897be279322d112f394088?s=96&d=mm&r=g","contentUrl":"https:\/\/secure.gravatar.com\/avatar\/a5f2f279937493405b86bf6f3fc4a412ab182fdfc4897be279322d112f394088?s=96&d=mm&r=g","caption":"irajessica"},"url":"https:\/\/grifk-handball.com\/naiset\/author\/irajessica\/"}]}},"jetpack_featured_media_url":"https:\/\/grifk-handball.com\/naiset\/wp-content\/uploads\/sites\/3\/2021\/09\/Maskikuva-GrIFK-Naiset.jpg","jetpack_sharing_enabled":true,"_links":{"self":[{"href":"https:\/\/grifk-handball.com\/naiset\/wp-json\/wp\/v2\/posts\/9396","targetHints":{"allow":["GET"]}}],"collection":[{"href":"https:\/\/grifk-handball.com\/naiset\/wp-json\/wp\/v2\/posts"}],"about":[{"href":"https:\/\/grifk-handball.com\/naiset\/wp-json\/wp\/v2\/types\/post"}],"author":[{"embeddable":true,"href":"https:\/\/grifk-handball.com\/naiset\/wp-json\/wp\/v2\/users\/6"}],"replies":[{"embeddable":true,"href":"https:\/\/grifk-handball.com\/naiset\/wp-json\/wp\/v2\/comments?post=9396"}],"version-history":[{"count":4,"href":"https:\/\/grifk-handball.com\/naiset\/wp-json\/wp\/v2\/posts\/9396\/revisions"}],"predecessor-version":[{"id":9405,"href":"https:\/\/grifk-handball.com\/naiset\/wp-json\/wp\/v2\/posts\/9396\/revisions\/9405"}],"wp:featuredmedia":[{"embeddable":true,"href":"https:\/\/grifk-handball.com\/naiset\/wp-json\/wp\/v2\/media\/9398"}],"wp:attachment":[{"href":"https:\/\/grifk-handball.com\/naiset\/wp-json\/wp\/v2\/media?parent=9396"}],"wp:term":[{"taxonomy":"category","embeddable":true,"href":"https:\/\/grifk-handball.com\/naiset\/wp-json\/wp\/v2\/categories?post=9396"},{"taxonomy":"post_tag","embeddable":true,"href":"https:\/\/grifk-handball.com\/naiset\/wp-json\/wp\/v2\/tags?post=9396"}],"curies":[{"name":"wp","href":"https:\/\/api.w.org\/{rel}","templated":true}]}}